{"id":12730,"date":"2021-02-18T20:56:11","date_gmt":"2021-02-18T19:56:11","guid":{"rendered":"http:\/\/www.vergissmi.net\/?p=12730"},"modified":"2021-02-18T21:19:08","modified_gmt":"2021-02-18T20:19:08","slug":"skitouren-jaenner-feber-2021","status":"publish","type":"post","link":"https:\/\/www.vergissmi.net\/?p=12730","title":{"rendered":"Skitouren J\u00e4nner\/Feber 2021"},"content":{"rendered":"\n<p>Hier eine Fortsetzung zur &#8220;<a href=\"https:\/\/www.vergissmi.net\/?p=12682\">Weihnachts-Edition<\/a>&#8220;. Alsdann!<\/p>\n\n\n\n<h3 class=\"wp-block-heading\">KW 03\/2021<\/h3>\n\n\n\n<p>Mein jahrzehntelanger beruflicher Wegbegleiter mit K\u00e4rntner Wurzeln w\u00fcrde es <em>&#8220;Basisbesteigung&#8221; <\/em>nennen: Von der Zivilisation (in diesem Fall Bundesstra\u00dfe 95 im Oberen Gurktal) auf den h\u00f6chsten Berg rundum. Das w\u00e4re der 23o8 m hohe Falkert gewesen, doch aufgrund von Wetterkapriolen ist es der rund 2000 m hohe <strong>Fadenberg <\/strong>geworden.<\/p>\n\n\n\n<p>Zum Start geht man einfach einem Einheimischen nach.<\/p>\n\n\n\n<figure class=\"wp-block-image size-large\"><img fetchpriority=\"high\" decoding=\"async\" width=\"769\" height=\"1024\" src=\"https:\/\/www.vergissmi.net\/wp-content\/uploads\/2021\/02\/IMG_20210124_094255-Large-769x1024.jpg\" alt=\"\" class=\"wp-image-12732\" srcset=\"https:\/\/www.vergissmi.net\/wp-content\/uploads\/2021\/02\/IMG_20210124_094255-Large-769x1024.jpg 769w, https:\/\/www.vergissmi.net\/wp-content\/uploads\/2021\/02\/IMG_20210124_094255-Large-601x800.jpg 601w, https:\/\/www.vergissmi.net\/wp-content\/uploads\/2021\/02\/IMG_20210124_094255-Large-rotated.jpg 1080w\" sizes=\"(max-width: 769px) 100vw, 769px\" \/><\/figure>\n\n\n\n<p>Oberm Wald die ersten Almh\u00fctten &#8230;<\/p>\n\n\n\n<figure class=\"wp-block-image size-large\"><img decoding=\"async\" width=\"1024\" height=\"769\" src=\"https:\/\/www.vergissmi.net\/wp-content\/uploads\/2021\/02\/IMG_20210124_113143-Large-1024x769.jpg\" alt=\"\" class=\"wp-image-12733\" srcset=\"https:\/\/www.vergissmi.net\/wp-content\/uploads\/2021\/02\/IMG_20210124_113143-Large-1024x769.jpg 1024w, https:\/\/www.vergissmi.net\/wp-content\/uploads\/2021\/02\/IMG_20210124_113143-Large-800x601.jpg 800w, https:\/\/www.vergissmi.net\/wp-content\/uploads\/2021\/02\/IMG_20210124_113143-Large.jpg 1438w\" sizes=\"(max-width: 1024px) 100vw, 1024px\" \/><\/figure>\n\n\n\n<p>&#8230; und weiter auf den Gipfel mit Blick zur\u00fcck zur &#8230; \u00e4h &#8230; Bundesstra\u00dfe.<\/p>\n\n\n\n<figure class=\"wp-block-image size-large\"><img decoding=\"async\" width=\"1024\" height=\"769\" src=\"https:\/\/www.vergissmi.net\/wp-content\/uploads\/2021\/02\/IMG_20210124_122612-Large-1024x769.jpg\" alt=\"\" class=\"wp-image-12734\" srcset=\"https:\/\/www.vergissmi.net\/wp-content\/uploads\/2021\/02\/IMG_20210124_122612-Large-1024x769.jpg 1024w, https:\/\/www.vergissmi.net\/wp-content\/uploads\/2021\/02\/IMG_20210124_122612-Large-800x601.jpg 800w, https:\/\/www.vergissmi.net\/wp-content\/uploads\/2021\/02\/IMG_20210124_122612-Large.jpg 1438w\" sizes=\"(max-width: 1024px) 100vw, 1024px\" \/><\/figure>\n\n\n\n<h3 class=\"wp-block-heading\">KW 03\/2021<\/h3>\n\n\n\n<p>Es war Zeit, der Neugier nachzugeben: Im Skitourenforum werfen Leute beinahe t\u00e4glich mit Begriffen wie &#8220;Heiligengeist&#8221; &#8211; &#8220;10er&#8221; &#8211; &#8220;12er&#8221; &#8211; &#8220;DGH&#8221; und derlei um sich &#8211; als Sommergast des <strong>Dobratsch <\/strong>war mir Heiligengeist ein Begriff &#8211; den hier in Meilensteinen skizzierten Aufstieg zum Gipfel kannte ich allerdings noch nicht. Probier&#8217; ma nat\u00fcrlich auch &#8211; und ich schaue das erste Mal im Winter vorbei an der in ganz K\u00e4rnten sichtbaren Senderantenne auf der Villacher Alpe ins gelobte Land.<\/p>\n\n\n\n<figure class=\"wp-block-image size-large\"><img loading=\"lazy\" decoding=\"async\" width=\"1024\" height=\"768\" src=\"https:\/\/www.vergissmi.net\/wp-content\/uploads\/2021\/02\/IMG_2021-01-26-13-21-55-770-Large-1024x768.jpg\" alt=\"\" class=\"wp-image-12738\" srcset=\"https:\/\/www.vergissmi.net\/wp-content\/uploads\/2021\/02\/IMG_2021-01-26-13-21-55-770-Large-1024x768.jpg 1024w, https:\/\/www.vergissmi.net\/wp-content\/uploads\/2021\/02\/IMG_2021-01-26-13-21-55-770-Large-800x600.jpg 800w, https:\/\/www.vergissmi.net\/wp-content\/uploads\/2021\/02\/IMG_2021-01-26-13-21-55-770-Large.jpg 1440w\" sizes=\"(max-width: 1024px) 100vw, 1024px\" \/><\/figure>\n\n\n\n<p>Zum Ausklang dieses kr\u00e4fteraubenden Tourentages war ich abends bei Mutter geladen. Sie sah mich an .. und es gab viel &#8230; von allem. Also musste tags drauf eine Tour her, die das lukullische Treiben am Vorabend wieder sachte mit Kalorienverlust kompensierte.<\/p>\n\n\n\n<p>Es lockt abermals der S\u00fcden &#8230; die <strong>Bergbahnen Dreil\u00e4ndereck<\/strong> erm\u00f6glichen Menschen mit getr\u00fcbtem Auge einen aussichtsreichen Saniervormittag am Pistenrand:<\/p>\n\n\n\n<figure class=\"wp-block-image size-large\"><img loading=\"lazy\" decoding=\"async\" width=\"1024\" height=\"768\" src=\"https:\/\/www.vergissmi.net\/wp-content\/uploads\/2021\/02\/signal-2021-01-27-121817-Large-1024x768.jpeg\" alt=\"\" class=\"wp-image-12736\" srcset=\"https:\/\/www.vergissmi.net\/wp-content\/uploads\/2021\/02\/signal-2021-01-27-121817-Large-1024x768.jpeg 1024w, https:\/\/www.vergissmi.net\/wp-content\/uploads\/2021\/02\/signal-2021-01-27-121817-Large-800x600.jpeg 800w, https:\/\/www.vergissmi.net\/wp-content\/uploads\/2021\/02\/signal-2021-01-27-121817-Large.jpeg 1440w\" sizes=\"(max-width: 1024px) 100vw, 1024px\" \/><\/figure>\n\n\n\n<p>Rund 800 H\u00f6henmeter kann man zwischen Talstation und dem L\u00e4ndereck von SLO, ITA und AT abdienen, bevor es auf der perfekten Piste wieder runter geht. F\u00fcr 8 Euro kann man sich den ganzen Tag im gesamten Skigebiet als Tourengeher in lawinensicherem Gel\u00e4nde austoben und die pr\u00e4parierten Pisten nutzen &#8211; ein fairer Preis, wie ich finde! In einer besseren Welt w\u00fcrden alle Skigebiete solche Angebote auf der Karte haben, und niemals wieder w\u00fcrde ein Tourengeher schief angeschaut werden.<\/p>\n\n\n\n<h3 class=\"wp-block-heading\">KW 04\/2021<\/h3>\n\n\n\n<p>Ein paar Tage sp\u00e4ter ging&#8217;s &#8211; nach vielen Jahren wiedermal &#8211; auf den Gruppenh\u00f6chsten: Der 2441 m hohe <strong>Eisenhut <\/strong>ist die h\u00f6chste Erhebung der Gurktaler Alpen\/Nockberge.<\/p>\n\n\n\n<figure class=\"wp-block-image size-large\"><img loading=\"lazy\" decoding=\"async\" width=\"1024\" height=\"768\" src=\"https:\/\/www.vergissmi.net\/wp-content\/uploads\/2021\/02\/IMG_2021-01-30-12-24-21-565-Large-1024x768.jpg\" alt=\"\" class=\"wp-image-12737\" srcset=\"https:\/\/www.vergissmi.net\/wp-content\/uploads\/2021\/02\/IMG_2021-01-30-12-24-21-565-Large-1024x768.jpg 1024w, https:\/\/www.vergissmi.net\/wp-content\/uploads\/2021\/02\/IMG_2021-01-30-12-24-21-565-Large-800x600.jpg 800w, https:\/\/www.vergissmi.net\/wp-content\/uploads\/2021\/02\/IMG_2021-01-30-12-24-21-565-Large.jpg 1440w\" sizes=\"(max-width: 1024px) 100vw, 1024px\" \/><\/figure>\n\n\n\n<h3 class=\"wp-block-heading\">KW 05\/2021<\/h3>\n\n\n\n<p>Als Kind meiner Bergheimat w\u00e4hlte ich auch das n\u00e4chste Ziel in Spuckweite &#8211; der 2334 m hohe <strong>Rinsennock <\/strong>h\u00e4tte es diesmal werden sollen, doch ein Wetterwechsel lie\u00df mich auf rund 2150 m umkehren. Anfangs ging&#8217;s wieder mal der Einheimischenspur nach &#8230;<\/p>\n\n\n\n<figure class=\"wp-block-image size-large\"><img loading=\"lazy\" decoding=\"async\" width=\"1024\" height=\"768\" src=\"https:\/\/www.vergissmi.net\/wp-content\/uploads\/2021\/02\/IMG_2021-02-03-11-34-25-215-Large-1024x768.jpg\" alt=\"\" class=\"wp-image-12740\" srcset=\"https:\/\/www.vergissmi.net\/wp-content\/uploads\/2021\/02\/IMG_2021-02-03-11-34-25-215-Large-1024x768.jpg 1024w, https:\/\/www.vergissmi.net\/wp-content\/uploads\/2021\/02\/IMG_2021-02-03-11-34-25-215-Large-800x600.jpg 800w, https:\/\/www.vergissmi.net\/wp-content\/uploads\/2021\/02\/IMG_2021-02-03-11-34-25-215-Large.jpg 1440w\" sizes=\"(max-width: 1024px) 100vw, 1024px\" \/><\/figure>\n\n\n\n<p>&#8230; bevor um punkt 12 h mittags das Wetter drehte &#8211; und ich diesem Beispiel folgte:<\/p>\n\n\n\n<figure class=\"wp-block-image size-large\"><img loading=\"lazy\" decoding=\"async\" width=\"1024\" height=\"768\" src=\"https:\/\/www.vergissmi.net\/wp-content\/uploads\/2021\/02\/IMG_2021-02-03-12-11-50-060-Large-1024x768.jpg\" alt=\"\" class=\"wp-image-12741\" srcset=\"https:\/\/www.vergissmi.net\/wp-content\/uploads\/2021\/02\/IMG_2021-02-03-12-11-50-060-Large-1024x768.jpg 1024w, https:\/\/www.vergissmi.net\/wp-content\/uploads\/2021\/02\/IMG_2021-02-03-12-11-50-060-Large-800x600.jpg 800w, https:\/\/www.vergissmi.net\/wp-content\/uploads\/2021\/02\/IMG_2021-02-03-12-11-50-060-Large.jpg 1440w\" sizes=\"(max-width: 1024px) 100vw, 1024px\" \/><\/figure>\n\n\n\n<p>Tags drauf konnte ich meinen soon-to-be Schwager ohne viel M\u00fche zu einer Pre-Work-Tour zur <strong>Kaiserburg <\/strong>motivieren. Beide mussten wir vor Mittag schon wieder wo anders sein &#8211; ging sich alles gut aus. Hier der Blick von der Bergstation (ich glaub er hei\u00dft) Muldenlift:<\/p>\n\n\n\n<figure class=\"wp-block-image size-large\"><img loading=\"lazy\" decoding=\"async\" width=\"1024\" height=\"768\" src=\"https:\/\/www.vergissmi.net\/wp-content\/uploads\/2021\/02\/IMG_2021-02-04-10-50-34-333-Large-1024x768.jpg\" alt=\"\" class=\"wp-image-12742\" srcset=\"https:\/\/www.vergissmi.net\/wp-content\/uploads\/2021\/02\/IMG_2021-02-04-10-50-34-333-Large-1024x768.jpg 1024w, https:\/\/www.vergissmi.net\/wp-content\/uploads\/2021\/02\/IMG_2021-02-04-10-50-34-333-Large-800x600.jpg 800w, https:\/\/www.vergissmi.net\/wp-content\/uploads\/2021\/02\/IMG_2021-02-04-10-50-34-333-Large.jpg 1440w\" sizes=\"(max-width: 1024px) 100vw, 1024px\" \/><\/figure>\n\n\n\n<h3 class=\"wp-block-heading\">KW 06\/2021<\/h3>\n\n\n\n<p>Mit dem Sch\u00f6nwetter war&#8217;s noch am selben Tag vorbei, es folgten ein paar reine Arbeitstage. Erst als der &#8211; leider sehr patzige &#8211; Schneefall wieder nachlie\u00df, versuchte ich den Speik &#8230; doch mangels Sicht bis zu den eigenen Skispitzen drehte ich am <strong>Kleinen Speikkofel<\/strong> wieder um.<\/p>\n\n\n\n<figure class=\"wp-block-image size-large\"><img loading=\"lazy\" decoding=\"async\" width=\"1024\" height=\"768\" src=\"https:\/\/www.vergissmi.net\/wp-content\/uploads\/2021\/02\/IMG_2021-02-09-14-36-21-783-Large-1024x768.jpg\" alt=\"\" class=\"wp-image-12744\" srcset=\"https:\/\/www.vergissmi.net\/wp-content\/uploads\/2021\/02\/IMG_2021-02-09-14-36-21-783-Large-1024x768.jpg 1024w, https:\/\/www.vergissmi.net\/wp-content\/uploads\/2021\/02\/IMG_2021-02-09-14-36-21-783-Large-800x600.jpg 800w, https:\/\/www.vergissmi.net\/wp-content\/uploads\/2021\/02\/IMG_2021-02-09-14-36-21-783-Large.jpg 1440w\" sizes=\"(max-width: 1024px) 100vw, 1024px\" \/><\/figure>\n\n\n\n<p>Da war&#8217;s doch ein paar Tage sp\u00e4te in der Innerkrems viel sch\u00f6ner! Da ich noch nie auf der Hohen Pressing war, machte ich mich auf den Weg &#8211; und genoss den Gipfelsieg &#8230;<\/p>\n\n\n\n<figure class=\"wp-block-image size-large\"><img loading=\"lazy\" decoding=\"async\" width=\"1024\" height=\"768\" src=\"https:\/\/www.vergissmi.net\/wp-content\/uploads\/2021\/02\/IMG_2021-02-12-13-33-08-363-Large-1024x768.jpg\" alt=\"\" class=\"wp-image-12745\" srcset=\"https:\/\/www.vergissmi.net\/wp-content\/uploads\/2021\/02\/IMG_2021-02-12-13-33-08-363-Large-1024x768.jpg 1024w, https:\/\/www.vergissmi.net\/wp-content\/uploads\/2021\/02\/IMG_2021-02-12-13-33-08-363-Large-800x600.jpg 800w, https:\/\/www.vergissmi.net\/wp-content\/uploads\/2021\/02\/IMG_2021-02-12-13-33-08-363-Large.jpg 1440w\" sizes=\"(max-width: 1024px) 100vw, 1024px\" \/><\/figure>\n\n\n\n<p>&#8230; am Nachbarberg <strong>Peitlernock<\/strong>, weil spontanes Umplanen aufgrund der Gegebenheiten vor Ort dazugeh\u00f6rt.<\/p>\n\n\n\n<p>F\u00fcr die n\u00e4chste Tour hatte ich wieder gro\u00dfe Pl\u00e4ne &#8230; doch so wirklich entscheiden konnte ich mich nicht. Rausgekommen ist dann eine Traumtour \u00fcber verlassene Almen auf einen meiner &#8220;Lieblinge&#8221; oberhalb der Turracher H\u00f6he.<\/p>\n\n\n\n<p>Wie es sich f\u00fcr Geheimtipps geh\u00f6rt &#8211; ein Foto von &#8220;unterwegs&#8221; &#8230; <\/p>\n\n\n\n<figure class=\"wp-block-image size-large\"><img loading=\"lazy\" decoding=\"async\" width=\"1024\" height=\"768\" src=\"https:\/\/www.vergissmi.net\/wp-content\/uploads\/2021\/02\/IMG_2021-02-13-11-29-31-370-Large-1024x768.jpg\" alt=\"\" class=\"wp-image-12746\" srcset=\"https:\/\/www.vergissmi.net\/wp-content\/uploads\/2021\/02\/IMG_2021-02-13-11-29-31-370-Large-1024x768.jpg 1024w, https:\/\/www.vergissmi.net\/wp-content\/uploads\/2021\/02\/IMG_2021-02-13-11-29-31-370-Large-800x600.jpg 800w, https:\/\/www.vergissmi.net\/wp-content\/uploads\/2021\/02\/IMG_2021-02-13-11-29-31-370-Large.jpg 1440w\" sizes=\"(max-width: 1024px) 100vw, 1024px\" \/><\/figure>\n\n\n\n<p>Die letzte Tour f\u00fcr heute fiel auf einen Sonntag mit Traumwetter. Sorgf\u00e4ltige Planung war angesagt, um nicht unter die R\u00e4der zu kommen &#8230; was letztendlich ganz gut gelang.<\/p>\n\n\n\n<p>Diesmal ging&#8217;s zur Abwechslung mit Schneeschuhen ins Gebirg&#8217; &#8230;<\/p>\n\n\n\n<figure class=\"wp-block-image size-large\"><img loading=\"lazy\" decoding=\"async\" width=\"1024\" height=\"768\" src=\"https:\/\/www.vergissmi.net\/wp-content\/uploads\/2021\/02\/IMG_2021-02-14-13-38-41-266-Large-1024x768.jpg\" alt=\"\" class=\"wp-image-12747\" srcset=\"https:\/\/www.vergissmi.net\/wp-content\/uploads\/2021\/02\/IMG_2021-02-14-13-38-41-266-Large-1024x768.jpg 1024w, https:\/\/www.vergissmi.net\/wp-content\/uploads\/2021\/02\/IMG_2021-02-14-13-38-41-266-Large-800x600.jpg 800w, https:\/\/www.vergissmi.net\/wp-content\/uploads\/2021\/02\/IMG_2021-02-14-13-38-41-266-Large.jpg 1440w\" sizes=\"(max-width: 1024px) 100vw, 1024px\" \/><\/figure>\n\n\n\n<p>&#8230; es galt, verschneite Z\u00e4une zu \u00fcberwinden &#8230;<\/p>\n\n\n\n<figure class=\"wp-block-image size-large\"><img loading=\"lazy\" decoding=\"async\" width=\"768\" height=\"1024\" src=\"https:\/\/www.vergissmi.net\/wp-content\/uploads\/2021\/02\/IMG_2021-02-14-13-46-08-658-Large-768x1024.jpg\" alt=\"\" class=\"wp-image-12748\" srcset=\"https:\/\/www.vergissmi.net\/wp-content\/uploads\/2021\/02\/IMG_2021-02-14-13-46-08-658-Large-768x1024.jpg 768w, https:\/\/www.vergissmi.net\/wp-content\/uploads\/2021\/02\/IMG_2021-02-14-13-46-08-658-Large-600x800.jpg 600w, https:\/\/www.vergissmi.net\/wp-content\/uploads\/2021\/02\/IMG_2021-02-14-13-46-08-658-Large-rotated.jpg 1080w\" sizes=\"(max-width: 768px) 100vw, 768px\" \/><\/figure>\n\n\n\n<p>&#8230; bevor es auf einer eingeschneiten Almh\u00fctte der Ritschert ausgepackt wurde &#8230; <\/p>\n\n\n\n<figure class=\"wp-block-image size-large\"><img loading=\"lazy\" decoding=\"async\" width=\"1024\" height=\"768\" src=\"https:\/\/www.vergissmi.net\/wp-content\/uploads\/2021\/02\/IMG_2021-02-14-14-00-12-143-Large-1024x768.jpg\" alt=\"\" class=\"wp-image-12749\" srcset=\"https:\/\/www.vergissmi.net\/wp-content\/uploads\/2021\/02\/IMG_2021-02-14-14-00-12-143-Large-1024x768.jpg 1024w, https:\/\/www.vergissmi.net\/wp-content\/uploads\/2021\/02\/IMG_2021-02-14-14-00-12-143-Large-800x600.jpg 800w, https:\/\/www.vergissmi.net\/wp-content\/uploads\/2021\/02\/IMG_2021-02-14-14-00-12-143-Large.jpg 1440w\" sizes=\"(max-width: 1024px) 100vw, 1024px\" \/><\/figure>\n\n\n\n<p>&#8230; Mahlzeit!<\/p>\n","protected":false},"excerpt":{"rendered":"<div class=\"tmnf_excerpt\"><div class=\"tmnf_excerpt\"><p>Hier eine Fortsetzung zur &#8220;Weihnachts-Edition&#8220;. Alsdann! KW 03\/2021 Mein jahrzehntelanger beruflicher Wegbegleiter mit K\u00e4rntner Wurzeln w\u00fcrde es &#8220;Basisbesteigung&#8221; nennen: Von der Zivilisation (in diesem Fall Bundesstra\u00dfe 95 im Oberen Gurktal) auf den h\u00f6chsten Berg rundum. Das w\u00e4re der 23o8 m hohe Falkert gewesen, doch aufgrund von Wetterkapriolen ist es der rund 2000 m hohe Fadenberg &hellip;<\/p>\n<\/div><\/div>","protected":false},"author":61,"featured_media":12748,"comment_status":"open","ping_status":"open","sticky":false,"template":"","format":"standard","meta":{"_s2mail":"yes","footnotes":""},"categories":[156,158,160,6,178],"tags":[],"class_list":["post-12730","post","type-post","status-publish","format-standard","has-post-thumbnail","hentry","category-oesterreich","category-kaernten","category-steiermark","category-tourtagebuch","category-winter","gallery-content-unit"],"_links":{"self":[{"href":"https:\/\/www.vergissmi.net\/index.php?rest_route=\/wp\/v2\/posts\/12730","targetHints":{"allow":["GET"]}}],"collection":[{"href":"https:\/\/www.vergissmi.net\/index.php?rest_route=\/wp\/v2\/posts"}],"about":[{"href":"https:\/\/www.vergissmi.net\/index.php?rest_route=\/wp\/v2\/types\/post"}],"author":[{"embeddable":true,"href":"https:\/\/www.vergissmi.net\/index.php?rest_route=\/wp\/v2\/users\/61"}],"replies":[{"embeddable":true,"href":"https:\/\/www.vergissmi.net\/index.php?rest_route=%2Fwp%2Fv2%2Fcomments&post=12730"}],"version-history":[{"count":7,"href":"https:\/\/www.vergissmi.net\/index.php?rest_route=\/wp\/v2\/posts\/12730\/revisions"}],"predecessor-version":[{"id":12755,"href":"https:\/\/www.vergissmi.net\/index.php?rest_route=\/wp\/v2\/posts\/12730\/revisions\/12755"}],"wp:featuredmedia":[{"embeddable":true,"href":"https:\/\/www.vergissmi.net\/index.php?rest_route=\/wp\/v2\/media\/12748"}],"wp:attachment":[{"href":"https:\/\/www.vergissmi.net\/index.php?rest_route=%2Fwp%2Fv2%2Fmedia&parent=12730"}],"wp:term":[{"taxonomy":"category","embeddable":true,"href":"https:\/\/www.vergissmi.net\/index.php?rest_route=%2Fwp%2Fv2%2Fcategories&post=12730"},{"taxonomy":"post_tag","embeddable":true,"href":"https:\/\/www.vergissmi.net\/index.php?rest_route=%2Fwp%2Fv2%2Ftags&post=12730"}],"curies":[{"name":"wp","href":"https:\/\/api.w.org\/{rel}","templated":true}]}}