{"id":12773,"date":"2021-04-17T19:33:59","date_gmt":"2021-04-17T17:33:59","guid":{"rendered":"http:\/\/www.vergissmi.net\/?p=12773"},"modified":"2021-04-17T19:51:31","modified_gmt":"2021-04-17T17:51:31","slug":"skitouren-feber-april-2021","status":"publish","type":"post","link":"https:\/\/www.vergissmi.net\/?p=12773","title":{"rendered":"Skitouren Feber &#8211; April 2021"},"content":{"rendered":"\n<p>Hier eine Fortsetzung der &#8220;<a href=\"https:\/\/www.vergissmi.net\/?p=12682\">Weihnachts-Edition<\/a>&#8221; sowie der <a href=\"https:\/\/www.vergissmi.net\/?p=12730&amp;cpage=1#comment-61987\">Neujahrs-Edition<\/a>. Alsdann!<\/p>\n\n\n\n<h2 class=\"wp-block-heading\">KW 07\/2021<\/h2>\n\n\n\n<p>Pistentour am Nassfeld, der Gartnerkofel f\u00e4llt aus, da Lawinenausr\u00fcstung daheimgelassen &#8230;<\/p>\n\n\n\n<figure class=\"wp-block-image size-large\"><img fetchpriority=\"high\" decoding=\"async\" width=\"1024\" height=\"768\" src=\"https:\/\/www.vergissmi.net\/wp-content\/uploads\/2021\/04\/IMG_2021-02-16-11-03-16-878-1024x768.jpg\" alt=\"\" class=\"wp-image-12774\" srcset=\"https:\/\/www.vergissmi.net\/wp-content\/uploads\/2021\/04\/IMG_2021-02-16-11-03-16-878-1024x768.jpg 1024w, https:\/\/www.vergissmi.net\/wp-content\/uploads\/2021\/04\/IMG_2021-02-16-11-03-16-878-800x600.jpg 800w, https:\/\/www.vergissmi.net\/wp-content\/uploads\/2021\/04\/IMG_2021-02-16-11-03-16-878-1536x1152.jpg 1536w, https:\/\/www.vergissmi.net\/wp-content\/uploads\/2021\/04\/IMG_2021-02-16-11-03-16-878-2048x1536.jpg 2048w\" sizes=\"(max-width: 1024px) 100vw, 1024px\" \/><figcaption>Blick runter zum Nassfeldpass<\/figcaption><\/figure>\n\n\n\n<figure class=\"wp-block-image size-large\"><img decoding=\"async\" width=\"1024\" height=\"768\" src=\"https:\/\/www.vergissmi.net\/wp-content\/uploads\/2021\/04\/IMG_2021-02-16-13-26-46-262-1024x768.jpg\" alt=\"\" class=\"wp-image-12776\" srcset=\"https:\/\/www.vergissmi.net\/wp-content\/uploads\/2021\/04\/IMG_2021-02-16-13-26-46-262-1024x768.jpg 1024w, https:\/\/www.vergissmi.net\/wp-content\/uploads\/2021\/04\/IMG_2021-02-16-13-26-46-262-800x600.jpg 800w, https:\/\/www.vergissmi.net\/wp-content\/uploads\/2021\/04\/IMG_2021-02-16-13-26-46-262-1536x1152.jpg 1536w, https:\/\/www.vergissmi.net\/wp-content\/uploads\/2021\/04\/IMG_2021-02-16-13-26-46-262-2048x1536.jpg 2048w\" sizes=\"(max-width: 1024px) 100vw, 1024px\" \/><figcaption>Madritschen, Blickrichtung Trogkofel<\/figcaption><\/figure>\n\n\n\n<figure class=\"wp-block-image size-large\"><img decoding=\"async\" width=\"768\" height=\"1024\" src=\"https:\/\/www.vergissmi.net\/wp-content\/uploads\/2021\/04\/IMG_2021-02-16-11-34-33-891-768x1024.jpg\" alt=\"\" class=\"wp-image-12775\" srcset=\"https:\/\/www.vergissmi.net\/wp-content\/uploads\/2021\/04\/IMG_2021-02-16-11-34-33-891-768x1024.jpg 768w, https:\/\/www.vergissmi.net\/wp-content\/uploads\/2021\/04\/IMG_2021-02-16-11-34-33-891-600x800.jpg 600w, https:\/\/www.vergissmi.net\/wp-content\/uploads\/2021\/04\/IMG_2021-02-16-11-34-33-891-1152x1536.jpg 1152w, https:\/\/www.vergissmi.net\/wp-content\/uploads\/2021\/04\/IMG_2021-02-16-11-34-33-891-1536x2048.jpg 1536w, https:\/\/www.vergissmi.net\/wp-content\/uploads\/2021\/04\/IMG_2021-02-16-11-34-33-891-scaled.jpg 1920w\" sizes=\"(max-width: 768px) 100vw, 768px\" \/><figcaption>Gartnerkofel<\/figcaption><\/figure>\n\n\n\n<h2 class=\"wp-block-heading\">KW 08\/2021<\/h2>\n\n\n\n<p>Wiederholung der abgebrochenen Eiszapfentour zur Geigerh\u00fctte in der <a href=\"https:\/\/www.vergissmi.net\/?p=12682\">KW01<\/a>. Diesmal hat&#8217;s gepasst und es wurde mithilfe des Nockmobils eine \u00dcberquerung des W\u00f6llaner Nocks (Haidenbach &#8211; W\u00f6llaner &#8211; Bad Kleinkirchheim) draus.<\/p>\n\n\n\n<figure class=\"wp-block-image size-large\"><img loading=\"lazy\" decoding=\"async\" width=\"1024\" height=\"768\" src=\"https:\/\/www.vergissmi.net\/wp-content\/uploads\/2021\/04\/IMG_2021-02-23-10-13-41-119-1024x768.jpg\" alt=\"\" class=\"wp-image-12777\" srcset=\"https:\/\/www.vergissmi.net\/wp-content\/uploads\/2021\/04\/IMG_2021-02-23-10-13-41-119-1024x768.jpg 1024w, https:\/\/www.vergissmi.net\/wp-content\/uploads\/2021\/04\/IMG_2021-02-23-10-13-41-119-800x600.jpg 800w, https:\/\/www.vergissmi.net\/wp-content\/uploads\/2021\/04\/IMG_2021-02-23-10-13-41-119-1536x1152.jpg 1536w, https:\/\/www.vergissmi.net\/wp-content\/uploads\/2021\/04\/IMG_2021-02-23-10-13-41-119-2048x1536.jpg 2048w\" sizes=\"(max-width: 1024px) 100vw, 1024px\" \/><figcaption>Geigerh\u00fctte<\/figcaption><\/figure>\n\n\n\n<figure class=\"wp-block-image size-large\"><img loading=\"lazy\" decoding=\"async\" width=\"1024\" height=\"768\" src=\"https:\/\/www.vergissmi.net\/wp-content\/uploads\/2021\/04\/IMG_2021-02-23-13-18-41-317-1024x768.jpg\" alt=\"\" class=\"wp-image-12778\" srcset=\"https:\/\/www.vergissmi.net\/wp-content\/uploads\/2021\/04\/IMG_2021-02-23-13-18-41-317-1024x768.jpg 1024w, https:\/\/www.vergissmi.net\/wp-content\/uploads\/2021\/04\/IMG_2021-02-23-13-18-41-317-800x600.jpg 800w, https:\/\/www.vergissmi.net\/wp-content\/uploads\/2021\/04\/IMG_2021-02-23-13-18-41-317-1536x1152.jpg 1536w, https:\/\/www.vergissmi.net\/wp-content\/uploads\/2021\/04\/IMG_2021-02-23-13-18-41-317-2048x1536.jpg 2048w\" sizes=\"(max-width: 1024px) 100vw, 1024px\" \/><figcaption>Nicht endemisch!<\/figcaption><\/figure>\n\n\n\n<figure class=\"wp-block-image size-large\"><img loading=\"lazy\" decoding=\"async\" width=\"1024\" height=\"768\" src=\"https:\/\/www.vergissmi.net\/wp-content\/uploads\/2021\/04\/IMG_2021-02-23-13-57-48-432-1024x768.jpg\" alt=\"\" class=\"wp-image-12779\" srcset=\"https:\/\/www.vergissmi.net\/wp-content\/uploads\/2021\/04\/IMG_2021-02-23-13-57-48-432-1024x768.jpg 1024w, https:\/\/www.vergissmi.net\/wp-content\/uploads\/2021\/04\/IMG_2021-02-23-13-57-48-432-800x600.jpg 800w, https:\/\/www.vergissmi.net\/wp-content\/uploads\/2021\/04\/IMG_2021-02-23-13-57-48-432-1536x1152.jpg 1536w, https:\/\/www.vergissmi.net\/wp-content\/uploads\/2021\/04\/IMG_2021-02-23-13-57-48-432-2048x1536.jpg 2048w\" sizes=\"(max-width: 1024px) 100vw, 1024px\" \/><figcaption>Abfahrt \u00fcber die &#8211; heuer nie in Betrieb gegangene &#8211; Kaiserburgbahn\/-abfahrt.<\/figcaption><\/figure>\n\n\n\n<h2 class=\"wp-block-heading\">KW 09\/2021<\/h2>\n\n\n\n<p>Rinsennock S\u00fcdseite \u00fcber Winkl ab Mautstation Nockalmstra\u00dfe. Eher gem\u00fctliche und vollkommen einsame Tour in einer Gegend, die man in der ersten Winterh\u00e4lfte nicht gehen sollte &#8211; bis zur Preisslalm gab es gez\u00e4hlt sechs Lawinenabg\u00e4nge heuer.<\/p>\n\n\n\n<figure class=\"wp-block-image size-large\"><img loading=\"lazy\" decoding=\"async\" width=\"1024\" height=\"768\" src=\"https:\/\/www.vergissmi.net\/wp-content\/uploads\/2021\/04\/IMG_2021-02-27-12-38-16-666-1024x768.jpg\" alt=\"\" class=\"wp-image-12780\" srcset=\"https:\/\/www.vergissmi.net\/wp-content\/uploads\/2021\/04\/IMG_2021-02-27-12-38-16-666-1024x768.jpg 1024w, https:\/\/www.vergissmi.net\/wp-content\/uploads\/2021\/04\/IMG_2021-02-27-12-38-16-666-800x600.jpg 800w, https:\/\/www.vergissmi.net\/wp-content\/uploads\/2021\/04\/IMG_2021-02-27-12-38-16-666-1536x1152.jpg 1536w, https:\/\/www.vergissmi.net\/wp-content\/uploads\/2021\/04\/IMG_2021-02-27-12-38-16-666-2048x1536.jpg 2048w\" sizes=\"(max-width: 1024px) 100vw, 1024px\" \/><figcaption>Nicht endemisch!<\/figcaption><\/figure>\n\n\n\n<figure class=\"wp-block-image size-large\"><img loading=\"lazy\" decoding=\"async\" width=\"1024\" height=\"706\" src=\"https:\/\/www.vergissmi.net\/wp-content\/uploads\/2021\/04\/IMG_2021-02-27-12-05-12-747-1024x706.jpg\" alt=\"\" class=\"wp-image-12781\" srcset=\"https:\/\/www.vergissmi.net\/wp-content\/uploads\/2021\/04\/IMG_2021-02-27-12-05-12-747-1024x706.jpg 1024w, https:\/\/www.vergissmi.net\/wp-content\/uploads\/2021\/04\/IMG_2021-02-27-12-05-12-747-800x551.jpg 800w, https:\/\/www.vergissmi.net\/wp-content\/uploads\/2021\/04\/IMG_2021-02-27-12-05-12-747-1536x1059.jpg 1536w, https:\/\/www.vergissmi.net\/wp-content\/uploads\/2021\/04\/IMG_2021-02-27-12-05-12-747-2048x1412.jpg 2048w\" sizes=\"(max-width: 1024px) 100vw, 1024px\" \/><figcaption>Lawine trifft nach der Preisslh\u00fctte auf den Almweg, ca. 1800 m (Blick auf die Anh\u00f6he, die \u00fcber den Barbaraweg erreicht wird)<\/figcaption><\/figure>\n\n\n\n<p>Tags drauf ging es dann wieder einmal auf den Kilnprein &#8211; die erste Winterbegehung seit meinem recht ausf\u00fchrlichen <a href=\"https:\/\/www.vergissmi.net\/?p=2234\">Tourenbericht 2015<\/a>. Ein lieber Gru\u00df an Waltraud an dieser Stelle &#8211; diese Bilder sind f\u00fcr Dich!<\/p>\n\n\n\n<figure class=\"wp-block-image size-large\"><img loading=\"lazy\" decoding=\"async\" width=\"1024\" height=\"768\" src=\"https:\/\/www.vergissmi.net\/wp-content\/uploads\/2021\/04\/IMG_2021-02-28-11-04-48-422-1024x768.jpg\" alt=\"\" class=\"wp-image-12783\" srcset=\"https:\/\/www.vergissmi.net\/wp-content\/uploads\/2021\/04\/IMG_2021-02-28-11-04-48-422-1024x768.jpg 1024w, https:\/\/www.vergissmi.net\/wp-content\/uploads\/2021\/04\/IMG_2021-02-28-11-04-48-422-800x600.jpg 800w, https:\/\/www.vergissmi.net\/wp-content\/uploads\/2021\/04\/IMG_2021-02-28-11-04-48-422-1536x1152.jpg 1536w, https:\/\/www.vergissmi.net\/wp-content\/uploads\/2021\/04\/IMG_2021-02-28-11-04-48-422-2048x1536.jpg 2048w\" sizes=\"(max-width: 1024px) 100vw, 1024px\" \/><figcaption>Gipfelgl\u00fcck!<\/figcaption><\/figure>\n\n\n\n<figure class=\"wp-block-image size-large\"><img loading=\"lazy\" decoding=\"async\" width=\"1024\" height=\"768\" src=\"https:\/\/www.vergissmi.net\/wp-content\/uploads\/2021\/04\/IMG_2021-02-28-11-48-40-562-1024x768.jpg\" alt=\"\" class=\"wp-image-12784\" srcset=\"https:\/\/www.vergissmi.net\/wp-content\/uploads\/2021\/04\/IMG_2021-02-28-11-48-40-562-1024x768.jpg 1024w, https:\/\/www.vergissmi.net\/wp-content\/uploads\/2021\/04\/IMG_2021-02-28-11-48-40-562-800x600.jpg 800w, https:\/\/www.vergissmi.net\/wp-content\/uploads\/2021\/04\/IMG_2021-02-28-11-48-40-562-1536x1152.jpg 1536w, https:\/\/www.vergissmi.net\/wp-content\/uploads\/2021\/04\/IMG_2021-02-28-11-48-40-562-2048x1536.jpg 2048w\" sizes=\"(max-width: 1024px) 100vw, 1024px\" \/><figcaption>Der Weg zum Vorderh\u00fctteneck war ein Traum!<\/figcaption><\/figure>\n\n\n\n<figure class=\"wp-block-image size-large\"><img loading=\"lazy\" decoding=\"async\" width=\"1024\" height=\"768\" src=\"https:\/\/www.vergissmi.net\/wp-content\/uploads\/2021\/04\/IMG_2021-02-28-13-03-34-838-1024x768.jpg\" alt=\"\" class=\"wp-image-12785\" srcset=\"https:\/\/www.vergissmi.net\/wp-content\/uploads\/2021\/04\/IMG_2021-02-28-13-03-34-838-1024x768.jpg 1024w, https:\/\/www.vergissmi.net\/wp-content\/uploads\/2021\/04\/IMG_2021-02-28-13-03-34-838-800x600.jpg 800w, https:\/\/www.vergissmi.net\/wp-content\/uploads\/2021\/04\/IMG_2021-02-28-13-03-34-838-1536x1152.jpg 1536w, https:\/\/www.vergissmi.net\/wp-content\/uploads\/2021\/04\/IMG_2021-02-28-13-03-34-838-2048x1536.jpg 2048w\" sizes=\"(max-width: 1024px) 100vw, 1024px\" \/><figcaption>Mittagspause mit Eisenhut-Blick und dem Gipfelfoto-Model<\/figcaption><\/figure>\n\n\n\n<p>Es folgte eine Heimkehrertour von der Hochrindl (Anreise mit Nockmobil) \u00fcber den Knittel nach Gnesau. Nichts Heroisches, doch das machte die Tour nicht minder sch\u00f6n.<\/p>\n\n\n\n<figure class=\"wp-block-image size-large\"><img loading=\"lazy\" decoding=\"async\" width=\"1024\" height=\"768\" src=\"https:\/\/www.vergissmi.net\/wp-content\/uploads\/2021\/04\/IMG_2021-03-02-12-22-49-561-1024x768.jpg\" alt=\"\" class=\"wp-image-12787\" srcset=\"https:\/\/www.vergissmi.net\/wp-content\/uploads\/2021\/04\/IMG_2021-03-02-12-22-49-561-1024x768.jpg 1024w, https:\/\/www.vergissmi.net\/wp-content\/uploads\/2021\/04\/IMG_2021-03-02-12-22-49-561-800x600.jpg 800w, https:\/\/www.vergissmi.net\/wp-content\/uploads\/2021\/04\/IMG_2021-03-02-12-22-49-561-1536x1152.jpg 1536w, https:\/\/www.vergissmi.net\/wp-content\/uploads\/2021\/04\/IMG_2021-03-02-12-22-49-561-2048x1536.jpg 2048w\" sizes=\"(max-width: 1024px) 100vw, 1024px\" \/><figcaption>Leider machen die Kreuzritter auch vor diesem einsamen Gipfel nicht Halt &#8211; hier das wohl &#8211; leider &#8211; letzte Foto ohne Gipfelkreuz. Sagte ich schon LEIDER?<\/figcaption><\/figure>\n\n\n\n<figure class=\"wp-block-image size-large\"><img loading=\"lazy\" decoding=\"async\" width=\"1024\" height=\"768\" src=\"https:\/\/www.vergissmi.net\/wp-content\/uploads\/2021\/04\/IMG_2021-03-02-12-52-22-832-1024x768.jpg\" alt=\"\" class=\"wp-image-12788\" srcset=\"https:\/\/www.vergissmi.net\/wp-content\/uploads\/2021\/04\/IMG_2021-03-02-12-52-22-832-1024x768.jpg 1024w, https:\/\/www.vergissmi.net\/wp-content\/uploads\/2021\/04\/IMG_2021-03-02-12-52-22-832-800x600.jpg 800w, https:\/\/www.vergissmi.net\/wp-content\/uploads\/2021\/04\/IMG_2021-03-02-12-52-22-832-1536x1152.jpg 1536w, https:\/\/www.vergissmi.net\/wp-content\/uploads\/2021\/04\/IMG_2021-03-02-12-52-22-832-2048x1536.jpg 2048w\" sizes=\"(max-width: 1024px) 100vw, 1024px\" \/><figcaption>Liebestolle Schneehasen<\/figcaption><\/figure>\n\n\n\n<figure class=\"wp-block-image size-large\"><img loading=\"lazy\" decoding=\"async\" width=\"1024\" height=\"768\" src=\"https:\/\/www.vergissmi.net\/wp-content\/uploads\/2021\/04\/IMG_2021-03-02-15-16-34-942-1024x768.jpg\" alt=\"\" class=\"wp-image-12789\" srcset=\"https:\/\/www.vergissmi.net\/wp-content\/uploads\/2021\/04\/IMG_2021-03-02-15-16-34-942-1024x768.jpg 1024w, https:\/\/www.vergissmi.net\/wp-content\/uploads\/2021\/04\/IMG_2021-03-02-15-16-34-942-800x600.jpg 800w, https:\/\/www.vergissmi.net\/wp-content\/uploads\/2021\/04\/IMG_2021-03-02-15-16-34-942-1536x1152.jpg 1536w, https:\/\/www.vergissmi.net\/wp-content\/uploads\/2021\/04\/IMG_2021-03-02-15-16-34-942-2048x1536.jpg 2048w\" sizes=\"(max-width: 1024px) 100vw, 1024px\" \/><figcaption>Entgegenkommend: Pop-Up Labestation mit Romanfigur<\/figcaption><\/figure>\n\n\n\n<h2 class=\"wp-block-heading\">KW 10\/2121<\/h2>\n\n\n\n<p>Die Skisaison im subalpinen Bereich schien beendet &#8211; es folgten drei ganz normale Wandertage &#8230; in Summe gleich einmal 3700 HM &#8211; die Weitwandersaison kann kommen!<\/p>\n\n\n\n<figure class=\"wp-block-image size-large\"><img loading=\"lazy\" decoding=\"async\" width=\"1024\" height=\"768\" src=\"https:\/\/www.vergissmi.net\/wp-content\/uploads\/2021\/04\/IMG_2021-03-03-11-44-53-840-1024x768.jpg\" alt=\"\" class=\"wp-image-12790\" srcset=\"https:\/\/www.vergissmi.net\/wp-content\/uploads\/2021\/04\/IMG_2021-03-03-11-44-53-840-1024x768.jpg 1024w, https:\/\/www.vergissmi.net\/wp-content\/uploads\/2021\/04\/IMG_2021-03-03-11-44-53-840-800x600.jpg 800w, https:\/\/www.vergissmi.net\/wp-content\/uploads\/2021\/04\/IMG_2021-03-03-11-44-53-840-1536x1152.jpg 1536w, https:\/\/www.vergissmi.net\/wp-content\/uploads\/2021\/04\/IMG_2021-03-03-11-44-53-840-2048x1536.jpg 2048w\" sizes=\"(max-width: 1024px) 100vw, 1024px\" \/><figcaption>&#8230; aufs Kraubatheck, \u00dcBER der Schneegrenze gelegen &#8230;<\/figcaption><\/figure>\n\n\n\n<figure class=\"wp-block-image size-large\"><img loading=\"lazy\" decoding=\"async\" width=\"1024\" height=\"768\" src=\"https:\/\/www.vergissmi.net\/wp-content\/uploads\/2021\/04\/IMG_2021-03-06-14-41-41-230-1024x768.jpg\" alt=\"\" class=\"wp-image-12791\" srcset=\"https:\/\/www.vergissmi.net\/wp-content\/uploads\/2021\/04\/IMG_2021-03-06-14-41-41-230-1024x768.jpg 1024w, https:\/\/www.vergissmi.net\/wp-content\/uploads\/2021\/04\/IMG_2021-03-06-14-41-41-230-800x600.jpg 800w, https:\/\/www.vergissmi.net\/wp-content\/uploads\/2021\/04\/IMG_2021-03-06-14-41-41-230-1536x1152.jpg 1536w, https:\/\/www.vergissmi.net\/wp-content\/uploads\/2021\/04\/IMG_2021-03-06-14-41-41-230-2048x1536.jpg 2048w\" sizes=\"(max-width: 1024px) 100vw, 1024px\" \/><figcaption>&#8230; vom Ossiachersee auf den Gerlitzengipfel &#8230;<\/figcaption><\/figure>\n\n\n\n<figure class=\"wp-block-image size-large\"><img loading=\"lazy\" decoding=\"async\" width=\"1024\" height=\"768\" src=\"https:\/\/www.vergissmi.net\/wp-content\/uploads\/2021\/04\/IMG_2021-03-07-15-07-48-754-1024x768.jpg\" alt=\"\" class=\"wp-image-12792\" srcset=\"https:\/\/www.vergissmi.net\/wp-content\/uploads\/2021\/04\/IMG_2021-03-07-15-07-48-754-1024x768.jpg 1024w, https:\/\/www.vergissmi.net\/wp-content\/uploads\/2021\/04\/IMG_2021-03-07-15-07-48-754-800x600.jpg 800w, https:\/\/www.vergissmi.net\/wp-content\/uploads\/2021\/04\/IMG_2021-03-07-15-07-48-754-1536x1152.jpg 1536w, https:\/\/www.vergissmi.net\/wp-content\/uploads\/2021\/04\/IMG_2021-03-07-15-07-48-754-2048x1536.jpg 2048w\" sizes=\"(max-width: 1024px) 100vw, 1024px\" \/><figcaption>&#8230; und wiedermal auf den W\u00f6llaner Nock &#8211; diesmal von Afritz aus.<\/figcaption><\/figure>\n\n\n\n<p>Doch es sollte anders kommen &#8211; in derselben Woche ging&#8217;s dann erst wieder bei winterlichen Bedingungen auf den Wintertaler Nock. Dort hat mich der Wind verblasen, ich drehte 150 hm unterm Gipfel um und habe stattdessen noch den Hirnkopf mitgenommen.<\/p>\n\n\n\n<figure class=\"wp-block-image size-large\"><img loading=\"lazy\" decoding=\"async\" width=\"1024\" height=\"768\" src=\"https:\/\/www.vergissmi.net\/wp-content\/uploads\/2021\/04\/IMG_2021-03-13-12-46-46-608-1024x768.jpg\" alt=\"\" class=\"wp-image-12793\" srcset=\"https:\/\/www.vergissmi.net\/wp-content\/uploads\/2021\/04\/IMG_2021-03-13-12-46-46-608-1024x768.jpg 1024w, https:\/\/www.vergissmi.net\/wp-content\/uploads\/2021\/04\/IMG_2021-03-13-12-46-46-608-800x600.jpg 800w, https:\/\/www.vergissmi.net\/wp-content\/uploads\/2021\/04\/IMG_2021-03-13-12-46-46-608-1536x1152.jpg 1536w, https:\/\/www.vergissmi.net\/wp-content\/uploads\/2021\/04\/IMG_2021-03-13-12-46-46-608-2048x1536.jpg 2048w\" sizes=\"(max-width: 1024px) 100vw, 1024px\" \/><figcaption>An diesem &#8211; eben noch in voller Bl\u00fcte stehenden &#8211; Apfelbaum kann man erkennen, wie stark der Wind war!<\/figcaption><\/figure>\n\n\n\n<figure class=\"wp-block-image size-large\"><img loading=\"lazy\" decoding=\"async\" width=\"1024\" height=\"768\" src=\"https:\/\/www.vergissmi.net\/wp-content\/uploads\/2021\/04\/IMG_2021-03-13-14-57-12-093-1024x768.jpg\" alt=\"\" class=\"wp-image-12794\" srcset=\"https:\/\/www.vergissmi.net\/wp-content\/uploads\/2021\/04\/IMG_2021-03-13-14-57-12-093-1024x768.jpg 1024w, https:\/\/www.vergissmi.net\/wp-content\/uploads\/2021\/04\/IMG_2021-03-13-14-57-12-093-800x600.jpg 800w, https:\/\/www.vergissmi.net\/wp-content\/uploads\/2021\/04\/IMG_2021-03-13-14-57-12-093-1536x1152.jpg 1536w, https:\/\/www.vergissmi.net\/wp-content\/uploads\/2021\/04\/IMG_2021-03-13-14-57-12-093-2048x1536.jpg 2048w\" sizes=\"(max-width: 1024px) 100vw, 1024px\" \/><figcaption>Auch die Schildermaler m\u00f6gen das Bier, das auf der Hirnkopfh\u00fctte serviert wird.<\/figcaption><\/figure>\n\n\n\n<figure class=\"wp-block-image size-large\"><img loading=\"lazy\" decoding=\"async\" width=\"1024\" height=\"768\" src=\"https:\/\/www.vergissmi.net\/wp-content\/uploads\/2021\/04\/IMG_2021-03-13-14-58-26-765-1024x768.jpg\" alt=\"\" class=\"wp-image-12795\" srcset=\"https:\/\/www.vergissmi.net\/wp-content\/uploads\/2021\/04\/IMG_2021-03-13-14-58-26-765-1024x768.jpg 1024w, https:\/\/www.vergissmi.net\/wp-content\/uploads\/2021\/04\/IMG_2021-03-13-14-58-26-765-800x600.jpg 800w, https:\/\/www.vergissmi.net\/wp-content\/uploads\/2021\/04\/IMG_2021-03-13-14-58-26-765-1536x1152.jpg 1536w, https:\/\/www.vergissmi.net\/wp-content\/uploads\/2021\/04\/IMG_2021-03-13-14-58-26-765-2048x1536.jpg 2048w\" sizes=\"(max-width: 1024px) 100vw, 1024px\" \/><figcaption>Und da isser, der Blick zum &#8220;Wintetaler&#8221;.<\/figcaption><\/figure>\n\n\n\n<p>Am Folgetag ruft Knecht Siegfried auf den Falkert &#8211; ein bisserl Variantenfahren m\u00f6cht&#8217; er gern &#8211; ich beschlie\u00dfe, von daheim weg raufzugehen und was zu trinken vorbeizubringen. <\/p>\n\n\n\n<figure class=\"wp-block-image size-large\"><img loading=\"lazy\" decoding=\"async\" width=\"768\" height=\"1024\" src=\"https:\/\/www.vergissmi.net\/wp-content\/uploads\/2021\/04\/IMG_2021-03-14-12-15-10-406-768x1024.jpg\" alt=\"\" class=\"wp-image-12796\" srcset=\"https:\/\/www.vergissmi.net\/wp-content\/uploads\/2021\/04\/IMG_2021-03-14-12-15-10-406-768x1024.jpg 768w, https:\/\/www.vergissmi.net\/wp-content\/uploads\/2021\/04\/IMG_2021-03-14-12-15-10-406-600x800.jpg 600w, https:\/\/www.vergissmi.net\/wp-content\/uploads\/2021\/04\/IMG_2021-03-14-12-15-10-406-1152x1536.jpg 1152w, https:\/\/www.vergissmi.net\/wp-content\/uploads\/2021\/04\/IMG_2021-03-14-12-15-10-406-1536x2048.jpg 1536w, https:\/\/www.vergissmi.net\/wp-content\/uploads\/2021\/04\/IMG_2021-03-14-12-15-10-406-rotated.jpg 1728w\" sizes=\"(max-width: 768px) 100vw, 768px\" \/><figcaption>Das Wetter war genauso traumhaft wie es angek\u00fcndigt war \u2026<\/figcaption><\/figure>\n\n\n\n<figure class=\"wp-block-image size-large\"><img loading=\"lazy\" decoding=\"async\" width=\"768\" height=\"1024\" src=\"https:\/\/www.vergissmi.net\/wp-content\/uploads\/2021\/04\/IMG_2021-03-14-12-19-23-913-768x1024.jpg\" alt=\"\" class=\"wp-image-12797\" srcset=\"https:\/\/www.vergissmi.net\/wp-content\/uploads\/2021\/04\/IMG_2021-03-14-12-19-23-913-768x1024.jpg 768w, https:\/\/www.vergissmi.net\/wp-content\/uploads\/2021\/04\/IMG_2021-03-14-12-19-23-913-600x800.jpg 600w, https:\/\/www.vergissmi.net\/wp-content\/uploads\/2021\/04\/IMG_2021-03-14-12-19-23-913-1152x1536.jpg 1152w, https:\/\/www.vergissmi.net\/wp-content\/uploads\/2021\/04\/IMG_2021-03-14-12-19-23-913-1536x2048.jpg 1536w, https:\/\/www.vergissmi.net\/wp-content\/uploads\/2021\/04\/IMG_2021-03-14-12-19-23-913-scaled.jpg 1920w\" sizes=\"(max-width: 768px) 100vw, 768px\" \/><figcaption>&#8230; doch Versorgungsauftr\u00e4ge nehme ich ernst!<\/figcaption><\/figure>\n\n\n\n<figure class=\"wp-block-image size-large\"><img loading=\"lazy\" decoding=\"async\" width=\"1024\" height=\"768\" src=\"https:\/\/www.vergissmi.net\/wp-content\/uploads\/2021\/04\/IMG_2021-03-14-13-41-55-455-1024x768.jpg\" alt=\"\" class=\"wp-image-12798\" srcset=\"https:\/\/www.vergissmi.net\/wp-content\/uploads\/2021\/04\/IMG_2021-03-14-13-41-55-455-1024x768.jpg 1024w, https:\/\/www.vergissmi.net\/wp-content\/uploads\/2021\/04\/IMG_2021-03-14-13-41-55-455-800x600.jpg 800w, https:\/\/www.vergissmi.net\/wp-content\/uploads\/2021\/04\/IMG_2021-03-14-13-41-55-455-1536x1152.jpg 1536w, https:\/\/www.vergissmi.net\/wp-content\/uploads\/2021\/04\/IMG_2021-03-14-13-41-55-455-2048x1536.jpg 2048w\" sizes=\"(max-width: 1024px) 100vw, 1024px\" \/><figcaption>&#8230; bisserl diesig war&#8217;s.<\/figcaption><\/figure>\n\n\n\n<h2 class=\"wp-block-heading\">KW 11\/2021<\/h2>\n\n\n\n<p>Eine Woche zog ins Land, und ich entschied mich sonntags drauf am Fr\u00fchst\u00fcckstisch gegen die geplante Tour auf den Rosennock, da das Wetter im S\u00fcden des Landes angeblich besser sein sollte. Also auf in die Karnischen Alpen &#8230;<\/p>\n\n\n\n<figure class=\"wp-block-image size-large\"><img loading=\"lazy\" decoding=\"async\" width=\"1024\" height=\"768\" src=\"https:\/\/www.vergissmi.net\/wp-content\/uploads\/2021\/04\/IMG_2021-03-21-11-14-18-679-1024x768.jpg\" alt=\"\" class=\"wp-image-12799\" srcset=\"https:\/\/www.vergissmi.net\/wp-content\/uploads\/2021\/04\/IMG_2021-03-21-11-14-18-679-1024x768.jpg 1024w, https:\/\/www.vergissmi.net\/wp-content\/uploads\/2021\/04\/IMG_2021-03-21-11-14-18-679-800x600.jpg 800w, https:\/\/www.vergissmi.net\/wp-content\/uploads\/2021\/04\/IMG_2021-03-21-11-14-18-679-1536x1152.jpg 1536w, https:\/\/www.vergissmi.net\/wp-content\/uploads\/2021\/04\/IMG_2021-03-21-11-14-18-679-2048x1536.jpg 2048w\" sizes=\"(max-width: 1024px) 100vw, 1024px\" \/><figcaption>Feistritzer Alm &#8230;<\/figcaption><\/figure>\n\n\n\n<figure class=\"wp-block-image size-large\"><img loading=\"lazy\" decoding=\"async\" width=\"768\" height=\"1024\" src=\"https:\/\/www.vergissmi.net\/wp-content\/uploads\/2021\/04\/IMG_2021-03-21-12-41-22-358-768x1024.jpg\" alt=\"\" class=\"wp-image-12800\" srcset=\"https:\/\/www.vergissmi.net\/wp-content\/uploads\/2021\/04\/IMG_2021-03-21-12-41-22-358-768x1024.jpg 768w, https:\/\/www.vergissmi.net\/wp-content\/uploads\/2021\/04\/IMG_2021-03-21-12-41-22-358-600x800.jpg 600w, https:\/\/www.vergissmi.net\/wp-content\/uploads\/2021\/04\/IMG_2021-03-21-12-41-22-358-1152x1536.jpg 1152w, https:\/\/www.vergissmi.net\/wp-content\/uploads\/2021\/04\/IMG_2021-03-21-12-41-22-358-1536x2048.jpg 1536w, https:\/\/www.vergissmi.net\/wp-content\/uploads\/2021\/04\/IMG_2021-03-21-12-41-22-358-rotated.jpg 1728w\" sizes=\"(max-width: 768px) 100vw, 768px\" \/><figcaption>Zu der Wetterprognose gibt&#8217;s sonst nichts zu sagen!<\/figcaption><\/figure>\n\n\n\n<p>W\u00e4hrend einer Arbeitswoche in Wien gingen sich nur zwei Wanderungen aus, denen bald darauf mein erster Abschnitt am Salzburger Arnoweg folgte &#8211; die Wandersaison schien ein zweites Mal er\u00f6ffnet &#8230;<\/p>\n\n\n\n<p>&#8230; und wieder kam es anders &#8230;<\/p>\n\n\n\n<h2 class=\"wp-block-heading\">KW 14\/2021<\/h2>\n\n\n\n<p>&#8230; denn es folgten tats\u00e4chlich noch zwei Skitouren. Die erste f\u00fchrte bei starkem Nebel, durchs Koralmkar auf den Koralmspeik.<\/p>\n\n\n\n<figure class=\"wp-block-image size-large\"><img loading=\"lazy\" decoding=\"async\" width=\"1024\" height=\"768\" src=\"https:\/\/www.vergissmi.net\/wp-content\/uploads\/2021\/04\/DSC04470-1024x768.jpg\" alt=\"\" class=\"wp-image-12801\" srcset=\"https:\/\/www.vergissmi.net\/wp-content\/uploads\/2021\/04\/DSC04470-1024x768.jpg 1024w, https:\/\/www.vergissmi.net\/wp-content\/uploads\/2021\/04\/DSC04470-800x600.jpg 800w, https:\/\/www.vergissmi.net\/wp-content\/uploads\/2021\/04\/DSC04470-1536x1152.jpg 1536w, https:\/\/www.vergissmi.net\/wp-content\/uploads\/2021\/04\/DSC04470-2048x1536.jpg 2048w\" sizes=\"(max-width: 1024px) 100vw, 1024px\" \/><figcaption>Im Kar (glaub&#8217; ich zumindest)<\/figcaption><\/figure>\n\n\n\n<figure class=\"wp-block-image size-large\"><img loading=\"lazy\" decoding=\"async\" width=\"768\" height=\"1024\" src=\"https:\/\/www.vergissmi.net\/wp-content\/uploads\/2021\/04\/IMG_2021-04-11-16-58-29-713-768x1024.jpg\" alt=\"\" class=\"wp-image-12803\" srcset=\"https:\/\/www.vergissmi.net\/wp-content\/uploads\/2021\/04\/IMG_2021-04-11-16-58-29-713-768x1024.jpg 768w, https:\/\/www.vergissmi.net\/wp-content\/uploads\/2021\/04\/IMG_2021-04-11-16-58-29-713-600x800.jpg 600w, https:\/\/www.vergissmi.net\/wp-content\/uploads\/2021\/04\/IMG_2021-04-11-16-58-29-713-1152x1536.jpg 1152w, https:\/\/www.vergissmi.net\/wp-content\/uploads\/2021\/04\/IMG_2021-04-11-16-58-29-713-1536x2048.jpg 1536w, https:\/\/www.vergissmi.net\/wp-content\/uploads\/2021\/04\/IMG_2021-04-11-16-58-29-713-scaled.jpg 1920w\" sizes=\"(max-width: 768px) 100vw, 768px\" \/><figcaption>Am Gipfel<\/figcaption><\/figure>\n\n\n\n<p>&#8230; und eine weitere Tour ergab sich gestern am Parkplatz vom BILLA &#8211; eine Sonnenuntergangstour mit Freund Wolfi auf den Rinsennock &#8211; Mitte April bei besten Bedingungen.<\/p>\n\n\n\n<figure class=\"wp-block-image size-large\"><img loading=\"lazy\" decoding=\"async\" width=\"1024\" height=\"768\" src=\"https:\/\/www.vergissmi.net\/wp-content\/uploads\/2021\/04\/IMG_8907-1024x768.jpg\" alt=\"\" class=\"wp-image-12804\" srcset=\"https:\/\/www.vergissmi.net\/wp-content\/uploads\/2021\/04\/IMG_8907-1024x768.jpg 1024w, https:\/\/www.vergissmi.net\/wp-content\/uploads\/2021\/04\/IMG_8907-800x600.jpg 800w, https:\/\/www.vergissmi.net\/wp-content\/uploads\/2021\/04\/IMG_8907-1536x1152.jpg 1536w, https:\/\/www.vergissmi.net\/wp-content\/uploads\/2021\/04\/IMG_8907-2048x1536.jpg 2048w\" sizes=\"(max-width: 1024px) 100vw, 1024px\" \/><figcaption>Nicht endemisch!<\/figcaption><\/figure>\n\n\n\n<figure class=\"wp-block-image size-large\"><img loading=\"lazy\" decoding=\"async\" width=\"1024\" height=\"768\" src=\"https:\/\/www.vergissmi.net\/wp-content\/uploads\/2021\/04\/IMG_2021-04-16-19-18-54-503-1024x768.jpg\" alt=\"\" class=\"wp-image-12805\" srcset=\"https:\/\/www.vergissmi.net\/wp-content\/uploads\/2021\/04\/IMG_2021-04-16-19-18-54-503-1024x768.jpg 1024w, https:\/\/www.vergissmi.net\/wp-content\/uploads\/2021\/04\/IMG_2021-04-16-19-18-54-503-800x600.jpg 800w, https:\/\/www.vergissmi.net\/wp-content\/uploads\/2021\/04\/IMG_2021-04-16-19-18-54-503-1536x1152.jpg 1536w, https:\/\/www.vergissmi.net\/wp-content\/uploads\/2021\/04\/IMG_2021-04-16-19-18-54-503-2048x1536.jpg 2048w\" sizes=\"(max-width: 1024px) 100vw, 1024px\" \/><figcaption>Die letzten 10 min zum Gipfel<\/figcaption><\/figure>\n\n\n\n<figure class=\"wp-block-image size-large\"><img loading=\"lazy\" decoding=\"async\" width=\"1024\" height=\"768\" src=\"https:\/\/www.vergissmi.net\/wp-content\/uploads\/2021\/04\/IMG_2021-04-16-20-23-49-385-1024x768.jpg\" alt=\"\" class=\"wp-image-12806\" srcset=\"https:\/\/www.vergissmi.net\/wp-content\/uploads\/2021\/04\/IMG_2021-04-16-20-23-49-385-1024x768.jpg 1024w, https:\/\/www.vergissmi.net\/wp-content\/uploads\/2021\/04\/IMG_2021-04-16-20-23-49-385-800x600.jpg 800w, https:\/\/www.vergissmi.net\/wp-content\/uploads\/2021\/04\/IMG_2021-04-16-20-23-49-385-1536x1152.jpg 1536w, https:\/\/www.vergissmi.net\/wp-content\/uploads\/2021\/04\/IMG_2021-04-16-20-23-49-385-2048x1536.jpg 2048w\" sizes=\"(max-width: 1024px) 100vw, 1024px\" \/><figcaption>Abfahrt auf der Kornockstrecke<\/figcaption><\/figure>\n\n\n\n<p>Ob&#8217;s das war, nach inzwischen 33 Skitouren? Wohl nicht, morgen ist Sonntag und 33 ist eine ungerade Zahl &#8230;<\/p>\n","protected":false},"excerpt":{"rendered":"<div class=\"tmnf_excerpt\"><div class=\"tmnf_excerpt\"><p>Hier eine Fortsetzung der &#8220;Weihnachts-Edition&#8221; sowie der Neujahrs-Edition. Alsdann! KW 07\/2021 Pistentour am Nassfeld, der Gartnerkofel f\u00e4llt aus, da Lawinenausr\u00fcstung daheimgelassen &#8230; KW 08\/2021 Wiederholung der abgebrochenen Eiszapfentour zur Geigerh\u00fctte in der KW01. Diesmal hat&#8217;s gepasst und es wurde mithilfe des Nockmobils eine \u00dcberquerung des W\u00f6llaner Nocks (Haidenbach &#8211; W\u00f6llaner &#8211; Bad Kleinkirchheim) draus. KW &hellip;<\/p>\n<\/div><\/div>","protected":false},"author":61,"featured_media":12805,"comment_status":"open","ping_status":"open","sticky":false,"template":"","format":"standard","meta":{"_s2mail":"yes","footnotes":""},"categories":[156,6,178],"tags":[],"class_list":["post-12773","post","type-post","status-publish","format-standard","has-post-thumbnail","hentry","category-oesterreich","category-tourtagebuch","category-winter","gallery-content-unit"],"_links":{"self":[{"href":"https:\/\/www.vergissmi.net\/index.php?rest_route=\/wp\/v2\/posts\/12773","targetHints":{"allow":["GET"]}}],"collection":[{"href":"https:\/\/www.vergissmi.net\/index.php?rest_route=\/wp\/v2\/posts"}],"about":[{"href":"https:\/\/www.vergissmi.net\/index.php?rest_route=\/wp\/v2\/types\/post"}],"author":[{"embeddable":true,"href":"https:\/\/www.vergissmi.net\/index.php?rest_route=\/wp\/v2\/users\/61"}],"replies":[{"embeddable":true,"href":"https:\/\/www.vergissmi.net\/index.php?rest_route=%2Fwp%2Fv2%2Fcomments&post=12773"}],"version-history":[{"count":2,"href":"https:\/\/www.vergissmi.net\/index.php?rest_route=\/wp\/v2\/posts\/12773\/revisions"}],"predecessor-version":[{"id":12812,"href":"https:\/\/www.vergissmi.net\/index.php?rest_route=\/wp\/v2\/posts\/12773\/revisions\/12812"}],"wp:featuredmedia":[{"embeddable":true,"href":"https:\/\/www.vergissmi.net\/index.php?rest_route=\/wp\/v2\/media\/12805"}],"wp:attachment":[{"href":"https:\/\/www.vergissmi.net\/index.php?rest_route=%2Fwp%2Fv2%2Fmedia&parent=12773"}],"wp:term":[{"taxonomy":"category","embeddable":true,"href":"https:\/\/www.vergissmi.net\/index.php?rest_route=%2Fwp%2Fv2%2Fcategories&post=12773"},{"taxonomy":"post_tag","embeddable":true,"href":"https:\/\/www.vergissmi.net\/index.php?rest_route=%2Fwp%2Fv2%2Ftags&post=12773"}],"curies":[{"name":"wp","href":"https:\/\/api.w.org\/{rel}","templated":true}]}}