{"id":12987,"date":"2021-07-28T20:35:42","date_gmt":"2021-07-28T18:35:42","guid":{"rendered":"https:\/\/www.vergissmi.net\/?p=12987"},"modified":"2022-02-14T17:24:23","modified_gmt":"2022-02-14T16:24:23","slug":"salzburger-landesrundwanderweg-arnoweg-etappen-01-03","status":"publish","type":"post","link":"https:\/\/www.vergissmi.net\/?p=12987","title":{"rendered":"Salzburger Landesrundwanderweg (\u201cArnoweg\u201d) \u2013 Etappen 01 &#8211; 03"},"content":{"rendered":"\n<h2 class=\"wp-block-heading\">Nach der Fr\u00fchjahrstour im Norden (eine Woche) stehen nun die alpinen Etappen auf dem Programm.<\/h2>\n\n\n\n<h2 class=\"wp-block-heading\">Etappe 01: Ramingstein &#8211; Tamsweg<\/h2>\n\n\n\n<p>Ramingstein (974 m) &#8211; Keusching &#8211; Tamsweg (1020 m)<\/p>\n\n\n\n<p>Meine Wanderung durch die Gebirgsgruppen Salzburgs beginnt in jenem Tal, in dem die Lungauer Nockberge mit den Niederen Tauern zusammentreffen. Am Anreisetag blieb noch Zeit f\u00fcr eine 3st\u00fcndige Tour. Der Arnoweg verl\u00e4sst Ramingstein entlang der Mur Richtung Thomatal, wo man rechts zu den Bergbauernh\u00f6fen auf der Keusching abzweigt. Eine kaum befahrene, jedoch leider dennoch durchgehend asphaltierte Alternative zur B95.<br>Hier ein R\u00fcckblick zum Startpunkt &#8211; ganz klein l\u00e4sst sich mitten im rechten Waldberg die Burg Finstergr\u00fcn oberhalb von Ramingstein erkennen.<\/p>\n\n\n\n<figure class=\"wp-block-image size-large\"><img fetchpriority=\"high\" decoding=\"async\" width=\"1024\" height=\"768\" src=\"https:\/\/www.vergissmi.net\/wp-content\/uploads\/2021\/07\/DSC00836-1024x768.jpg\" alt=\"\" class=\"wp-image-12988\" srcset=\"https:\/\/www.vergissmi.net\/wp-content\/uploads\/2021\/07\/DSC00836-1024x768.jpg 1024w, https:\/\/www.vergissmi.net\/wp-content\/uploads\/2021\/07\/DSC00836-800x600.jpg 800w, https:\/\/www.vergissmi.net\/wp-content\/uploads\/2021\/07\/DSC00836-1536x1152.jpg 1536w, https:\/\/www.vergissmi.net\/wp-content\/uploads\/2021\/07\/DSC00836-2048x1536.jpg 2048w\" sizes=\"(max-width: 1024px) 100vw, 1024px\" \/><\/figure>\n\n\n\n<h2 class=\"wp-block-heading\">Etappe 02: Tamsweg &#8211; Hinterg\u00f6riach<\/h2>\n\n\n\n<p>Tamsweg (1020 m) &#8211; Lessach &#8211; Gumma (2316 m) &#8211; Hinterg\u00f6riach (1230 m)<\/p>\n\n\n\n<p>Am n\u00e4chsten Tag geht es durch die Vororte von Tamsweg &#8230;. <\/p>\n\n\n\n<figure class=\"wp-block-image size-large\"><img decoding=\"async\" width=\"768\" height=\"1024\" src=\"https:\/\/www.vergissmi.net\/wp-content\/uploads\/2021\/07\/DSC00842-768x1024.jpg\" alt=\"\" class=\"wp-image-12989\" srcset=\"https:\/\/www.vergissmi.net\/wp-content\/uploads\/2021\/07\/DSC00842-768x1024.jpg 768w, https:\/\/www.vergissmi.net\/wp-content\/uploads\/2021\/07\/DSC00842-600x800.jpg 600w, https:\/\/www.vergissmi.net\/wp-content\/uploads\/2021\/07\/DSC00842-1152x1536.jpg 1152w, https:\/\/www.vergissmi.net\/wp-content\/uploads\/2021\/07\/DSC00842-1536x2048.jpg 1536w, https:\/\/www.vergissmi.net\/wp-content\/uploads\/2021\/07\/DSC00842-scaled.jpg 1920w\" sizes=\"(max-width: 768px) 100vw, 768px\" \/><\/figure>\n\n\n\n<p>&#8230; Richtung Niedere Tauern weiter. Die f\u00fcr den Nachmittag angek\u00fcndigte erh\u00f6hte Gewitterneigung gemahnt zur Eile. Dank der sehr freundlichen Crew im Hotel Kandolf bin ich um 7 h schon mit dem Fr\u00fchst\u00fcck fertig und kann &#8211; vorbei an sch\u00f6nen Bauernh\u00e4usern &#8211; den ersten Lungauer Grash\u00fcgel anvisieren &#8211; namentlich den 2316 m hohen Gumma.<\/p>\n\n\n\n<p>Noch befinde ich mich jedoch erst auf 1020 Metern &#8211; soviel bringt Tamsweg auf die Waage. N\u00f6rdlich der Bezirkshauptstadt schickt man mich zum Aufw\u00e4rmen zur Burgruine Thurnschall, wo dem Vernehmen nach das Thurnschallweibel auf mich wartet. Daraus wurde jedoch leider nichts &#8211; es war wohl der fr\u00fchen Stunde geschuldet, dass es soweit kommen konnte, dass ich vom holden Burgfr\u00e4ulein versetzt werde.<\/p>\n\n\n\n<figure class=\"wp-block-image size-large\"><img decoding=\"async\" width=\"1024\" height=\"768\" src=\"https:\/\/www.vergissmi.net\/wp-content\/uploads\/2021\/07\/DSC00847-1024x768.jpg\" alt=\"\" class=\"wp-image-12990\" srcset=\"https:\/\/www.vergissmi.net\/wp-content\/uploads\/2021\/07\/DSC00847-1024x768.jpg 1024w, https:\/\/www.vergissmi.net\/wp-content\/uploads\/2021\/07\/DSC00847-800x600.jpg 800w, https:\/\/www.vergissmi.net\/wp-content\/uploads\/2021\/07\/DSC00847-1536x1152.jpg 1536w, https:\/\/www.vergissmi.net\/wp-content\/uploads\/2021\/07\/DSC00847-2048x1536.jpg 2048w\" sizes=\"(max-width: 1024px) 100vw, 1024px\" \/><\/figure>\n\n\n\n<p>Weiter geht&#8217;s Richtung Lessach. Mehrere Rindviecher spielen Verstecken mit mir und die Zeit verfliegt.<\/p>\n\n\n\n<figure class=\"wp-block-image size-large\"><img loading=\"lazy\" decoding=\"async\" width=\"1024\" height=\"768\" src=\"https:\/\/www.vergissmi.net\/wp-content\/uploads\/2021\/07\/DSC00849-1024x768.jpg\" alt=\"\" class=\"wp-image-12991\" srcset=\"https:\/\/www.vergissmi.net\/wp-content\/uploads\/2021\/07\/DSC00849-1024x768.jpg 1024w, https:\/\/www.vergissmi.net\/wp-content\/uploads\/2021\/07\/DSC00849-800x600.jpg 800w, https:\/\/www.vergissmi.net\/wp-content\/uploads\/2021\/07\/DSC00849-1536x1152.jpg 1536w, https:\/\/www.vergissmi.net\/wp-content\/uploads\/2021\/07\/DSC00849-2048x1536.jpg 2048w\" sizes=\"(max-width: 1024px) 100vw, 1024px\" \/><\/figure>\n\n\n\n<p>Zach wird&#8217;s dann oberhalb von Lessach &#8211; ein weiterer Asphalthatscher entlang der H\u00fcttenzufahrt zum Parkplatz der Wildbachh\u00fctte l\u00e4sst das T-Shirt auf ein Vielfaches seines Ursprungsgewichtes anschwellen. Nach etwa vier Stunden ab Tamsweg war dann &#8211; bei gesch\u00e4tzten 30 Grad &#8211; die Wildbachh\u00fctte erreicht und ich bekomme viel Saft und eine vielf\u00e4ltige K\u00e4seplatte.<\/p>\n\n\n\n<figure class=\"wp-block-image size-large\"><img loading=\"lazy\" decoding=\"async\" width=\"1024\" height=\"576\" src=\"https:\/\/www.vergissmi.net\/wp-content\/uploads\/2021\/07\/IMG_20210724_112612-1024x576.jpg\" alt=\"\" class=\"wp-image-12992\" srcset=\"https:\/\/www.vergissmi.net\/wp-content\/uploads\/2021\/07\/IMG_20210724_112612-1024x576.jpg 1024w, https:\/\/www.vergissmi.net\/wp-content\/uploads\/2021\/07\/IMG_20210724_112612-800x450.jpg 800w, https:\/\/www.vergissmi.net\/wp-content\/uploads\/2021\/07\/IMG_20210724_112612-1536x864.jpg 1536w, https:\/\/www.vergissmi.net\/wp-content\/uploads\/2021\/07\/IMG_20210724_112612-2048x1152.jpg 2048w\" sizes=\"(max-width: 1024px) 100vw, 1024px\" \/><\/figure>\n\n\n\n<p>Von der H\u00fctte zum Gipfel sind es insgesamt ca. 500 hm, die ich &#8211; nun durch die Hitze schon etwas gezeichnet &#8211; auch noch mutig abdiene. Nach der letzten Kuppe werde ich mit dieser gro\u00dfartigen Aussicht auf den Gumma-Gipfel sowie die fotogene Kreuzh\u00f6he belohnt.<\/p>\n\n\n\n<figure class=\"wp-block-image size-large\"><img loading=\"lazy\" decoding=\"async\" width=\"1024\" height=\"576\" src=\"https:\/\/www.vergissmi.net\/wp-content\/uploads\/2021\/07\/IMG_20210724_130329-1024x576.jpg\" alt=\"\" class=\"wp-image-12993\" srcset=\"https:\/\/www.vergissmi.net\/wp-content\/uploads\/2021\/07\/IMG_20210724_130329-1024x576.jpg 1024w, https:\/\/www.vergissmi.net\/wp-content\/uploads\/2021\/07\/IMG_20210724_130329-800x450.jpg 800w, https:\/\/www.vergissmi.net\/wp-content\/uploads\/2021\/07\/IMG_20210724_130329-1536x864.jpg 1536w, https:\/\/www.vergissmi.net\/wp-content\/uploads\/2021\/07\/IMG_20210724_130329-2048x1152.jpg 2048w\" sizes=\"(max-width: 1024px) 100vw, 1024px\" \/><\/figure>\n\n\n\n<p>Im Osten wirft sich die Golzh\u00f6he ins Bild &#8211; ohne sie w\u00fcrde man den direkt dahinterliegenden, gesamten Preberzug sehen.<\/p>\n\n\n\n<figure class=\"wp-block-image size-large\"><img loading=\"lazy\" decoding=\"async\" width=\"1024\" height=\"576\" src=\"https:\/\/www.vergissmi.net\/wp-content\/uploads\/2021\/07\/IMG_20210724_131937-1024x576.jpg\" alt=\"\" class=\"wp-image-12994\" srcset=\"https:\/\/www.vergissmi.net\/wp-content\/uploads\/2021\/07\/IMG_20210724_131937-1024x576.jpg 1024w, https:\/\/www.vergissmi.net\/wp-content\/uploads\/2021\/07\/IMG_20210724_131937-800x450.jpg 800w, https:\/\/www.vergissmi.net\/wp-content\/uploads\/2021\/07\/IMG_20210724_131937-1536x864.jpg 1536w, https:\/\/www.vergissmi.net\/wp-content\/uploads\/2021\/07\/IMG_20210724_131937-2048x1152.jpg 2048w\" sizes=\"(max-width: 1024px) 100vw, 1024px\" \/><\/figure>\n\n\n\n<p>Hinunter geht&#8217;s am Aufstiegsweg, und damit quer durch die &#8220;stein&#8221;-zeitliche Lawinenverbauung. Im folgenden Gediese dahinter die heutige Tagestour, beginnend in Tamsweg hinten links, \u00fcber den Waldberg in der linken Bildmitte und dann halt immer auffi:<\/p>\n\n\n\n<figure class=\"wp-block-image size-large\"><img loading=\"lazy\" decoding=\"async\" width=\"1024\" height=\"576\" src=\"https:\/\/www.vergissmi.net\/wp-content\/uploads\/2021\/07\/IMG_20210724_133857-1024x576.jpg\" alt=\"\" class=\"wp-image-12996\" srcset=\"https:\/\/www.vergissmi.net\/wp-content\/uploads\/2021\/07\/IMG_20210724_133857-1024x576.jpg 1024w, https:\/\/www.vergissmi.net\/wp-content\/uploads\/2021\/07\/IMG_20210724_133857-800x450.jpg 800w, https:\/\/www.vergissmi.net\/wp-content\/uploads\/2021\/07\/IMG_20210724_133857-1536x864.jpg 1536w, https:\/\/www.vergissmi.net\/wp-content\/uploads\/2021\/07\/IMG_20210724_133857-2048x1152.jpg 2048w\" sizes=\"(max-width: 1024px) 100vw, 1024px\" \/><\/figure>\n\n\n\n<p>Morgen geht&#8217;s in die Schladminger!!<\/p>\n\n\n\n<h2 class=\"wp-block-heading\">Etappe 03: Hinterg\u00f6riach &#8211; Keinprechth\u00fctte<\/h2>\n\n\n\n<p>Hinterg\u00f6riach (1200 m) &#8211; Landawirseeh\u00fctte &#8211; Trockenbrotscharte (2237 m) Keinprechth\u00fctte (1872 m)<\/p>\n\n\n\n<p>Von Hinterg\u00f6riach n\u00f6rdlich von Tamsweg geht es erstmal 2 meditative Stunden bei sanftem Wassergepl\u00e4nkel ins Hintertal hinein. Dort ist heute Almfest und schon um 10 h morgens k\u00fcndigt sich ein heftiges Humtata an.<br>Ich ziehe ganz schneidig an den Autos vorbei, die bis zu den H\u00fctten vorgefahren sind, sodass keine Postkarte mehr zwischen Auto und H\u00fctte Platz hat.<\/p>\n\n\n\n<figure class=\"wp-block-image size-large\"><img loading=\"lazy\" decoding=\"async\" width=\"1024\" height=\"768\" src=\"https:\/\/www.vergissmi.net\/wp-content\/uploads\/2021\/07\/DSC00860-Large-1024x768.jpg\" alt=\"\" class=\"wp-image-12997\" srcset=\"https:\/\/www.vergissmi.net\/wp-content\/uploads\/2021\/07\/DSC00860-Large-1024x768.jpg 1024w, https:\/\/www.vergissmi.net\/wp-content\/uploads\/2021\/07\/DSC00860-Large-800x600.jpg 800w, https:\/\/www.vergissmi.net\/wp-content\/uploads\/2021\/07\/DSC00860-Large.jpg 1440w\" sizes=\"(max-width: 1024px) 100vw, 1024px\" \/><\/figure>\n\n\n\n<p><br>Am hinteren Ende des H\u00fcttendorfes war ich schlagartig wieder alleine &#8230; &#8230; but you never walk alone &#8230;<\/p>\n\n\n\n<figure class=\"wp-block-image size-large\"><img loading=\"lazy\" decoding=\"async\" width=\"1024\" height=\"768\" src=\"https:\/\/www.vergissmi.net\/wp-content\/uploads\/2021\/07\/DSC00864-Large-1024x768.jpg\" alt=\"\" class=\"wp-image-12998\" srcset=\"https:\/\/www.vergissmi.net\/wp-content\/uploads\/2021\/07\/DSC00864-Large-1024x768.jpg 1024w, https:\/\/www.vergissmi.net\/wp-content\/uploads\/2021\/07\/DSC00864-Large-800x600.jpg 800w, https:\/\/www.vergissmi.net\/wp-content\/uploads\/2021\/07\/DSC00864-Large.jpg 1440w\" sizes=\"(max-width: 1024px) 100vw, 1024px\" \/><\/figure>\n\n\n\n<p>&#8230; auch wenn es die ganze Strecke rauf in den namenlosen Kessel so aussieht, also dort, wo sich die Wege treffen, die Gollingh\u00fctte, Landawirseeh\u00fctte und das H\u00fcttendorf verbinden.<\/p>\n\n\n\n<figure class=\"wp-block-image size-large\"><img loading=\"lazy\" decoding=\"async\" width=\"768\" height=\"1024\" src=\"https:\/\/www.vergissmi.net\/wp-content\/uploads\/2021\/07\/DSC00870-Large-768x1024.jpg\" alt=\"\" class=\"wp-image-12999\" srcset=\"https:\/\/www.vergissmi.net\/wp-content\/uploads\/2021\/07\/DSC00870-Large-768x1024.jpg 768w, https:\/\/www.vergissmi.net\/wp-content\/uploads\/2021\/07\/DSC00870-Large-600x800.jpg 600w, https:\/\/www.vergissmi.net\/wp-content\/uploads\/2021\/07\/DSC00870-Large-rotated.jpg 1080w\" sizes=\"(max-width: 768px) 100vw, 768px\" \/><\/figure>\n\n\n\n<p>Die Landawirseeh\u00fctte und die benachbarte Keinprechth\u00fctte sind extrem gut gelegen f\u00fcr alle, die weitwandernd durch die Schladminger Tauern ziehen. Je nachdem, wie schnell man unterwegs sein will, hat man durch die ca. 2 Std. voneinander entfernten H\u00fctten ein wenig Wahlfreiheit bei der Etappenl\u00e4nge.<\/p>\n\n\n\n<figure class=\"wp-block-image size-large\"><img loading=\"lazy\" decoding=\"async\" width=\"1024\" height=\"768\" src=\"https:\/\/www.vergissmi.net\/wp-content\/uploads\/2021\/07\/DSC00879-Large-1024x768.jpg\" alt=\"\" class=\"wp-image-13000\" srcset=\"https:\/\/www.vergissmi.net\/wp-content\/uploads\/2021\/07\/DSC00879-Large-1024x768.jpg 1024w, https:\/\/www.vergissmi.net\/wp-content\/uploads\/2021\/07\/DSC00879-Large-800x600.jpg 800w, https:\/\/www.vergissmi.net\/wp-content\/uploads\/2021\/07\/DSC00879-Large.jpg 1440w\" sizes=\"(max-width: 1024px) 100vw, 1024px\" \/><\/figure>\n\n\n\n<p>Wenn ich das n\u00e4chste Mal zur Landawirseeh\u00fctte komme, nehme ich FIX ein Fernglas mit &#8211; von hier aus sieht man &#8211; laut Karte! &#8211; n\u00e4mlich beinahe den ganzen Aufstiegsweg auf den Hochgolling. Mir ist es ohne Fernglas eine Stunde lang nicht gelungen, ihn auch nur ansatzweise auszumachen &#8230; <img loading=\"lazy\" decoding=\"async\" width=\"16\" height=\"16\" alt=\"\ud83d\ude42\" src=\"https:\/\/static.xx.fbcdn.net\/images\/emoji.php\/v9\/ta5\/1.5\/16\/1f642.png\"><\/p>\n\n\n\n<figure class=\"wp-block-image size-large\"><img loading=\"lazy\" decoding=\"async\" width=\"1024\" height=\"768\" src=\"https:\/\/www.vergissmi.net\/wp-content\/uploads\/2021\/07\/DSC00885-Large-1024x768.jpg\" alt=\"\" class=\"wp-image-13001\" srcset=\"https:\/\/www.vergissmi.net\/wp-content\/uploads\/2021\/07\/DSC00885-Large-1024x768.jpg 1024w, https:\/\/www.vergissmi.net\/wp-content\/uploads\/2021\/07\/DSC00885-Large-800x600.jpg 800w, https:\/\/www.vergissmi.net\/wp-content\/uploads\/2021\/07\/DSC00885-Large.jpg 1440w\" sizes=\"(max-width: 1024px) 100vw, 1024px\" \/><\/figure>\n\n\n\n<p>N\u00e4chste Herausforderung: Mit einer Portion Kasnocken intus zur Trockenbrotscharte aufzusteigen. Challenge accepted! Hier der letzte R\u00fcckblick in das Tal, das wohl irgendwas mit G\u00f6riach hei\u00dft, war doch ebendieser Bach heute Vormittag mein Wegbegleiter (also abgesehen von der respektablen und erstaunlich flotten Spinne fr\u00fcher).<\/p>\n\n\n\n<figure class=\"wp-block-image size-large\"><img loading=\"lazy\" decoding=\"async\" width=\"1024\" height=\"768\" src=\"https:\/\/www.vergissmi.net\/wp-content\/uploads\/2021\/07\/DSC00895-Large-1-1024x768.jpg\" alt=\"\" class=\"wp-image-13005\" srcset=\"https:\/\/www.vergissmi.net\/wp-content\/uploads\/2021\/07\/DSC00895-Large-1-1024x768.jpg 1024w, https:\/\/www.vergissmi.net\/wp-content\/uploads\/2021\/07\/DSC00895-Large-1-800x600.jpg 800w, https:\/\/www.vergissmi.net\/wp-content\/uploads\/2021\/07\/DSC00895-Large-1.jpg 1440w\" sizes=\"(max-width: 1024px) 100vw, 1024px\" \/><\/figure>\n\n\n\n<p>Blickrichtung Schladming &#8211; es steht wiedermal m\u00e4chtig&#8217; viel Gebirg&#8217; im Weg. <\/p>\n\n\n\n<figure class=\"wp-block-image size-large\"><img loading=\"lazy\" decoding=\"async\" width=\"1024\" height=\"768\" src=\"https:\/\/www.vergissmi.net\/wp-content\/uploads\/2021\/07\/DSC00899-Large-1-1024x768.jpg\" alt=\"\" class=\"wp-image-13003\" srcset=\"https:\/\/www.vergissmi.net\/wp-content\/uploads\/2021\/07\/DSC00899-Large-1-1024x768.jpg 1024w, https:\/\/www.vergissmi.net\/wp-content\/uploads\/2021\/07\/DSC00899-Large-1-800x600.jpg 800w, https:\/\/www.vergissmi.net\/wp-content\/uploads\/2021\/07\/DSC00899-Large-1.jpg 1440w\" sizes=\"(max-width: 1024px) 100vw, 1024px\" \/><\/figure>\n\n\n\n<p>Der Tauernh\u00f6henweg f\u00fchrt von unterhalb des Schuttkares (wo sich links darunter ganz klein die Preintaler H\u00fctte versteckt) gegen den Uhrzeigersinn \u00fcber das Kar rauf und zieht \u00fcber die Krukeckscharte (die rechts im Bild) Richtung Giglachseen weiter.<\/p>\n\n\n\n<p>Vor alldem jedoch ist der Wanderer gezwungen, in der Pietrach-Nordflanke durch karges, trostloses \u00d6dland zu ziehen &#8230;<\/p>\n\n\n\n<figure class=\"wp-block-image size-large\"><img loading=\"lazy\" decoding=\"async\" width=\"1024\" height=\"768\" src=\"https:\/\/www.vergissmi.net\/wp-content\/uploads\/2021\/07\/DSC00902-Large-1024x768.jpg\" alt=\"\" class=\"wp-image-13006\" srcset=\"https:\/\/www.vergissmi.net\/wp-content\/uploads\/2021\/07\/DSC00902-Large-1024x768.jpg 1024w, https:\/\/www.vergissmi.net\/wp-content\/uploads\/2021\/07\/DSC00902-Large-800x600.jpg 800w, https:\/\/www.vergissmi.net\/wp-content\/uploads\/2021\/07\/DSC00902-Large.jpg 1440w\" sizes=\"(max-width: 1024px) 100vw, 1024px\" \/><\/figure>\n\n\n\n<p>&#8230; bevor er &#8211; zwischen Zirbenboden und Knappenkar &#8211; bei Fischi, dem langj\u00e4hrigen Hausherren der Keinprechth\u00fctte, um ein Bier anklopfen darf.<\/p>\n\n\n\n<figure class=\"wp-block-image size-large\"><img loading=\"lazy\" decoding=\"async\" width=\"1024\" height=\"768\" src=\"https:\/\/www.vergissmi.net\/wp-content\/uploads\/2021\/07\/DSC00907-Large-1024x768.jpg\" alt=\"\" class=\"wp-image-13007\" srcset=\"https:\/\/www.vergissmi.net\/wp-content\/uploads\/2021\/07\/DSC00907-Large-1024x768.jpg 1024w, https:\/\/www.vergissmi.net\/wp-content\/uploads\/2021\/07\/DSC00907-Large-800x600.jpg 800w, https:\/\/www.vergissmi.net\/wp-content\/uploads\/2021\/07\/DSC00907-Large.jpg 1440w\" sizes=\"(max-width: 1024px) 100vw, 1024px\" \/><\/figure>\n","protected":false},"excerpt":{"rendered":"<div class=\"tmnf_excerpt\"><div class=\"tmnf_excerpt\"><p>Nach der Fr\u00fchjahrstour im Norden (eine Woche) stehen nun die alpinen Etappen auf dem Programm. Etappe 01: Ramingstein &#8211; Tamsweg Ramingstein (974 m) &#8211; Keusching &#8211; Tamsweg (1020 m) Meine Wanderung durch die Gebirgsgruppen Salzburgs beginnt in jenem Tal, in dem die Lungauer Nockberge mit den Niederen Tauern zusammentreffen. Am Anreisetag blieb noch Zeit f\u00fcr &hellip;<\/p>\n<\/div><\/div>","protected":false},"author":61,"featured_media":13007,"comment_status":"open","ping_status":"open","sticky":false,"template":"","format":"standard","meta":{"_s2mail":"yes","footnotes":""},"categories":[156,159,6],"tags":[287],"class_list":["post-12987","post","type-post","status-publish","format-standard","has-post-thumbnail","hentry","category-oesterreich","category-salzburg","category-tourtagebuch","tag-arnoweg","gallery-content-unit"],"_links":{"self":[{"href":"https:\/\/www.vergissmi.net\/index.php?rest_route=\/wp\/v2\/posts\/12987","targetHints":{"allow":["GET"]}}],"collection":[{"href":"https:\/\/www.vergissmi.net\/index.php?rest_route=\/wp\/v2\/posts"}],"about":[{"href":"https:\/\/www.vergissmi.net\/index.php?rest_route=\/wp\/v2\/types\/post"}],"author":[{"embeddable":true,"href":"https:\/\/www.vergissmi.net\/index.php?rest_route=\/wp\/v2\/users\/61"}],"replies":[{"embeddable":true,"href":"https:\/\/www.vergissmi.net\/index.php?rest_route=%2Fwp%2Fv2%2Fcomments&post=12987"}],"version-history":[{"count":2,"href":"https:\/\/www.vergissmi.net\/index.php?rest_route=\/wp\/v2\/posts\/12987\/revisions"}],"predecessor-version":[{"id":13008,"href":"https:\/\/www.vergissmi.net\/index.php?rest_route=\/wp\/v2\/posts\/12987\/revisions\/13008"}],"wp:featuredmedia":[{"embeddable":true,"href":"https:\/\/www.vergissmi.net\/index.php?rest_route=\/wp\/v2\/media\/13007"}],"wp:attachment":[{"href":"https:\/\/www.vergissmi.net\/index.php?rest_route=%2Fwp%2Fv2%2Fmedia&parent=12987"}],"wp:term":[{"taxonomy":"category","embeddable":true,"href":"https:\/\/www.vergissmi.net\/index.php?rest_route=%2Fwp%2Fv2%2Fcategories&post=12987"},{"taxonomy":"post_tag","embeddable":true,"href":"https:\/\/www.vergissmi.net\/index.php?rest_route=%2Fwp%2Fv2%2Ftags&post=12987"}],"curies":[{"name":"wp","href":"https:\/\/api.w.org\/{rel}","templated":true}]}}