{"id":13070,"date":"2021-08-03T20:13:32","date_gmt":"2021-08-03T18:13:32","guid":{"rendered":"https:\/\/www.vergissmi.net\/?p=13070"},"modified":"2022-02-14T17:24:01","modified_gmt":"2022-02-14T16:24:01","slug":"salzburger-landesrundwanderweg-arnoweg-etappe-08-09","status":"publish","type":"post","link":"https:\/\/www.vergissmi.net\/?p=13070","title":{"rendered":"Salzburger Landesrundwanderweg (\u201cArnoweg\u201d) \u2013 Etappe 08 &#038; 09"},"content":{"rendered":"\n<h2 class=\"wp-block-heading\">E<em><strong>tappe 08: Filzmoos (1057 m) &#8211; Hofp\u00fcrglh\u00fctte (1705 m) &#8211; Theodor K\u00f6rner-H\u00fctte (1458 m) &#8211; Annaberg im Lammertal (778 m). 22 km, 920 m.<\/strong><\/em><\/h2>\n\n\n\n<p>H\u00f6chster Punkt dieser sehr aussichtsreichen Etappe war heute die &#8211; nicht nur der gewaltigen Kulisse wegen &#8211; beeindruckende <strong>Hofp\u00fcrglh\u00fctte<\/strong>. Von Filzmoos sind&#8217;s bis dorthin ca. 2 1\/2 Stunden. Dank der Unterst\u00fctzung meiner Gastgeberin in Filzmoos konnte ich schon fr\u00fch aufbrechen und bei k\u00fchlen Temperaturen vorwiegend im Wald zum ofenfrischen Topfenstrudel aufsteigen.<\/p>\n\n\n\n<figure class=\"wp-block-image size-large\"><img fetchpriority=\"high\" decoding=\"async\" width=\"1024\" height=\"768\" src=\"https:\/\/www.vergissmi.net\/wp-content\/uploads\/2021\/08\/DSC01050-Large-1024x768.jpg\" alt=\"\" class=\"wp-image-13072\" srcset=\"https:\/\/www.vergissmi.net\/wp-content\/uploads\/2021\/08\/DSC01050-Large-1024x768.jpg 1024w, https:\/\/www.vergissmi.net\/wp-content\/uploads\/2021\/08\/DSC01050-Large-800x600.jpg 800w, https:\/\/www.vergissmi.net\/wp-content\/uploads\/2021\/08\/DSC01050-Large.jpg 1440w\" sizes=\"(max-width: 1024px) 100vw, 1024px\" \/><\/figure>\n\n\n\n<p>Filmoos lag beim Start um 07:00 noch im Nebel &#8230;<\/p>\n\n\n\n<figure class=\"wp-block-image size-large\"><img decoding=\"async\" width=\"1024\" height=\"768\" src=\"https:\/\/www.vergissmi.net\/wp-content\/uploads\/2021\/08\/DSC01043-Large-1024x768.jpg\" alt=\"\" class=\"wp-image-13073\" srcset=\"https:\/\/www.vergissmi.net\/wp-content\/uploads\/2021\/08\/DSC01043-Large-1024x768.jpg 1024w, https:\/\/www.vergissmi.net\/wp-content\/uploads\/2021\/08\/DSC01043-Large-800x600.jpg 800w, https:\/\/www.vergissmi.net\/wp-content\/uploads\/2021\/08\/DSC01043-Large.jpg 1440w\" sizes=\"(max-width: 1024px) 100vw, 1024px\" \/><\/figure>\n\n\n\n<p>&#8230; und das Filzmooser Kindl versteckte sich noch hinter einer tonnenschweren Kirchent\u00fcr \u2026&#8230; weshalb es gleich zur Sache ging, die Nase immer auf die Bischofsm\u00fctze ausgerichtet.<\/p>\n\n\n\n<figure class=\"wp-block-image size-large\"><img decoding=\"async\" width=\"1024\" height=\"768\" src=\"https:\/\/www.vergissmi.net\/wp-content\/uploads\/2021\/08\/DSC01047-Large-1024x768.jpg\" alt=\"\" class=\"wp-image-13074\" srcset=\"https:\/\/www.vergissmi.net\/wp-content\/uploads\/2021\/08\/DSC01047-Large-1024x768.jpg 1024w, https:\/\/www.vergissmi.net\/wp-content\/uploads\/2021\/08\/DSC01047-Large-800x600.jpg 800w, https:\/\/www.vergissmi.net\/wp-content\/uploads\/2021\/08\/DSC01047-Large.jpg 1440w\" sizes=\"(max-width: 1024px) 100vw, 1024px\" \/><\/figure>\n\n\n\n<p>In der Hofp\u00fcrglh\u00fctte h\u00e4ngt eine Klettertopo &#8211; die eeasy-cheesy &#8220;Normalroute&#8221; hab ich ins Bild eingezeichnet.<\/p>\n\n\n\n<figure class=\"wp-block-image size-large\"><img loading=\"lazy\" decoding=\"async\" width=\"1024\" height=\"768\" src=\"https:\/\/www.vergissmi.net\/wp-content\/uploads\/2021\/08\/DSC01051-Large-1024x768.jpg\" alt=\"\" class=\"wp-image-13075\" srcset=\"https:\/\/www.vergissmi.net\/wp-content\/uploads\/2021\/08\/DSC01051-Large-1024x768.jpg 1024w, https:\/\/www.vergissmi.net\/wp-content\/uploads\/2021\/08\/DSC01051-Large-800x600.jpg 800w, https:\/\/www.vergissmi.net\/wp-content\/uploads\/2021\/08\/DSC01051-Large.jpg 1440w\" sizes=\"(max-width: 1024px) 100vw, 1024px\" \/><\/figure>\n\n\n\n<p>Ich entscheide mich f\u00fcr die Normalroute zur Theodor-K\u00f6rner-H\u00fctte, die unter dem Namen &#8220;Austriasteig&#8221; die beiden H\u00fctten verbindet.<\/p>\n\n\n\n<figure class=\"wp-block-image size-large\"><img loading=\"lazy\" decoding=\"async\" width=\"1024\" height=\"768\" src=\"https:\/\/www.vergissmi.net\/wp-content\/uploads\/2021\/08\/DSC01055-Large-1024x768.jpg\" alt=\"\" class=\"wp-image-13076\" srcset=\"https:\/\/www.vergissmi.net\/wp-content\/uploads\/2021\/08\/DSC01055-Large-1024x768.jpg 1024w, https:\/\/www.vergissmi.net\/wp-content\/uploads\/2021\/08\/DSC01055-Large-800x600.jpg 800w, https:\/\/www.vergissmi.net\/wp-content\/uploads\/2021\/08\/DSC01055-Large.jpg 1440w\" sizes=\"(max-width: 1024px) 100vw, 1024px\" \/><\/figure>\n\n\n\n<p>Der Wanderweg ist so sch\u00f6n, dass sich der \u00f6rtliche Tourismusverband in den letzten paar Jahren bereits drei neue Namen f\u00fcr ihn einfallen hat lassen. Hier kann man wahlweise am &#8220;Salzburger Almenweg&#8221; Meter machen, oder aber auch gleichzeitig dem &#8220;Dachstein Rundwanderweg&#8221; folgen &#8230;<\/p>\n\n\n\n<figure class=\"wp-block-image size-large\"><img loading=\"lazy\" decoding=\"async\" width=\"1024\" height=\"768\" src=\"https:\/\/www.vergissmi.net\/wp-content\/uploads\/2021\/08\/DSC01059-Large-1024x768.jpg\" alt=\"\" class=\"wp-image-13077\" srcset=\"https:\/\/www.vergissmi.net\/wp-content\/uploads\/2021\/08\/DSC01059-Large-1024x768.jpg 1024w, https:\/\/www.vergissmi.net\/wp-content\/uploads\/2021\/08\/DSC01059-Large-800x600.jpg 800w, https:\/\/www.vergissmi.net\/wp-content\/uploads\/2021\/08\/DSC01059-Large.jpg 1440w\" sizes=\"(max-width: 1024px) 100vw, 1024px\" \/><\/figure>\n\n\n\n<p>&#8230; oder aber man folgt dem @salzalpensteig, f\u00fcr dessen Logo sich freundlicherweise zwei Missionare in Stellung brachten.<\/p>\n\n\n\n<figure class=\"wp-block-image size-large\"><img loading=\"lazy\" decoding=\"async\" width=\"1024\" height=\"768\" src=\"https:\/\/www.vergissmi.net\/wp-content\/uploads\/2021\/08\/DSC01064-Large-1024x768.jpg\" alt=\"\" class=\"wp-image-13078\" srcset=\"https:\/\/www.vergissmi.net\/wp-content\/uploads\/2021\/08\/DSC01064-Large-1024x768.jpg 1024w, https:\/\/www.vergissmi.net\/wp-content\/uploads\/2021\/08\/DSC01064-Large-800x600.jpg 800w, https:\/\/www.vergissmi.net\/wp-content\/uploads\/2021\/08\/DSC01064-Large.jpg 1440w\" sizes=\"(max-width: 1024px) 100vw, 1024px\" \/><\/figure>\n\n\n\n<p>Den Rindviechern ist das alles v\u00f6llig wurscht.<\/p>\n\n\n\n<figure class=\"wp-block-image size-large\"><img loading=\"lazy\" decoding=\"async\" width=\"1024\" height=\"768\" src=\"https:\/\/www.vergissmi.net\/wp-content\/uploads\/2021\/08\/DSC01070-Large-1024x768.jpg\" alt=\"\" class=\"wp-image-13079\" srcset=\"https:\/\/www.vergissmi.net\/wp-content\/uploads\/2021\/08\/DSC01070-Large-1024x768.jpg 1024w, https:\/\/www.vergissmi.net\/wp-content\/uploads\/2021\/08\/DSC01070-Large-800x600.jpg 800w, https:\/\/www.vergissmi.net\/wp-content\/uploads\/2021\/08\/DSC01070-Large.jpg 1440w\" sizes=\"(max-width: 1024px) 100vw, 1024px\" \/><\/figure>\n\n\n\n<p>&#8230; sie genie\u00dfen da oben die Mittagssonne, w\u00e4hrend ich den Mittagsschatten in der Stube der K\u00f6rnerh\u00fctte genoss. Der Abstieg nach Annaberg ging sich auch noch v\u00f6llig stressfrei aus, bevor sich dann am sp\u00e4ten Nachmittag die Schleusen \u00f6ffneten.<\/p>\n\n\n\n<figure class=\"wp-block-image size-large\"><img loading=\"lazy\" decoding=\"async\" width=\"1024\" height=\"768\" src=\"https:\/\/www.vergissmi.net\/wp-content\/uploads\/2021\/08\/DSC01073-Large-1024x768.jpg\" alt=\"\" class=\"wp-image-13080\" srcset=\"https:\/\/www.vergissmi.net\/wp-content\/uploads\/2021\/08\/DSC01073-Large-1024x768.jpg 1024w, https:\/\/www.vergissmi.net\/wp-content\/uploads\/2021\/08\/DSC01073-Large-800x600.jpg 800w, https:\/\/www.vergissmi.net\/wp-content\/uploads\/2021\/08\/DSC01073-Large.jpg 1440w\" sizes=\"(max-width: 1024px) 100vw, 1024px\" \/><\/figure>\n\n\n\n<h2 class=\"wp-block-heading\"><strong>Etappe 09: Annaberg im Lammertal (778 m) &#8211; Tagweide (2128 m) &#8211; Laufener H\u00fctte (1721 m) &#8211; Abtenau (714 m). 24 k<em>m, 1560 m.<\/em><\/strong><\/h2>\n\n\n\n<p>Um 06:00 sperrt die B\u00e4ckerei in Annaberg auf. Ich gebe der Verk\u00e4uferin noch Zeit zum Luftholen und decke mich dann f\u00fcr die vermeintliche Zweitagestour ein. W\u00e4hrend Kornspitz, Topfentascherl und Pizzaeck ins jeweilige Kuvert wandern, wandern drei Express-Espresso in den (noch an seinem Energielevel arbeitenden) Wandersmann. Bald darauf ist der Ge{b,p}\u00e4cksack zu und es geht auf die Berge zu.<br>Beim Gut Quehenberg, einem stattlichen Erbhof mit urkundlicher Ahnentafel, die bis ins 13. Jahrhundert zur\u00fcckreicht, geht&#8217;s ans Eingemachte.<\/p>\n\n\n\n<figure class=\"wp-block-image size-large\"><img loading=\"lazy\" decoding=\"async\" width=\"1024\" height=\"768\" src=\"https:\/\/www.vergissmi.net\/wp-content\/uploads\/2021\/08\/DSC01082-Large-1024x768.jpg\" alt=\"\" class=\"wp-image-13081\" srcset=\"https:\/\/www.vergissmi.net\/wp-content\/uploads\/2021\/08\/DSC01082-Large-1024x768.jpg 1024w, https:\/\/www.vergissmi.net\/wp-content\/uploads\/2021\/08\/DSC01082-Large-800x600.jpg 800w, https:\/\/www.vergissmi.net\/wp-content\/uploads\/2021\/08\/DSC01082-Large.jpg 1440w\" sizes=\"(max-width: 1024px) 100vw, 1024px\" \/><\/figure>\n\n\n\n<p>Steil geht es etwa eine Stunde lang durch k\u00fchlen, nichtstdestotrotz immens schwei\u00dftreibenden Wald hinauf in ein Hochtal, wo sich &#8211; laut Kompasskarte &#8211; die Gwechenbergh\u00fctte befindet. Diesen Namen hat die Kartenredaktion wohl telefonisch erfragt, sie selbst nennt sich nat\u00fcrlich Quehenbergalm und befindet sich auf 1360 m.<\/p>\n\n\n\n<figure class=\"wp-block-image size-large\"><img loading=\"lazy\" decoding=\"async\" width=\"1024\" height=\"768\" src=\"https:\/\/www.vergissmi.net\/wp-content\/uploads\/2021\/08\/DSC01091-Large-1024x768.jpg\" alt=\"\" class=\"wp-image-13082\" srcset=\"https:\/\/www.vergissmi.net\/wp-content\/uploads\/2021\/08\/DSC01091-Large-1024x768.jpg 1024w, https:\/\/www.vergissmi.net\/wp-content\/uploads\/2021\/08\/DSC01091-Large-800x600.jpg 800w, https:\/\/www.vergissmi.net\/wp-content\/uploads\/2021\/08\/DSC01091-Large.jpg 1440w\" sizes=\"(max-width: 1024px) 100vw, 1024px\" \/><\/figure>\n\n\n\n<p>Weiter durch den Hochwald geht es auf den 1943 m hohen Gro\u00dfen Traunstein zu. Er \u00fcberragt seinen ber\u00fchmten Namensvetter um rund 200 m, scheint jedoch von der Westseite zug\u00e4nglicher zu sein als der Steinmungl am Traunsee.<\/p>\n\n\n\n<figure class=\"wp-block-image size-large\"><img loading=\"lazy\" decoding=\"async\" width=\"768\" height=\"1024\" src=\"https:\/\/www.vergissmi.net\/wp-content\/uploads\/2021\/08\/DSC01098-Large-768x1024.jpg\" alt=\"\" class=\"wp-image-13083\" srcset=\"https:\/\/www.vergissmi.net\/wp-content\/uploads\/2021\/08\/DSC01098-Large-768x1024.jpg 768w, https:\/\/www.vergissmi.net\/wp-content\/uploads\/2021\/08\/DSC01098-Large-600x800.jpg 600w, https:\/\/www.vergissmi.net\/wp-content\/uploads\/2021\/08\/DSC01098-Large-rotated.jpg 1080w\" sizes=\"(max-width: 768px) 100vw, 768px\" \/><\/figure>\n\n\n\n<p>N\u00e4chstes markantes Ziel heute ist der First, ein Bergeinschnitt, der einen relativ niedrigen Gebirgs\u00fcbergang nach Abtenau bietet.<\/p>\n\n\n\n<figure class=\"wp-block-image size-large\"><img loading=\"lazy\" decoding=\"async\" width=\"1024\" height=\"768\" src=\"https:\/\/www.vergissmi.net\/wp-content\/uploads\/2021\/08\/DSC01104-Large-1024x768.jpg\" alt=\"\" class=\"wp-image-13084\" srcset=\"https:\/\/www.vergissmi.net\/wp-content\/uploads\/2021\/08\/DSC01104-Large-1024x768.jpg 1024w, https:\/\/www.vergissmi.net\/wp-content\/uploads\/2021\/08\/DSC01104-Large-800x600.jpg 800w, https:\/\/www.vergissmi.net\/wp-content\/uploads\/2021\/08\/DSC01104-Large.jpg 1440w\" sizes=\"(max-width: 1024px) 100vw, 1024px\" \/><\/figure>\n\n\n\n<p>F\u00fcr mich geht es jedoch links hinauf auf die Tagweide. Eine Stunde wird mir zugestanden &#8230;<\/p>\n\n\n\n<figure class=\"wp-block-image size-large\"><img loading=\"lazy\" decoding=\"async\" width=\"1024\" height=\"768\" src=\"https:\/\/www.vergissmi.net\/wp-content\/uploads\/2021\/08\/DSC01106-Large-1024x768.jpg\" alt=\"\" class=\"wp-image-13085\" srcset=\"https:\/\/www.vergissmi.net\/wp-content\/uploads\/2021\/08\/DSC01106-Large-1024x768.jpg 1024w, https:\/\/www.vergissmi.net\/wp-content\/uploads\/2021\/08\/DSC01106-Large-800x600.jpg 800w, https:\/\/www.vergissmi.net\/wp-content\/uploads\/2021\/08\/DSC01106-Large.jpg 1440w\" sizes=\"(max-width: 1024px) 100vw, 1024px\" \/><\/figure>\n\n\n\n<p>&#8230; um A mit B zu verbinden. Na dann!<\/p>\n\n\n\n<figure class=\"wp-block-image size-large\"><img loading=\"lazy\" decoding=\"async\" width=\"768\" height=\"1024\" src=\"https:\/\/www.vergissmi.net\/wp-content\/uploads\/2021\/08\/DSC01107-Large-768x1024.jpg\" alt=\"\" class=\"wp-image-13086\" srcset=\"https:\/\/www.vergissmi.net\/wp-content\/uploads\/2021\/08\/DSC01107-Large-768x1024.jpg 768w, https:\/\/www.vergissmi.net\/wp-content\/uploads\/2021\/08\/DSC01107-Large-600x800.jpg 600w, https:\/\/www.vergissmi.net\/wp-content\/uploads\/2021\/08\/DSC01107-Large.jpg 1080w\" sizes=\"(max-width: 768px) 100vw, 768px\" \/><\/figure>\n\n\n\n<p>Der Weg durch die Ostwand ist luftig, jedoch nicht wirklich besorgniserregend. Immer wieder wirft sich Abtenau ins Foto &#8230;<\/p>\n\n\n\n<figure class=\"wp-block-image size-large\"><img loading=\"lazy\" decoding=\"async\" width=\"1024\" height=\"768\" src=\"https:\/\/www.vergissmi.net\/wp-content\/uploads\/2021\/08\/DSC01111-Large-1024x768.jpg\" alt=\"\" class=\"wp-image-13087\" srcset=\"https:\/\/www.vergissmi.net\/wp-content\/uploads\/2021\/08\/DSC01111-Large-1024x768.jpg 1024w, https:\/\/www.vergissmi.net\/wp-content\/uploads\/2021\/08\/DSC01111-Large-800x600.jpg 800w, https:\/\/www.vergissmi.net\/wp-content\/uploads\/2021\/08\/DSC01111-Large.jpg 1440w\" sizes=\"(max-width: 1024px) 100vw, 1024px\" \/><\/figure>\n\n\n\n<p>&#8230; au\u00dfer dann am Gipfel, da h\u00fcllt mich der Nebel rundum ein. War mir eh recht, denn ich brauchte Abk\u00fchlung nach den knapp 1400 H\u00f6henmetern hier rauf.<\/p>\n\n\n\n<figure class=\"wp-block-image size-large\"><img loading=\"lazy\" decoding=\"async\" width=\"1024\" height=\"768\" src=\"https:\/\/www.vergissmi.net\/wp-content\/uploads\/2021\/08\/DSC01115-Large-1024x768.jpg\" alt=\"\" class=\"wp-image-13088\" srcset=\"https:\/\/www.vergissmi.net\/wp-content\/uploads\/2021\/08\/DSC01115-Large-1024x768.jpg 1024w, https:\/\/www.vergissmi.net\/wp-content\/uploads\/2021\/08\/DSC01115-Large-800x600.jpg 800w, https:\/\/www.vergissmi.net\/wp-content\/uploads\/2021\/08\/DSC01115-Large.jpg 1440w\" sizes=\"(max-width: 1024px) 100vw, 1024px\" \/><\/figure>\n\n\n\n<p>Ein paar wenige Gegen-H\u00f6henmeter kommen noch beim Abstieg ins H\u00f6llkar dazu, von dem es gem\u00fctlich hinauf zur &#8230;<\/p>\n\n\n\n<figure class=\"wp-block-image size-large\"><img loading=\"lazy\" decoding=\"async\" width=\"1024\" height=\"768\" src=\"https:\/\/www.vergissmi.net\/wp-content\/uploads\/2021\/08\/DSC01122-Large-1024x768.jpg\" alt=\"\" class=\"wp-image-13089\" srcset=\"https:\/\/www.vergissmi.net\/wp-content\/uploads\/2021\/08\/DSC01122-Large-1024x768.jpg 1024w, https:\/\/www.vergissmi.net\/wp-content\/uploads\/2021\/08\/DSC01122-Large-800x600.jpg 800w, https:\/\/www.vergissmi.net\/wp-content\/uploads\/2021\/08\/DSC01122-Large.jpg 1440w\" sizes=\"(max-width: 1024px) 100vw, 1024px\" \/><\/figure>\n\n\n\n<p>&#8230; sehr l\u00e4ssigen Laufener H\u00fctte auf 1700irgendwas Meter geht. Die H\u00fctte wird das ganze Sommerhalbjahr ehrenamtlich bewartet (die Warte wechseln sich w\u00f6chentlich ab). Im Sommer ist st\u00e4ndig jemand vor Ort, an den Randzeiten immerhin am Wochenende (ab Pfingsten). Der Hubschrauber bringt Limo, Bier und Wein, sein Essen bringt sich jeder selber mit.<br>Von der H\u00fctte, die auch gen\u00fcgend Schlafpl\u00e4tze hat (Anmeldung \u00fcber die HP der Sektion) kann man zB den Fritzerkogel besteigen, einen der h\u00f6chsten Zinken im Tennengebirge. Oder \u00fcbers Wochenende eine H\u00fcttentour zur Heinrich-Hackel-H\u00fctte einschieben, die in max. 5 Std. erreicht ist.<\/p>\n\n\n\n<figure class=\"wp-block-image size-large\"><img loading=\"lazy\" decoding=\"async\" width=\"1024\" height=\"768\" src=\"https:\/\/www.vergissmi.net\/wp-content\/uploads\/2021\/08\/DSC01127-Large-1024x768.jpg\" alt=\"\" class=\"wp-image-13090\" srcset=\"https:\/\/www.vergissmi.net\/wp-content\/uploads\/2021\/08\/DSC01127-Large-1024x768.jpg 1024w, https:\/\/www.vergissmi.net\/wp-content\/uploads\/2021\/08\/DSC01127-Large-800x600.jpg 800w, https:\/\/www.vergissmi.net\/wp-content\/uploads\/2021\/08\/DSC01127-Large.jpg 1440w\" sizes=\"(max-width: 1024px) 100vw, 1024px\" \/><\/figure>\n\n\n\n<p>Da ich schon um 13 h auf der H\u00fcttenterrasse von den sechs (!) tempor\u00e4ren Servierkr\u00e4ften mit Weizenbier (einem!) versorgt wurde (alle sechs Held\/-innen zusammen keine 50 Jahre alt), entschied ich mich, nach einer laangen Pause heute noch ins Tal abzusteigen und morgen Fr\u00fch in Abtenau zu gustieren, was man an dem angek\u00fcndigten Regentag so alles anstellen k\u00f6nnte. Mahlzeit!<\/p>\n\n\n\n<figure class=\"wp-block-image size-large\"><img loading=\"lazy\" decoding=\"async\" width=\"1024\" height=\"768\" src=\"https:\/\/www.vergissmi.net\/wp-content\/uploads\/2021\/08\/DSC01131-Large-1024x768.jpg\" alt=\"\" class=\"wp-image-13091\" srcset=\"https:\/\/www.vergissmi.net\/wp-content\/uploads\/2021\/08\/DSC01131-Large-1024x768.jpg 1024w, https:\/\/www.vergissmi.net\/wp-content\/uploads\/2021\/08\/DSC01131-Large-800x600.jpg 800w, https:\/\/www.vergissmi.net\/wp-content\/uploads\/2021\/08\/DSC01131-Large.jpg 1440w\" sizes=\"(max-width: 1024px) 100vw, 1024px\" \/><\/figure>\n","protected":false},"excerpt":{"rendered":"<div class=\"tmnf_excerpt\"><div class=\"tmnf_excerpt\"><p>Etappe 08: Filzmoos (1057 m) &#8211; Hofp\u00fcrglh\u00fctte (1705 m) &#8211; Theodor K\u00f6rner-H\u00fctte (1458 m) &#8211; Annaberg im Lammertal (778 m). 22 km, 920 m. H\u00f6chster Punkt dieser sehr aussichtsreichen Etappe war heute die &#8211; nicht nur der gewaltigen Kulisse wegen &#8211; beeindruckende Hofp\u00fcrglh\u00fctte. Von Filzmoos sind&#8217;s bis dorthin ca. 2 1\/2 Stunden. Dank der Unterst\u00fctzung &hellip;<\/p>\n<\/div><\/div>","protected":false},"author":61,"featured_media":13072,"comment_status":"open","ping_status":"open","sticky":false,"template":"","format":"standard","meta":{"_s2mail":"yes","footnotes":""},"categories":[290,156,159,155],"tags":[287],"class_list":["post-13070","post","type-post","status-publish","format-standard","has-post-thumbnail","hentry","category-arnoweg","category-oesterreich","category-salzburg","category-weitwandern","tag-arnoweg","gallery-content-unit"],"_links":{"self":[{"href":"https:\/\/www.vergissmi.net\/index.php?rest_route=\/wp\/v2\/posts\/13070","targetHints":{"allow":["GET"]}}],"collection":[{"href":"https:\/\/www.vergissmi.net\/index.php?rest_route=\/wp\/v2\/posts"}],"about":[{"href":"https:\/\/www.vergissmi.net\/index.php?rest_route=\/wp\/v2\/types\/post"}],"author":[{"embeddable":true,"href":"https:\/\/www.vergissmi.net\/index.php?rest_route=\/wp\/v2\/users\/61"}],"replies":[{"embeddable":true,"href":"https:\/\/www.vergissmi.net\/index.php?rest_route=%2Fwp%2Fv2%2Fcomments&post=13070"}],"version-history":[{"count":1,"href":"https:\/\/www.vergissmi.net\/index.php?rest_route=\/wp\/v2\/posts\/13070\/revisions"}],"predecessor-version":[{"id":13095,"href":"https:\/\/www.vergissmi.net\/index.php?rest_route=\/wp\/v2\/posts\/13070\/revisions\/13095"}],"wp:featuredmedia":[{"embeddable":true,"href":"https:\/\/www.vergissmi.net\/index.php?rest_route=\/wp\/v2\/media\/13072"}],"wp:attachment":[{"href":"https:\/\/www.vergissmi.net\/index.php?rest_route=%2Fwp%2Fv2%2Fmedia&parent=13070"}],"wp:term":[{"taxonomy":"category","embeddable":true,"href":"https:\/\/www.vergissmi.net\/index.php?rest_route=%2Fwp%2Fv2%2Fcategories&post=13070"},{"taxonomy":"post_tag","embeddable":true,"href":"https:\/\/www.vergissmi.net\/index.php?rest_route=%2Fwp%2Fv2%2Ftags&post=13070"}],"curies":[{"name":"wp","href":"https:\/\/api.w.org\/{rel}","templated":true}]}}