{"id":13400,"date":"2022-05-25T22:30:13","date_gmt":"2022-05-25T20:30:13","guid":{"rendered":"https:\/\/www.vergissmi.net\/?p=13400"},"modified":"2024-04-23T20:56:09","modified_gmt":"2024-04-23T18:56:09","slug":"fruehlingsgefuehle-fahrradlberg","status":"publish","type":"post","link":"https:\/\/www.vergissmi.net\/?p=13400","title":{"rendered":"Fr\u00fchlingsgef\u00fchle &#038; Fahrradlberg&#8217;"},"content":{"rendered":"\n<h2 class=\"wp-block-heading\"><strong><em>Eine wirkliche Weitwanderei ist sich in den 2,5 Monaten nach der Steiermark-Schneeschuhdurchquerung nicht ausgegangen &#8230; doch der eine oder andere Ausflug war drinnen.<\/em><\/strong><\/h2>\n\n\n\n<p>Mitte M\u00e4rz &#8230; erste Versuche, mit dem Fahrrad die (f\u00fcr Autos gesperrte) Zufahrt diverser Wanderziele zu verk\u00fcrzen, waren letztendlich mit Bike m\u00fchsamer als ohne &#8211; so wie hier beim Weg Richtung <strong>F\u00fcrstenh\u00fctte \/\/ Wintertaler Nock<\/strong>:<\/p>\n\n\n\n<figure class=\"wp-block-image size-large\"><img fetchpriority=\"high\" decoding=\"async\" width=\"1024\" height=\"576\" src=\"https:\/\/www.vergissmi.net\/wp-content\/uploads\/2022\/05\/IMG_20220330_153119-2-1024x576.jpg\" alt=\"\" class=\"wp-image-13434\" srcset=\"https:\/\/www.vergissmi.net\/wp-content\/uploads\/2022\/05\/IMG_20220330_153119-2-1024x576.jpg 1024w, https:\/\/www.vergissmi.net\/wp-content\/uploads\/2022\/05\/IMG_20220330_153119-2-800x450.jpg 800w, https:\/\/www.vergissmi.net\/wp-content\/uploads\/2022\/05\/IMG_20220330_153119-2-1536x864.jpg 1536w, https:\/\/www.vergissmi.net\/wp-content\/uploads\/2022\/05\/IMG_20220330_153119-2.jpg 1920w\" sizes=\"(max-width: 1024px) 100vw, 1024px\" \/><\/figure>\n\n\n\n<p>Also gut, dann halt doch nochmal die Skier vom Dachboden runterr\u00e4umen. Bevor sich der letzte Rest des Winters in die Mur verabschiedet &#8230;<\/p>\n\n\n\n<figure class=\"wp-block-image size-large\"><img decoding=\"async\" width=\"1024\" height=\"576\" src=\"https:\/\/www.vergissmi.net\/wp-content\/uploads\/2022\/05\/IMG_20220406_120602-1-1024x576.jpg\" alt=\"\" class=\"wp-image-13435\" srcset=\"https:\/\/www.vergissmi.net\/wp-content\/uploads\/2022\/05\/IMG_20220406_120602-1-1024x576.jpg 1024w, https:\/\/www.vergissmi.net\/wp-content\/uploads\/2022\/05\/IMG_20220406_120602-1-800x450.jpg 800w, https:\/\/www.vergissmi.net\/wp-content\/uploads\/2022\/05\/IMG_20220406_120602-1-1536x864.jpg 1536w, https:\/\/www.vergissmi.net\/wp-content\/uploads\/2022\/05\/IMG_20220406_120602-1.jpg 1920w\" sizes=\"(max-width: 1024px) 100vw, 1024px\" \/><\/figure>\n\n\n\n<p>&#8230; wurde <a href=\"https:\/\/www.vergissmi.net\/?p=2141\" target=\"_blank\" rel=\"noreferrer noopener\">nach \u00fcber sechsj\u00e4hriger Pause<\/a> wiedermal dem 2700irgendwas hohen <strong>Preber <\/strong>zu Leibe ger\u00fcckt &#8230; wobei in Ermangelung jeglicher Fr\u00fchjahrskondition eher der Preber mir zu Leibe r\u00fcckte als umgekehrt.<br><br>Dieser konditionelle Offenbarungseid war ein guter Grund, die Skitourenausr\u00fcstung endlich ins Eck zu stellen und mich der Vorbereitung _meiner_ Hauptsaison zu widmen &#8230; wehalb mich bald erste zaghafte Versuche auf die <strong>Nockalm <\/strong>f\u00fchrten:<\/p>\n\n\n\n<figure class=\"wp-block-image size-large\"><img decoding=\"async\" width=\"1024\" height=\"576\" src=\"https:\/\/www.vergissmi.net\/wp-content\/uploads\/2022\/05\/IMG_20220407_184628-1-1024x576.jpg\" alt=\"\" class=\"wp-image-13439\" srcset=\"https:\/\/www.vergissmi.net\/wp-content\/uploads\/2022\/05\/IMG_20220407_184628-1-1024x576.jpg 1024w, https:\/\/www.vergissmi.net\/wp-content\/uploads\/2022\/05\/IMG_20220407_184628-1-800x450.jpg 800w, https:\/\/www.vergissmi.net\/wp-content\/uploads\/2022\/05\/IMG_20220407_184628-1-1536x864.jpg 1536w, https:\/\/www.vergissmi.net\/wp-content\/uploads\/2022\/05\/IMG_20220407_184628-1.jpg 1920w\" sizes=\"(max-width: 1024px) 100vw, 1024px\" \/><\/figure>\n\n\n\n<p>Im Sp\u00e4therbst 2021 bin ich zur <strong>Prie\u00dfh\u00fctte <\/strong>noch mit Wanderfreund <a rel=\"noreferrer noopener\" href=\"https:\/\/www.bergfex.at\/members\/gtwo\/\" target=\"_blank\">gtwo<\/a> hochgestiefelt &#8211; diesmal war&#8217;s &#8211; abz\u00fcglich gtwo und zuz\u00fcglich eines unnedigen Radls an der Seite &#8211; \u00fcber weite Strecken nicht viel anders \ud83d\ude42<\/p>\n\n\n\n<figure class=\"wp-block-image size-large\"><img loading=\"lazy\" decoding=\"async\" width=\"576\" height=\"1024\" src=\"https:\/\/www.vergissmi.net\/wp-content\/uploads\/2022\/05\/IMG_20220407_185416-1-576x1024.jpg\" alt=\"\" class=\"wp-image-13436\" srcset=\"https:\/\/www.vergissmi.net\/wp-content\/uploads\/2022\/05\/IMG_20220407_185416-1-576x1024.jpg 576w, https:\/\/www.vergissmi.net\/wp-content\/uploads\/2022\/05\/IMG_20220407_185416-1-450x800.jpg 450w, https:\/\/www.vergissmi.net\/wp-content\/uploads\/2022\/05\/IMG_20220407_185416-1-864x1536.jpg 864w, https:\/\/www.vergissmi.net\/wp-content\/uploads\/2022\/05\/IMG_20220407_185416-1-rotated.jpg 1080w\" sizes=\"(max-width: 576px) 100vw, 576px\" \/><\/figure>\n\n\n\n<p>Doch eine Etage weiter unten ging schon so einiges &#8230; auch wenn der eine oder andere Ausflug infolge l\u00e4ngst f\u00e4lliger Nachbarschaftsbesuche am <strong>Lorenzenberg <\/strong>kalorientechnisch ein Nullsummenspiel blieb.<\/p>\n\n\n\n<figure class=\"wp-block-image size-large\"><img loading=\"lazy\" decoding=\"async\" width=\"1024\" height=\"576\" src=\"https:\/\/www.vergissmi.net\/wp-content\/uploads\/2022\/05\/IMG_20220414_170811-1-1024x576.jpg\" alt=\"\" class=\"wp-image-13438\" srcset=\"https:\/\/www.vergissmi.net\/wp-content\/uploads\/2022\/05\/IMG_20220414_170811-1-1024x576.jpg 1024w, https:\/\/www.vergissmi.net\/wp-content\/uploads\/2022\/05\/IMG_20220414_170811-1-800x450.jpg 800w, https:\/\/www.vergissmi.net\/wp-content\/uploads\/2022\/05\/IMG_20220414_170811-1-1536x864.jpg 1536w, https:\/\/www.vergissmi.net\/wp-content\/uploads\/2022\/05\/IMG_20220414_170811-1.jpg 1920w\" sizes=\"(max-width: 1024px) 100vw, 1024px\" \/><\/figure>\n\n\n\n<p>Nicht immer war das Rad ein Teil der Tourengestaltung, so wie hier bei der \u00dcberquerung des menschenleeren (Fleischweihe!) <strong>Falkert\/R\u00f6dres\/Schwarzkofel<\/strong>r\u00fcckens am Ostersamstag. <\/p>\n\n\n\n<figure class=\"wp-block-image size-large\"><img loading=\"lazy\" decoding=\"async\" width=\"1024\" height=\"576\" src=\"https:\/\/www.vergissmi.net\/wp-content\/uploads\/2022\/05\/IMG_20220416_173135-1-1024x576.jpg\" alt=\"\" class=\"wp-image-13440\" srcset=\"https:\/\/www.vergissmi.net\/wp-content\/uploads\/2022\/05\/IMG_20220416_173135-1-1024x576.jpg 1024w, https:\/\/www.vergissmi.net\/wp-content\/uploads\/2022\/05\/IMG_20220416_173135-1-800x450.jpg 800w, https:\/\/www.vergissmi.net\/wp-content\/uploads\/2022\/05\/IMG_20220416_173135-1-1536x864.jpg 1536w, https:\/\/www.vergissmi.net\/wp-content\/uploads\/2022\/05\/IMG_20220416_173135-1.jpg 1920w\" sizes=\"(max-width: 1024px) 100vw, 1024px\" \/><\/figure>\n\n\n\n<p>Am Ostersonntag dann ein weiterer Versuch, zur <strong>Schiestelscharte <\/strong>raufzukommen. Nach 30min\u00fctigem Fahrradschieben hatte ich die Hoffnung bereits aufgegeben, dass nach der ber\u00fchmten &#8220;n\u00e4chsten Kurve&#8221; aller Schnee bereits der Sonne weichen musste &#8230; doch letztendlich war es nicht die Sonne, sondern diese h\u00f6chst irdische, an einem christlichen Feiertag gleicherma\u00dfen h\u00f6chst unerwartete &#8211; Hilfestellung &#8230; <\/p>\n\n\n\n<figure class=\"wp-block-image size-large\"><img loading=\"lazy\" decoding=\"async\" width=\"1024\" height=\"576\" src=\"https:\/\/www.vergissmi.net\/wp-content\/uploads\/2022\/05\/IMG_20220417_145030-2-1024x576.jpg\" alt=\"\" class=\"wp-image-13453\" srcset=\"https:\/\/www.vergissmi.net\/wp-content\/uploads\/2022\/05\/IMG_20220417_145030-2-1024x576.jpg 1024w, https:\/\/www.vergissmi.net\/wp-content\/uploads\/2022\/05\/IMG_20220417_145030-2-800x450.jpg 800w, https:\/\/www.vergissmi.net\/wp-content\/uploads\/2022\/05\/IMG_20220417_145030-2-1536x864.jpg 1536w, https:\/\/www.vergissmi.net\/wp-content\/uploads\/2022\/05\/IMG_20220417_145030-2.jpg 1920w\" sizes=\"(max-width: 1024px) 100vw, 1024px\" \/><\/figure>\n\n\n\n<p>&#8230; die mir zur ersten Passh\u00f6he (Schiestlscharte, 2000irgendwas) auf der &#8211; f\u00fcr den Verkehr noch ein Weilchen gesperrten &#8211; Nockalmstra\u00dfe verhalf.<\/p>\n\n\n\n<figure class=\"wp-block-image size-large\"><img loading=\"lazy\" decoding=\"async\" width=\"1024\" height=\"576\" src=\"https:\/\/www.vergissmi.net\/wp-content\/uploads\/2022\/05\/IMG_20220417_152927-2-1024x576.jpg\" alt=\"\" class=\"wp-image-13450\" srcset=\"https:\/\/www.vergissmi.net\/wp-content\/uploads\/2022\/05\/IMG_20220417_152927-2-1024x576.jpg 1024w, https:\/\/www.vergissmi.net\/wp-content\/uploads\/2022\/05\/IMG_20220417_152927-2-800x450.jpg 800w, https:\/\/www.vergissmi.net\/wp-content\/uploads\/2022\/05\/IMG_20220417_152927-2-1536x864.jpg 1536w, https:\/\/www.vergissmi.net\/wp-content\/uploads\/2022\/05\/IMG_20220417_152927-2.jpg 1920w\" sizes=\"(max-width: 1024px) 100vw, 1024px\" \/><\/figure>\n\n\n\n<p>Vor lauter Freude \u00fcber den unerwarteten Vorsto\u00df gen Himmel habe ich auch einen der letzten noch nicht besuchten &#8220;Nocke&#8221; der Nockberge meine Aufwartung gemacht &#8211; namentlich dem 2200irgendwas hohen <strong>Schiestlnock <\/strong>mit seinem &#8211; dem realen Stellenwert der Kirche auf heimischen Gipfeln ausnahmsweise einmal &#8211; angemessenen Kreuz.<\/p>\n\n\n\n<figure class=\"wp-block-image size-large\"><img loading=\"lazy\" decoding=\"async\" width=\"1024\" height=\"576\" src=\"https:\/\/www.vergissmi.net\/wp-content\/uploads\/2022\/05\/IMG_20220417_161957-1-1024x576.jpg\" alt=\"\" class=\"wp-image-13441\" srcset=\"https:\/\/www.vergissmi.net\/wp-content\/uploads\/2022\/05\/IMG_20220417_161957-1-1024x576.jpg 1024w, https:\/\/www.vergissmi.net\/wp-content\/uploads\/2022\/05\/IMG_20220417_161957-1-800x450.jpg 800w, https:\/\/www.vergissmi.net\/wp-content\/uploads\/2022\/05\/IMG_20220417_161957-1-1536x864.jpg 1536w, https:\/\/www.vergissmi.net\/wp-content\/uploads\/2022\/05\/IMG_20220417_161957-1.jpg 1920w\" sizes=\"(max-width: 1024px) 100vw, 1024px\" \/><\/figure>\n\n\n\n<p>Die Abfahrt war trotz Traktorhilfe noch etwas holprig, aber mit &#8220;St\u00fctzfu\u00df&#8221; kein Problem.<\/p>\n\n\n\n<figure class=\"wp-block-image size-large\"><img loading=\"lazy\" decoding=\"async\" width=\"1024\" height=\"576\" src=\"https:\/\/www.vergissmi.net\/wp-content\/uploads\/2022\/05\/IMG_20220417_172611-1-1024x576.jpg\" alt=\"\" class=\"wp-image-13442\" srcset=\"https:\/\/www.vergissmi.net\/wp-content\/uploads\/2022\/05\/IMG_20220417_172611-1-1024x576.jpg 1024w, https:\/\/www.vergissmi.net\/wp-content\/uploads\/2022\/05\/IMG_20220417_172611-1-800x450.jpg 800w, https:\/\/www.vergissmi.net\/wp-content\/uploads\/2022\/05\/IMG_20220417_172611-1-1536x864.jpg 1536w, https:\/\/www.vergissmi.net\/wp-content\/uploads\/2022\/05\/IMG_20220417_172611-1.jpg 1920w\" sizes=\"(max-width: 1024px) 100vw, 1024px\" \/><\/figure>\n\n\n\n<p>Szenenwechsel: Im Gailtal ist es, wie man wei\u00df, bereits ein paar Wochen fr\u00fcher Fr\u00fchliing als im Rest des Landes. Grund genug, einen im M\u00e4rz 2020 aufgrund der unerwartet hohen Mengen an Altschnee abgebrochenen Sturm auf den ca. 1900 m hohen <strong>Tschekelnock <\/strong>zu wiederholen &#8230;<\/p>\n\n\n\n<figure class=\"wp-block-image size-large\"><img loading=\"lazy\" decoding=\"async\" width=\"1024\" height=\"576\" src=\"https:\/\/www.vergissmi.net\/wp-content\/uploads\/2022\/05\/IMG_20220418_143714-2-1024x576.jpg\" alt=\"\" class=\"wp-image-13454\" srcset=\"https:\/\/www.vergissmi.net\/wp-content\/uploads\/2022\/05\/IMG_20220418_143714-2-1024x576.jpg 1024w, https:\/\/www.vergissmi.net\/wp-content\/uploads\/2022\/05\/IMG_20220418_143714-2-800x450.jpg 800w, https:\/\/www.vergissmi.net\/wp-content\/uploads\/2022\/05\/IMG_20220418_143714-2-1536x864.jpg 1536w, https:\/\/www.vergissmi.net\/wp-content\/uploads\/2022\/05\/IMG_20220418_143714-2.jpg 1920w\" sizes=\"(max-width: 1024px) 100vw, 1024px\" \/><\/figure>\n\n\n\n<p>&#8230; und tats\u00e4chlich war der Winter hier schon besiegt.<\/p>\n\n\n\n<figure class=\"wp-block-image size-large\"><img loading=\"lazy\" decoding=\"async\" width=\"576\" height=\"1024\" src=\"https:\/\/www.vergissmi.net\/wp-content\/uploads\/2022\/05\/IMG_20220418_161011-2-576x1024.jpg\" alt=\"\" class=\"wp-image-13455\" srcset=\"https:\/\/www.vergissmi.net\/wp-content\/uploads\/2022\/05\/IMG_20220418_161011-2-576x1024.jpg 576w, https:\/\/www.vergissmi.net\/wp-content\/uploads\/2022\/05\/IMG_20220418_161011-2-450x800.jpg 450w, https:\/\/www.vergissmi.net\/wp-content\/uploads\/2022\/05\/IMG_20220418_161011-2-864x1536.jpg 864w, https:\/\/www.vergissmi.net\/wp-content\/uploads\/2022\/05\/IMG_20220418_161011-2-rotated.jpg 1080w\" sizes=\"(max-width: 576px) 100vw, 576px\" \/><\/figure>\n\n\n\n<p>Nicht so im Osten des Landes. Ein von der ZAMG prognostiziertes Sch\u00f6nwetterfenster in den Karawankenvorbergen lie\u00dfen Freund Romi und mich gen <strong>Freiberg <\/strong>(1900irgendwas) aufbrechen. Die vorgefundene Wetterlage entsprach jedoch nicht jedermann&#8217;s Erwartungen.<\/p>\n\n\n\n<figure class=\"wp-block-image size-large\"><img loading=\"lazy\" decoding=\"async\" width=\"1024\" height=\"576\" src=\"https:\/\/www.vergissmi.net\/wp-content\/uploads\/2022\/05\/IMG_20220424_164028-2-1024x576.jpg\" alt=\"\" class=\"wp-image-13449\" srcset=\"https:\/\/www.vergissmi.net\/wp-content\/uploads\/2022\/05\/IMG_20220424_164028-2-1024x576.jpg 1024w, https:\/\/www.vergissmi.net\/wp-content\/uploads\/2022\/05\/IMG_20220424_164028-2-800x450.jpg 800w, https:\/\/www.vergissmi.net\/wp-content\/uploads\/2022\/05\/IMG_20220424_164028-2-1536x864.jpg 1536w, https:\/\/www.vergissmi.net\/wp-content\/uploads\/2022\/05\/IMG_20220424_164028-2.jpg 1920w\" sizes=\"(max-width: 1024px) 100vw, 1024px\" \/><\/figure>\n\n\n\n<p>Da hatte ich ein paar Tage sp\u00e4ter mehr Gl\u00fcck &#8211; beim ersten schneefreien Spaziergang Richtung <strong>Kruckenspitze<\/strong>. <\/p>\n\n\n\n<figure class=\"wp-block-image size-large\"><img loading=\"lazy\" decoding=\"async\" width=\"1024\" height=\"576\" src=\"https:\/\/www.vergissmi.net\/wp-content\/uploads\/2022\/05\/IMG_20220427_160354-1-1024x576.jpg\" alt=\"\" class=\"wp-image-13456\" srcset=\"https:\/\/www.vergissmi.net\/wp-content\/uploads\/2022\/05\/IMG_20220427_160354-1-1024x576.jpg 1024w, https:\/\/www.vergissmi.net\/wp-content\/uploads\/2022\/05\/IMG_20220427_160354-1-800x450.jpg 800w, https:\/\/www.vergissmi.net\/wp-content\/uploads\/2022\/05\/IMG_20220427_160354-1-1536x864.jpg 1536w, https:\/\/www.vergissmi.net\/wp-content\/uploads\/2022\/05\/IMG_20220427_160354-1.jpg 1920w\" sizes=\"(max-width: 1024px) 100vw, 1024px\" \/><\/figure>\n\n\n\n<p>Auch die Nockalmstra\u00dfe zur Schiestlscharte war Ende April bereits schneefrei &#8211; Grund genug, um vor dem 01. Mai (\u00d6ffnung f\u00fcr KfZ) nochmals die rund 1000 H\u00f6henmeter unter die Reifen zu bringen.<\/p>\n\n\n\n<figure class=\"wp-block-image size-large\"><img loading=\"lazy\" decoding=\"async\" width=\"1024\" height=\"525\" src=\"https:\/\/www.vergissmi.net\/wp-content\/uploads\/2022\/05\/IMG_20220428_182550-1-1024x525.jpg\" alt=\"\" class=\"wp-image-13459\" srcset=\"https:\/\/www.vergissmi.net\/wp-content\/uploads\/2022\/05\/IMG_20220428_182550-1-1024x525.jpg 1024w, https:\/\/www.vergissmi.net\/wp-content\/uploads\/2022\/05\/IMG_20220428_182550-1-800x410.jpg 800w, https:\/\/www.vergissmi.net\/wp-content\/uploads\/2022\/05\/IMG_20220428_182550-1-1536x788.jpg 1536w, https:\/\/www.vergissmi.net\/wp-content\/uploads\/2022\/05\/IMG_20220428_182550-1.jpg 1819w\" sizes=\"(max-width: 1024px) 100vw, 1024px\" \/><\/figure>\n\n\n\n<p>Auch die 17 km lange Alpenstra\u00dfe auf dem Dobratschr\u00fccken ging sich ein paar Tage sp\u00e4ter noch vor Beginn der Reisesaison aus. Bis zur <strong>Rosstratte <\/strong>&#8211; hier die Blickrichtung Gerlitzen &#8211; sind es vergleichsweise gem\u00fctliche 1200 H\u00f6henmeter.<\/p>\n\n\n\n<figure class=\"wp-block-image size-large\"><img loading=\"lazy\" decoding=\"async\" width=\"1024\" height=\"576\" src=\"https:\/\/www.vergissmi.net\/wp-content\/uploads\/2022\/05\/IMG_20220430_153014-1-1024x576.jpg\" alt=\"\" class=\"wp-image-13460\" srcset=\"https:\/\/www.vergissmi.net\/wp-content\/uploads\/2022\/05\/IMG_20220430_153014-1-1024x576.jpg 1024w, https:\/\/www.vergissmi.net\/wp-content\/uploads\/2022\/05\/IMG_20220430_153014-1-800x450.jpg 800w, https:\/\/www.vergissmi.net\/wp-content\/uploads\/2022\/05\/IMG_20220430_153014-1-1536x864.jpg 1536w, https:\/\/www.vergissmi.net\/wp-content\/uploads\/2022\/05\/IMG_20220430_153014-1.jpg 1920w\" sizes=\"(max-width: 1024px) 100vw, 1024px\" \/><\/figure>\n\n\n\n<p>Nochmals Gerlitzen, weil&#8217;s so sch\u00f6n war &#8230;<\/p>\n\n\n\n<figure class=\"wp-block-image size-large\"><img loading=\"lazy\" decoding=\"async\" width=\"1024\" height=\"576\" src=\"https:\/\/www.vergissmi.net\/wp-content\/uploads\/2022\/05\/IMG_20220430_165602-1-1024x576.jpg\" alt=\"\" class=\"wp-image-13462\" srcset=\"https:\/\/www.vergissmi.net\/wp-content\/uploads\/2022\/05\/IMG_20220430_165602-1-1024x576.jpg 1024w, https:\/\/www.vergissmi.net\/wp-content\/uploads\/2022\/05\/IMG_20220430_165602-1-800x450.jpg 800w, https:\/\/www.vergissmi.net\/wp-content\/uploads\/2022\/05\/IMG_20220430_165602-1-1536x864.jpg 1536w, https:\/\/www.vergissmi.net\/wp-content\/uploads\/2022\/05\/IMG_20220430_165602-1.jpg 1920w\" sizes=\"(max-width: 1024px) 100vw, 1024px\" \/><\/figure>\n\n\n\n<p>Als n\u00e4chstes stand die Vollendung des &#8220;<a rel=\"noreferrer noopener\" href=\"https:\/\/www.vergissmi.net\/?p=13314&amp;cpage=1\" target=\"_blank\">Projekts Eisenwurzenweg im Winter<\/a>&#8221; auf dem Programm. Das ist Anfang Mai nat\u00fcrlich kein ernsthafter Projekttitel mehr, doch die letzten 10 Prozent waren leider mit teils logistischen, teils altschneebedingten Hindernissen behaftet, sodass es beinahe 2 Monate dauerte, um den am 02. J\u00e4nner an der tschechischen Grenze begonnenen Weitwanderweg zumindest noch vor Sommerbeginn abzuschlie\u00dfen.<\/p>\n\n\n\n<p>Als Flei\u00dfaufgabe und als Ersatz f\u00fcr das &#8220;Spritzen&#8221; des Radwegabschnittes zwischen VK und Stein wurde ein Besuch des <strong>Hochobir <\/strong>(2100irgendwas) eingeschoben. Von Gallizien sind es 1700 H\u00f6henmeter rauf &#8230;<\/p>\n\n\n\n<figure class=\"wp-block-image size-large\"><img loading=\"lazy\" decoding=\"async\" width=\"1024\" height=\"576\" src=\"https:\/\/www.vergissmi.net\/wp-content\/uploads\/2022\/05\/IMG_20220503_164302-1-1024x576.jpg\" alt=\"\" class=\"wp-image-13464\" srcset=\"https:\/\/www.vergissmi.net\/wp-content\/uploads\/2022\/05\/IMG_20220503_164302-1-1024x576.jpg 1024w, https:\/\/www.vergissmi.net\/wp-content\/uploads\/2022\/05\/IMG_20220503_164302-1-800x450.jpg 800w, https:\/\/www.vergissmi.net\/wp-content\/uploads\/2022\/05\/IMG_20220503_164302-1-1536x864.jpg 1536w, https:\/\/www.vergissmi.net\/wp-content\/uploads\/2022\/05\/IMG_20220503_164302-1.jpg 1920w\" sizes=\"(max-width: 1024px) 100vw, 1024px\" \/><\/figure>\n\n\n\n<p>&#8230; , weshalb ich sehr froh war, anstelle eines Abstieges an diesem Tag der erste N\u00e4chtigungsgast der Saison in der freundlich gef\u00fchrten <strong>Eisenkappler H\u00fctte<\/strong> sein zu d\u00fcrfen.<\/p>\n\n\n\n<figure class=\"wp-block-image size-large\"><img loading=\"lazy\" decoding=\"async\" width=\"1024\" height=\"576\" src=\"https:\/\/www.vergissmi.net\/wp-content\/uploads\/2022\/05\/IMG_20220504_074606-1-1024x576.jpg\" alt=\"\" class=\"wp-image-13468\" srcset=\"https:\/\/www.vergissmi.net\/wp-content\/uploads\/2022\/05\/IMG_20220504_074606-1-1024x576.jpg 1024w, https:\/\/www.vergissmi.net\/wp-content\/uploads\/2022\/05\/IMG_20220504_074606-1-800x450.jpg 800w, https:\/\/www.vergissmi.net\/wp-content\/uploads\/2022\/05\/IMG_20220504_074606-1-1536x864.jpg 1536w, https:\/\/www.vergissmi.net\/wp-content\/uploads\/2022\/05\/IMG_20220504_074606-1.jpg 1920w\" sizes=\"(max-width: 1024px) 100vw, 1024px\" \/><\/figure>\n\n\n\n<p>Wieder ein paar Tage sp\u00e4ter ereilte mich der erste Ruf dieses doch nicht mehr so jungen Jahres, doch wiedermal in die Bundeshauptstadt zu kommen zwecks erstem gemeinsamen und unlimitierten sommerlichen Bierkonsums seit Beginn der Coronag&#8217;schicht.<\/p>\n\n\n\n<p>Um der Aufgabe mit einem einigerma\u00dfen negativem Kaloriensaldo entgegenzutreten, unterbrach ich die Anfahrt gen Wien, um eine <strong>Rax<\/strong>-\u00dcberquerung einzuschieben &#8211; mit Start- und Endpunkt im Tal drunt&#8217; auf ca. 600 m Seeh\u00f6he.<br>Der nachmitt\u00e4gliche Start bescherte mir am Abend p\u00fcnktlich zwei traumhafte Stunden auf der plusminus 2000 m hohen <strong>Heukuppe<\/strong>. Wieder war ich alleine am Gipfel &#8211; den Gipfelb\u00fcchern und Geocaches am H\u00f6henr\u00fccken zu entnehmen, war ich \u00fcberhaupt einer der ersten \u00dcberquerer heuer. Da\u00df mir zu alledem noch der H\u00fcttenwirt des <strong>Habsburghauses <\/strong>mit Schneeschuhen am R\u00fccken entgegenkam (und ich ihm Entwarnung geben konnte, dass er diese heute nimmer brauchen wird), zeigt, dass selbst Einheimische davon ausgegangen sind, dass noch viel mehr Schnee in den Gruben von Habsburg zu Otto liegt.<\/p>\n\n\n\n<figure class=\"wp-block-image size-large\"><img loading=\"lazy\" decoding=\"async\" width=\"1024\" height=\"576\" src=\"https:\/\/www.vergissmi.net\/wp-content\/uploads\/2022\/05\/IMG_20220510_192523-1-1024x576.jpg\" alt=\"\" class=\"wp-image-13470\" srcset=\"https:\/\/www.vergissmi.net\/wp-content\/uploads\/2022\/05\/IMG_20220510_192523-1-1024x576.jpg 1024w, https:\/\/www.vergissmi.net\/wp-content\/uploads\/2022\/05\/IMG_20220510_192523-1-800x450.jpg 800w, https:\/\/www.vergissmi.net\/wp-content\/uploads\/2022\/05\/IMG_20220510_192523-1-1536x864.jpg 1536w, https:\/\/www.vergissmi.net\/wp-content\/uploads\/2022\/05\/IMG_20220510_192523-1.jpg 1920w\" sizes=\"(max-width: 1024px) 100vw, 1024px\" \/><\/figure>\n\n\n\n<p>Im <strong>Ottoschutzhaus <\/strong>herrschte dank der Rax-Seilbahn nebenan bereits reges Treiben. mein Weg f\u00fchrte wiedermal \u00fcber den T\u00f6rlweg hinunter, und so wird wohl ein weiteres Jahr verstreichen, ohne dass die Rax-Seilbahn mit mir Geld verdient.<\/p>\n\n\n\n<figure class=\"wp-block-image size-large\"><img loading=\"lazy\" decoding=\"async\" width=\"1024\" height=\"576\" src=\"https:\/\/www.vergissmi.net\/wp-content\/uploads\/2022\/05\/IMG_20220511_134245-1-1024x576.jpg\" alt=\"\" class=\"wp-image-13467\" srcset=\"https:\/\/www.vergissmi.net\/wp-content\/uploads\/2022\/05\/IMG_20220511_134245-1-1024x576.jpg 1024w, https:\/\/www.vergissmi.net\/wp-content\/uploads\/2022\/05\/IMG_20220511_134245-1-800x450.jpg 800w, https:\/\/www.vergissmi.net\/wp-content\/uploads\/2022\/05\/IMG_20220511_134245-1-1536x864.jpg 1536w, https:\/\/www.vergissmi.net\/wp-content\/uploads\/2022\/05\/IMG_20220511_134245-1.jpg 1920w\" sizes=\"(max-width: 1024px) 100vw, 1024px\" \/><\/figure>\n\n\n\n<p>Wieder daheim in K\u00e4rnten nahm ich erstmal die Herausforderung an, die <strong>Falkertstra\u00dfe <\/strong>&#8220;by fair means&#8221; zu bezwingen. Meine Freude \u00fcber die meteorologischen Begleitumst\u00e4nde war jedoch enden wollend.<\/p>\n\n\n\n<figure class=\"wp-block-image size-large\"><img loading=\"lazy\" decoding=\"async\" width=\"1024\" height=\"768\" src=\"https:\/\/www.vergissmi.net\/wp-content\/uploads\/2022\/05\/IMG_20220516_153932-1-1024x768.jpg\" alt=\"\" class=\"wp-image-13471\" srcset=\"https:\/\/www.vergissmi.net\/wp-content\/uploads\/2022\/05\/IMG_20220516_153932-1-1024x768.jpg 1024w, https:\/\/www.vergissmi.net\/wp-content\/uploads\/2022\/05\/IMG_20220516_153932-1-800x600.jpg 800w, https:\/\/www.vergissmi.net\/wp-content\/uploads\/2022\/05\/IMG_20220516_153932-1-1536x1152.jpg 1536w, https:\/\/www.vergissmi.net\/wp-content\/uploads\/2022\/05\/IMG_20220516_153932-1-2048x1536.jpg 2048w\" sizes=\"(max-width: 1024px) 100vw, 1024px\" \/><\/figure>\n\n\n\n<p>Entsch\u00e4digt wurde ich zwei Tage sp\u00e4ter &#8230;.<\/p>\n\n\n\n<figure class=\"wp-block-image size-large\"><img loading=\"lazy\" decoding=\"async\" width=\"1024\" height=\"576\" src=\"https:\/\/www.vergissmi.net\/wp-content\/uploads\/2022\/05\/IMG_20220517_165102-1-1024x576.jpg\" alt=\"\" class=\"wp-image-13466\" srcset=\"https:\/\/www.vergissmi.net\/wp-content\/uploads\/2022\/05\/IMG_20220517_165102-1-1024x576.jpg 1024w, https:\/\/www.vergissmi.net\/wp-content\/uploads\/2022\/05\/IMG_20220517_165102-1-800x450.jpg 800w, https:\/\/www.vergissmi.net\/wp-content\/uploads\/2022\/05\/IMG_20220517_165102-1-1536x864.jpg 1536w, https:\/\/www.vergissmi.net\/wp-content\/uploads\/2022\/05\/IMG_20220517_165102-1.jpg 1920w\" sizes=\"(max-width: 1024px) 100vw, 1024px\" \/><\/figure>\n\n\n\n<p>&#8230; beim allj\u00e4hrlichen &#8220;Antritts-&#8221; Besuch auf &#8220;meiner&#8221; <strong>Karlh\u00fctte<\/strong>. Vom Sepp ist noch keine Spur, genauso wie von dem Bierdepot, welches er mir Jahr f\u00fcr Jahr f\u00fcr die Vorsaison verspricht. Wie gut, dass mein Glauben ans Rucksackvolumen gr\u00f6\u00dfer ist als jenes an die Heilsversprechen vergesslicher H\u00fcttenwirte!<\/p>\n\n\n\n<figure class=\"wp-block-image size-large\"><img loading=\"lazy\" decoding=\"async\" width=\"1024\" height=\"576\" src=\"https:\/\/www.vergissmi.net\/wp-content\/uploads\/2022\/05\/IMG_20220517_184634-1-1024x576.jpg\" alt=\"\" class=\"wp-image-13469\" srcset=\"https:\/\/www.vergissmi.net\/wp-content\/uploads\/2022\/05\/IMG_20220517_184634-1-1024x576.jpg 1024w, https:\/\/www.vergissmi.net\/wp-content\/uploads\/2022\/05\/IMG_20220517_184634-1-800x450.jpg 800w, https:\/\/www.vergissmi.net\/wp-content\/uploads\/2022\/05\/IMG_20220517_184634-1-1536x864.jpg 1536w, https:\/\/www.vergissmi.net\/wp-content\/uploads\/2022\/05\/IMG_20220517_184634-1.jpg 1920w\" sizes=\"(max-width: 1024px) 100vw, 1024px\" \/><\/figure>\n\n\n\n<p>Auf der <strong>B\u00e4rentaler Kotschna<\/strong> gibt es niemanden, den ich f\u00fcr seine Vergesslichkeit verantwortlich machen k\u00f6nnte, au\u00dfer mich selbst nat\u00fcrlich, doch ich blieb ohne Tadel.<\/p>\n\n\n\n<figure class=\"wp-block-image size-large\"><img loading=\"lazy\" decoding=\"async\" width=\"1024\" height=\"576\" src=\"https:\/\/www.vergissmi.net\/wp-content\/uploads\/2022\/05\/IMG_20220518_151305-1-1024x576.jpg\" alt=\"\" class=\"wp-image-13465\" srcset=\"https:\/\/www.vergissmi.net\/wp-content\/uploads\/2022\/05\/IMG_20220518_151305-1-1024x576.jpg 1024w, https:\/\/www.vergissmi.net\/wp-content\/uploads\/2022\/05\/IMG_20220518_151305-1-800x450.jpg 800w, https:\/\/www.vergissmi.net\/wp-content\/uploads\/2022\/05\/IMG_20220518_151305-1-1536x864.jpg 1536w, https:\/\/www.vergissmi.net\/wp-content\/uploads\/2022\/05\/IMG_20220518_151305-1.jpg 1920w\" sizes=\"(max-width: 1024px) 100vw, 1024px\" \/><\/figure>\n\n\n\n<p>Am Wochenende drauf war wieder einmal Zeit f\u00fcr eine Panoramastra\u00dfe. Die <strong>Goldeck<\/strong>-H\u00f6henstra\u00dfe er\u00f6ffnet erst Anfang Juni, also hatte ich auch hier die M\u00f6glichkeit, ohne L\u00e4rm und latenter Unfallgefahr den Berg hinaufzukurbeln.<\/p>\n\n\n\n<p>Die rund 1000 hm hinauf zum Goldeck-Gipfel verteilen sich so angenehm, dass die Ausfahrt insbesondere mit Musikbegleitung eine wahre Freud&#8217; war! <\/p>\n\n\n\n<figure class=\"wp-block-image size-large\"><img loading=\"lazy\" decoding=\"async\" width=\"1024\" height=\"576\" src=\"https:\/\/www.vergissmi.net\/wp-content\/uploads\/2022\/05\/IMG_20220521_114356-1-1024x576.jpg\" alt=\"\" class=\"wp-image-13463\" srcset=\"https:\/\/www.vergissmi.net\/wp-content\/uploads\/2022\/05\/IMG_20220521_114356-1-1024x576.jpg 1024w, https:\/\/www.vergissmi.net\/wp-content\/uploads\/2022\/05\/IMG_20220521_114356-1-800x450.jpg 800w, https:\/\/www.vergissmi.net\/wp-content\/uploads\/2022\/05\/IMG_20220521_114356-1-1536x864.jpg 1536w, https:\/\/www.vergissmi.net\/wp-content\/uploads\/2022\/05\/IMG_20220521_114356-1.jpg 1920w\" sizes=\"(max-width: 1024px) 100vw, 1024px\" \/><\/figure>\n\n\n\n<p>Am Gipfel zwei M\u00e4dels mit rosaroten Getr\u00e4nkedosen in der Hand. Meine Entt\u00e4uschung \u00fcber die geschlossene Bergh\u00fctte konnte man mir sogar beim Vorbeipromenieren offenbar ansehen. <em>Ob ich denn etwas mittrinken wollen w\u00fcrde?<\/em> Gerade als mir noch ein <em>&#8220;Jo eh, oba so a Gschloda sicha ned&#8221;<\/em> durch den Kopf ging, dr\u00fcckte mir die vordere von den beiden mit einem <em>&#8220;Sog jetzt besser kan Bledsinn&#8221;-<\/em>Blick einen G\u00f6sser-Radler in die Hand.<\/p>\n\n\n\n<p>I mog des Ger\u00e4usch, wenn kana red&#8217;t \ud83d\ude42<\/p>\n\n\n\n<figure class=\"wp-block-image size-large\"><img loading=\"lazy\" decoding=\"async\" width=\"1024\" height=\"576\" src=\"https:\/\/www.vergissmi.net\/wp-content\/uploads\/2022\/05\/IMG_20220521_122641-1-1024x576.jpg\" alt=\"\" class=\"wp-image-13461\" srcset=\"https:\/\/www.vergissmi.net\/wp-content\/uploads\/2022\/05\/IMG_20220521_122641-1-1024x576.jpg 1024w, https:\/\/www.vergissmi.net\/wp-content\/uploads\/2022\/05\/IMG_20220521_122641-1-800x450.jpg 800w, https:\/\/www.vergissmi.net\/wp-content\/uploads\/2022\/05\/IMG_20220521_122641-1-1536x864.jpg 1536w, https:\/\/www.vergissmi.net\/wp-content\/uploads\/2022\/05\/IMG_20220521_122641-1.jpg 1920w\" sizes=\"(max-width: 1024px) 100vw, 1024px\" \/><\/figure>\n\n\n\n<p>Tja und dann war da gestern noch die Wetterprognose f\u00fcr K\u00e4rnten, die einen Ausflug in die \u00f6stlichen Karawanken nahelegte. Mit dem Rad ging es von der <strong>Petzen<\/strong>-Talstation hinauf zur Alten Zollh\u00fctte auf 1700irgendwas.<\/p>\n\n\n\n<figure class=\"wp-block-image size-large\"><img loading=\"lazy\" decoding=\"async\" width=\"1024\" height=\"576\" src=\"https:\/\/www.vergissmi.net\/wp-content\/uploads\/2022\/05\/IMG_20220524_173059-1-1024x576.jpg\" alt=\"\" class=\"wp-image-13458\" srcset=\"https:\/\/www.vergissmi.net\/wp-content\/uploads\/2022\/05\/IMG_20220524_173059-1-1024x576.jpg 1024w, https:\/\/www.vergissmi.net\/wp-content\/uploads\/2022\/05\/IMG_20220524_173059-1-800x450.jpg 800w, https:\/\/www.vergissmi.net\/wp-content\/uploads\/2022\/05\/IMG_20220524_173059-1-1536x864.jpg 1536w, https:\/\/www.vergissmi.net\/wp-content\/uploads\/2022\/05\/IMG_20220524_173059-1.jpg 1920w\" sizes=\"(max-width: 1024px) 100vw, 1024px\" \/><\/figure>\n\n\n\n<p>Von dort aus sind es laut Beschilderung noch 2:30 Stunden zum 2100irgendwas hohen, bereits vorwiegend slowenischen <strong>Kordeschkopf<\/strong>. Aufgrund der fortgeschrittenen Uhrzeit mussten nolens volens 01:30 h reichen &#8230;<\/p>\n\n\n\n<figure class=\"wp-block-image size-large\"><img loading=\"lazy\" decoding=\"async\" width=\"1024\" height=\"576\" src=\"https:\/\/www.vergissmi.net\/wp-content\/uploads\/2022\/05\/IMG_20220524_190801-1-1024x576.jpg\" alt=\"\" class=\"wp-image-13451\" srcset=\"https:\/\/www.vergissmi.net\/wp-content\/uploads\/2022\/05\/IMG_20220524_190801-1-1024x576.jpg 1024w, https:\/\/www.vergissmi.net\/wp-content\/uploads\/2022\/05\/IMG_20220524_190801-1-800x450.jpg 800w, https:\/\/www.vergissmi.net\/wp-content\/uploads\/2022\/05\/IMG_20220524_190801-1-1536x864.jpg 1536w, https:\/\/www.vergissmi.net\/wp-content\/uploads\/2022\/05\/IMG_20220524_190801-1.jpg 1920w\" sizes=\"(max-width: 1024px) 100vw, 1024px\" \/><\/figure>\n\n\n\n<p>&#8230; um mich ebendort als erster Nord-Nordslowene ins Gipfelbuch einzutragen.<\/p>\n\n\n\n<figure class=\"wp-block-image size-large\"><img loading=\"lazy\" decoding=\"async\" width=\"576\" height=\"1024\" src=\"https:\/\/www.vergissmi.net\/wp-content\/uploads\/2022\/05\/IMG_20220524_193335-576x1024.jpg\" alt=\"\" class=\"wp-image-13452\" srcset=\"https:\/\/www.vergissmi.net\/wp-content\/uploads\/2022\/05\/IMG_20220524_193335-576x1024.jpg 576w, https:\/\/www.vergissmi.net\/wp-content\/uploads\/2022\/05\/IMG_20220524_193335-450x800.jpg 450w, https:\/\/www.vergissmi.net\/wp-content\/uploads\/2022\/05\/IMG_20220524_193335-864x1536.jpg 864w, https:\/\/www.vergissmi.net\/wp-content\/uploads\/2022\/05\/IMG_20220524_193335-rotated.jpg 1080w\" sizes=\"(max-width: 576px) 100vw, 576px\" \/><\/figure>\n\n\n\n<p>So, das war ein kurzer R\u00fcckblick auf die Zwischensaison &#8230; bleibt zu hoffen, dass nun, wo die Wandersaison losgeht, endlich etwas mehr Zeit f\u00fcr Outdooraktivit\u00e4ten bleibt!<\/p>\n","protected":false},"excerpt":{"rendered":"<div class=\"tmnf_excerpt\"><div class=\"tmnf_excerpt\"><p>Eine wirkliche Weitwanderei ist sich in den 2,5 Monaten nach der Steiermark-Schneeschuhdurchquerung nicht ausgegangen &#8230; doch der eine oder andere Ausflug war drinnen. Mitte M\u00e4rz &#8230; erste Versuche, mit dem Fahrrad die (f\u00fcr Autos gesperrte) Zufahrt diverser Wanderziele zu verk\u00fcrzen, waren letztendlich mit Bike m\u00fchsamer als ohne &#8211; so wie hier beim Weg Richtung F\u00fcrstenh\u00fctte &hellip;<\/p>\n<\/div><\/div>","protected":false},"author":61,"featured_media":13494,"comment_status":"open","ping_status":"open","sticky":false,"template":"","format":"standard","meta":{"_s2mail":"yes","footnotes":""},"categories":[156,6],"tags":[],"class_list":["post-13400","post","type-post","status-publish","format-standard","has-post-thumbnail","hentry","category-oesterreich","category-tourtagebuch","gallery-content-unit"],"_links":{"self":[{"href":"https:\/\/www.vergissmi.net\/index.php?rest_route=\/wp\/v2\/posts\/13400","targetHints":{"allow":["GET"]}}],"collection":[{"href":"https:\/\/www.vergissmi.net\/index.php?rest_route=\/wp\/v2\/posts"}],"about":[{"href":"https:\/\/www.vergissmi.net\/index.php?rest_route=\/wp\/v2\/types\/post"}],"author":[{"embeddable":true,"href":"https:\/\/www.vergissmi.net\/index.php?rest_route=\/wp\/v2\/users\/61"}],"replies":[{"embeddable":true,"href":"https:\/\/www.vergissmi.net\/index.php?rest_route=%2Fwp%2Fv2%2Fcomments&post=13400"}],"version-history":[{"count":12,"href":"https:\/\/www.vergissmi.net\/index.php?rest_route=\/wp\/v2\/posts\/13400\/revisions"}],"predecessor-version":[{"id":14789,"href":"https:\/\/www.vergissmi.net\/index.php?rest_route=\/wp\/v2\/posts\/13400\/revisions\/14789"}],"wp:featuredmedia":[{"embeddable":true,"href":"https:\/\/www.vergissmi.net\/index.php?rest_route=\/wp\/v2\/media\/13494"}],"wp:attachment":[{"href":"https:\/\/www.vergissmi.net\/index.php?rest_route=%2Fwp%2Fv2%2Fmedia&parent=13400"}],"wp:term":[{"taxonomy":"category","embeddable":true,"href":"https:\/\/www.vergissmi.net\/index.php?rest_route=%2Fwp%2Fv2%2Fcategories&post=13400"},{"taxonomy":"post_tag","embeddable":true,"href":"https:\/\/www.vergissmi.net\/index.php?rest_route=%2Fwp%2Fv2%2Ftags&post=13400"}],"curies":[{"name":"wp","href":"https:\/\/api.w.org\/{rel}","templated":true}]}}