{"id":13597,"date":"2022-07-01T00:50:07","date_gmt":"2022-06-30T22:50:07","guid":{"rendered":"https:\/\/www.vergissmi.net\/?p=13597"},"modified":"2022-08-31T22:13:18","modified_gmt":"2022-08-31T20:13:18","slug":"ausflug-ins-riedingtal","status":"publish","type":"post","link":"https:\/\/www.vergissmi.net\/?p=13597","title":{"rendered":"Wei\u00dfeck &#038; Mosermandl, 2700 m"},"content":{"rendered":"\n<p><em><strong>1,5 Tage, Bike &amp; Hike.<br>Samstag Nachmittag: Wei\u00dfeck, 2711 m, 5 Std, 1350 hm.<br>Sonntag: Mosermandl Nord-S\u00fcd, 2680 m, 7 1\/2 Std, 1400 hm.<\/strong><\/em><\/p>\n\n\n\n<p>Der Samstag war hinsichtlich der Wetterprognose vormittags noch ein bisserl wackelig, doch da die verh\u00e4ltnism\u00e4\u00dfig kurze Tour einen Start am Nachmittag erlaubt, hatte ich keine Eile und fuhr gegen Mittag zur Mautstelle Riedingtal. Von dort ging&#8217;s dann mit dem Rad weiter bis zur Abzweigung des Wanderweges Richtung Wei\u00dfeck.<\/p>\n\n\n\n<figure class=\"wp-block-image size-large\"><img fetchpriority=\"high\" decoding=\"async\" width=\"576\" height=\"1024\" src=\"https:\/\/www.vergissmi.net\/wp-content\/uploads\/2022\/07\/001-576x1024.jpg\" alt=\"\" class=\"wp-image-13598\" srcset=\"https:\/\/www.vergissmi.net\/wp-content\/uploads\/2022\/07\/001-576x1024.jpg 576w, https:\/\/www.vergissmi.net\/wp-content\/uploads\/2022\/07\/001-450x800.jpg 450w, https:\/\/www.vergissmi.net\/wp-content\/uploads\/2022\/07\/001-864x1536.jpg 864w, https:\/\/www.vergissmi.net\/wp-content\/uploads\/2022\/07\/001-rotated.jpg 1080w\" sizes=\"(max-width: 576px) 100vw, 576px\" \/><\/figure>\n\n\n\n<p>Der Weg hinauf zur 2274 m hohen Riedingscharte ist relativ gem\u00fctlich &#8230;<\/p>\n\n\n\n<figure class=\"wp-block-image size-large\"><img decoding=\"async\" width=\"1024\" height=\"576\" src=\"https:\/\/www.vergissmi.net\/wp-content\/uploads\/2022\/07\/005-1024x576.jpg\" alt=\"\" class=\"wp-image-13599\" srcset=\"https:\/\/www.vergissmi.net\/wp-content\/uploads\/2022\/07\/005-1024x576.jpg 1024w, https:\/\/www.vergissmi.net\/wp-content\/uploads\/2022\/07\/005-800x450.jpg 800w, https:\/\/www.vergissmi.net\/wp-content\/uploads\/2022\/07\/005-1536x864.jpg 1536w, https:\/\/www.vergissmi.net\/wp-content\/uploads\/2022\/07\/005.jpg 1920w\" sizes=\"(max-width: 1024px) 100vw, 1024px\" \/><\/figure>\n\n\n\n<p>&#8230; etwas knackiger wird dann der Schlussaufstieg, der sich in etwa an der Grenze &#8220;Gr\u00fcn-Grau&#8221; orientiert.<\/p>\n\n\n\n<figure class=\"wp-block-image size-large\"><img decoding=\"async\" width=\"1024\" height=\"576\" src=\"https:\/\/www.vergissmi.net\/wp-content\/uploads\/2022\/07\/010-1024x576.jpg\" alt=\"\" class=\"wp-image-13600\" srcset=\"https:\/\/www.vergissmi.net\/wp-content\/uploads\/2022\/07\/010-1024x576.jpg 1024w, https:\/\/www.vergissmi.net\/wp-content\/uploads\/2022\/07\/010-800x450.jpg 800w, https:\/\/www.vergissmi.net\/wp-content\/uploads\/2022\/07\/010-1536x864.jpg 1536w, https:\/\/www.vergissmi.net\/wp-content\/uploads\/2022\/07\/010.jpg 1920w\" sizes=\"(max-width: 1024px) 100vw, 1024px\" \/><\/figure>\n\n\n\n<p>Das Wetter war perfekt &#8211; nicht zu hei\u00df und trotzdem weit weg von 7-Tage-Regenwetter &#8230;<\/p>\n\n\n\n<figure class=\"wp-block-image size-large\"><img loading=\"lazy\" decoding=\"async\" width=\"1024\" height=\"576\" src=\"https:\/\/www.vergissmi.net\/wp-content\/uploads\/2022\/07\/015-1024x576.jpg\" alt=\"\" class=\"wp-image-13601\" srcset=\"https:\/\/www.vergissmi.net\/wp-content\/uploads\/2022\/07\/015-1024x576.jpg 1024w, https:\/\/www.vergissmi.net\/wp-content\/uploads\/2022\/07\/015-800x450.jpg 800w, https:\/\/www.vergissmi.net\/wp-content\/uploads\/2022\/07\/015-1536x864.jpg 1536w, https:\/\/www.vergissmi.net\/wp-content\/uploads\/2022\/07\/015.jpg 1920w\" sizes=\"(max-width: 1024px) 100vw, 1024px\" \/><\/figure>\n\n\n\n<p>&#8230; auch wenn&#8217;s auf den Fotos mitunter so ausschauen mag.<\/p>\n\n\n\n<figure class=\"wp-block-image size-large\"><img loading=\"lazy\" decoding=\"async\" width=\"1024\" height=\"768\" src=\"https:\/\/www.vergissmi.net\/wp-content\/uploads\/2022\/07\/020-1024x768.jpg\" alt=\"\" class=\"wp-image-13602\" srcset=\"https:\/\/www.vergissmi.net\/wp-content\/uploads\/2022\/07\/020-1024x768.jpg 1024w, https:\/\/www.vergissmi.net\/wp-content\/uploads\/2022\/07\/020-800x600.jpg 800w, https:\/\/www.vergissmi.net\/wp-content\/uploads\/2022\/07\/020-1536x1152.jpg 1536w, https:\/\/www.vergissmi.net\/wp-content\/uploads\/2022\/07\/020-2048x1536.jpg 2048w\" sizes=\"(max-width: 1024px) 100vw, 1024px\" \/><\/figure>\n\n\n\n<p>Der Abstieg f\u00fchrt \u00fcber den Aufstiegsweg zur\u00fcck ins Riedingtal und &#8211; eh klar &#8211; mit dem Bike zur\u00fcck zum Auto. Gen\u00e4chtigt habe ich dann in Zederhaus.<\/p>\n\n\n\n<figure class=\"wp-block-image size-large\"><img loading=\"lazy\" decoding=\"async\" width=\"1024\" height=\"576\" src=\"https:\/\/www.vergissmi.net\/wp-content\/uploads\/2022\/07\/025-1024x576.jpg\" alt=\"\" class=\"wp-image-13603\" srcset=\"https:\/\/www.vergissmi.net\/wp-content\/uploads\/2022\/07\/025-1024x576.jpg 1024w, https:\/\/www.vergissmi.net\/wp-content\/uploads\/2022\/07\/025-800x450.jpg 800w, https:\/\/www.vergissmi.net\/wp-content\/uploads\/2022\/07\/025-1536x864.jpg 1536w, https:\/\/www.vergissmi.net\/wp-content\/uploads\/2022\/07\/025.jpg 1920w\" sizes=\"(max-width: 1024px) 100vw, 1024px\" \/><\/figure>\n\n\n\n<p>Am n\u00e4chsten Tag ging&#8217;s wieder hinauf zur Mautstelle und mit dem Rad ein paar Minuten ins Tal hinein. Geradeaus sieht man schon das Tagesziel am Horizont. Beim Abzweiger zur Jakoberalm sperrte ich das Rad an den Zaun und ging zu Fu\u00df taleinw\u00e4rts weiter.<br>Denn bei dieser Abzweigung wird sich &#8220;future me&#8221; knapp 8 Stunden sp\u00e4ter freuen, dass die Geherei f\u00fcr heute ein Ende hat.<\/p>\n\n\n\n<figure class=\"wp-block-image size-large\"><img loading=\"lazy\" decoding=\"async\" width=\"576\" height=\"1024\" src=\"https:\/\/www.vergissmi.net\/wp-content\/uploads\/2022\/07\/IMG_20220626_081222-576x1024.jpg\" alt=\"\" class=\"wp-image-13604\" srcset=\"https:\/\/www.vergissmi.net\/wp-content\/uploads\/2022\/07\/IMG_20220626_081222-576x1024.jpg 576w, https:\/\/www.vergissmi.net\/wp-content\/uploads\/2022\/07\/IMG_20220626_081222-450x800.jpg 450w, https:\/\/www.vergissmi.net\/wp-content\/uploads\/2022\/07\/IMG_20220626_081222-864x1536.jpg 864w, https:\/\/www.vergissmi.net\/wp-content\/uploads\/2022\/07\/IMG_20220626_081222-rotated.jpg 1080w\" sizes=\"(max-width: 576px) 100vw, 576px\" \/><\/figure>\n\n\n\n<p>Die meisten Tourenbeschreibungen zur Mosermandl-\u00dcberquerung legen den Weg in S\u00fcd-Nord-Richtung, also insgesamt gegen den Uhrzeigersinn an. Das hat zwar den Vorteil, dass man die Franz-Fischer-H\u00fctte im Anschluss an den Gipfelsieg als Einkehrm\u00f6glichkeit hat, aber auch den Nachteil, den Kamin (Klettersteig, B) im Abstieg gehen zu m\u00fcssen. Ist kein Riesenproblem, aber wenn man sich&#8217;s aussuchen kann &#8230;<\/p>\n\n\n\n<figure class=\"wp-block-image size-large\"><img loading=\"lazy\" decoding=\"async\" width=\"1024\" height=\"576\" src=\"https:\/\/www.vergissmi.net\/wp-content\/uploads\/2022\/07\/IMG_20220626_105949-1024x576.jpg\" alt=\"\" class=\"wp-image-13605\" srcset=\"https:\/\/www.vergissmi.net\/wp-content\/uploads\/2022\/07\/IMG_20220626_105949-1024x576.jpg 1024w, https:\/\/www.vergissmi.net\/wp-content\/uploads\/2022\/07\/IMG_20220626_105949-800x450.jpg 800w, https:\/\/www.vergissmi.net\/wp-content\/uploads\/2022\/07\/IMG_20220626_105949-1536x864.jpg 1536w, https:\/\/www.vergissmi.net\/wp-content\/uploads\/2022\/07\/IMG_20220626_105949.jpg 1920w\" sizes=\"(max-width: 1024px) 100vw, 1024px\" \/><\/figure>\n\n\n\n<p>&#8230; steigt man &#8211; nach etwa 45min\u00fctiger Talwanderung im Riedingtal &#8211; zur FFH auf, um dann zur Windischscharte (2304 m) weiterzugehen. Hier der Abschnitt von der H\u00fctte (beim See) und der Scharte im R\u00fcckblick.<\/p>\n\n\n\n<figure class=\"wp-block-image size-large\"><img loading=\"lazy\" decoding=\"async\" width=\"1024\" height=\"576\" src=\"https:\/\/www.vergissmi.net\/wp-content\/uploads\/2022\/07\/IMG_20220626_112418-1024x576.jpg\" alt=\"\" class=\"wp-image-13606\" srcset=\"https:\/\/www.vergissmi.net\/wp-content\/uploads\/2022\/07\/IMG_20220626_112418-1024x576.jpg 1024w, https:\/\/www.vergissmi.net\/wp-content\/uploads\/2022\/07\/IMG_20220626_112418-800x450.jpg 800w, https:\/\/www.vergissmi.net\/wp-content\/uploads\/2022\/07\/IMG_20220626_112418-1536x864.jpg 1536w, https:\/\/www.vergissmi.net\/wp-content\/uploads\/2022\/07\/IMG_20220626_112418.jpg 1920w\" sizes=\"(max-width: 1024px) 100vw, 1024px\" \/><\/figure>\n\n\n\n<p>Nordseitig am Windischkopf vorbei mit gro\u00dfartigen R\u00fcckblicken Richtung Hohe Tauern &#8230;<\/p>\n\n\n\n<figure class=\"wp-block-image size-large\"><img loading=\"lazy\" decoding=\"async\" width=\"1024\" height=\"576\" src=\"https:\/\/www.vergissmi.net\/wp-content\/uploads\/2022\/07\/IMG_20220626_120151-1024x576.jpg\" alt=\"\" class=\"wp-image-13607\" srcset=\"https:\/\/www.vergissmi.net\/wp-content\/uploads\/2022\/07\/IMG_20220626_120151-1024x576.jpg 1024w, https:\/\/www.vergissmi.net\/wp-content\/uploads\/2022\/07\/IMG_20220626_120151-800x450.jpg 800w, https:\/\/www.vergissmi.net\/wp-content\/uploads\/2022\/07\/IMG_20220626_120151-1536x864.jpg 1536w, https:\/\/www.vergissmi.net\/wp-content\/uploads\/2022\/07\/IMG_20220626_120151.jpg 1920w\" sizes=\"(max-width: 1024px) 100vw, 1024px\" \/><\/figure>\n\n\n\n<p>&#8230; geht es durch die etwa 2500 m hohe Mondlandschaft &#8230;<\/p>\n\n\n\n<figure class=\"wp-block-image size-large\"><img loading=\"lazy\" decoding=\"async\" width=\"1024\" height=\"576\" src=\"https:\/\/www.vergissmi.net\/wp-content\/uploads\/2022\/07\/IMG_20220626_120800-1024x576.jpg\" alt=\"\" class=\"wp-image-13608\" srcset=\"https:\/\/www.vergissmi.net\/wp-content\/uploads\/2022\/07\/IMG_20220626_120800-1024x576.jpg 1024w, https:\/\/www.vergissmi.net\/wp-content\/uploads\/2022\/07\/IMG_20220626_120800-800x450.jpg 800w, https:\/\/www.vergissmi.net\/wp-content\/uploads\/2022\/07\/IMG_20220626_120800-1536x864.jpg 1536w, https:\/\/www.vergissmi.net\/wp-content\/uploads\/2022\/07\/IMG_20220626_120800.jpg 1920w\" sizes=\"(max-width: 1024px) 100vw, 1024px\" \/><\/figure>\n\n\n\n<p>&#8230; bei klarer Wegf\u00fchrung aufs Mandl zu.<\/p>\n\n\n\n<figure class=\"wp-block-image size-large\"><img loading=\"lazy\" decoding=\"async\" width=\"1024\" height=\"576\" src=\"https:\/\/www.vergissmi.net\/wp-content\/uploads\/2022\/07\/IMG_20220626_123108-1024x576.jpg\" alt=\"\" class=\"wp-image-13609\" srcset=\"https:\/\/www.vergissmi.net\/wp-content\/uploads\/2022\/07\/IMG_20220626_123108-1024x576.jpg 1024w, https:\/\/www.vergissmi.net\/wp-content\/uploads\/2022\/07\/IMG_20220626_123108-800x450.jpg 800w, https:\/\/www.vergissmi.net\/wp-content\/uploads\/2022\/07\/IMG_20220626_123108-1536x864.jpg 1536w, https:\/\/www.vergissmi.net\/wp-content\/uploads\/2022\/07\/IMG_20220626_123108.jpg 1920w\" sizes=\"(max-width: 1024px) 100vw, 1024px\" \/><\/figure>\n\n\n\n<p>Nach dem Kletter-Kamin &#8230;<\/p>\n\n\n\n<figure class=\"wp-block-image size-large\"><img loading=\"lazy\" decoding=\"async\" width=\"576\" height=\"1024\" src=\"https:\/\/www.vergissmi.net\/wp-content\/uploads\/2022\/07\/IMG_20220626_125303-576x1024.jpg\" alt=\"\" class=\"wp-image-13610\" srcset=\"https:\/\/www.vergissmi.net\/wp-content\/uploads\/2022\/07\/IMG_20220626_125303-576x1024.jpg 576w, https:\/\/www.vergissmi.net\/wp-content\/uploads\/2022\/07\/IMG_20220626_125303-450x800.jpg 450w, https:\/\/www.vergissmi.net\/wp-content\/uploads\/2022\/07\/IMG_20220626_125303-864x1536.jpg 864w, https:\/\/www.vergissmi.net\/wp-content\/uploads\/2022\/07\/IMG_20220626_125303-rotated.jpg 1080w\" sizes=\"(max-width: 576px) 100vw, 576px\" \/><\/figure>\n\n\n\n<p>&#8230; findet man sich nach einer kurzen ausgesetzten, doch ebenfalls seilgesicherten Stelle am Gipfel wieder.<\/p>\n\n\n\n<figure class=\"wp-block-image size-large\"><img loading=\"lazy\" decoding=\"async\" width=\"1024\" height=\"576\" src=\"https:\/\/www.vergissmi.net\/wp-content\/uploads\/2022\/07\/IMG_20220626_130609-1024x576.jpg\" alt=\"\" class=\"wp-image-13611\" srcset=\"https:\/\/www.vergissmi.net\/wp-content\/uploads\/2022\/07\/IMG_20220626_130609-1024x576.jpg 1024w, https:\/\/www.vergissmi.net\/wp-content\/uploads\/2022\/07\/IMG_20220626_130609-800x450.jpg 800w, https:\/\/www.vergissmi.net\/wp-content\/uploads\/2022\/07\/IMG_20220626_130609-1536x864.jpg 1536w, https:\/\/www.vergissmi.net\/wp-content\/uploads\/2022\/07\/IMG_20220626_130609.jpg 1920w\" sizes=\"(max-width: 1024px) 100vw, 1024px\" \/><\/figure>\n\n\n\n<p>Ebendiese Stelle ist auf diesem Bild &#8220;gr\u00fcn markiert&#8221;.<\/p>\n\n\n\n<figure class=\"wp-block-image size-large\"><img loading=\"lazy\" decoding=\"async\" width=\"1024\" height=\"576\" src=\"https:\/\/www.vergissmi.net\/wp-content\/uploads\/2022\/07\/IMG_20220626_130752-1024x576.jpg\" alt=\"\" class=\"wp-image-13612\" srcset=\"https:\/\/www.vergissmi.net\/wp-content\/uploads\/2022\/07\/IMG_20220626_130752-1024x576.jpg 1024w, https:\/\/www.vergissmi.net\/wp-content\/uploads\/2022\/07\/IMG_20220626_130752-800x450.jpg 800w, https:\/\/www.vergissmi.net\/wp-content\/uploads\/2022\/07\/IMG_20220626_130752-1536x864.jpg 1536w, https:\/\/www.vergissmi.net\/wp-content\/uploads\/2022\/07\/IMG_20220626_130752.jpg 1920w\" sizes=\"(max-width: 1024px) 100vw, 1024px\" \/><\/figure>\n\n\n\n<p>Richtung Norden superkalifragilistikexpialigetische Sicht zu Tennengebirge, Hochk\u00f6nig und Dachstein, um&#8217;s an dieser Stelle bei den prominentesten Gruppen zu belassen ..<\/p>\n\n\n\n<figure class=\"wp-block-image size-large\"><img loading=\"lazy\" decoding=\"async\" width=\"1024\" height=\"576\" src=\"https:\/\/www.vergissmi.net\/wp-content\/uploads\/2022\/07\/IMG_20220626_130755-1024x576.jpg\" alt=\"\" class=\"wp-image-13613\" srcset=\"https:\/\/www.vergissmi.net\/wp-content\/uploads\/2022\/07\/IMG_20220626_130755-1024x576.jpg 1024w, https:\/\/www.vergissmi.net\/wp-content\/uploads\/2022\/07\/IMG_20220626_130755-800x450.jpg 800w, https:\/\/www.vergissmi.net\/wp-content\/uploads\/2022\/07\/IMG_20220626_130755-1536x864.jpg 1536w, https:\/\/www.vergissmi.net\/wp-content\/uploads\/2022\/07\/IMG_20220626_130755.jpg 1920w\" sizes=\"(max-width: 1024px) 100vw, 1024px\" \/><\/figure>\n\n\n\n<p>Hier der R\u00fcckblick auf den Abschnitt von der Windischscharte (oberhalb von rot-wei\u00df-rot) am Windischkopf (rechte Bildh\u00e4lfte) vorbei.<\/p>\n\n\n\n<figure class=\"wp-block-image size-large\"><img loading=\"lazy\" decoding=\"async\" width=\"1024\" height=\"576\" src=\"https:\/\/www.vergissmi.net\/wp-content\/uploads\/2022\/07\/IMG_20220626_131527-1024x576.jpg\" alt=\"\" class=\"wp-image-13614\" srcset=\"https:\/\/www.vergissmi.net\/wp-content\/uploads\/2022\/07\/IMG_20220626_131527-1024x576.jpg 1024w, https:\/\/www.vergissmi.net\/wp-content\/uploads\/2022\/07\/IMG_20220626_131527-800x450.jpg 800w, https:\/\/www.vergissmi.net\/wp-content\/uploads\/2022\/07\/IMG_20220626_131527-1536x864.jpg 1536w, https:\/\/www.vergissmi.net\/wp-content\/uploads\/2022\/07\/IMG_20220626_131527.jpg 1920w\" sizes=\"(max-width: 1024px) 100vw, 1024px\" \/><\/figure>\n\n\n\n<p>Der Abstieg Richtung Jakoberalm f\u00fchrt zuerst durch einen steilen Schlurf &#8230;<\/p>\n\n\n\n<figure class=\"wp-block-image size-large\"><img loading=\"lazy\" decoding=\"async\" width=\"576\" height=\"1024\" src=\"https:\/\/www.vergissmi.net\/wp-content\/uploads\/2022\/07\/IMG_20220626_135047-576x1024.jpg\" alt=\"\" class=\"wp-image-13615\" srcset=\"https:\/\/www.vergissmi.net\/wp-content\/uploads\/2022\/07\/IMG_20220626_135047-576x1024.jpg 576w, https:\/\/www.vergissmi.net\/wp-content\/uploads\/2022\/07\/IMG_20220626_135047-450x800.jpg 450w, https:\/\/www.vergissmi.net\/wp-content\/uploads\/2022\/07\/IMG_20220626_135047-864x1536.jpg 864w, https:\/\/www.vergissmi.net\/wp-content\/uploads\/2022\/07\/IMG_20220626_135047-rotated.jpg 1080w\" sizes=\"(max-width: 576px) 100vw, 576px\" \/><\/figure>\n\n\n\n<p>&#8230; auf das s\u00fcdseitige Ger\u00f6llfeld, in dessen Mitte ungef\u00e4hr in abertausenden Serpentinen der Abstiegsweg verl\u00e4uft.<\/p>\n\n\n\n<figure class=\"wp-block-image size-large\"><img loading=\"lazy\" decoding=\"async\" width=\"1024\" height=\"576\" src=\"https:\/\/www.vergissmi.net\/wp-content\/uploads\/2022\/07\/IMG_20220626_141011-1024x576.jpg\" alt=\"\" class=\"wp-image-13616\" srcset=\"https:\/\/www.vergissmi.net\/wp-content\/uploads\/2022\/07\/IMG_20220626_141011-1024x576.jpg 1024w, https:\/\/www.vergissmi.net\/wp-content\/uploads\/2022\/07\/IMG_20220626_141011-800x450.jpg 800w, https:\/\/www.vergissmi.net\/wp-content\/uploads\/2022\/07\/IMG_20220626_141011-1536x864.jpg 1536w, https:\/\/www.vergissmi.net\/wp-content\/uploads\/2022\/07\/IMG_20220626_141011.jpg 1920w\" sizes=\"(max-width: 1024px) 100vw, 1024px\" \/><\/figure>\n\n\n\n<p>Auf den Almfl\u00e4chen zwischen Gruberkar und Jakoberkar spielt es sich gerade ab &#8230;<br>Rechts im Bildhintergrund das Wei\u00dfeck von gestern &#8230;<\/p>\n\n\n\n<figure class=\"wp-block-image size-large\"><img loading=\"lazy\" decoding=\"async\" width=\"1024\" height=\"576\" src=\"https:\/\/www.vergissmi.net\/wp-content\/uploads\/2022\/07\/IMG_20220626_143107-1024x576.jpg\" alt=\"\" class=\"wp-image-13617\" srcset=\"https:\/\/www.vergissmi.net\/wp-content\/uploads\/2022\/07\/IMG_20220626_143107-1024x576.jpg 1024w, https:\/\/www.vergissmi.net\/wp-content\/uploads\/2022\/07\/IMG_20220626_143107-800x450.jpg 800w, https:\/\/www.vergissmi.net\/wp-content\/uploads\/2022\/07\/IMG_20220626_143107-1536x864.jpg 1536w, https:\/\/www.vergissmi.net\/wp-content\/uploads\/2022\/07\/IMG_20220626_143107.jpg 1920w\" sizes=\"(max-width: 1024px) 100vw, 1024px\" \/><\/figure>\n\n\n\n<p>&#8230;. und im R\u00fcckspiegel der S\u00fcd-Aufbau des Mandls.<\/p>\n\n\n\n<figure class=\"wp-block-image size-large\"><img loading=\"lazy\" decoding=\"async\" width=\"1024\" height=\"576\" src=\"https:\/\/www.vergissmi.net\/wp-content\/uploads\/2022\/07\/IMG_20220626_143323-1024x576.jpg\" alt=\"\" class=\"wp-image-13618\" srcset=\"https:\/\/www.vergissmi.net\/wp-content\/uploads\/2022\/07\/IMG_20220626_143323-1024x576.jpg 1024w, https:\/\/www.vergissmi.net\/wp-content\/uploads\/2022\/07\/IMG_20220626_143323-800x450.jpg 800w, https:\/\/www.vergissmi.net\/wp-content\/uploads\/2022\/07\/IMG_20220626_143323-1536x864.jpg 1536w, https:\/\/www.vergissmi.net\/wp-content\/uploads\/2022\/07\/IMG_20220626_143323.jpg 1920w\" sizes=\"(max-width: 1024px) 100vw, 1024px\" \/><\/figure>\n\n\n\n<p>Auf dem Zentralalpenweg 02, der die FFH mit der (geschlossenen) Jakoberalm verbindet, geht es zuletzt bei vergleichsweise leichtem Gef\u00e4lle &#8230;<\/p>\n\n\n\n<figure class=\"wp-block-image size-large\"><img loading=\"lazy\" decoding=\"async\" width=\"1024\" height=\"576\" src=\"https:\/\/www.vergissmi.net\/wp-content\/uploads\/2022\/07\/IMG_20220626_144936-1024x576.jpg\" alt=\"\" class=\"wp-image-13619\" srcset=\"https:\/\/www.vergissmi.net\/wp-content\/uploads\/2022\/07\/IMG_20220626_144936-1024x576.jpg 1024w, https:\/\/www.vergissmi.net\/wp-content\/uploads\/2022\/07\/IMG_20220626_144936-800x450.jpg 800w, https:\/\/www.vergissmi.net\/wp-content\/uploads\/2022\/07\/IMG_20220626_144936-1536x864.jpg 1536w, https:\/\/www.vergissmi.net\/wp-content\/uploads\/2022\/07\/IMG_20220626_144936.jpg 1920w\" sizes=\"(max-width: 1024px) 100vw, 1024px\" \/><\/figure>\n\n\n\n<p>&#8230; am vorgenannten Jakoberkar vorbei &#8230;<\/p>\n\n\n\n<figure class=\"wp-block-image size-large\"><img loading=\"lazy\" decoding=\"async\" width=\"1024\" height=\"576\" src=\"https:\/\/www.vergissmi.net\/wp-content\/uploads\/2022\/07\/IMG_20220626_151634-1024x576.jpg\" alt=\"\" class=\"wp-image-13620\" srcset=\"https:\/\/www.vergissmi.net\/wp-content\/uploads\/2022\/07\/IMG_20220626_151634-1024x576.jpg 1024w, https:\/\/www.vergissmi.net\/wp-content\/uploads\/2022\/07\/IMG_20220626_151634-800x450.jpg 800w, https:\/\/www.vergissmi.net\/wp-content\/uploads\/2022\/07\/IMG_20220626_151634-1536x864.jpg 1536w, https:\/\/www.vergissmi.net\/wp-content\/uploads\/2022\/07\/IMG_20220626_151634.jpg 1920w\" sizes=\"(max-width: 1024px) 100vw, 1024px\" \/><\/figure>\n\n\n\n<p>&#8230; zum eiskalten Brunnen auf der Jakoberalm &#8211; dem ersten Wasserzugang seit dem Zaunerkar oberhalb der FFH.<\/p>\n\n\n\n<figure class=\"wp-block-image size-large\"><img loading=\"lazy\" decoding=\"async\" width=\"1024\" height=\"768\" src=\"https:\/\/www.vergissmi.net\/wp-content\/uploads\/2022\/07\/IMG_20220626_152412-1024x768.jpg\" alt=\"\" class=\"wp-image-13621\" srcset=\"https:\/\/www.vergissmi.net\/wp-content\/uploads\/2022\/07\/IMG_20220626_152412-1024x768.jpg 1024w, https:\/\/www.vergissmi.net\/wp-content\/uploads\/2022\/07\/IMG_20220626_152412-800x600.jpg 800w, https:\/\/www.vergissmi.net\/wp-content\/uploads\/2022\/07\/IMG_20220626_152412-1536x1152.jpg 1536w, https:\/\/www.vergissmi.net\/wp-content\/uploads\/2022\/07\/IMG_20220626_152412-2048x1536.jpg 2048w\" sizes=\"(max-width: 1024px) 100vw, 1024px\" \/><\/figure>\n\n\n\n<p>Mitte Nachmittag war der Talboden erreicht und ja, das war eine feine Sache, dass ich nun nur mehr zur Mautstelle rausrollen brauchte.<\/p>\n\n\n\n<figure class=\"wp-block-image size-large\"><img loading=\"lazy\" decoding=\"async\" width=\"576\" height=\"1024\" src=\"https:\/\/www.vergissmi.net\/wp-content\/uploads\/2022\/07\/z_001-576x1024.jpg\" alt=\"\" class=\"wp-image-13622\" srcset=\"https:\/\/www.vergissmi.net\/wp-content\/uploads\/2022\/07\/z_001-576x1024.jpg 576w, https:\/\/www.vergissmi.net\/wp-content\/uploads\/2022\/07\/z_001-450x800.jpg 450w, https:\/\/www.vergissmi.net\/wp-content\/uploads\/2022\/07\/z_001-864x1536.jpg 864w, https:\/\/www.vergissmi.net\/wp-content\/uploads\/2022\/07\/z_001-rotated.jpg 1080w\" sizes=\"(max-width: 576px) 100vw, 576px\" \/><\/figure>\n\n\n\n<p>Rechts die Mautstelle<br>BLAU: Tour 1 zum Wei\u00dfeck<br>ROT: Tour II \u00fcbers Mosermand.<\/p>\n\n\n\n<figure class=\"wp-block-image size-large\"><img loading=\"lazy\" decoding=\"async\" width=\"1024\" height=\"832\" src=\"https:\/\/www.vergissmi.net\/wp-content\/uploads\/2022\/07\/Screenshot-106-1024x832.png\" alt=\"\" class=\"wp-image-13623\" srcset=\"https:\/\/www.vergissmi.net\/wp-content\/uploads\/2022\/07\/Screenshot-106-1024x832.png 1024w, https:\/\/www.vergissmi.net\/wp-content\/uploads\/2022\/07\/Screenshot-106-800x650.png 800w, https:\/\/www.vergissmi.net\/wp-content\/uploads\/2022\/07\/Screenshot-106.png 1249w\" sizes=\"(max-width: 1024px) 100vw, 1024px\" \/><\/figure>\n\n\n\n<p>Mahlzeit!<\/p>\n","protected":false},"excerpt":{"rendered":"<div class=\"tmnf_excerpt\"><div class=\"tmnf_excerpt\"><p>1,5 Tage, Bike &amp; Hike.Samstag Nachmittag: Wei\u00dfeck, 2711 m, 5 Std, 1350 hm.Sonntag: Mosermandl Nord-S\u00fcd, 2680 m, 7 1\/2 Std, 1400 hm. Der Samstag war hinsichtlich der Wetterprognose vormittags noch ein bisserl wackelig, doch da die verh\u00e4ltnism\u00e4\u00dfig kurze Tour einen Start am Nachmittag erlaubt, hatte ich keine Eile und fuhr gegen Mittag zur Mautstelle Riedingtal. &hellip;<\/p>\n<\/div><\/div>","protected":false},"author":61,"featured_media":13617,"comment_status":"open","ping_status":"open","sticky":false,"template":"","format":"standard","meta":{"_s2mail":"yes","footnotes":""},"categories":[167,290,156,159,177,6],"tags":[],"class_list":["post-13597","post","type-post","status-publish","format-standard","has-post-thumbnail","hentry","category-02-zentralalpenweg","category-arnoweg","category-oesterreich","category-salzburg","category-tagestour","category-tourtagebuch","gallery-content-unit"],"_links":{"self":[{"href":"https:\/\/www.vergissmi.net\/index.php?rest_route=\/wp\/v2\/posts\/13597","targetHints":{"allow":["GET"]}}],"collection":[{"href":"https:\/\/www.vergissmi.net\/index.php?rest_route=\/wp\/v2\/posts"}],"about":[{"href":"https:\/\/www.vergissmi.net\/index.php?rest_route=\/wp\/v2\/types\/post"}],"author":[{"embeddable":true,"href":"https:\/\/www.vergissmi.net\/index.php?rest_route=\/wp\/v2\/users\/61"}],"replies":[{"embeddable":true,"href":"https:\/\/www.vergissmi.net\/index.php?rest_route=%2Fwp%2Fv2%2Fcomments&post=13597"}],"version-history":[{"count":3,"href":"https:\/\/www.vergissmi.net\/index.php?rest_route=\/wp\/v2\/posts\/13597\/revisions"}],"predecessor-version":[{"id":13744,"href":"https:\/\/www.vergissmi.net\/index.php?rest_route=\/wp\/v2\/posts\/13597\/revisions\/13744"}],"wp:featuredmedia":[{"embeddable":true,"href":"https:\/\/www.vergissmi.net\/index.php?rest_route=\/wp\/v2\/media\/13617"}],"wp:attachment":[{"href":"https:\/\/www.vergissmi.net\/index.php?rest_route=%2Fwp%2Fv2%2Fmedia&parent=13597"}],"wp:term":[{"taxonomy":"category","embeddable":true,"href":"https:\/\/www.vergissmi.net\/index.php?rest_route=%2Fwp%2Fv2%2Fcategories&post=13597"},{"taxonomy":"post_tag","embeddable":true,"href":"https:\/\/www.vergissmi.net\/index.php?rest_route=%2Fwp%2Fv2%2Ftags&post=13597"}],"curies":[{"name":"wp","href":"https:\/\/api.w.org\/{rel}","templated":true}]}}