{"id":13917,"date":"2022-09-23T13:40:33","date_gmt":"2022-09-23T11:40:33","guid":{"rendered":"https:\/\/www.vergissmi.net\/?p=13917"},"modified":"2022-09-23T13:40:47","modified_gmt":"2022-09-23T11:40:47","slug":"arnoweg-land-am-strome","status":"publish","type":"post","link":"https:\/\/www.vergissmi.net\/?p=13917","title":{"rendered":"Arnoweg &#8211; Land am Strome"},"content":{"rendered":"\n<figure class=\"wp-block-pullquote\"><blockquote><p><strong><em>Der f\u00fcr mich letzte Staudamm der Kraftwerksgruppe Kaprun befindet sich in K\u00e4rnten. Von Kaprun Downtown aus geht&#8217;s in 2 1\/2 Tagen zur Pasterze:<\/em><\/strong><\/p><p><strong><em>Tag 01: Kaprun &#8211; Gleiwitzer H\u00fctte<\/em><\/strong><\/p><p>(<strong><em>1500 hm rauf<\/em><\/strong>)<\/p><p><strong><em>Tag 02: Gleiwitzer H\u00fctte &#8211; Trauneralm<\/em><\/strong><\/p><p>(<strong><em>1400 Abstieg, 700 rauf<\/em><\/strong>)<\/p><p><strong><em>Tag 03: Trauneralm &#8211; Heiligenblut<\/em><\/strong><\/p><p>(<strong><em>1700 Abstieg, 1200 rauf<\/em><\/strong>)<\/p><\/blockquote><\/figure>\n\n\n\n<p>In Kaprun gibt&#8217;s ein riesiges Sportgesch\u00e4ft. Da kam ich nicht dran vorbei. Mit neuem, gut&#8230; also besser&#8230; riechendem T-Shirt und zwei Rastschlingen samt Karabiner als Notfalls-Sicherung geht&#8217;s wieder rauf ins Gebirg&#8217;.<\/p>\n\n\n\n<figure class=\"wp-block-image size-large\"><img fetchpriority=\"high\" decoding=\"async\" width=\"1024\" height=\"577\" src=\"https:\/\/www.vergissmi.net\/wp-content\/uploads\/2022\/09\/302050335_5364097313627298_1154559952553079553_n-1024x577.jpg\" alt=\"\" class=\"wp-image-13919\" srcset=\"https:\/\/www.vergissmi.net\/wp-content\/uploads\/2022\/09\/302050335_5364097313627298_1154559952553079553_n-1024x577.jpg 1024w, https:\/\/www.vergissmi.net\/wp-content\/uploads\/2022\/09\/302050335_5364097313627298_1154559952553079553_n-800x450.jpg 800w, https:\/\/www.vergissmi.net\/wp-content\/uploads\/2022\/09\/302050335_5364097313627298_1154559952553079553_n-1536x865.jpg 1536w, https:\/\/www.vergissmi.net\/wp-content\/uploads\/2022\/09\/302050335_5364097313627298_1154559952553079553_n.jpg 2048w\" sizes=\"(max-width: 1024px) 100vw, 1024px\" \/><\/figure>\n\n\n\n<p>Etwa die H\u00e4lfte des Aufstieges f\u00fchrt durch sch\u00f6nen, schattigen Wald, ist aber abschnittsweise sausteil. Mein neues Shirt steht dem Schwammerl in Sachen Fl\u00fcssigkeitsspeicher um nix nach.<\/p>\n\n\n\n<figure class=\"wp-block-image size-large\"><img decoding=\"async\" width=\"577\" height=\"1024\" src=\"https:\/\/www.vergissmi.net\/wp-content\/uploads\/2022\/09\/302281180_5364097406960622_8182781088001395555_n-577x1024.jpg\" alt=\"\" class=\"wp-image-13920\" srcset=\"https:\/\/www.vergissmi.net\/wp-content\/uploads\/2022\/09\/302281180_5364097406960622_8182781088001395555_n-577x1024.jpg 577w, https:\/\/www.vergissmi.net\/wp-content\/uploads\/2022\/09\/302281180_5364097406960622_8182781088001395555_n-450x800.jpg 450w, https:\/\/www.vergissmi.net\/wp-content\/uploads\/2022\/09\/302281180_5364097406960622_8182781088001395555_n-865x1536.jpg 865w, https:\/\/www.vergissmi.net\/wp-content\/uploads\/2022\/09\/302281180_5364097406960622_8182781088001395555_n.jpg 1153w\" sizes=\"(max-width: 577px) 100vw, 577px\" \/><\/figure>\n\n\n\n<p>\u00dcber der Baumgrenze verl\u00e4uft der Arnoweg durch die Ostflanke des Imbachhorns. Den 2400irgendwas hohen Gipfel hebe ich mir in Anbetracht der ohnehin schon zachen 1500 Hm f\u00fcr ein andermal auf.<\/p>\n\n\n\n<figure class=\"wp-block-image size-large\"><img decoding=\"async\" width=\"1024\" height=\"577\" src=\"https:\/\/www.vergissmi.net\/wp-content\/uploads\/2022\/09\/302273741_5364097676960595_4922121135536162610_n-1024x577.jpg\" alt=\"\" class=\"wp-image-13921\" srcset=\"https:\/\/www.vergissmi.net\/wp-content\/uploads\/2022\/09\/302273741_5364097676960595_4922121135536162610_n-1024x577.jpg 1024w, https:\/\/www.vergissmi.net\/wp-content\/uploads\/2022\/09\/302273741_5364097676960595_4922121135536162610_n-800x450.jpg 800w, https:\/\/www.vergissmi.net\/wp-content\/uploads\/2022\/09\/302273741_5364097676960595_4922121135536162610_n-1536x865.jpg 1536w, https:\/\/www.vergissmi.net\/wp-content\/uploads\/2022\/09\/302273741_5364097676960595_4922121135536162610_n.jpg 2048w\" sizes=\"(max-width: 1024px) 100vw, 1024px\" \/><\/figure>\n\n\n\n<p>Vis-a-vis h\u00f6re ich ein paar K\u00fche voller Begeisterung &#8220;Shadow on the Wall&#8221; singen.<\/p>\n\n\n\n<figure class=\"wp-block-image size-large\"><img loading=\"lazy\" decoding=\"async\" width=\"1024\" height=\"577\" src=\"https:\/\/www.vergissmi.net\/wp-content\/uploads\/2022\/09\/302323047_5364097883627241_6586168044868906589_n-1024x577.jpg\" alt=\"\" class=\"wp-image-13922\" srcset=\"https:\/\/www.vergissmi.net\/wp-content\/uploads\/2022\/09\/302323047_5364097883627241_6586168044868906589_n-1024x577.jpg 1024w, https:\/\/www.vergissmi.net\/wp-content\/uploads\/2022\/09\/302323047_5364097883627241_6586168044868906589_n-800x450.jpg 800w, https:\/\/www.vergissmi.net\/wp-content\/uploads\/2022\/09\/302323047_5364097883627241_6586168044868906589_n-1536x865.jpg 1536w, https:\/\/www.vergissmi.net\/wp-content\/uploads\/2022\/09\/302323047_5364097883627241_6586168044868906589_n.jpg 2048w\" sizes=\"(max-width: 1024px) 100vw, 1024px\" \/><\/figure>\n\n\n\n<p>Die n\u00e4chste Grasscharte gibt den Blick auf die Gleiwitzer H\u00fctte frei, wo sich ein supersympathisches Team um das Wohl der G\u00e4ste k\u00fcmmert. Viele der Wanderer sind auf der Kapruner Drei-H\u00fctten-Runde unterwegs, mit Kitzstein- und Wiesbachhorn im Programm.<\/p>\n\n\n\n<figure class=\"wp-block-image size-large\"><img loading=\"lazy\" decoding=\"async\" width=\"1024\" height=\"577\" src=\"https:\/\/www.vergissmi.net\/wp-content\/uploads\/2022\/09\/302274091_5364098030293893_9185012273165782359_n-1024x577.jpg\" alt=\"\" class=\"wp-image-13923\" srcset=\"https:\/\/www.vergissmi.net\/wp-content\/uploads\/2022\/09\/302274091_5364098030293893_9185012273165782359_n-1024x577.jpg 1024w, https:\/\/www.vergissmi.net\/wp-content\/uploads\/2022\/09\/302274091_5364098030293893_9185012273165782359_n-800x450.jpg 800w, https:\/\/www.vergissmi.net\/wp-content\/uploads\/2022\/09\/302274091_5364098030293893_9185012273165782359_n-1536x865.jpg 1536w, https:\/\/www.vergissmi.net\/wp-content\/uploads\/2022\/09\/302274091_5364098030293893_9185012273165782359_n.jpg 2048w\" sizes=\"(max-width: 1024px) 100vw, 1024px\" \/><\/figure>\n\n\n\n<p>Von der H\u00fctte geht&#8217;s dann erstmal zackig runter nach Fusch. Die Almb\u00f6den sowie der schattige Schluchtweg sind nicht ohne Reiz, der Abstieg durch geschickte Weganlage erstaunlich knieschonend.<\/p>\n\n\n\n<figure class=\"wp-block-image size-large\"><img loading=\"lazy\" decoding=\"async\" width=\"1024\" height=\"577\" src=\"https:\/\/www.vergissmi.net\/wp-content\/uploads\/2022\/09\/302066869_5364098210293875_4981623111862329366_n-1024x577.jpg\" alt=\"\" class=\"wp-image-13924\" srcset=\"https:\/\/www.vergissmi.net\/wp-content\/uploads\/2022\/09\/302066869_5364098210293875_4981623111862329366_n-1024x577.jpg 1024w, https:\/\/www.vergissmi.net\/wp-content\/uploads\/2022\/09\/302066869_5364098210293875_4981623111862329366_n-800x450.jpg 800w, https:\/\/www.vergissmi.net\/wp-content\/uploads\/2022\/09\/302066869_5364098210293875_4981623111862329366_n-1536x865.jpg 1536w, https:\/\/www.vergissmi.net\/wp-content\/uploads\/2022\/09\/302066869_5364098210293875_4981623111862329366_n.jpg 2048w\" sizes=\"(max-width: 1024px) 100vw, 1024px\" \/><\/figure>\n\n\n\n<p>Den 6 km langen faden Stra\u00dfenhatsch von Fusch zur Mautstelle der Glocknerstra\u00dfe tausche ich gegen eine Mittagspizza nebst nachfolgender Busfahrt nach Ferleiten ein.<br>Von dort gelangt man in ca. 2 Std. hinauf zur einzigartigen Trauneralm mit historischem, jeden Wandel der Zeit ignorierendem Baustil und Interieur.<\/p>\n\n\n\n<figure class=\"wp-block-image size-large\"><img loading=\"lazy\" decoding=\"async\" width=\"1024\" height=\"577\" src=\"https:\/\/www.vergissmi.net\/wp-content\/uploads\/2022\/09\/302093621_5364098336960529_6562818642074918210_n-1024x577.jpg\" alt=\"\" class=\"wp-image-13925\" srcset=\"https:\/\/www.vergissmi.net\/wp-content\/uploads\/2022\/09\/302093621_5364098336960529_6562818642074918210_n-1024x577.jpg 1024w, https:\/\/www.vergissmi.net\/wp-content\/uploads\/2022\/09\/302093621_5364098336960529_6562818642074918210_n-800x450.jpg 800w, https:\/\/www.vergissmi.net\/wp-content\/uploads\/2022\/09\/302093621_5364098336960529_6562818642074918210_n-1536x865.jpg 1536w, https:\/\/www.vergissmi.net\/wp-content\/uploads\/2022\/09\/302093621_5364098336960529_6562818642074918210_n.jpg 2048w\" sizes=\"(max-width: 1024px) 100vw, 1024px\" \/><\/figure>\n\n\n\n<p>&#8230; und gut gef\u00fclltem K\u00fchlschrank!<\/p>\n\n\n\n<p><\/p>\n\n\n\n<figure class=\"wp-block-image size-large\"><img loading=\"lazy\" decoding=\"async\" width=\"1024\" height=\"577\" src=\"https:\/\/www.vergissmi.net\/wp-content\/uploads\/2022\/09\/302286863_5364098533627176_8601977359259331509_n-1024x577.jpg\" alt=\"\" class=\"wp-image-13926\" srcset=\"https:\/\/www.vergissmi.net\/wp-content\/uploads\/2022\/09\/302286863_5364098533627176_8601977359259331509_n-1024x577.jpg 1024w, https:\/\/www.vergissmi.net\/wp-content\/uploads\/2022\/09\/302286863_5364098533627176_8601977359259331509_n-800x450.jpg 800w, https:\/\/www.vergissmi.net\/wp-content\/uploads\/2022\/09\/302286863_5364098533627176_8601977359259331509_n-1536x865.jpg 1536w, https:\/\/www.vergissmi.net\/wp-content\/uploads\/2022\/09\/302286863_5364098533627176_8601977359259331509_n.jpg 2048w\" sizes=\"(max-width: 1024px) 100vw, 1024px\" \/><\/figure>\n\n\n\n<p>Einem literarisch vergn\u00fcglichen Tagesausklang im Speisesaal&#8230;<\/p>\n\n\n\n<figure class=\"wp-block-image size-large\"><img loading=\"lazy\" decoding=\"async\" width=\"577\" height=\"1024\" src=\"https:\/\/www.vergissmi.net\/wp-content\/uploads\/2022\/09\/301971395_5364098636960499_6199641122195347867_n-577x1024.jpg\" alt=\"\" class=\"wp-image-13927\" srcset=\"https:\/\/www.vergissmi.net\/wp-content\/uploads\/2022\/09\/301971395_5364098636960499_6199641122195347867_n-577x1024.jpg 577w, https:\/\/www.vergissmi.net\/wp-content\/uploads\/2022\/09\/301971395_5364098636960499_6199641122195347867_n-450x800.jpg 450w, https:\/\/www.vergissmi.net\/wp-content\/uploads\/2022\/09\/301971395_5364098636960499_6199641122195347867_n-865x1536.jpg 865w, https:\/\/www.vergissmi.net\/wp-content\/uploads\/2022\/09\/301971395_5364098636960499_6199641122195347867_n.jpg 1153w\" sizes=\"(max-width: 577px) 100vw, 577px\" \/><\/figure>\n\n\n\n<p>&#8230; folgt am n\u00e4chsten Morgen der knackige Aufstieg zur 2663 m hohen Pfandlscharte. Hier der Blick retour ins gesamte Salzburgerische K\u00e4fertal.<\/p>\n\n\n\n<figure class=\"wp-block-image size-large\"><img loading=\"lazy\" decoding=\"async\" width=\"577\" height=\"1024\" src=\"https:\/\/www.vergissmi.net\/wp-content\/uploads\/2022\/09\/302283576_5364098803627149_8515312331659875248_n-577x1024.jpg\" alt=\"\" class=\"wp-image-13928\" srcset=\"https:\/\/www.vergissmi.net\/wp-content\/uploads\/2022\/09\/302283576_5364098803627149_8515312331659875248_n-577x1024.jpg 577w, https:\/\/www.vergissmi.net\/wp-content\/uploads\/2022\/09\/302283576_5364098803627149_8515312331659875248_n-450x800.jpg 450w, https:\/\/www.vergissmi.net\/wp-content\/uploads\/2022\/09\/302283576_5364098803627149_8515312331659875248_n-865x1536.jpg 865w, https:\/\/www.vergissmi.net\/wp-content\/uploads\/2022\/09\/302283576_5364098803627149_8515312331659875248_n.jpg 1153w\" sizes=\"(max-width: 577px) 100vw, 577px\" \/><\/figure>\n\n\n\n<p>Es sieht nach Regen aus, und da ich als erster die Alm verlie\u00df, gab es nur wenig Ansprache.<\/p>\n\n\n\n<figure class=\"wp-block-image size-large\"><img loading=\"lazy\" decoding=\"async\" width=\"577\" height=\"1024\" src=\"https:\/\/www.vergissmi.net\/wp-content\/uploads\/2022\/09\/302331491_5364099036960459_1489971116883232507_n-577x1024.jpg\" alt=\"\" class=\"wp-image-13929\" srcset=\"https:\/\/www.vergissmi.net\/wp-content\/uploads\/2022\/09\/302331491_5364099036960459_1489971116883232507_n-577x1024.jpg 577w, https:\/\/www.vergissmi.net\/wp-content\/uploads\/2022\/09\/302331491_5364099036960459_1489971116883232507_n-450x800.jpg 450w, https:\/\/www.vergissmi.net\/wp-content\/uploads\/2022\/09\/302331491_5364099036960459_1489971116883232507_n-865x1536.jpg 865w, https:\/\/www.vergissmi.net\/wp-content\/uploads\/2022\/09\/302331491_5364099036960459_1489971116883232507_n.jpg 1153w\" sizes=\"(max-width: 577px) 100vw, 577px\" \/><\/figure>\n\n\n\n<p>Irgendwann tauchte er auf, der Margaritzenspeicher &#8211; vor exakt 10 Jahren das erste Gew\u00e4sser auf der damaligen (Erst-) Begehung des Alpe Adria Trails&#8230;<\/p>\n\n\n\n<figure class=\"wp-block-image size-large\"><img loading=\"lazy\" decoding=\"async\" width=\"1024\" height=\"577\" src=\"https:\/\/www.vergissmi.net\/wp-content\/uploads\/2022\/09\/302352645_5364099256960437_4047006019227228887_n-1024x577.jpg\" alt=\"\" class=\"wp-image-13930\" srcset=\"https:\/\/www.vergissmi.net\/wp-content\/uploads\/2022\/09\/302352645_5364099256960437_4047006019227228887_n-1024x577.jpg 1024w, https:\/\/www.vergissmi.net\/wp-content\/uploads\/2022\/09\/302352645_5364099256960437_4047006019227228887_n-800x450.jpg 800w, https:\/\/www.vergissmi.net\/wp-content\/uploads\/2022\/09\/302352645_5364099256960437_4047006019227228887_n-1536x865.jpg 1536w, https:\/\/www.vergissmi.net\/wp-content\/uploads\/2022\/09\/302352645_5364099256960437_4047006019227228887_n.jpg 2048w\" sizes=\"(max-width: 1024px) 100vw, 1024px\" \/><\/figure>\n\n\n\n<p>Nach der Mittagspause galt es nur mehr noch, ins Quartier in Heiligenblut zu kommen. Ausgerechnet vorm morgigen Aufstieg zum Sonnblick f\u00e4ngt der Kreislauf zum Spinnen an &#8211; doch ned allerweil alles leiwand. Um 16 Uhr ging&#8217;s ins Bett, wo ich blieb, bis heute um 05:00 der Wecker klingelte. Kein Mahlzeit diesmal &#8230; \ud83d\ude42<\/p>\n","protected":false},"excerpt":{"rendered":"<div class=\"tmnf_excerpt\"><div class=\"tmnf_excerpt\"><p>Der f\u00fcr mich letzte Staudamm der Kraftwerksgruppe Kaprun befindet sich in K\u00e4rnten. Von Kaprun Downtown aus geht&#8217;s in 2 1\/2 Tagen zur Pasterze: Tag 01: Kaprun &#8211; Gleiwitzer H\u00fctte (1500 hm rauf) Tag 02: Gleiwitzer H\u00fctte &#8211; Trauneralm (1400 Abstieg, 700 rauf) Tag 03: Trauneralm &#8211; Heiligenblut (1700 Abstieg, 1200 rauf) In Kaprun gibt&#8217;s ein &hellip;<\/p>\n<\/div><\/div>","protected":false},"author":61,"featured_media":13934,"comment_status":"open","ping_status":"open","sticky":false,"template":"","format":"standard","meta":{"_s2mail":"yes","footnotes":""},"categories":[290,156,159,6],"tags":[],"class_list":["post-13917","post","type-post","status-publish","format-standard","has-post-thumbnail","hentry","category-arnoweg","category-oesterreich","category-salzburg","category-tourtagebuch","gallery-content-unit"],"_links":{"self":[{"href":"https:\/\/www.vergissmi.net\/index.php?rest_route=\/wp\/v2\/posts\/13917","targetHints":{"allow":["GET"]}}],"collection":[{"href":"https:\/\/www.vergissmi.net\/index.php?rest_route=\/wp\/v2\/posts"}],"about":[{"href":"https:\/\/www.vergissmi.net\/index.php?rest_route=\/wp\/v2\/types\/post"}],"author":[{"embeddable":true,"href":"https:\/\/www.vergissmi.net\/index.php?rest_route=\/wp\/v2\/users\/61"}],"replies":[{"embeddable":true,"href":"https:\/\/www.vergissmi.net\/index.php?rest_route=%2Fwp%2Fv2%2Fcomments&post=13917"}],"version-history":[{"count":4,"href":"https:\/\/www.vergissmi.net\/index.php?rest_route=\/wp\/v2\/posts\/13917\/revisions"}],"predecessor-version":[{"id":13936,"href":"https:\/\/www.vergissmi.net\/index.php?rest_route=\/wp\/v2\/posts\/13917\/revisions\/13936"}],"wp:featuredmedia":[{"embeddable":true,"href":"https:\/\/www.vergissmi.net\/index.php?rest_route=\/wp\/v2\/media\/13934"}],"wp:attachment":[{"href":"https:\/\/www.vergissmi.net\/index.php?rest_route=%2Fwp%2Fv2%2Fmedia&parent=13917"}],"wp:term":[{"taxonomy":"category","embeddable":true,"href":"https:\/\/www.vergissmi.net\/index.php?rest_route=%2Fwp%2Fv2%2Fcategories&post=13917"},{"taxonomy":"post_tag","embeddable":true,"href":"https:\/\/www.vergissmi.net\/index.php?rest_route=%2Fwp%2Fv2%2Ftags&post=13917"}],"curies":[{"name":"wp","href":"https:\/\/api.w.org\/{rel}","templated":true}]}}