{"id":13942,"date":"2022-09-25T12:45:45","date_gmt":"2022-09-25T10:45:45","guid":{"rendered":"https:\/\/www.vergissmi.net\/?p=13942"},"modified":"2023-02-16T18:22:13","modified_gmt":"2023-02-16T17:22:13","slug":"arnoweg-hoher-sonnblick-3110-m","status":"publish","type":"post","link":"https:\/\/www.vergissmi.net\/?p=13942","title":{"rendered":"Arnoweg &#8211; Hoher Sonnblick, 3110 m"},"content":{"rendered":"\n<figure class=\"wp-block-pullquote\"><blockquote><p>In zwei Tagen ging es von der Glockner- in die Goldberggruppe und hinunter ins Gasteinertal.<\/p><\/blockquote><\/figure>\n\n\n\n<p>Warum der Arnoweg als <em>Salzburger Landesrundwanderweg<\/em> \u00fcberhaupt nach K\u00e4rnten f\u00fchrt, l\u00e4sst sich vielleicht dadurch erkl\u00e4ren, dass der Namenspatron <a rel=\"noreferrer noopener\" href=\"https:\/\/de.wikipedia.org\/wiki\/Arn_von_Salzburg\" target=\"_blank\">Arno<\/a> dereinst im 8. Jahrhundert in kirchlichen Angelegenheiten auch f\u00fcr Karantanien zust\u00e4ndig war. Immerhin war das Erzbistum Salzburg ja bis in die Neuzeit hinauf <a rel=\"noreferrer noopener\" href=\"https:\/\/www.sn.at\/wiki\/Salzburger_Kirchenprovinz\" target=\"_blank\">f\u00fcr K\u00e4rnten n\u00f6rdlich der Drau zust\u00e4ndig<\/a> &#8211; so gesehen d\u00fcrfte der Salzburger Landesrundwanderweg auch bis Lavam\u00fcnd gehen, und alles w\u00e4re rechtens.<br>Doch zur\u00fcck zur Gegenwart: H\u00f6hepunkt der zweit\u00e4gigen Durchquerung der Goldberggruppe ist der <strong>Hohe Sonnblick<\/strong> samt Observatorium der <a rel=\"noreferrer noopener\" href=\"https:\/\/www.sonnblick.net\/de\/\" target=\"_blank\">ZAMG<\/a>. Das sind die, die mit der Wettervorhersage null und nix zu tun haben &#8211; <em>&#8220;Wenn ich wissen will, wie&#8217;s Wetter wird, schau&#8217; i genauso wia Ihr auf meim&#8217; Handy nach.&#8221;<\/em>, so unser technisch versierter und seit 26 Jahren auf \u00fcber 3000 m arbeitender Guide. Denn auf dem Sonnblick werden in erster Linie klimarelevante Langzeitreihen aufgezeichnet &#8211; und nix prophezeit.<\/p>\n\n\n\n<figure class=\"wp-block-image size-large\"><img fetchpriority=\"high\" decoding=\"async\" width=\"1024\" height=\"577\" src=\"https:\/\/www.vergissmi.net\/wp-content\/uploads\/2022\/09\/302048538_5370081206362242_4412785243462274673_n-1024x577.jpg\" alt=\"\" class=\"wp-image-13943\" srcset=\"https:\/\/www.vergissmi.net\/wp-content\/uploads\/2022\/09\/302048538_5370081206362242_4412785243462274673_n-1024x577.jpg 1024w, https:\/\/www.vergissmi.net\/wp-content\/uploads\/2022\/09\/302048538_5370081206362242_4412785243462274673_n-800x450.jpg 800w, https:\/\/www.vergissmi.net\/wp-content\/uploads\/2022\/09\/302048538_5370081206362242_4412785243462274673_n-1536x865.jpg 1536w, https:\/\/www.vergissmi.net\/wp-content\/uploads\/2022\/09\/302048538_5370081206362242_4412785243462274673_n.jpg 2048w\" sizes=\"(max-width: 1024px) 100vw, 1024px\" \/><\/figure>\n\n\n\n<p>Noch etwas gebeutelt von den gestrigen Kreislaufs-Eskapaden (und noch vielmehr von der spannenden Auffahrt zum Zirmsee mit meinem gutgelaunten Bergf\u00fchrer, der die kriminelle Stra\u00dfe <em>&#8220;schon 1000 Mal&#8221;<\/em> gefahren ist, finde ich mich &#8211; noch etwas knieweich &#8211; um 07:00 am unteren Rand des Gipfelaufbaues wieder.<\/p>\n\n\n\n<figure class=\"wp-block-image size-large\"><img decoding=\"async\" width=\"1024\" height=\"577\" src=\"https:\/\/www.vergissmi.net\/wp-content\/uploads\/2022\/09\/301840672_5370068756363487_6764087718066270481_n-1024x577.jpg\" alt=\"\" class=\"wp-image-13944\" srcset=\"https:\/\/www.vergissmi.net\/wp-content\/uploads\/2022\/09\/301840672_5370068756363487_6764087718066270481_n-1024x577.jpg 1024w, https:\/\/www.vergissmi.net\/wp-content\/uploads\/2022\/09\/301840672_5370068756363487_6764087718066270481_n-800x450.jpg 800w, https:\/\/www.vergissmi.net\/wp-content\/uploads\/2022\/09\/301840672_5370068756363487_6764087718066270481_n-1536x865.jpg 1536w, https:\/\/www.vergissmi.net\/wp-content\/uploads\/2022\/09\/301840672_5370068756363487_6764087718066270481_n.jpg 2048w\" sizes=\"(max-width: 1024px) 100vw, 1024px\" \/><\/figure>\n\n\n\n<p>Von hier begleitet mich der sympathische Peter Suntinger &#8211; Kontakt \u00fcbers <a rel=\"noreferrer noopener\" href=\"https:\/\/www.grossglockner-bergfuehrer.at\/\" target=\"_blank\">Bergf\u00fchrerb\u00fcro <\/a>&#8211; hinein in den Nebel und hinauf Richtung Kleinflei\u00df-Kees. F\u00fcr die zweite Vormittagsh\u00e4lfte sind Niederschl\u00e4ge angek\u00fcndigt, und da Peter alleine wieder \u00fcber das Kees retour muss, ist Eile geboten, damit der Regen nicht die ins Eis gekratzte Aufstiegsspur verwischt.<\/p>\n\n\n\n<figure class=\"wp-block-image size-large\"><img decoding=\"async\" width=\"577\" height=\"1024\" src=\"https:\/\/www.vergissmi.net\/wp-content\/uploads\/2022\/09\/302213039_5370068799696816_1280896753939022836_n-577x1024.jpg\" alt=\"\" class=\"wp-image-13945\" srcset=\"https:\/\/www.vergissmi.net\/wp-content\/uploads\/2022\/09\/302213039_5370068799696816_1280896753939022836_n-577x1024.jpg 577w, https:\/\/www.vergissmi.net\/wp-content\/uploads\/2022\/09\/302213039_5370068799696816_1280896753939022836_n-450x800.jpg 450w, https:\/\/www.vergissmi.net\/wp-content\/uploads\/2022\/09\/302213039_5370068799696816_1280896753939022836_n-865x1536.jpg 865w, https:\/\/www.vergissmi.net\/wp-content\/uploads\/2022\/09\/302213039_5370068799696816_1280896753939022836_n.jpg 1153w\" sizes=\"(max-width: 577px) 100vw, 577px\" \/><\/figure>\n\n\n\n<p>So ben\u00f6tigten wir auch tats\u00e4chlich nur knappe 2 Stunden und waren damit schon vor 9 h in der warmen Stube. Peter verabschiedete sich nach einem zweiten Fr\u00fchst\u00fcck und gab etwa 50 min sp\u00e4ter die Gutmeldung vom Gletscherfu\u00df durch.<\/p>\n\n\n\n<p>Mir blieb damit ein weiterer Tag, um wieder Kraft zu tanken &#8230;<\/p>\n\n\n\n<figure class=\"wp-block-image size-large\"><img loading=\"lazy\" decoding=\"async\" width=\"1024\" height=\"577\" src=\"https:\/\/www.vergissmi.net\/wp-content\/uploads\/2022\/09\/302027328_5370068406363522_8613207841547308029_n-1024x577.jpg\" alt=\"\" class=\"wp-image-13946\" srcset=\"https:\/\/www.vergissmi.net\/wp-content\/uploads\/2022\/09\/302027328_5370068406363522_8613207841547308029_n-1024x577.jpg 1024w, https:\/\/www.vergissmi.net\/wp-content\/uploads\/2022\/09\/302027328_5370068406363522_8613207841547308029_n-800x450.jpg 800w, https:\/\/www.vergissmi.net\/wp-content\/uploads\/2022\/09\/302027328_5370068406363522_8613207841547308029_n-1536x865.jpg 1536w, https:\/\/www.vergissmi.net\/wp-content\/uploads\/2022\/09\/302027328_5370068406363522_8613207841547308029_n.jpg 2048w\" sizes=\"(max-width: 1024px) 100vw, 1024px\" \/><\/figure>\n\n\n\n<p>Tags\u00fcber hatte ich die warme Stube meist f\u00fcr mich alleine &#8230;<\/p>\n\n\n\n<figure class=\"wp-block-image size-large\"><img loading=\"lazy\" decoding=\"async\" width=\"1024\" height=\"577\" src=\"https:\/\/www.vergissmi.net\/wp-content\/uploads\/2022\/09\/302240326_5370068156363547_8904564133520174159_n-1024x577.jpg\" alt=\"\" class=\"wp-image-13947\" srcset=\"https:\/\/www.vergissmi.net\/wp-content\/uploads\/2022\/09\/302240326_5370068156363547_8904564133520174159_n-1024x577.jpg 1024w, https:\/\/www.vergissmi.net\/wp-content\/uploads\/2022\/09\/302240326_5370068156363547_8904564133520174159_n-800x450.jpg 800w, https:\/\/www.vergissmi.net\/wp-content\/uploads\/2022\/09\/302240326_5370068156363547_8904564133520174159_n-1536x865.jpg 1536w, https:\/\/www.vergissmi.net\/wp-content\/uploads\/2022\/09\/302240326_5370068156363547_8904564133520174159_n.jpg 2048w\" sizes=\"(max-width: 1024px) 100vw, 1024px\" \/><\/figure>\n\n\n\n<p>Erst am Abend werden zwei weitere N\u00e4chtigungsg\u00e4ste eintrudeln &#8211; ein P\u00e4rchen aus Ober\u00f6sterreich, mit dem ich nebst toller F\u00fchrung durch das Observatorium &#8211; <strong>vielen Dank, ZAMG! <\/strong>&#8211; einen gem\u00fctlichen Abend verbrachte.<\/p>\n\n\n\n<p>Am Bild das Windmessger\u00e4t im Alten Turm, den wir ausnahmsweise auch betreten durften &#8211; das geht auch nur mit drei Leuten, denn mehr haben da nicht Platz \ud83d\ude42<\/p>\n\n\n\n<figure class=\"wp-block-image size-large\"><img loading=\"lazy\" decoding=\"async\" width=\"1024\" height=\"577\" src=\"https:\/\/www.vergissmi.net\/wp-content\/uploads\/2022\/09\/301957003_5370068053030224_924635565592423449_n-1024x577.jpg\" alt=\"\" class=\"wp-image-13948\" srcset=\"https:\/\/www.vergissmi.net\/wp-content\/uploads\/2022\/09\/301957003_5370068053030224_924635565592423449_n-1024x577.jpg 1024w, https:\/\/www.vergissmi.net\/wp-content\/uploads\/2022\/09\/301957003_5370068053030224_924635565592423449_n-800x450.jpg 800w, https:\/\/www.vergissmi.net\/wp-content\/uploads\/2022\/09\/301957003_5370068053030224_924635565592423449_n-1536x865.jpg 1536w, https:\/\/www.vergissmi.net\/wp-content\/uploads\/2022\/09\/301957003_5370068053030224_924635565592423449_n.jpg 2048w\" sizes=\"(max-width: 1024px) 100vw, 1024px\" \/><\/figure>\n\n\n\n<p>Am n\u00e4chsten Morgen verhei\u00dft der Blick aus dem Zimmerfenster bereits Supergutes. Am Vorabend hat H\u00fcttenwirt Andi die genaue Sonnenaufgangszeit mit 06:23 durchgegeben, sodass ich bereits kurz vor davor aufgeregt vor der H\u00fctte patroullierte.<\/p>\n\n\n\n<figure class=\"wp-block-image size-large\"><img loading=\"lazy\" decoding=\"async\" width=\"1024\" height=\"577\" src=\"https:\/\/www.vergissmi.net\/wp-content\/uploads\/2022\/09\/302122317_5370069519696744_989300078268205287_n-1024x577.jpg\" alt=\"\" class=\"wp-image-13949\" srcset=\"https:\/\/www.vergissmi.net\/wp-content\/uploads\/2022\/09\/302122317_5370069519696744_989300078268205287_n-1024x577.jpg 1024w, https:\/\/www.vergissmi.net\/wp-content\/uploads\/2022\/09\/302122317_5370069519696744_989300078268205287_n-800x450.jpg 800w, https:\/\/www.vergissmi.net\/wp-content\/uploads\/2022\/09\/302122317_5370069519696744_989300078268205287_n-1536x865.jpg 1536w, https:\/\/www.vergissmi.net\/wp-content\/uploads\/2022\/09\/302122317_5370069519696744_989300078268205287_n.jpg 2048w\" sizes=\"(max-width: 1024px) 100vw, 1024px\" \/><\/figure>\n\n\n\n<p>P\u00fcnktlich laut Plan ging das Spektakel los &#8230;<\/p>\n\n\n\n<figure class=\"wp-block-image size-large\"><img loading=\"lazy\" decoding=\"async\" width=\"1024\" height=\"577\" src=\"https:\/\/www.vergissmi.net\/wp-content\/uploads\/2022\/09\/301878024_5370069449696751_1273215687717010987_n-1024x577.jpg\" alt=\"\" class=\"wp-image-13950\" srcset=\"https:\/\/www.vergissmi.net\/wp-content\/uploads\/2022\/09\/301878024_5370069449696751_1273215687717010987_n-1024x577.jpg 1024w, https:\/\/www.vergissmi.net\/wp-content\/uploads\/2022\/09\/301878024_5370069449696751_1273215687717010987_n-800x450.jpg 800w, https:\/\/www.vergissmi.net\/wp-content\/uploads\/2022\/09\/301878024_5370069449696751_1273215687717010987_n-1536x865.jpg 1536w, https:\/\/www.vergissmi.net\/wp-content\/uploads\/2022\/09\/301878024_5370069449696751_1273215687717010987_n.jpg 2048w\" sizes=\"(max-width: 1024px) 100vw, 1024px\" \/><\/figure>\n\n\n\n<p>Erstmals zeigt sich der gesamte gestrige Aufstiegsweg, der sich etwa von rechts hinten nach links vorne zieht. Im Hintergrund der wolkenlose und bereits sonnenbeschienene Gro\u00dfglockner:<\/p>\n\n\n\n<figure class=\"wp-block-image size-large\"><img loading=\"lazy\" decoding=\"async\" width=\"1024\" height=\"577\" src=\"https:\/\/www.vergissmi.net\/wp-content\/uploads\/2022\/09\/301695106_5370068626363500_4965855108354860363_n-1024x577.jpg\" alt=\"\" class=\"wp-image-13951\" srcset=\"https:\/\/www.vergissmi.net\/wp-content\/uploads\/2022\/09\/301695106_5370068626363500_4965855108354860363_n-1024x577.jpg 1024w, https:\/\/www.vergissmi.net\/wp-content\/uploads\/2022\/09\/301695106_5370068626363500_4965855108354860363_n-800x450.jpg 800w, https:\/\/www.vergissmi.net\/wp-content\/uploads\/2022\/09\/301695106_5370068626363500_4965855108354860363_n-1536x865.jpg 1536w, https:\/\/www.vergissmi.net\/wp-content\/uploads\/2022\/09\/301695106_5370068626363500_4965855108354860363_n.jpg 2048w\" sizes=\"(max-width: 1024px) 100vw, 1024px\" \/><\/figure>\n\n\n\n<p>Auch die Spalten zeigen sich noch deutlicher, als sie es gestern im Nebel getan haben. Gut so &#8230; oder auch nicht &#8230; wei\u00df nicht <img loading=\"lazy\" decoding=\"async\" src=\"https:\/\/static.xx.fbcdn.net\/images\/emoji.php\/v9\/t4c\/1\/16\/1f642.png\" alt=\"\ud83d\ude42\" width=\"16\" height=\"16\"><\/p>\n\n\n\n<figure class=\"wp-block-image size-large\"><img loading=\"lazy\" decoding=\"async\" width=\"1024\" height=\"577\" src=\"https:\/\/www.vergissmi.net\/wp-content\/uploads\/2022\/09\/301928070_5370070039696692_5417769988131420689_n-1024x577.jpg\" alt=\"\" class=\"wp-image-13952\" srcset=\"https:\/\/www.vergissmi.net\/wp-content\/uploads\/2022\/09\/301928070_5370070039696692_5417769988131420689_n-1024x577.jpg 1024w, https:\/\/www.vergissmi.net\/wp-content\/uploads\/2022\/09\/301928070_5370070039696692_5417769988131420689_n-800x450.jpg 800w, https:\/\/www.vergissmi.net\/wp-content\/uploads\/2022\/09\/301928070_5370070039696692_5417769988131420689_n-1536x865.jpg 1536w, https:\/\/www.vergissmi.net\/wp-content\/uploads\/2022\/09\/301928070_5370070039696692_5417769988131420689_n.jpg 2048w\" sizes=\"(max-width: 1024px) 100vw, 1024px\" \/><\/figure>\n\n\n\n<p>Die Nacht blieb frostfrei, so stellte sich kurz nach Halbsieben beinahe sowas wie T-Shirt-Wetter ein. Auch bei den Meteorologen wird schon flei\u00dfig gewerkelt &#8230;<\/p>\n\n\n\n<figure class=\"wp-block-image size-large\"><img loading=\"lazy\" decoding=\"async\" width=\"577\" height=\"1024\" src=\"https:\/\/www.vergissmi.net\/wp-content\/uploads\/2022\/09\/301891814_5370143626356000_1981059140860576263_n-577x1024.jpg\" alt=\"\" class=\"wp-image-13953\" srcset=\"https:\/\/www.vergissmi.net\/wp-content\/uploads\/2022\/09\/301891814_5370143626356000_1981059140860576263_n-577x1024.jpg 577w, https:\/\/www.vergissmi.net\/wp-content\/uploads\/2022\/09\/301891814_5370143626356000_1981059140860576263_n-450x800.jpg 450w, https:\/\/www.vergissmi.net\/wp-content\/uploads\/2022\/09\/301891814_5370143626356000_1981059140860576263_n-865x1536.jpg 865w, https:\/\/www.vergissmi.net\/wp-content\/uploads\/2022\/09\/301891814_5370143626356000_1981059140860576263_n.jpg 1153w\" sizes=\"(max-width: 577px) 100vw, 577px\" \/><\/figure>\n\n\n\n<p>In der Zwischenzeit hat uns H\u00fcttenwirt Andi ein Bombenfr\u00fchst\u00fcck hingestellt, das uns noch ein Weilchen besch\u00e4ftigt. Doch dann: 08 Uhr &#8211; das Tal ruft! F\u00fcr meine zwei M\u00fchlviertler Bergfreunde und mich steht nun der teilweise recht exponierte Abstieg zur Rojacherh\u00fctte auf dem Programm. Immer dem Grat entlang geht es &#8211; mal mit mehr, mal mit weniger Puffer zur den Steilw\u00e4nden linksrechts &#8211; zu den Resten des Goldbergkees&#8217; hinunter.<\/p>\n\n\n\n<figure class=\"wp-block-image size-large\"><img loading=\"lazy\" decoding=\"async\" width=\"1024\" height=\"577\" src=\"https:\/\/www.vergissmi.net\/wp-content\/uploads\/2022\/09\/301824942_5370069673030062_679324405108763668_n-1024x577.jpg\" alt=\"\" class=\"wp-image-13954\" srcset=\"https:\/\/www.vergissmi.net\/wp-content\/uploads\/2022\/09\/301824942_5370069673030062_679324405108763668_n-1024x577.jpg 1024w, https:\/\/www.vergissmi.net\/wp-content\/uploads\/2022\/09\/301824942_5370069673030062_679324405108763668_n-800x450.jpg 800w, https:\/\/www.vergissmi.net\/wp-content\/uploads\/2022\/09\/301824942_5370069673030062_679324405108763668_n-1536x865.jpg 1536w, https:\/\/www.vergissmi.net\/wp-content\/uploads\/2022\/09\/301824942_5370069673030062_679324405108763668_n.jpg 2048w\" sizes=\"(max-width: 1024px) 100vw, 1024px\" \/><\/figure>\n\n\n\n<p>Wie ich es schon von den Weitwanderwegen der Region kenne, leisten die Wegewarte der <strong><a rel=\"noreferrer noopener\" href=\"https:\/\/www.alpenverein.at\/rauris\/\" target=\"_blank\">AV Sektion Rauris<\/a><\/strong> hervorragende Markierungs- und Sicherungsarbeit, sodass wir nie gr\u00f6\u00dfere Schwierigkeiten zu meistern hatten und uns meist sorgenfrei am Blick zum Kees laben konnten:<\/p>\n\n\n\n<figure class=\"wp-block-image size-large\"><img loading=\"lazy\" decoding=\"async\" width=\"1024\" height=\"577\" src=\"https:\/\/www.vergissmi.net\/wp-content\/uploads\/2022\/09\/301631068_5370070416363321_915248928588146451_n-1024x577.jpg\" alt=\"\" class=\"wp-image-13955\" srcset=\"https:\/\/www.vergissmi.net\/wp-content\/uploads\/2022\/09\/301631068_5370070416363321_915248928588146451_n-1024x577.jpg 1024w, https:\/\/www.vergissmi.net\/wp-content\/uploads\/2022\/09\/301631068_5370070416363321_915248928588146451_n-800x450.jpg 800w, https:\/\/www.vergissmi.net\/wp-content\/uploads\/2022\/09\/301631068_5370070416363321_915248928588146451_n-1536x865.jpg 1536w, https:\/\/www.vergissmi.net\/wp-content\/uploads\/2022\/09\/301631068_5370070416363321_915248928588146451_n.jpg 2048w\" sizes=\"(max-width: 1024px) 100vw, 1024px\" \/><\/figure>\n\n\n\n<p>Auf der Rojacher H\u00fctte (st\u00e4ndig bewirtet, 10 Lager) g\u00f6nnen wir uns eine erste Pause &#8230;<\/p>\n\n\n\n<figure class=\"wp-block-image size-large\"><img loading=\"lazy\" decoding=\"async\" width=\"1024\" height=\"577\" src=\"https:\/\/www.vergissmi.net\/wp-content\/uploads\/2022\/09\/302006938_5370161913020838_2695536213548800636_n-1024x577.jpg\" alt=\"\" class=\"wp-image-13957\" srcset=\"https:\/\/www.vergissmi.net\/wp-content\/uploads\/2022\/09\/302006938_5370161913020838_2695536213548800636_n-1024x577.jpg 1024w, https:\/\/www.vergissmi.net\/wp-content\/uploads\/2022\/09\/302006938_5370161913020838_2695536213548800636_n-800x450.jpg 800w, https:\/\/www.vergissmi.net\/wp-content\/uploads\/2022\/09\/302006938_5370161913020838_2695536213548800636_n-1536x865.jpg 1536w, https:\/\/www.vergissmi.net\/wp-content\/uploads\/2022\/09\/302006938_5370161913020838_2695536213548800636_n.jpg 2048w\" sizes=\"(max-width: 1024px) 100vw, 1024px\" \/><\/figure>\n\n\n\n<p>&#8230; und geben uns bereitwillig dem Rauriser Charme fr\u00fcherer Zeiten hin.<\/p>\n\n\n\n<figure class=\"wp-block-image size-large\"><img loading=\"lazy\" decoding=\"async\" width=\"577\" height=\"1024\" src=\"https:\/\/www.vergissmi.net\/wp-content\/uploads\/2022\/09\/302085613_5370069133030116_3353982007927299532_n-577x1024.jpg\" alt=\"\" class=\"wp-image-13958\" srcset=\"https:\/\/www.vergissmi.net\/wp-content\/uploads\/2022\/09\/302085613_5370069133030116_3353982007927299532_n-577x1024.jpg 577w, https:\/\/www.vergissmi.net\/wp-content\/uploads\/2022\/09\/302085613_5370069133030116_3353982007927299532_n-450x800.jpg 450w, https:\/\/www.vergissmi.net\/wp-content\/uploads\/2022\/09\/302085613_5370069133030116_3353982007927299532_n-865x1536.jpg 865w, https:\/\/www.vergissmi.net\/wp-content\/uploads\/2022\/09\/302085613_5370069133030116_3353982007927299532_n.jpg 1153w\" sizes=\"(max-width: 577px) 100vw, 577px\" \/><\/figure>\n\n\n\n<p>Doch bald geht es weiter Richtung Schutzhaus Neubau &#8230;<\/p>\n\n\n\n<figure class=\"wp-block-image size-large\"><img loading=\"lazy\" decoding=\"async\" width=\"1024\" height=\"577\" src=\"https:\/\/www.vergissmi.net\/wp-content\/uploads\/2022\/09\/302098217_5370070979696598_3581945714627451023_n-1024x577.jpg\" alt=\"\" class=\"wp-image-13959\" srcset=\"https:\/\/www.vergissmi.net\/wp-content\/uploads\/2022\/09\/302098217_5370070979696598_3581945714627451023_n-1024x577.jpg 1024w, https:\/\/www.vergissmi.net\/wp-content\/uploads\/2022\/09\/302098217_5370070979696598_3581945714627451023_n-800x450.jpg 800w, https:\/\/www.vergissmi.net\/wp-content\/uploads\/2022\/09\/302098217_5370070979696598_3581945714627451023_n-1536x865.jpg 1536w, https:\/\/www.vergissmi.net\/wp-content\/uploads\/2022\/09\/302098217_5370070979696598_3581945714627451023_n.jpg 2048w\" sizes=\"(max-width: 1024px) 100vw, 1024px\" \/><\/figure>\n\n\n\n<p>&#8230; wo sich unsere Wege trennen &#8211; Fraktion Ober\u00f6sterreich steigt nach Kolm-Saigurn ab, w\u00e4hrend ich zum Niedersachsenhaus aufsteige. In meinem \u00fcber 20 Jahre alten Arnoweg-F\u00fchrer wird der direkte Weg zur Riffelscharte wegen Steinschlaggefahr umgangen &#8211; der Weg wird jedoch inzwischen wieder betreut und ist durchgehend markiert. Kurz vor der n\u00e4chsten H\u00fctte ein letzter R\u00fcckblick in das einstige Bergbaugebiet des Gewerken <a href=\"https:\/\/de.wikipedia.org\/wiki\/Ignaz_Rojacher\" target=\"_blank\" rel=\"noreferrer noopener\">Ignaz Rojacher<\/a>, der das Sonnblick-Observatorium begr\u00fcndet hat. Zwischen den Wolken taucht noch einmal der Sonnblick-Gipfel auf:<\/p>\n\n\n\n<figure class=\"wp-block-image size-large\"><img loading=\"lazy\" decoding=\"async\" width=\"1024\" height=\"577\" src=\"https:\/\/www.vergissmi.net\/wp-content\/uploads\/2022\/09\/301644410_5370070959696600_646437212104508406_n-1024x577.jpg\" alt=\"\" class=\"wp-image-13960\" srcset=\"https:\/\/www.vergissmi.net\/wp-content\/uploads\/2022\/09\/301644410_5370070959696600_646437212104508406_n-1024x577.jpg 1024w, https:\/\/www.vergissmi.net\/wp-content\/uploads\/2022\/09\/301644410_5370070959696600_646437212104508406_n-800x450.jpg 800w, https:\/\/www.vergissmi.net\/wp-content\/uploads\/2022\/09\/301644410_5370070959696600_646437212104508406_n-1536x865.jpg 1536w, https:\/\/www.vergissmi.net\/wp-content\/uploads\/2022\/09\/301644410_5370070959696600_646437212104508406_n.jpg 2048w\" sizes=\"(max-width: 1024px) 100vw, 1024px\" \/><\/figure>\n\n\n\n<p>Auf dem Niedersachsenhaus gibt&#8217;s eine Stunde sp\u00e4ter Spaghetti und Bier &#8211; der innere Hausfrieden ist wiederhergestellt.<\/p>\n\n\n\n<figure class=\"wp-block-image size-large\"><img loading=\"lazy\" decoding=\"async\" width=\"1024\" height=\"577\" src=\"https:\/\/www.vergissmi.net\/wp-content\/uploads\/2022\/09\/302103582_5370071123029917_2410613464544460950_n-1024x577.jpg\" alt=\"\" class=\"wp-image-13961\" srcset=\"https:\/\/www.vergissmi.net\/wp-content\/uploads\/2022\/09\/302103582_5370071123029917_2410613464544460950_n-1024x577.jpg 1024w, https:\/\/www.vergissmi.net\/wp-content\/uploads\/2022\/09\/302103582_5370071123029917_2410613464544460950_n-800x450.jpg 800w, https:\/\/www.vergissmi.net\/wp-content\/uploads\/2022\/09\/302103582_5370071123029917_2410613464544460950_n-1536x865.jpg 1536w, https:\/\/www.vergissmi.net\/wp-content\/uploads\/2022\/09\/302103582_5370071123029917_2410613464544460950_n.jpg 2048w\" sizes=\"(max-width: 1024px) 100vw, 1024px\" \/><\/figure>\n\n\n\n<p>Der Abstieg durchs sch\u00f6ne Stiglitztal bringt mich zum Valeriehaus in <strong>Sportgastein<\/strong>, wo ich diese Etappe &#8211; und damit meine Durchquerung der Hohen Tauern &#8211; beende. Geologisch stimmt das zwar nicht so ganz, doch da mit heutigem Tage die Steigeisen aus dem Rucksack fliegen, ist das f\u00fcr mich nun so, Punkt <img loading=\"lazy\" decoding=\"async\" src=\"https:\/\/static.xx.fbcdn.net\/images\/emoji.php\/v9\/t4c\/1\/16\/1f642.png\" alt=\"\ud83d\ude42\" width=\"16\" height=\"16\"><\/p>\n\n\n\n<figure class=\"wp-block-image size-large\"><img loading=\"lazy\" decoding=\"async\" width=\"1024\" height=\"577\" src=\"https:\/\/www.vergissmi.net\/wp-content\/uploads\/2022\/09\/302348682_5370071246363238_9182696522716782402_n-1024x577.jpg\" alt=\"\" class=\"wp-image-13963\" srcset=\"https:\/\/www.vergissmi.net\/wp-content\/uploads\/2022\/09\/302348682_5370071246363238_9182696522716782402_n-1024x577.jpg 1024w, https:\/\/www.vergissmi.net\/wp-content\/uploads\/2022\/09\/302348682_5370071246363238_9182696522716782402_n-800x450.jpg 800w, https:\/\/www.vergissmi.net\/wp-content\/uploads\/2022\/09\/302348682_5370071246363238_9182696522716782402_n-1536x865.jpg 1536w, https:\/\/www.vergissmi.net\/wp-content\/uploads\/2022\/09\/302348682_5370071246363238_9182696522716782402_n.jpg 2048w\" sizes=\"(max-width: 1024px) 100vw, 1024px\" \/><\/figure>\n","protected":false},"excerpt":{"rendered":"<div class=\"tmnf_excerpt\"><div class=\"tmnf_excerpt\"><p>In zwei Tagen ging es von der Glockner- in die Goldberggruppe und hinunter ins Gasteinertal. Warum der Arnoweg als Salzburger Landesrundwanderweg \u00fcberhaupt nach K\u00e4rnten f\u00fchrt, l\u00e4sst sich vielleicht dadurch erkl\u00e4ren, dass der Namenspatron Arno dereinst im 8. Jahrhundert in kirchlichen Angelegenheiten auch f\u00fcr Karantanien zust\u00e4ndig war. Immerhin war das Erzbistum Salzburg ja bis in die &hellip;<\/p>\n<\/div><\/div>","protected":false},"author":61,"featured_media":13964,"comment_status":"open","ping_status":"open","sticky":false,"template":"","format":"standard","meta":{"_s2mail":"yes","footnotes":""},"categories":[290,156,159,6,155],"tags":[],"class_list":["post-13942","post","type-post","status-publish","format-standard","has-post-thumbnail","hentry","category-arnoweg","category-oesterreich","category-salzburg","category-tourtagebuch","category-weitwandern","gallery-content-unit"],"_links":{"self":[{"href":"https:\/\/www.vergissmi.net\/index.php?rest_route=\/wp\/v2\/posts\/13942","targetHints":{"allow":["GET"]}}],"collection":[{"href":"https:\/\/www.vergissmi.net\/index.php?rest_route=\/wp\/v2\/posts"}],"about":[{"href":"https:\/\/www.vergissmi.net\/index.php?rest_route=\/wp\/v2\/types\/post"}],"author":[{"embeddable":true,"href":"https:\/\/www.vergissmi.net\/index.php?rest_route=\/wp\/v2\/users\/61"}],"replies":[{"embeddable":true,"href":"https:\/\/www.vergissmi.net\/index.php?rest_route=%2Fwp%2Fv2%2Fcomments&post=13942"}],"version-history":[{"count":8,"href":"https:\/\/www.vergissmi.net\/index.php?rest_route=\/wp\/v2\/posts\/13942\/revisions"}],"predecessor-version":[{"id":13996,"href":"https:\/\/www.vergissmi.net\/index.php?rest_route=\/wp\/v2\/posts\/13942\/revisions\/13996"}],"wp:featuredmedia":[{"embeddable":true,"href":"https:\/\/www.vergissmi.net\/index.php?rest_route=\/wp\/v2\/media\/13964"}],"wp:attachment":[{"href":"https:\/\/www.vergissmi.net\/index.php?rest_route=%2Fwp%2Fv2%2Fmedia&parent=13942"}],"wp:term":[{"taxonomy":"category","embeddable":true,"href":"https:\/\/www.vergissmi.net\/index.php?rest_route=%2Fwp%2Fv2%2Fcategories&post=13942"},{"taxonomy":"post_tag","embeddable":true,"href":"https:\/\/www.vergissmi.net\/index.php?rest_route=%2Fwp%2Fv2%2Ftags&post=13942"}],"curies":[{"name":"wp","href":"https:\/\/api.w.org\/{rel}","templated":true}]}}