{"id":14042,"date":"2023-07-16T20:01:39","date_gmt":"2023-07-16T18:01:39","guid":{"rendered":"https:\/\/www.vergissmi.net\/?p=14042"},"modified":"2023-09-08T09:11:45","modified_gmt":"2023-09-08T07:11:45","slug":"ueberschreitung-moelltaler-polinik-2784-m","status":"publish","type":"post","link":"https:\/\/www.vergissmi.net\/?p=14042","title":{"rendered":"\u00dcberschreitung M\u00f6lltaler Polinik, 2784 m"},"content":{"rendered":"\n<p><strong>(1 1\/2 Tage mit \u00dcN Polinikh\u00fctte. 2100 hm)<\/strong><\/p>\n\n\n\n<p>Wieder war es der inzwischen liebgewonnener Wanderf\u00fchrer aus dem 1976er-Jahr, der mein Verlangen nach einer Polinik-\u00dcberschreitung weckte: Der Vorschlag, von Obervellach aus die Polinikh\u00fctte anzuvisieren &#8230;<\/p>\n\n\n\n<figure class=\"wp-block-image size-large\"><img fetchpriority=\"high\" decoding=\"async\" width=\"1024\" height=\"577\" src=\"https:\/\/www.vergissmi.net\/wp-content\/uploads\/2023\/07\/348597844_6374737582563261_4742874519123968427_n-1024x577.jpg\" alt=\"\" class=\"wp-image-14043\" srcset=\"https:\/\/www.vergissmi.net\/wp-content\/uploads\/2023\/07\/348597844_6374737582563261_4742874519123968427_n-1024x577.jpg 1024w, https:\/\/www.vergissmi.net\/wp-content\/uploads\/2023\/07\/348597844_6374737582563261_4742874519123968427_n-800x450.jpg 800w, https:\/\/www.vergissmi.net\/wp-content\/uploads\/2023\/07\/348597844_6374737582563261_4742874519123968427_n-1536x865.jpg 1536w, https:\/\/www.vergissmi.net\/wp-content\/uploads\/2023\/07\/348597844_6374737582563261_4742874519123968427_n.jpg 2048w\" sizes=\"(max-width: 1024px) 100vw, 1024px\" \/><\/figure>\n\n\n\n<p>&#8230; und nach einer Nacht in dieser fast 140 Jahre alten, kleinen Bergh\u00fctte den Polinik, mit 2784 m der Gruppenh\u00f6chste der Kreuzeckgruppe, zur Brust zu nehmen:<\/p>\n\n\n\n<figure class=\"wp-block-image size-large\"><img decoding=\"async\" width=\"1024\" height=\"577\" src=\"https:\/\/www.vergissmi.net\/wp-content\/uploads\/2023\/07\/348645066_6374737519229934_2218537300068265744_n-1024x577.jpg\" alt=\"\" class=\"wp-image-14044\" srcset=\"https:\/\/www.vergissmi.net\/wp-content\/uploads\/2023\/07\/348645066_6374737519229934_2218537300068265744_n-1024x577.jpg 1024w, https:\/\/www.vergissmi.net\/wp-content\/uploads\/2023\/07\/348645066_6374737519229934_2218537300068265744_n-800x450.jpg 800w, https:\/\/www.vergissmi.net\/wp-content\/uploads\/2023\/07\/348645066_6374737519229934_2218537300068265744_n-1536x865.jpg 1536w, https:\/\/www.vergissmi.net\/wp-content\/uploads\/2023\/07\/348645066_6374737519229934_2218537300068265744_n.jpg 2048w\" sizes=\"(max-width: 1024px) 100vw, 1024px\" \/><\/figure>\n\n\n\n<p>Gemeinsam mit Tourenbegleiter Roman (ganz rechts) &#8230;<\/p>\n\n\n\n<figure class=\"wp-block-image size-large\"><img decoding=\"async\" width=\"1024\" height=\"577\" src=\"https:\/\/www.vergissmi.net\/wp-content\/uploads\/2023\/07\/347601227_6374751055895247_7908087752751313120_n-1024x577.jpg\" alt=\"\" class=\"wp-image-14045\" srcset=\"https:\/\/www.vergissmi.net\/wp-content\/uploads\/2023\/07\/347601227_6374751055895247_7908087752751313120_n-1024x577.jpg 1024w, https:\/\/www.vergissmi.net\/wp-content\/uploads\/2023\/07\/347601227_6374751055895247_7908087752751313120_n-800x450.jpg 800w, https:\/\/www.vergissmi.net\/wp-content\/uploads\/2023\/07\/347601227_6374751055895247_7908087752751313120_n-1536x865.jpg 1536w, https:\/\/www.vergissmi.net\/wp-content\/uploads\/2023\/07\/347601227_6374751055895247_7908087752751313120_n.jpg 2048w\" sizes=\"(max-width: 1024px) 100vw, 1024px\" \/><\/figure>\n\n\n\n<p>&#8230; ging es also zuerst mal nach Flattach, um dort das Auto abzustellen. Future Martin und Future Roman werden sich einen Tag sp\u00e4ter sicher freuen, wenn der Heimfahrschlitten bereits am Zielort wartet. Weiter mit dem Bus nach Obervellach und los geht&#8217;s!<\/p>\n\n\n\n<p>Der <a href=\"https:\/\/www.facebook.com\/SektionMoelltal?__tn__=-]K*F\">Alpenverein Sektion M\u00f6lltal<\/a> hat gerade erst die Wege zur H\u00fctte in Schuss gebracht &#8211; wir wandern auf englischem Rasen dem Tagesziel entgegen.<\/p>\n\n\n\n<figure class=\"wp-block-image size-large\"><img loading=\"lazy\" decoding=\"async\" width=\"577\" height=\"1024\" src=\"https:\/\/www.vergissmi.net\/wp-content\/uploads\/2023\/07\/347609332_6374751529228533_2748157560190030211_n-577x1024.jpg\" alt=\"\" class=\"wp-image-14046\" srcset=\"https:\/\/www.vergissmi.net\/wp-content\/uploads\/2023\/07\/347609332_6374751529228533_2748157560190030211_n-577x1024.jpg 577w, https:\/\/www.vergissmi.net\/wp-content\/uploads\/2023\/07\/347609332_6374751529228533_2748157560190030211_n-450x800.jpg 450w, https:\/\/www.vergissmi.net\/wp-content\/uploads\/2023\/07\/347609332_6374751529228533_2748157560190030211_n-865x1536.jpg 865w, https:\/\/www.vergissmi.net\/wp-content\/uploads\/2023\/07\/347609332_6374751529228533_2748157560190030211_n.jpg 1153w\" sizes=\"(max-width: 577px) 100vw, 577px\" \/><\/figure>\n\n\n\n<p>Auf der H\u00fctte mit ihren aktuell 12 N\u00e4chtigungspl\u00e4tzen (das Lager wird grad renoviert) geht es sehr gem\u00fctlich zu und die Biere verfliegen wie im Flug.<\/p>\n\n\n\n<figure class=\"wp-block-image size-large\"><img loading=\"lazy\" decoding=\"async\" width=\"1024\" height=\"577\" src=\"https:\/\/www.vergissmi.net\/wp-content\/uploads\/2023\/07\/350115399_6374751659228520_1727749966958819767_n-1024x577.jpg\" alt=\"\" class=\"wp-image-14047\" srcset=\"https:\/\/www.vergissmi.net\/wp-content\/uploads\/2023\/07\/350115399_6374751659228520_1727749966958819767_n-1024x577.jpg 1024w, https:\/\/www.vergissmi.net\/wp-content\/uploads\/2023\/07\/350115399_6374751659228520_1727749966958819767_n-800x450.jpg 800w, https:\/\/www.vergissmi.net\/wp-content\/uploads\/2023\/07\/350115399_6374751659228520_1727749966958819767_n-1536x865.jpg 1536w, https:\/\/www.vergissmi.net\/wp-content\/uploads\/2023\/07\/350115399_6374751659228520_1727749966958819767_n.jpg 2048w\" sizes=\"(max-width: 1024px) 100vw, 1024px\" \/><\/figure>\n\n\n\n<p>\u00dcberhaupt wird die gesamte H\u00fctte seit 2 Jahren einem Facelifting unterzogen: In allen R\u00e4umen wurde das alte Holz (die urspr\u00fcngliche Bausubstanz) wieder aufpoliert &#8211; alles sehr heimelig hier!<\/p>\n\n\n\n<figure class=\"wp-block-image size-large\"><img loading=\"lazy\" decoding=\"async\" width=\"1024\" height=\"577\" src=\"https:\/\/www.vergissmi.net\/wp-content\/uploads\/2023\/07\/348589628_6374751265895226_7670366768765168227_n-1024x577.jpg\" alt=\"\" class=\"wp-image-14048\" srcset=\"https:\/\/www.vergissmi.net\/wp-content\/uploads\/2023\/07\/348589628_6374751265895226_7670366768765168227_n-1024x577.jpg 1024w, https:\/\/www.vergissmi.net\/wp-content\/uploads\/2023\/07\/348589628_6374751265895226_7670366768765168227_n-800x450.jpg 800w, https:\/\/www.vergissmi.net\/wp-content\/uploads\/2023\/07\/348589628_6374751265895226_7670366768765168227_n-1536x865.jpg 1536w, https:\/\/www.vergissmi.net\/wp-content\/uploads\/2023\/07\/348589628_6374751265895226_7670366768765168227_n.jpg 2048w\" sizes=\"(max-width: 1024px) 100vw, 1024px\" \/><\/figure>\n\n\n\n<p>Am n\u00e4chsten Morgen erwartet uns nach dem Fr\u00fchst\u00fcck pr\u00e4chtiges Bergwetter &#8211; wir werden die n\u00e4chsten 8 Stunden keinen Schatten mehr sehen.<\/p>\n\n\n\n<figure class=\"wp-block-image size-large\"><img loading=\"lazy\" decoding=\"async\" width=\"1024\" height=\"577\" src=\"https:\/\/www.vergissmi.net\/wp-content\/uploads\/2023\/07\/347634275_6374751145895238_289473328857061165_n-1024x577.jpg\" alt=\"\" class=\"wp-image-14049\" srcset=\"https:\/\/www.vergissmi.net\/wp-content\/uploads\/2023\/07\/347634275_6374751145895238_289473328857061165_n-1024x577.jpg 1024w, https:\/\/www.vergissmi.net\/wp-content\/uploads\/2023\/07\/347634275_6374751145895238_289473328857061165_n-800x450.jpg 800w, https:\/\/www.vergissmi.net\/wp-content\/uploads\/2023\/07\/347634275_6374751145895238_289473328857061165_n-1536x865.jpg 1536w, https:\/\/www.vergissmi.net\/wp-content\/uploads\/2023\/07\/347634275_6374751145895238_289473328857061165_n.jpg 2048w\" sizes=\"(max-width: 1024px) 100vw, 1024px\" \/><\/figure>\n\n\n\n<p>Auf der knackigen Direttissima geht es zuerst mal von der H\u00fctte zum 2131 m hohen, familienfreundlichen Ebeneck.<\/p>\n\n\n\n<figure class=\"wp-block-image size-large\"><img loading=\"lazy\" decoding=\"async\" width=\"1024\" height=\"577\" src=\"https:\/\/www.vergissmi.net\/wp-content\/uploads\/2023\/07\/347622500_6374752019228484_4749061542991375545_n-1024x577.jpg\" alt=\"\" class=\"wp-image-14050\" srcset=\"https:\/\/www.vergissmi.net\/wp-content\/uploads\/2023\/07\/347622500_6374752019228484_4749061542991375545_n-1024x577.jpg 1024w, https:\/\/www.vergissmi.net\/wp-content\/uploads\/2023\/07\/347622500_6374752019228484_4749061542991375545_n-800x450.jpg 800w, https:\/\/www.vergissmi.net\/wp-content\/uploads\/2023\/07\/347622500_6374752019228484_4749061542991375545_n-1536x865.jpg 1536w, https:\/\/www.vergissmi.net\/wp-content\/uploads\/2023\/07\/347622500_6374752019228484_4749061542991375545_n.jpg 2048w\" sizes=\"(max-width: 1024px) 100vw, 1024px\" \/><\/figure>\n\n\n\n<p>Schon von der H\u00fctte aus war der Blick in die hohen Tauern nicht von schlechten Eltern, aber hier, rund 300 hm weiter oben, kommen nun die richtigen Kapazunder dazu &#8211; Glockner, Hochalm, Ankogel &#8211; alle da auf einmal.<\/p>\n\n\n\n<figure class=\"wp-block-image size-large\"><img loading=\"lazy\" decoding=\"async\" width=\"1024\" height=\"577\" src=\"https:\/\/www.vergissmi.net\/wp-content\/uploads\/2023\/07\/348655986_6374751855895167_3130946379861396450_n-1024x577.jpg\" alt=\"\" class=\"wp-image-14051\" srcset=\"https:\/\/www.vergissmi.net\/wp-content\/uploads\/2023\/07\/348655986_6374751855895167_3130946379861396450_n-1024x577.jpg 1024w, https:\/\/www.vergissmi.net\/wp-content\/uploads\/2023\/07\/348655986_6374751855895167_3130946379861396450_n-800x450.jpg 800w, https:\/\/www.vergissmi.net\/wp-content\/uploads\/2023\/07\/348655986_6374751855895167_3130946379861396450_n-1536x865.jpg 1536w, https:\/\/www.vergissmi.net\/wp-content\/uploads\/2023\/07\/348655986_6374751855895167_3130946379861396450_n.jpg 2048w\" sizes=\"(max-width: 1024px) 100vw, 1024px\" \/><\/figure>\n\n\n\n<p>Der Kreuzeck-H\u00f6henweg f\u00fchrt uns nun unter den M\u00f6rnigk\u00f6pfen bei in etwa gleichbleibender H\u00f6he unter die Nordflanke des Polinik.<\/p>\n\n\n\n<figure class=\"wp-block-image size-large\"><img loading=\"lazy\" decoding=\"async\" width=\"1024\" height=\"577\" src=\"https:\/\/www.vergissmi.net\/wp-content\/uploads\/2023\/07\/348318072_6374752182561801_42466529551572366_n-1024x577.jpg\" alt=\"\" class=\"wp-image-14052\" srcset=\"https:\/\/www.vergissmi.net\/wp-content\/uploads\/2023\/07\/348318072_6374752182561801_42466529551572366_n-1024x577.jpg 1024w, https:\/\/www.vergissmi.net\/wp-content\/uploads\/2023\/07\/348318072_6374752182561801_42466529551572366_n-800x450.jpg 800w, https:\/\/www.vergissmi.net\/wp-content\/uploads\/2023\/07\/348318072_6374752182561801_42466529551572366_n-1536x865.jpg 1536w, https:\/\/www.vergissmi.net\/wp-content\/uploads\/2023\/07\/348318072_6374752182561801_42466529551572366_n.jpg 2048w\" sizes=\"(max-width: 1024px) 100vw, 1024px\" \/><\/figure>\n\n\n\n<p>Die letzten 100 H\u00f6henmeter werden dann zunehmend zackiger &#8211; es folgen einige kurze ausgesetzte Stellen, alles aber kein Drama.<\/p>\n\n\n\n<figure class=\"wp-block-image size-large\"><img loading=\"lazy\" decoding=\"async\" width=\"1024\" height=\"577\" src=\"https:\/\/www.vergissmi.net\/wp-content\/uploads\/2023\/07\/350114608_6374757525894600_496484653704939375_n-1024x577.jpg\" alt=\"\" class=\"wp-image-14053\" srcset=\"https:\/\/www.vergissmi.net\/wp-content\/uploads\/2023\/07\/350114608_6374757525894600_496484653704939375_n-1024x577.jpg 1024w, https:\/\/www.vergissmi.net\/wp-content\/uploads\/2023\/07\/350114608_6374757525894600_496484653704939375_n-800x450.jpg 800w, https:\/\/www.vergissmi.net\/wp-content\/uploads\/2023\/07\/350114608_6374757525894600_496484653704939375_n-1536x865.jpg 1536w, https:\/\/www.vergissmi.net\/wp-content\/uploads\/2023\/07\/350114608_6374757525894600_496484653704939375_n.jpg 2048w\" sizes=\"(max-width: 1024px) 100vw, 1024px\" \/><\/figure>\n\n\n\n<p>Der letzte Aufschwung zum Gipfelgrat ist \u00fcberwiegend seilgesichert, jedoch kaum ausgesetzt. Hier der R\u00fcckblick auf die M\u00f6rnigk\u00f6pfe &#8211; der Aufstiegsweg l\u00e4sst sich darunter erkennen.<\/p>\n\n\n\n<figure class=\"wp-block-image size-large\"><img loading=\"lazy\" decoding=\"async\" width=\"1024\" height=\"577\" src=\"https:\/\/www.vergissmi.net\/wp-content\/uploads\/2023\/07\/347604735_6374757749227911_5848251811222109385_n-1024x577.jpg\" alt=\"\" class=\"wp-image-14054\" srcset=\"https:\/\/www.vergissmi.net\/wp-content\/uploads\/2023\/07\/347604735_6374757749227911_5848251811222109385_n-1024x577.jpg 1024w, https:\/\/www.vergissmi.net\/wp-content\/uploads\/2023\/07\/347604735_6374757749227911_5848251811222109385_n-800x450.jpg 800w, https:\/\/www.vergissmi.net\/wp-content\/uploads\/2023\/07\/347604735_6374757749227911_5848251811222109385_n-1536x865.jpg 1536w, https:\/\/www.vergissmi.net\/wp-content\/uploads\/2023\/07\/347604735_6374757749227911_5848251811222109385_n.jpg 2048w\" sizes=\"(max-width: 1024px) 100vw, 1024px\" \/><\/figure>\n\n\n\n<p>Erst am Grat zeigt sich der h\u00f6chste Punkt dieser Tour in seiner ganzen Pracht &#8211; nur mehr ein paar Meter und einmal am Seil um den Gipfel herum &#8230;<\/p>\n\n\n\n<figure class=\"wp-block-image size-large\"><img loading=\"lazy\" decoding=\"async\" width=\"1024\" height=\"577\" src=\"https:\/\/www.vergissmi.net\/wp-content\/uploads\/2023\/07\/348289229_6374756975894655_3775756002590720500_n-1024x577.jpg\" alt=\"\" class=\"wp-image-14055\" srcset=\"https:\/\/www.vergissmi.net\/wp-content\/uploads\/2023\/07\/348289229_6374756975894655_3775756002590720500_n-1024x577.jpg 1024w, https:\/\/www.vergissmi.net\/wp-content\/uploads\/2023\/07\/348289229_6374756975894655_3775756002590720500_n-800x450.jpg 800w, https:\/\/www.vergissmi.net\/wp-content\/uploads\/2023\/07\/348289229_6374756975894655_3775756002590720500_n-1536x865.jpg 1536w, https:\/\/www.vergissmi.net\/wp-content\/uploads\/2023\/07\/348289229_6374756975894655_3775756002590720500_n.jpg 2048w\" sizes=\"(max-width: 1024px) 100vw, 1024px\" \/><\/figure>\n\n\n\n<p>&#8230; und wir d\u00fcrfen ziemlich genau zur Mittagszeit das Gipfelbuch signieren &#8211; mit Blick auf die gesamte Rei\u00dfeckgruppe links und runter bis zum <a href=\"https:\/\/www.facebook.com\/profile.php?id=100080090073848&amp;__tn__=-]K*F\">Millst\u00e4tter See<\/a> rechts am Bildrand:<\/p>\n\n\n\n<figure class=\"wp-block-image size-large\"><img loading=\"lazy\" decoding=\"async\" width=\"1024\" height=\"577\" src=\"https:\/\/www.vergissmi.net\/wp-content\/uploads\/2023\/07\/348655084_6374757025894650_6605096538822504144_n-1024x577.jpg\" alt=\"\" class=\"wp-image-14056\" srcset=\"https:\/\/www.vergissmi.net\/wp-content\/uploads\/2023\/07\/348655084_6374757025894650_6605096538822504144_n-1024x577.jpg 1024w, https:\/\/www.vergissmi.net\/wp-content\/uploads\/2023\/07\/348655084_6374757025894650_6605096538822504144_n-800x450.jpg 800w, https:\/\/www.vergissmi.net\/wp-content\/uploads\/2023\/07\/348655084_6374757025894650_6605096538822504144_n-1536x865.jpg 1536w, https:\/\/www.vergissmi.net\/wp-content\/uploads\/2023\/07\/348655084_6374757025894650_6605096538822504144_n.jpg 2048w\" sizes=\"(max-width: 1024px) 100vw, 1024px\" \/><\/figure>\n\n\n\n<p>Die Aussicht ist ph\u00e4nomenal &#8211; ich w\u00fcrd sogar meinen, dass ich schon l\u00e4ngere Zeit nicht mehr ein so abwechslungsreiches, gro\u00dfartiges Bergpanorama hatte wie heute. Hier der Blick zur\u00fcck ins Tal (ca. Stallhofen) &#8211; und r\u00fcber zur Hochalm:<\/p>\n\n\n\n<figure class=\"wp-block-image size-large\"><img loading=\"lazy\" decoding=\"async\" width=\"1024\" height=\"577\" src=\"https:\/\/www.vergissmi.net\/wp-content\/uploads\/2023\/07\/347612755_6374757145894638_5873685884913950310_n-1024x577.jpg\" alt=\"\" class=\"wp-image-14057\" srcset=\"https:\/\/www.vergissmi.net\/wp-content\/uploads\/2023\/07\/347612755_6374757145894638_5873685884913950310_n-1024x577.jpg 1024w, https:\/\/www.vergissmi.net\/wp-content\/uploads\/2023\/07\/347612755_6374757145894638_5873685884913950310_n-800x450.jpg 800w, https:\/\/www.vergissmi.net\/wp-content\/uploads\/2023\/07\/347612755_6374757145894638_5873685884913950310_n-1536x865.jpg 1536w, https:\/\/www.vergissmi.net\/wp-content\/uploads\/2023\/07\/347612755_6374757145894638_5873685884913950310_n.jpg 2048w\" sizes=\"(max-width: 1024px) 100vw, 1024px\" \/><\/figure>\n\n\n\n<p>Auch der Blick auf unsere zweite Tourenh\u00e4lfte ist irre &#8211; wir werden nun weiter zur Teuchlscharte lustwandeln und gedenken, uns in ca. 2,5 Stunden da gaaaanz unten rechts auf der Stalla-Alm wiederzufinden:<\/p>\n\n\n\n<figure class=\"wp-block-image size-large\"><img loading=\"lazy\" decoding=\"async\" width=\"1024\" height=\"577\" src=\"https:\/\/www.vergissmi.net\/wp-content\/uploads\/2023\/07\/348325057_6374757989227887_3202790096969730235_n-1024x577.jpg\" alt=\"\" class=\"wp-image-14058\" srcset=\"https:\/\/www.vergissmi.net\/wp-content\/uploads\/2023\/07\/348325057_6374757989227887_3202790096969730235_n-1024x577.jpg 1024w, https:\/\/www.vergissmi.net\/wp-content\/uploads\/2023\/07\/348325057_6374757989227887_3202790096969730235_n-800x450.jpg 800w, https:\/\/www.vergissmi.net\/wp-content\/uploads\/2023\/07\/348325057_6374757989227887_3202790096969730235_n-1536x865.jpg 1536w, https:\/\/www.vergissmi.net\/wp-content\/uploads\/2023\/07\/348325057_6374757989227887_3202790096969730235_n.jpg 2048w\" sizes=\"(max-width: 1024px) 100vw, 1024px\" \/><\/figure>\n\n\n\n<p>Doch zuerst geht es quasi fast in die Gegenrichtung in das Schuttkar Blickrichtung Gamskarspitz. Hier warten auch noch einige (unschwierige) Seilpassagen auf uns &#8230;<\/p>\n\n\n\n<figure class=\"wp-block-image size-large\"><img loading=\"lazy\" decoding=\"async\" width=\"1024\" height=\"577\" src=\"https:\/\/www.vergissmi.net\/wp-content\/uploads\/2023\/07\/347605572_6374757362561283_2628801928047975258_n-1024x577.jpg\" alt=\"\" class=\"wp-image-14059\" srcset=\"https:\/\/www.vergissmi.net\/wp-content\/uploads\/2023\/07\/347605572_6374757362561283_2628801928047975258_n-1024x577.jpg 1024w, https:\/\/www.vergissmi.net\/wp-content\/uploads\/2023\/07\/347605572_6374757362561283_2628801928047975258_n-800x450.jpg 800w, https:\/\/www.vergissmi.net\/wp-content\/uploads\/2023\/07\/347605572_6374757362561283_2628801928047975258_n-1536x865.jpg 1536w, https:\/\/www.vergissmi.net\/wp-content\/uploads\/2023\/07\/347605572_6374757362561283_2628801928047975258_n.jpg 2048w\" sizes=\"(max-width: 1024px) 100vw, 1024px\" \/><\/figure>\n\n\n\n<p>&#8230; bevor wir nach einem letzten R\u00fcckblick zum Gipfel &#8230;<\/p>\n\n\n\n<figure class=\"wp-block-image size-large\"><img loading=\"lazy\" decoding=\"async\" width=\"1024\" height=\"577\" src=\"https:\/\/www.vergissmi.net\/wp-content\/uploads\/2023\/07\/348722500_6374758222561197_9099063628935728033_n-1024x577.jpg\" alt=\"\" class=\"wp-image-14060\" srcset=\"https:\/\/www.vergissmi.net\/wp-content\/uploads\/2023\/07\/348722500_6374758222561197_9099063628935728033_n-1024x577.jpg 1024w, https:\/\/www.vergissmi.net\/wp-content\/uploads\/2023\/07\/348722500_6374758222561197_9099063628935728033_n-800x450.jpg 800w, https:\/\/www.vergissmi.net\/wp-content\/uploads\/2023\/07\/348722500_6374758222561197_9099063628935728033_n-1536x865.jpg 1536w, https:\/\/www.vergissmi.net\/wp-content\/uploads\/2023\/07\/348722500_6374758222561197_9099063628935728033_n.jpg 2048w\" sizes=\"(max-width: 1024px) 100vw, 1024px\" \/><\/figure>\n\n\n\n<p>&#8230; der Teuchlscharte zuschnaufen. Gemeinsam mit unseren neuen Freunden &#8230;<\/p>\n\n\n\n<figure class=\"wp-block-image size-large\"><img loading=\"lazy\" decoding=\"async\" width=\"1024\" height=\"577\" src=\"https:\/\/www.vergissmi.net\/wp-content\/uploads\/2023\/07\/348311521_6374758339227852_1296106657902561095_n-1024x577.jpg\" alt=\"\" class=\"wp-image-14061\" srcset=\"https:\/\/www.vergissmi.net\/wp-content\/uploads\/2023\/07\/348311521_6374758339227852_1296106657902561095_n-1024x577.jpg 1024w, https:\/\/www.vergissmi.net\/wp-content\/uploads\/2023\/07\/348311521_6374758339227852_1296106657902561095_n-800x450.jpg 800w, https:\/\/www.vergissmi.net\/wp-content\/uploads\/2023\/07\/348311521_6374758339227852_1296106657902561095_n-1536x865.jpg 1536w, https:\/\/www.vergissmi.net\/wp-content\/uploads\/2023\/07\/348311521_6374758339227852_1296106657902561095_n.jpg 2048w\" sizes=\"(max-width: 1024px) 100vw, 1024px\" \/><\/figure>\n\n\n\n<p>&#8230; verlieren wir rasch an H\u00f6henmetern &#8230;<\/p>\n\n\n\n<figure class=\"wp-block-image size-large\"><img loading=\"lazy\" decoding=\"async\" width=\"1024\" height=\"577\" src=\"https:\/\/www.vergissmi.net\/wp-content\/uploads\/2023\/07\/347627062_6374750999228586_1811944104728462625_n-1024x577.jpg\" alt=\"\" class=\"wp-image-14062\" srcset=\"https:\/\/www.vergissmi.net\/wp-content\/uploads\/2023\/07\/347627062_6374750999228586_1811944104728462625_n-1024x577.jpg 1024w, https:\/\/www.vergissmi.net\/wp-content\/uploads\/2023\/07\/347627062_6374750999228586_1811944104728462625_n-800x450.jpg 800w, https:\/\/www.vergissmi.net\/wp-content\/uploads\/2023\/07\/347627062_6374750999228586_1811944104728462625_n-1536x865.jpg 1536w, https:\/\/www.vergissmi.net\/wp-content\/uploads\/2023\/07\/347627062_6374750999228586_1811944104728462625_n.jpg 2048w\" sizes=\"(max-width: 1024px) 100vw, 1024px\" \/><\/figure>\n\n\n\n<p>&#8230; und schon ist sie da, die Scharte des Teuchls.<\/p>\n\n\n\n<figure class=\"wp-block-image size-large\"><img loading=\"lazy\" decoding=\"async\" width=\"1024\" height=\"577\" src=\"https:\/\/www.vergissmi.net\/wp-content\/uploads\/2023\/07\/348623262_6374758545894498_6906151089504013789_n-1024x577.jpg\" alt=\"\" class=\"wp-image-14063\" srcset=\"https:\/\/www.vergissmi.net\/wp-content\/uploads\/2023\/07\/348623262_6374758545894498_6906151089504013789_n-1024x577.jpg 1024w, https:\/\/www.vergissmi.net\/wp-content\/uploads\/2023\/07\/348623262_6374758545894498_6906151089504013789_n-800x450.jpg 800w, https:\/\/www.vergissmi.net\/wp-content\/uploads\/2023\/07\/348623262_6374758545894498_6906151089504013789_n-1536x865.jpg 1536w, https:\/\/www.vergissmi.net\/wp-content\/uploads\/2023\/07\/348623262_6374758545894498_6906151089504013789_n.jpg 2048w\" sizes=\"(max-width: 1024px) 100vw, 1024px\" \/><\/figure>\n\n\n\n<p>Frohen Mutes h\u00fcpfen wir dr\u00fcber und lassen uns ins Tal rollen.<\/p>\n\n\n\n<figure class=\"wp-block-image size-large\"><img loading=\"lazy\" decoding=\"async\" width=\"1024\" height=\"577\" src=\"https:\/\/www.vergissmi.net\/wp-content\/uploads\/2023\/07\/347846689_6374758752561144_2536688077493585471_n-1024x577.jpg\" alt=\"\" class=\"wp-image-14064\" srcset=\"https:\/\/www.vergissmi.net\/wp-content\/uploads\/2023\/07\/347846689_6374758752561144_2536688077493585471_n-1024x577.jpg 1024w, https:\/\/www.vergissmi.net\/wp-content\/uploads\/2023\/07\/347846689_6374758752561144_2536688077493585471_n-800x450.jpg 800w, https:\/\/www.vergissmi.net\/wp-content\/uploads\/2023\/07\/347846689_6374758752561144_2536688077493585471_n-1536x865.jpg 1536w, https:\/\/www.vergissmi.net\/wp-content\/uploads\/2023\/07\/347846689_6374758752561144_2536688077493585471_n.jpg 2048w\" sizes=\"(max-width: 1024px) 100vw, 1024px\" \/><\/figure>\n\n\n\n<p>Alles w\u00e4r so sch\u00f6n geendet, w\u00e4re uns nicht kurz vor der Alm ein (unverschuldeter) Verhauer passiert: In ALLEN Karten ist von der H\u00fctte weg ein Wanderweg hinunter zur Ragga-Alm eingezeichnet &#8211; nur wird dieser Weg seit vielen Jahren nicht mehr gewartet und ist an etlichen Stellen \u00fcberhaupt unterbrochen. Steile Schuttrinnen &#8211; Absturzgefahr &#8211; alles andere als lustig. Irgendwie haben wir es aber trotzdem runtergeschafft &#8211; und wurden von den super Burschen, die auf der Ragga-Alm &#8220;daheim&#8221; sind, mit mehreren &#8220;Kaltgetr\u00e4nken&#8221; aufgepeppelt &#8230;<\/p>\n\n\n\n<figure class=\"wp-block-image size-large\"><img loading=\"lazy\" decoding=\"async\" width=\"1024\" height=\"577\" src=\"https:\/\/www.vergissmi.net\/wp-content\/uploads\/2023\/07\/348863839_6374759162561103_2834085940150215707_n-1024x577.jpg\" alt=\"\" class=\"wp-image-14065\" srcset=\"https:\/\/www.vergissmi.net\/wp-content\/uploads\/2023\/07\/348863839_6374759162561103_2834085940150215707_n-1024x577.jpg 1024w, https:\/\/www.vergissmi.net\/wp-content\/uploads\/2023\/07\/348863839_6374759162561103_2834085940150215707_n-800x450.jpg 800w, https:\/\/www.vergissmi.net\/wp-content\/uploads\/2023\/07\/348863839_6374759162561103_2834085940150215707_n-1536x865.jpg 1536w, https:\/\/www.vergissmi.net\/wp-content\/uploads\/2023\/07\/348863839_6374759162561103_2834085940150215707_n.jpg 2048w\" sizes=\"(max-width: 1024px) 100vw, 1024px\" \/><\/figure>\n\n\n\n<p>&#8230; und zu guter Letzt wurde uns auch eine Mitfahrgelegenheit auf der Pritsche angeboten &#8211; was uns ziemlich genau 10 Kilometer Schotterweg ersparte.<br><br>Und es ist wie immer: The Trail Provides! Pizza unterwegs auf der Heimfahrt statt abendf\u00fcllendem Forstweghatsch &#8211; Mahlzeit!<\/p>\n\n\n\n<p>Und LG an alle Teuchler Angererischen da drau\u00dfen!<\/p>\n\n\n\n<p><\/p>\n","protected":false},"excerpt":{"rendered":"<div class=\"tmnf_excerpt\"><div class=\"tmnf_excerpt\"><p>(1 1\/2 Tage mit \u00dcN Polinikh\u00fctte. 2100 hm) Wieder war es der inzwischen liebgewonnener Wanderf\u00fchrer aus dem 1976er-Jahr, der mein Verlangen nach einer Polinik-\u00dcberschreitung weckte: Der Vorschlag, von Obervellach aus die Polinikh\u00fctte anzuvisieren &#8230; &#8230; und nach einer Nacht in dieser fast 140 Jahre alten, kleinen Bergh\u00fctte den Polinik, mit 2784 m der Gruppenh\u00f6chste der &hellip;<\/p>\n<\/div><\/div>","protected":false},"author":61,"featured_media":14058,"comment_status":"open","ping_status":"open","sticky":false,"template":"","format":"standard","meta":{"_s2mail":"yes","footnotes":""},"categories":[156,158],"tags":[300,299],"class_list":["post-14042","post","type-post","status-publish","format-standard","has-post-thumbnail","hentry","category-oesterreich","category-kaernten","tag-kreuzeck-hoehenweg","tag-kreuzeckgruppe","gallery-content-unit"],"_links":{"self":[{"href":"https:\/\/www.vergissmi.net\/index.php?rest_route=\/wp\/v2\/posts\/14042","targetHints":{"allow":["GET"]}}],"collection":[{"href":"https:\/\/www.vergissmi.net\/index.php?rest_route=\/wp\/v2\/posts"}],"about":[{"href":"https:\/\/www.vergissmi.net\/index.php?rest_route=\/wp\/v2\/types\/post"}],"author":[{"embeddable":true,"href":"https:\/\/www.vergissmi.net\/index.php?rest_route=\/wp\/v2\/users\/61"}],"replies":[{"embeddable":true,"href":"https:\/\/www.vergissmi.net\/index.php?rest_route=%2Fwp%2Fv2%2Fcomments&post=14042"}],"version-history":[{"count":3,"href":"https:\/\/www.vergissmi.net\/index.php?rest_route=\/wp\/v2\/posts\/14042\/revisions"}],"predecessor-version":[{"id":14217,"href":"https:\/\/www.vergissmi.net\/index.php?rest_route=\/wp\/v2\/posts\/14042\/revisions\/14217"}],"wp:featuredmedia":[{"embeddable":true,"href":"https:\/\/www.vergissmi.net\/index.php?rest_route=\/wp\/v2\/media\/14058"}],"wp:attachment":[{"href":"https:\/\/www.vergissmi.net\/index.php?rest_route=%2Fwp%2Fv2%2Fmedia&parent=14042"}],"wp:term":[{"taxonomy":"category","embeddable":true,"href":"https:\/\/www.vergissmi.net\/index.php?rest_route=%2Fwp%2Fv2%2Fcategories&post=14042"},{"taxonomy":"post_tag","embeddable":true,"href":"https:\/\/www.vergissmi.net\/index.php?rest_route=%2Fwp%2Fv2%2Ftags&post=14042"}],"curies":[{"name":"wp","href":"https:\/\/api.w.org\/{rel}","templated":true}]}}