{"id":14069,"date":"2023-07-27T22:18:36","date_gmt":"2023-07-27T20:18:36","guid":{"rendered":"https:\/\/www.vergissmi.net\/?p=14069"},"modified":"2023-07-29T23:08:41","modified_gmt":"2023-07-29T21:08:41","slug":"hochweissstein-monte-peralba-2694-m","status":"publish","type":"post","link":"https:\/\/www.vergissmi.net\/?p=14069","title":{"rendered":"Hochwei\u00dfstein \/ Monte Peralba, 2694 m"},"content":{"rendered":"\n<p><strong>&#8230; mit \u00dcN im Hochwei\u00dfsteinhaus<\/strong><\/p>\n\n\n\n<p>Drei Gr\u00fcnde sprachen am vergangenen Montag Mitte Juli daf\u00fcr, zum Hochwei\u00dfsteinhaus aufzubrechen:<\/p>\n\n\n\n<ul class=\"wp-block-list\">\n<li>Mein alter Wanderf\u00fchrer aus 1976 schw\u00e4rmt in h\u00f6chsten T\u00f6nen von dieser Tour<\/li>\n\n\n\n<li>In K\u00e4rntens S\u00fcden ist &#8211; wenn schon &#8211; in der ersten Hochsommerh\u00e4lfte \u00fcblicherweise erst am Nachmittag mit einer h\u00f6heren Gewitterwahrscheinlichkeit zu rechnen<\/li>\n\n\n\n<li>Begeher des Karnischen H\u00f6henweges starten normalerweise am Wochenende in Sillian &#8211; und sind deshalb am Montag noch nicht beim Hochwei\u00dfsteinhaus. Es gibt also Platz in der meist ausgebuchten H\u00fctte.<\/li>\n<\/ul>\n\n\n\n<p>Am sp\u00e4ten Nachmittag erreiche ich den Parkplatz unter der Frohnalm &#8211; das ist ein paar Kilometer s\u00fcdlich von St. Lorenzen im Lesachtal. Von dort geht es zuerst zur Ingridh\u00fctte (Bild). Mein alter Wanderf\u00fchrer meint, dass man von hier aus den Hochwei\u00dfstein sehen k\u00f6nnte &#8211; ich denke aber, das ist geflunkert.<\/p>\n\n\n\n<figure class=\"wp-block-image size-large\"><img fetchpriority=\"high\" decoding=\"async\" width=\"1024\" height=\"577\" src=\"https:\/\/www.vergissmi.net\/wp-content\/uploads\/2023\/07\/348628386_6384709664899386_1930142846626622413_n-1024x577.jpg\" alt=\"\" class=\"wp-image-14071\" srcset=\"https:\/\/www.vergissmi.net\/wp-content\/uploads\/2023\/07\/348628386_6384709664899386_1930142846626622413_n-1024x577.jpg 1024w, https:\/\/www.vergissmi.net\/wp-content\/uploads\/2023\/07\/348628386_6384709664899386_1930142846626622413_n-800x450.jpg 800w, https:\/\/www.vergissmi.net\/wp-content\/uploads\/2023\/07\/348628386_6384709664899386_1930142846626622413_n-1536x865.jpg 1536w, https:\/\/www.vergissmi.net\/wp-content\/uploads\/2023\/07\/348628386_6384709664899386_1930142846626622413_n.jpg 2048w\" sizes=\"(max-width: 1024px) 100vw, 1024px\" \/><\/figure>\n\n\n\n<p>In einer Dreiviertelstunde geht&#8217;s nun weiter hinauf zum Hochwei\u00dfsteinhaus, einer Schutzh\u00fctte der Alpenvereinssektion Austria mit rund 50 Betten.<\/p>\n\n\n\n<p>Das HWH ist eine der \u00e4ltesten Bergsteigerst\u00fctzpunkte der Karnier und mit der Fam. Guggenberger seit vielen Jahrzehnten in sehr guten H\u00e4nden. Das Abendessen war hervorragend und f\u00fcr eine H\u00fctte in dieser Lage mit unerwartet viel frischem Zeug zubereitet.<\/p>\n\n\n\n<figure class=\"wp-block-image size-large\"><img decoding=\"async\" width=\"1024\" height=\"577\" src=\"https:\/\/www.vergissmi.net\/wp-content\/uploads\/2023\/07\/349580860_6384708844899468_4596989368461231650_n-1024x577.jpg\" alt=\"\" class=\"wp-image-14072\" srcset=\"https:\/\/www.vergissmi.net\/wp-content\/uploads\/2023\/07\/349580860_6384708844899468_4596989368461231650_n-1024x577.jpg 1024w, https:\/\/www.vergissmi.net\/wp-content\/uploads\/2023\/07\/349580860_6384708844899468_4596989368461231650_n-800x450.jpg 800w, https:\/\/www.vergissmi.net\/wp-content\/uploads\/2023\/07\/349580860_6384708844899468_4596989368461231650_n-1536x865.jpg 1536w, https:\/\/www.vergissmi.net\/wp-content\/uploads\/2023\/07\/349580860_6384708844899468_4596989368461231650_n.jpg 2048w\" sizes=\"(max-width: 1024px) 100vw, 1024px\" \/><\/figure>\n\n\n\n<p>Am n\u00e4chsten Morgen gro\u00dfes Volksgemurmel ab ca. 06:00 &#8211; fast alle H\u00fctteng\u00e4ste sind am Karnischen H\u00f6henweg unterwegs und sind lange Tourentage gew\u00f6hnt &#8211; egal aus welcher Richtung sie kommen.<br>Ich bin der einzige, der Richtung Hochalpljoch in den Tag startet &#8211; mein Aufstieg wird von dichtem Nebel begleitet, weshalb die Fotos von diesem Abschnitt sp\u00e4ter beim Abstieg kommen.<\/p>\n\n\n\n<figure class=\"wp-block-image size-large\"><img decoding=\"async\" width=\"1024\" height=\"577\" src=\"https:\/\/www.vergissmi.net\/wp-content\/uploads\/2023\/07\/349159535_6384709414899411_3250973567754598517_n-1024x577.jpg\" alt=\"\" class=\"wp-image-14074\" srcset=\"https:\/\/www.vergissmi.net\/wp-content\/uploads\/2023\/07\/349159535_6384709414899411_3250973567754598517_n-1024x577.jpg 1024w, https:\/\/www.vergissmi.net\/wp-content\/uploads\/2023\/07\/349159535_6384709414899411_3250973567754598517_n-800x450.jpg 800w, https:\/\/www.vergissmi.net\/wp-content\/uploads\/2023\/07\/349159535_6384709414899411_3250973567754598517_n-1536x865.jpg 1536w, https:\/\/www.vergissmi.net\/wp-content\/uploads\/2023\/07\/349159535_6384709414899411_3250973567754598517_n.jpg 2048w\" sizes=\"(max-width: 1024px) 100vw, 1024px\" \/><\/figure>\n\n\n\n<p>Zum knapp 2300 m hohen Hochalpljoch braucht man ca. eine Stunde. Erst dort l\u00e4sst der Karnische Hauptkamm einen ersten Blick auf den Gipfel springen &#8211; der Nebel gibt sich weniger gro\u00dfz\u00fcgig.<\/p>\n\n\n\n<figure class=\"wp-block-image size-large\"><img loading=\"lazy\" decoding=\"async\" width=\"1024\" height=\"577\" src=\"https:\/\/www.vergissmi.net\/wp-content\/uploads\/2023\/07\/356193625_6384697761567243_2723698491905142299_n-1024x577.jpg\" alt=\"\" class=\"wp-image-14075\" srcset=\"https:\/\/www.vergissmi.net\/wp-content\/uploads\/2023\/07\/356193625_6384697761567243_2723698491905142299_n-1024x577.jpg 1024w, https:\/\/www.vergissmi.net\/wp-content\/uploads\/2023\/07\/356193625_6384697761567243_2723698491905142299_n-800x450.jpg 800w, https:\/\/www.vergissmi.net\/wp-content\/uploads\/2023\/07\/356193625_6384697761567243_2723698491905142299_n-1536x865.jpg 1536w, https:\/\/www.vergissmi.net\/wp-content\/uploads\/2023\/07\/356193625_6384697761567243_2723698491905142299_n.jpg 2048w\" sizes=\"(max-width: 1024px) 100vw, 1024px\" \/><\/figure>\n\n\n\n<p>Dass hier ein Weg hinauff\u00fchren soll, h\u00e4lt mein Bauchgef\u00fchl f\u00fcr ausgeschlossen &#8211; aber der Kopf hat ja die Tourenbeschreibung gelesen &#8230; dann wird&#8217;s wohl stimmen.<br>Ist erst einmal der steile Grashang am Bergfu\u00df gemeistert, beginnt die leichte Kletterei \u00fcber die Nordost-Schulter.<\/p>\n\n\n\n<figure class=\"wp-block-image size-large\"><img loading=\"lazy\" decoding=\"async\" width=\"1024\" height=\"577\" src=\"https:\/\/www.vergissmi.net\/wp-content\/uploads\/2023\/07\/361928187_6384795858224100_3187588287065027523_n-1024x577.jpg\" alt=\"\" class=\"wp-image-14076\" srcset=\"https:\/\/www.vergissmi.net\/wp-content\/uploads\/2023\/07\/361928187_6384795858224100_3187588287065027523_n-1024x577.jpg 1024w, https:\/\/www.vergissmi.net\/wp-content\/uploads\/2023\/07\/361928187_6384795858224100_3187588287065027523_n-800x450.jpg 800w, https:\/\/www.vergissmi.net\/wp-content\/uploads\/2023\/07\/361928187_6384795858224100_3187588287065027523_n-1536x865.jpg 1536w, https:\/\/www.vergissmi.net\/wp-content\/uploads\/2023\/07\/361928187_6384795858224100_3187588287065027523_n.jpg 2048w\" sizes=\"(max-width: 1024px) 100vw, 1024px\" \/><\/figure>\n\n\n\n<p>Als mir der Berg zum wiederholten Male mit der Frage &#8220;WOOO SIND DIE H\u00c4NDE&#8221; das Mikro entgegenstreckte, beschloss ich, die Steck&#8217;n zu versteck&#8217;n &#8211; und freih\u00e4ndig weiterzugehen.<\/p>\n\n\n\n<figure class=\"wp-block-image size-large\"><img loading=\"lazy\" decoding=\"async\" width=\"577\" height=\"1024\" src=\"https:\/\/www.vergissmi.net\/wp-content\/uploads\/2023\/07\/348615725_6384709914899361_2698506366190668360_n-577x1024.jpg\" alt=\"\" class=\"wp-image-14077\" srcset=\"https:\/\/www.vergissmi.net\/wp-content\/uploads\/2023\/07\/348615725_6384709914899361_2698506366190668360_n-577x1024.jpg 577w, https:\/\/www.vergissmi.net\/wp-content\/uploads\/2023\/07\/348615725_6384709914899361_2698506366190668360_n-450x800.jpg 450w, https:\/\/www.vergissmi.net\/wp-content\/uploads\/2023\/07\/348615725_6384709914899361_2698506366190668360_n-865x1536.jpg 865w, https:\/\/www.vergissmi.net\/wp-content\/uploads\/2023\/07\/348615725_6384709914899361_2698506366190668360_n.jpg 1153w\" sizes=\"(max-width: 577px) 100vw, 577px\" \/><\/figure>\n\n\n\n<p>In zahlreichen Serpentinen geht es durch den Fels &#8211; den Abschluss bildet ein seilversicherter Kamin.<\/p>\n\n\n\n<figure class=\"wp-block-image size-large\"><img loading=\"lazy\" decoding=\"async\" width=\"577\" height=\"1024\" src=\"https:\/\/www.vergissmi.net\/wp-content\/uploads\/2023\/07\/348593783_6384710668232619_9027712734608978856_n-577x1024.jpg\" alt=\"\" class=\"wp-image-14078\" srcset=\"https:\/\/www.vergissmi.net\/wp-content\/uploads\/2023\/07\/348593783_6384710668232619_9027712734608978856_n-577x1024.jpg 577w, https:\/\/www.vergissmi.net\/wp-content\/uploads\/2023\/07\/348593783_6384710668232619_9027712734608978856_n-450x800.jpg 450w, https:\/\/www.vergissmi.net\/wp-content\/uploads\/2023\/07\/348593783_6384710668232619_9027712734608978856_n-865x1536.jpg 865w, https:\/\/www.vergissmi.net\/wp-content\/uploads\/2023\/07\/348593783_6384710668232619_9027712734608978856_n.jpg 1153w\" sizes=\"(max-width: 577px) 100vw, 577px\" \/><\/figure>\n\n\n\n<p>Am oberen Ende des Kamins wird man direkt am Gipfelgrat ausgespuckt &#8211; bis zum Ziel sind noch weitere 10 Gehminuten zu meistern, in deutlich einfacherem Gel\u00e4nde. Die erste Gedenktafel unterwegs ist Fabio Monti gewidmet &#8211; der italienische Soldat versuchte inmitten des Ersten Weltkrieges, den von den \u00d6sterreichern besetzten Gipfel im Alleingang f\u00fcr Italien zur\u00fcckerobern &#8211; die Sache ging aber f\u00fcr ihn nicht gut aus.<br>(\u00dcbrigens &#8211; wer sich f\u00fcr den Stellungskrieg zwischen Wolayersee und Luggauert\u00f6rl interessiert: Es gibt dazu einen Beitrag in der Alpenvereinszeitschrift des DAV aus dem Jahr 1926, den man sich hier als PDF herunterladen kann: <a rel=\"noreferrer noopener\" href=\"https:\/\/bibliothek.alpenverein.de\/webOPAC\/01_Alpenvereins-Publikationen\/01_AV-Jahrbuch\/AV_Jahrbuch_057.1926-web.pdf?fbclid=IwAR2chnKfUZLowaaCbCJTy1yXkoJAUOLJ208c1A9p1pIbWRmFqShynQSKFho\" target=\"_blank\">https:\/\/bibliothek.alpenverein.de\/&#8230;\/AV_Jahrbuch_057&#8230;<\/a> )<br>Der Artikel wurde \u00fcbrigens von Eduard Pichl verfasst &#8211; nach ihm war die Wolayerseeh\u00fctte bis vor ein paar Jahren benannt (mehr zum &#8220;warum nimmer?&#8221;auf seiner Wikipedia-Seite)<\/p>\n\n\n\n<figure class=\"wp-block-image size-large\"><img loading=\"lazy\" decoding=\"async\" width=\"1024\" height=\"577\" src=\"https:\/\/www.vergissmi.net\/wp-content\/uploads\/2023\/07\/356195828_6384710838232602_171096979778188374_n-1024x577.jpg\" alt=\"\" class=\"wp-image-14079\" srcset=\"https:\/\/www.vergissmi.net\/wp-content\/uploads\/2023\/07\/356195828_6384710838232602_171096979778188374_n-1024x577.jpg 1024w, https:\/\/www.vergissmi.net\/wp-content\/uploads\/2023\/07\/356195828_6384710838232602_171096979778188374_n-800x450.jpg 800w, https:\/\/www.vergissmi.net\/wp-content\/uploads\/2023\/07\/356195828_6384710838232602_171096979778188374_n-1536x865.jpg 1536w, https:\/\/www.vergissmi.net\/wp-content\/uploads\/2023\/07\/356195828_6384710838232602_171096979778188374_n.jpg 2048w\" sizes=\"(max-width: 1024px) 100vw, 1024px\" \/><\/figure>\n\n\n\n<p>Um 10:00 vormittags stehe ich dann alleine am Gipfel &#8211; also ich und der Nebel halt.<\/p>\n\n\n\n<figure class=\"wp-block-image size-large\"><img loading=\"lazy\" decoding=\"async\" width=\"577\" height=\"1024\" src=\"https:\/\/www.vergissmi.net\/wp-content\/uploads\/2023\/07\/348601939_6384709071566112_5066405663167384598_n-577x1024.jpg\" alt=\"\" class=\"wp-image-14080\" srcset=\"https:\/\/www.vergissmi.net\/wp-content\/uploads\/2023\/07\/348601939_6384709071566112_5066405663167384598_n-577x1024.jpg 577w, https:\/\/www.vergissmi.net\/wp-content\/uploads\/2023\/07\/348601939_6384709071566112_5066405663167384598_n-450x800.jpg 450w, https:\/\/www.vergissmi.net\/wp-content\/uploads\/2023\/07\/348601939_6384709071566112_5066405663167384598_n-865x1536.jpg 865w, https:\/\/www.vergissmi.net\/wp-content\/uploads\/2023\/07\/348601939_6384709071566112_5066405663167384598_n.jpg 1153w\" sizes=\"(max-width: 577px) 100vw, 577px\" \/><\/figure>\n\n\n\n<p>Ich g\u00f6nne mir eine ganze Stunde da oben, um zwischen den Nebelb\u00e4ndern den einen oder anderen Blick ins Tal zu erhaschen, wie hier hinunter ins Val di Londo. Ganz rechts (mit riesen Almstall) steht die Malga Antola &#8211; gleich daneben habe ich vor einigen Jahren auf meiner Fernwandertour von Wien nach Monaco gezeltet (im Link das letztes Foto): <a rel=\"noreferrer noopener\" href=\"https:\/\/l.facebook.com\/l.php?u=https%3A%2F%2Fwww.vergissmi.net%2F%3Fp%3D3236%26fbclid%3DIwAR07KqGv8HvVtKQMTMUfKI2hQoNjh4-nr5AJHB5MI67gYL0uWRJ4RKsag44&amp;h=AT3CcnG_dTtq6mhD0ljvZkNVxHUkFP-1veaRic22MQb6rHYBrA7Eb5Eyg1wA3eivkecbcmTwaHzDzH4fJMwZqTIBsWXEgKe3qjFtmL841okpnnVrcKwjZ0QrluKPxURBeNvO&amp;__tn__=-UK*F\" target=\"_blank\">https:\/\/www.vergissmi.net\/?p=3236<\/a><\/p>\n\n\n\n<figure class=\"wp-block-image size-large\"><img loading=\"lazy\" decoding=\"async\" width=\"1024\" height=\"577\" src=\"https:\/\/www.vergissmi.net\/wp-content\/uploads\/2023\/07\/348640077_6384711078232578_673139368308189433_n-1024x577.jpg\" alt=\"\" class=\"wp-image-14081\" srcset=\"https:\/\/www.vergissmi.net\/wp-content\/uploads\/2023\/07\/348640077_6384711078232578_673139368308189433_n-1024x577.jpg 1024w, https:\/\/www.vergissmi.net\/wp-content\/uploads\/2023\/07\/348640077_6384711078232578_673139368308189433_n-800x450.jpg 800w, https:\/\/www.vergissmi.net\/wp-content\/uploads\/2023\/07\/348640077_6384711078232578_673139368308189433_n-1536x865.jpg 1536w, https:\/\/www.vergissmi.net\/wp-content\/uploads\/2023\/07\/348640077_6384711078232578_673139368308189433_n.jpg 2048w\" sizes=\"(max-width: 1024px) 100vw, 1024px\" \/><\/figure>\n\n\n\n<p>Bei freier Sicht w\u00fcrde ich in dieser Blickrichtung in 40 km Entfernung den m\u00e4chtigen, auch von K\u00e4rntens Gipfeln fast immer zu sehenden Antelao sehen &#8211; heute reicht es allerdings nur f\u00fcr den Monte Rinaldo vis-a-vis.<\/p>\n\n\n\n<figure class=\"wp-block-image size-large\"><img loading=\"lazy\" decoding=\"async\" width=\"1024\" height=\"577\" src=\"https:\/\/www.vergissmi.net\/wp-content\/uploads\/2023\/07\/350107768_6384709248232761_5973595809293763015_n-1024x577.jpg\" alt=\"\" class=\"wp-image-14082\" srcset=\"https:\/\/www.vergissmi.net\/wp-content\/uploads\/2023\/07\/350107768_6384709248232761_5973595809293763015_n-1024x577.jpg 1024w, https:\/\/www.vergissmi.net\/wp-content\/uploads\/2023\/07\/350107768_6384709248232761_5973595809293763015_n-800x450.jpg 800w, https:\/\/www.vergissmi.net\/wp-content\/uploads\/2023\/07\/350107768_6384709248232761_5973595809293763015_n-1536x865.jpg 1536w, https:\/\/www.vergissmi.net\/wp-content\/uploads\/2023\/07\/350107768_6384709248232761_5973595809293763015_n.jpg 2048w\" sizes=\"(max-width: 1024px) 100vw, 1024px\" \/><\/figure>\n\n\n\n<p>Auf dem Retourweg schaue ich bei dieser, aus dem Stein gehauenen &#8220;Unterkunft&#8221; der \u00f6sterreichischen Soldaten vorbei, die hier zwischen 1915 und 1917 ganzj\u00e4hrig die Stellung hielten. Im Winter 1916 lagen in den Karnischen Alpen \u00fcbrigens zwischen vier (!) und neun (!!) Meter Schnee (Tal bzw. Berg).<br>Die ca. 10 m2 gro\u00dfe Felsnische befindet sich wenige Meter von der Gedenktafel f\u00fcr Fabio Monti.<\/p>\n\n\n\n<figure class=\"wp-block-image size-large\"><img loading=\"lazy\" decoding=\"async\" width=\"1024\" height=\"577\" src=\"https:\/\/www.vergissmi.net\/wp-content\/uploads\/2023\/07\/356171284_6384711354899217_399942787917140379_n-1024x577.jpg\" alt=\"\" class=\"wp-image-14083\" srcset=\"https:\/\/www.vergissmi.net\/wp-content\/uploads\/2023\/07\/356171284_6384711354899217_399942787917140379_n-1024x577.jpg 1024w, https:\/\/www.vergissmi.net\/wp-content\/uploads\/2023\/07\/356171284_6384711354899217_399942787917140379_n-800x450.jpg 800w, https:\/\/www.vergissmi.net\/wp-content\/uploads\/2023\/07\/356171284_6384711354899217_399942787917140379_n-1536x865.jpg 1536w, https:\/\/www.vergissmi.net\/wp-content\/uploads\/2023\/07\/356171284_6384711354899217_399942787917140379_n.jpg 2048w\" sizes=\"(max-width: 1024px) 100vw, 1024px\" \/><\/figure>\n\n\n\n<p>Zur\u00fcck zum Hochwei\u00dfsteinhaus gibt es eine interessante Alternative zum Aufstieg, n\u00e4mlich den Weg \u00fcber den Passo Sesis im S\u00fcden und der wunderbaren Querung zum \u00d6fner Joch durch das obere Fleonstal mit Blick auf seine verfallenen Almen. Da ich das aber schon kenne und wegen dem Nebel vom Aufstieg ohnehin nix mitbekommen habe, entscheide ich mich dazu, nochmals die Direttissima zur H\u00fctte zu nehmen. Am Bild der Blick hinunter zum Hochalpljoch.<\/p>\n\n\n\n<figure class=\"wp-block-image size-large\"><img loading=\"lazy\" decoding=\"async\" width=\"1024\" height=\"577\" src=\"https:\/\/www.vergissmi.net\/wp-content\/uploads\/2023\/07\/356194044_6384710061566013_3123755276664426736_n-1024x577.jpg\" alt=\"\" class=\"wp-image-14084\" srcset=\"https:\/\/www.vergissmi.net\/wp-content\/uploads\/2023\/07\/356194044_6384710061566013_3123755276664426736_n-1024x577.jpg 1024w, https:\/\/www.vergissmi.net\/wp-content\/uploads\/2023\/07\/356194044_6384710061566013_3123755276664426736_n-800x450.jpg 800w, https:\/\/www.vergissmi.net\/wp-content\/uploads\/2023\/07\/356194044_6384710061566013_3123755276664426736_n-1536x865.jpg 1536w, https:\/\/www.vergissmi.net\/wp-content\/uploads\/2023\/07\/356194044_6384710061566013_3123755276664426736_n.jpg 2048w\" sizes=\"(max-width: 1024px) 100vw, 1024px\" \/><\/figure>\n\n\n\n<p>Bald nach dem Joch gibt der wolkenreiche Himmel zeitweise Blicke bis hinunter ins Lesachtal frei &#8211; zumindest aber bis zum Hochwei\u00dfsteinhaus und zur (heute sonnigen) Ingridalm, wo der ganze Spa\u00df begann.<\/p>\n\n\n\n<figure class=\"wp-block-image size-large\"><img loading=\"lazy\" decoding=\"async\" width=\"1024\" height=\"577\" src=\"https:\/\/www.vergissmi.net\/wp-content\/uploads\/2023\/07\/356189994_6384711628232523_8115971566316207764_n-1024x577.jpg\" alt=\"\" class=\"wp-image-14085\" srcset=\"https:\/\/www.vergissmi.net\/wp-content\/uploads\/2023\/07\/356189994_6384711628232523_8115971566316207764_n-1024x577.jpg 1024w, https:\/\/www.vergissmi.net\/wp-content\/uploads\/2023\/07\/356189994_6384711628232523_8115971566316207764_n-800x450.jpg 800w, https:\/\/www.vergissmi.net\/wp-content\/uploads\/2023\/07\/356189994_6384711628232523_8115971566316207764_n-1536x865.jpg 1536w, https:\/\/www.vergissmi.net\/wp-content\/uploads\/2023\/07\/356189994_6384711628232523_8115971566316207764_n.jpg 2048w\" sizes=\"(max-width: 1024px) 100vw, 1024px\" \/><\/figure>\n\n\n\n<p>Zusammengefasst: Gro\u00dfartige Bergtour mit leichten Kletterstellen (UIAA I) mit empfehlenswerter \u00dcbernachtung im Hochwei\u00dfsteinhaus.<\/p>\n\n\n\n<figure class=\"wp-block-image size-full\"><img loading=\"lazy\" decoding=\"async\" width=\"837\" height=\"963\" src=\"https:\/\/www.vergissmi.net\/wp-content\/uploads\/2023\/07\/348609963_6384722861564733_2333782359350221387_n.jpg\" alt=\"\" class=\"wp-image-14086\" srcset=\"https:\/\/www.vergissmi.net\/wp-content\/uploads\/2023\/07\/348609963_6384722861564733_2333782359350221387_n.jpg 837w, https:\/\/www.vergissmi.net\/wp-content\/uploads\/2023\/07\/348609963_6384722861564733_2333782359350221387_n-695x800.jpg 695w\" sizes=\"(max-width: 837px) 100vw, 837px\" \/><\/figure>\n","protected":false},"excerpt":{"rendered":"<div class=\"tmnf_excerpt\"><div class=\"tmnf_excerpt\"><p>&#8230; mit \u00dcN im Hochwei\u00dfsteinhaus Drei Gr\u00fcnde sprachen am vergangenen Montag Mitte Juli daf\u00fcr, zum Hochwei\u00dfsteinhaus aufzubrechen: Am sp\u00e4ten Nachmittag erreiche ich den Parkplatz unter der Frohnalm &#8211; das ist ein paar Kilometer s\u00fcdlich von St. Lorenzen im Lesachtal. Von dort geht es zuerst zur Ingridh\u00fctte (Bild). Mein alter Wanderf\u00fchrer meint, dass man von hier &hellip;<\/p>\n<\/div><\/div>","protected":false},"author":61,"featured_media":14070,"comment_status":"open","ping_status":"open","sticky":false,"template":"","format":"standard","meta":{"_s2mail":"yes","footnotes":""},"categories":[168,156,158,177],"tags":[],"class_list":["post-14069","post","type-post","status-publish","format-standard","has-post-thumbnail","hentry","category-03-suedalpenweg","category-oesterreich","category-kaernten","category-tagestour","gallery-content-unit"],"_links":{"self":[{"href":"https:\/\/www.vergissmi.net\/index.php?rest_route=\/wp\/v2\/posts\/14069","targetHints":{"allow":["GET"]}}],"collection":[{"href":"https:\/\/www.vergissmi.net\/index.php?rest_route=\/wp\/v2\/posts"}],"about":[{"href":"https:\/\/www.vergissmi.net\/index.php?rest_route=\/wp\/v2\/types\/post"}],"author":[{"embeddable":true,"href":"https:\/\/www.vergissmi.net\/index.php?rest_route=\/wp\/v2\/users\/61"}],"replies":[{"embeddable":true,"href":"https:\/\/www.vergissmi.net\/index.php?rest_route=%2Fwp%2Fv2%2Fcomments&post=14069"}],"version-history":[{"count":5,"href":"https:\/\/www.vergissmi.net\/index.php?rest_route=\/wp\/v2\/posts\/14069\/revisions"}],"predecessor-version":[{"id":14094,"href":"https:\/\/www.vergissmi.net\/index.php?rest_route=\/wp\/v2\/posts\/14069\/revisions\/14094"}],"wp:featuredmedia":[{"embeddable":true,"href":"https:\/\/www.vergissmi.net\/index.php?rest_route=\/wp\/v2\/media\/14070"}],"wp:attachment":[{"href":"https:\/\/www.vergissmi.net\/index.php?rest_route=%2Fwp%2Fv2%2Fmedia&parent=14069"}],"wp:term":[{"taxonomy":"category","embeddable":true,"href":"https:\/\/www.vergissmi.net\/index.php?rest_route=%2Fwp%2Fv2%2Fcategories&post=14069"},{"taxonomy":"post_tag","embeddable":true,"href":"https:\/\/www.vergissmi.net\/index.php?rest_route=%2Fwp%2Fv2%2Ftags&post=14069"}],"curies":[{"name":"wp","href":"https:\/\/api.w.org\/{rel}","templated":true}]}}