{"id":14411,"date":"2023-11-16T17:10:00","date_gmt":"2023-11-16T16:10:00","guid":{"rendered":"https:\/\/www.vergissmi.net\/?p=14411"},"modified":"2023-11-14T22:27:00","modified_gmt":"2023-11-14T21:27:00","slug":"tag-05-06-07-von-wien-nach-kaernten","status":"publish","type":"post","link":"https:\/\/www.vergissmi.net\/?p=14411","title":{"rendered":"[Tag 05, 06 &#038; 07] Von Wien nach K\u00e4rnten"},"content":{"rendered":"\n<p><strong><em>(St.Aegyd am Neuwalde &#8211; Mariazell &#8211; Niederalpl &#8211; Seewiesen)<br>Gesamt bisher: 181 km, 5470 hm.<\/em><\/strong><\/p>\n\n\n\n<p>Unser erster Abschnitt, der <a href=\"https:\/\/www.alpenverein.at\/weitwanderer\/weitwanderwege\/pilgerwege-mariazell.php\" data-type=\"link\" data-id=\"https:\/\/www.alpenverein.at\/weitwanderer\/weitwanderwege\/pilgerwege-mariazell.php\" target=\"_blank\" rel=\"noreferrer noopener\">Wiener Mariazellerweg<\/a>, verl\u00e4uft abschlie\u00dfend \u00fcber das Kernhofer Gscheid zum Hubertussee und in einem letzten Kraftakt \u00fcber den Habertheurersattel nach &#8230;<\/p>\n\n\n\n<figure class=\"wp-block-image size-large\"><img fetchpriority=\"high\" decoding=\"async\" width=\"1024\" height=\"577\" src=\"https:\/\/www.vergissmi.net\/wp-content\/uploads\/2023\/11\/350130407_798195655005003_2108043506835268396_n-1024x577.jpg\" alt=\"\" class=\"wp-image-14412\" srcset=\"https:\/\/www.vergissmi.net\/wp-content\/uploads\/2023\/11\/350130407_798195655005003_2108043506835268396_n-1024x577.jpg 1024w, https:\/\/www.vergissmi.net\/wp-content\/uploads\/2023\/11\/350130407_798195655005003_2108043506835268396_n-800x450.jpg 800w, https:\/\/www.vergissmi.net\/wp-content\/uploads\/2023\/11\/350130407_798195655005003_2108043506835268396_n-1536x865.jpg 1536w, https:\/\/www.vergissmi.net\/wp-content\/uploads\/2023\/11\/350130407_798195655005003_2108043506835268396_n.jpg 2048w\" sizes=\"(max-width: 1024px) 100vw, 1024px\" \/><\/figure>\n\n\n\n<p>Nach etwas zuviel Asphalt f\u00fcr unseren Geschmack biegt der Zellerweg am Gscheid Richtung See ab &#8211; es geht auf nun sch\u00f6nen Wegen durch Wald und Weidewiesen &#8230;<\/p>\n\n\n\n<figure class=\"wp-block-image size-large\"><img decoding=\"async\" width=\"1024\" height=\"577\" src=\"https:\/\/www.vergissmi.net\/wp-content\/uploads\/2023\/11\/350838571_1186594108685684_4161933235300383104_n-1024x577.jpg\" alt=\"\" class=\"wp-image-14413\" srcset=\"https:\/\/www.vergissmi.net\/wp-content\/uploads\/2023\/11\/350838571_1186594108685684_4161933235300383104_n-1024x577.jpg 1024w, https:\/\/www.vergissmi.net\/wp-content\/uploads\/2023\/11\/350838571_1186594108685684_4161933235300383104_n-800x450.jpg 800w, https:\/\/www.vergissmi.net\/wp-content\/uploads\/2023\/11\/350838571_1186594108685684_4161933235300383104_n-1536x865.jpg 1536w, https:\/\/www.vergissmi.net\/wp-content\/uploads\/2023\/11\/350838571_1186594108685684_4161933235300383104_n.jpg 2048w\" sizes=\"(max-width: 1024px) 100vw, 1024px\" \/><\/figure>\n\n\n\n<p>&#8230;. zur nieder\u00f6sterreichisch-steirischen Landesgrenze, wo man von der <a href=\"https:\/\/www.wuchtlwirtin.at\/\" target=\"_blank\" rel=\"noreferrer noopener\">Wuchtelwirtin<\/a> empfangen wird.<\/p>\n\n\n\n<figure class=\"wp-block-image size-large\"><img decoding=\"async\" width=\"1024\" height=\"577\" src=\"https:\/\/www.vergissmi.net\/wp-content\/uploads\/2023\/11\/351123849_939888463945655_8577018634166767888_n-1024x577.jpg\" alt=\"\" class=\"wp-image-14414\" srcset=\"https:\/\/www.vergissmi.net\/wp-content\/uploads\/2023\/11\/351123849_939888463945655_8577018634166767888_n-1024x577.jpg 1024w, https:\/\/www.vergissmi.net\/wp-content\/uploads\/2023\/11\/351123849_939888463945655_8577018634166767888_n-800x450.jpg 800w, https:\/\/www.vergissmi.net\/wp-content\/uploads\/2023\/11\/351123849_939888463945655_8577018634166767888_n-1536x865.jpg 1536w, https:\/\/www.vergissmi.net\/wp-content\/uploads\/2023\/11\/351123849_939888463945655_8577018634166767888_n.jpg 2048w\" sizes=\"(max-width: 1024px) 100vw, 1024px\" \/><\/figure>\n\n\n\n<p>Dem heroischen Kampf gegen die Riesenwuchtel folgt gem\u00fctliches Promenieren entlang des Hubertussees &#8230;<\/p>\n\n\n\n<figure class=\"wp-block-image size-large\"><img loading=\"lazy\" decoding=\"async\" width=\"1024\" height=\"577\" src=\"https:\/\/www.vergissmi.net\/wp-content\/uploads\/2023\/11\/350124608_965762461214018_9132136833374677822_n-1024x577.jpg\" alt=\"\" class=\"wp-image-14415\" srcset=\"https:\/\/www.vergissmi.net\/wp-content\/uploads\/2023\/11\/350124608_965762461214018_9132136833374677822_n-1024x577.jpg 1024w, https:\/\/www.vergissmi.net\/wp-content\/uploads\/2023\/11\/350124608_965762461214018_9132136833374677822_n-800x450.jpg 800w, https:\/\/www.vergissmi.net\/wp-content\/uploads\/2023\/11\/350124608_965762461214018_9132136833374677822_n-1536x865.jpg 1536w, https:\/\/www.vergissmi.net\/wp-content\/uploads\/2023\/11\/350124608_965762461214018_9132136833374677822_n.jpg 2048w\" sizes=\"(max-width: 1024px) 100vw, 1024px\" \/><\/figure>\n\n\n\n<p>&#8230; und der Anstieg auf den Sattel, wo noch <a href=\"https:\/\/coord.info\/GC5ZGF1\" data-type=\"link\" data-id=\"https:\/\/coord.info\/GC5ZGF1\" target=\"_blank\" rel=\"noreferrer noopener\">wichtige Geocaching-Aufgaben<\/a> zu erledigen sind &#8230;<\/p>\n\n\n\n<figure class=\"wp-block-image size-large\"><img loading=\"lazy\" decoding=\"async\" width=\"1024\" height=\"577\" src=\"https:\/\/www.vergissmi.net\/wp-content\/uploads\/2023\/11\/350943806_902609734164904_4181908347486658786_n-1024x577.jpg\" alt=\"\" class=\"wp-image-14416\" srcset=\"https:\/\/www.vergissmi.net\/wp-content\/uploads\/2023\/11\/350943806_902609734164904_4181908347486658786_n-1024x577.jpg 1024w, https:\/\/www.vergissmi.net\/wp-content\/uploads\/2023\/11\/350943806_902609734164904_4181908347486658786_n-800x450.jpg 800w, https:\/\/www.vergissmi.net\/wp-content\/uploads\/2023\/11\/350943806_902609734164904_4181908347486658786_n-1536x865.jpg 1536w, https:\/\/www.vergissmi.net\/wp-content\/uploads\/2023\/11\/350943806_902609734164904_4181908347486658786_n.jpg 2048w\" sizes=\"(max-width: 1024px) 100vw, 1024px\" \/><\/figure>\n\n\n\n<p>&#8230; bevor wir dann endlich dem feschesten Kircherl der Hochsteiermark zuprosten durften. Immerhin ist nun meine insgesamt 9. Wanderung nach Mariazell abgeschlossen &#8211; damit sollte sich unter \u00d6sterreichs Atheisten ein Stockerlplatz ausgehen \ud83d\ude42<\/p>\n\n\n\n<figure class=\"wp-block-image size-large\"><img loading=\"lazy\" decoding=\"async\" width=\"577\" height=\"1024\" src=\"https:\/\/www.vergissmi.net\/wp-content\/uploads\/2023\/11\/350983885_804244097531611_5083713627651190533_n-577x1024.jpg\" alt=\"\" class=\"wp-image-14417\" srcset=\"https:\/\/www.vergissmi.net\/wp-content\/uploads\/2023\/11\/350983885_804244097531611_5083713627651190533_n-577x1024.jpg 577w, https:\/\/www.vergissmi.net\/wp-content\/uploads\/2023\/11\/350983885_804244097531611_5083713627651190533_n-450x800.jpg 450w, https:\/\/www.vergissmi.net\/wp-content\/uploads\/2023\/11\/350983885_804244097531611_5083713627651190533_n-865x1536.jpg 865w, https:\/\/www.vergissmi.net\/wp-content\/uploads\/2023\/11\/350983885_804244097531611_5083713627651190533_n.jpg 1153w\" sizes=\"(max-width: 577px) 100vw, 577px\" \/><\/figure>\n\n\n\n<p>Wir belohnen uns im Anschluss mit einem gedeihlichen Abendessen im <a href=\"https:\/\/www.bierundbett.at\/\" target=\"_blank\" rel=\"noreferrer noopener\">Brauhaus<\/a> &#8230;<\/p>\n\n\n\n<figure class=\"wp-block-image size-large\"><img loading=\"lazy\" decoding=\"async\" width=\"577\" height=\"1024\" src=\"https:\/\/www.vergissmi.net\/wp-content\/uploads\/2023\/11\/350502214_2892163940920893_105170325887438914_n-577x1024.jpg\" alt=\"\" class=\"wp-image-14418\" srcset=\"https:\/\/www.vergissmi.net\/wp-content\/uploads\/2023\/11\/350502214_2892163940920893_105170325887438914_n-577x1024.jpg 577w, https:\/\/www.vergissmi.net\/wp-content\/uploads\/2023\/11\/350502214_2892163940920893_105170325887438914_n-450x800.jpg 450w, https:\/\/www.vergissmi.net\/wp-content\/uploads\/2023\/11\/350502214_2892163940920893_105170325887438914_n-865x1536.jpg 865w, https:\/\/www.vergissmi.net\/wp-content\/uploads\/2023\/11\/350502214_2892163940920893_105170325887438914_n.jpg 1153w\" sizes=\"(max-width: 577px) 100vw, 577px\" \/><\/figure>\n\n\n\n<p>&#8230; um tags drauf nach S\u00fcden weiterzuziehen. Nach dem Wiener Mariazellerweg folgen wir nun dem Nord-S\u00fcd-Weg ( = <a href=\"https:\/\/www.alpenverein.at\/weitwanderer\/weitwanderwege\/nord-sued-weitwanderweg.php\" data-type=\"link\" data-id=\"https:\/\/www.alpenverein.at\/weitwanderer\/weitwanderwege\/nord-sued-weitwanderweg.php\" target=\"_blank\" rel=\"noreferrer noopener\">\u00d6sterreichischer Weitwanderweg 05<\/a>) f\u00fcr zwei Tage &#8230;<\/p>\n\n\n\n<figure class=\"wp-block-image size-large\"><img loading=\"lazy\" decoding=\"async\" width=\"577\" height=\"1024\" src=\"https:\/\/www.vergissmi.net\/wp-content\/uploads\/2023\/11\/350113144_1946537872349783_6298504743607399803_n-577x1024.jpg\" alt=\"\" class=\"wp-image-14419\" srcset=\"https:\/\/www.vergissmi.net\/wp-content\/uploads\/2023\/11\/350113144_1946537872349783_6298504743607399803_n-577x1024.jpg 577w, https:\/\/www.vergissmi.net\/wp-content\/uploads\/2023\/11\/350113144_1946537872349783_6298504743607399803_n-450x800.jpg 450w, https:\/\/www.vergissmi.net\/wp-content\/uploads\/2023\/11\/350113144_1946537872349783_6298504743607399803_n-865x1536.jpg 865w, https:\/\/www.vergissmi.net\/wp-content\/uploads\/2023\/11\/350113144_1946537872349783_6298504743607399803_n.jpg 1153w\" sizes=\"(max-width: 577px) 100vw, 577px\" \/><\/figure>\n\n\n\n<p>&#8230; \u00fcber unsere ersten Almb\u00f6den der Steiermark.<\/p>\n\n\n\n<figure class=\"wp-block-image size-large\"><img loading=\"lazy\" decoding=\"async\" width=\"1024\" height=\"577\" src=\"https:\/\/www.vergissmi.net\/wp-content\/uploads\/2023\/11\/350131569_974910596853150_2696582446534972261_n-1024x577.jpg\" alt=\"\" class=\"wp-image-14420\" srcset=\"https:\/\/www.vergissmi.net\/wp-content\/uploads\/2023\/11\/350131569_974910596853150_2696582446534972261_n-1024x577.jpg 1024w, https:\/\/www.vergissmi.net\/wp-content\/uploads\/2023\/11\/350131569_974910596853150_2696582446534972261_n-800x450.jpg 800w, https:\/\/www.vergissmi.net\/wp-content\/uploads\/2023\/11\/350131569_974910596853150_2696582446534972261_n-1536x865.jpg 1536w, https:\/\/www.vergissmi.net\/wp-content\/uploads\/2023\/11\/350131569_974910596853150_2696582446534972261_n.jpg 2048w\" sizes=\"(max-width: 1024px) 100vw, 1024px\" \/><\/figure>\n\n\n\n<p>Nat\u00fcrlich blieben wir gleich auf der allerersten <a href=\"https:\/\/www.steiermark.com\/de\/Hochsteiermark\/Urlaub-planen\/Ausflugsziele\/Sennhuette-am-Herrenboden_isd_288761\" data-type=\"link\" data-id=\"https:\/\/www.steiermark.com\/de\/Hochsteiermark\/Urlaub-planen\/Ausflugsziele\/Sennhuette-am-Herrenboden_isd_288761\" target=\"_blank\" rel=\"noreferrer noopener\">H\u00fctte<\/a> seit Wien picken &#8230;<\/p>\n\n\n\n<figure class=\"wp-block-image size-large\"><img loading=\"lazy\" decoding=\"async\" width=\"577\" height=\"1024\" src=\"https:\/\/www.vergissmi.net\/wp-content\/uploads\/2023\/11\/351167365_246168871365259_4973979545022836121_n-577x1024.jpg\" alt=\"\" class=\"wp-image-14421\" srcset=\"https:\/\/www.vergissmi.net\/wp-content\/uploads\/2023\/11\/351167365_246168871365259_4973979545022836121_n-577x1024.jpg 577w, https:\/\/www.vergissmi.net\/wp-content\/uploads\/2023\/11\/351167365_246168871365259_4973979545022836121_n-450x800.jpg 450w, https:\/\/www.vergissmi.net\/wp-content\/uploads\/2023\/11\/351167365_246168871365259_4973979545022836121_n-865x1536.jpg 865w, https:\/\/www.vergissmi.net\/wp-content\/uploads\/2023\/11\/351167365_246168871365259_4973979545022836121_n.jpg 1153w\" sizes=\"(max-width: 577px) 100vw, 577px\" \/><\/figure>\n\n\n\n<p>&#8230; und zogen erst zweidrei Stunden sp\u00e4ter bei bereits einbrechender D\u00e4mmerung weiter. F\u00fcr weitere Einkehrschw\u00fcnge, so wie hier aufm Ochsenboden &#8230;<\/p>\n\n\n\n<figure class=\"wp-block-image size-large\"><img loading=\"lazy\" decoding=\"async\" width=\"1024\" height=\"577\" src=\"https:\/\/www.vergissmi.net\/wp-content\/uploads\/2023\/11\/351121684_751593103416055_5009964647260464838_n-1024x577.jpg\" alt=\"\" class=\"wp-image-14422\" srcset=\"https:\/\/www.vergissmi.net\/wp-content\/uploads\/2023\/11\/351121684_751593103416055_5009964647260464838_n-1024x577.jpg 1024w, https:\/\/www.vergissmi.net\/wp-content\/uploads\/2023\/11\/351121684_751593103416055_5009964647260464838_n-800x450.jpg 800w, https:\/\/www.vergissmi.net\/wp-content\/uploads\/2023\/11\/351121684_751593103416055_5009964647260464838_n-1536x865.jpg 1536w, https:\/\/www.vergissmi.net\/wp-content\/uploads\/2023\/11\/351121684_751593103416055_5009964647260464838_n.jpg 2048w\" sizes=\"(max-width: 1024px) 100vw, 1024px\" \/><\/figure>\n\n\n\n<p>&#8230; blieb keine Zeit mehr, es hie\u00df <em>anzah&#8217;n<\/em>. Beim <a href=\"https:\/\/www.plodererhof.at\/\" data-type=\"link\" data-id=\"https:\/\/www.plodererhof.at\/\" target=\"_blank\" rel=\"noreferrer noopener\">Plodererhof <\/a>auf dem Niederalpl gab&#8217;s dann eine feste Unterlag&#8217;, und alles war wieder gut.<\/p>\n\n\n\n<p>*<\/p>\n\n\n\n<p>Samstag morgen &#8211; viele steirische Pilger und Tageswanderer str\u00f6men auf die <a href=\"https:\/\/www.turnau.gv.at\/tourismus\/gastgeber\/almhuette\/rotsohlalm\/\" data-type=\"link\" data-id=\"https:\/\/www.turnau.gv.at\/tourismus\/gastgeber\/almhuette\/rotsohlalm\/\" target=\"_blank\" rel=\"noreferrer noopener\">Rotsohlalm<\/a> zu, auch wenn das Wetter nicht mehr ganz so stabil war wie in den letzten Tagen.<\/p>\n\n\n\n<figure class=\"wp-block-image size-large\"><img loading=\"lazy\" decoding=\"async\" width=\"1024\" height=\"577\" src=\"https:\/\/www.vergissmi.net\/wp-content\/uploads\/2023\/11\/350299831_2225878797607586_3201963363560906228_n-1024x577.jpg\" alt=\"\" class=\"wp-image-14423\" srcset=\"https:\/\/www.vergissmi.net\/wp-content\/uploads\/2023\/11\/350299831_2225878797607586_3201963363560906228_n-1024x577.jpg 1024w, https:\/\/www.vergissmi.net\/wp-content\/uploads\/2023\/11\/350299831_2225878797607586_3201963363560906228_n-800x450.jpg 800w, https:\/\/www.vergissmi.net\/wp-content\/uploads\/2023\/11\/350299831_2225878797607586_3201963363560906228_n-1536x865.jpg 1536w, https:\/\/www.vergissmi.net\/wp-content\/uploads\/2023\/11\/350299831_2225878797607586_3201963363560906228_n.jpg 2048w\" sizes=\"(max-width: 1024px) 100vw, 1024px\" \/><\/figure>\n\n\n\n<p>Aber wer will jammern &#8211; auch heute werden wir entgegen anf\u00e4nglicher Zweifel wieder ohne einen einzigen Regentropfen durchkommen. Von der Rotsohl- ging&#8217;s weiter zur (\u00fcbrigens auch im Winter ge\u00f6ffneten) <a href=\"https:\/\/schutzhaus-turnaueralm-1.jimdosite.com\/\" data-type=\"link\" data-id=\"https:\/\/schutzhaus-turnaueralm-1.jimdosite.com\/\" target=\"_blank\" rel=\"noreferrer noopener\">Turnauer Alm<\/a> &#8230;<\/p>\n\n\n\n<figure class=\"wp-block-image size-large\"><img loading=\"lazy\" decoding=\"async\" width=\"1024\" height=\"577\" src=\"https:\/\/www.vergissmi.net\/wp-content\/uploads\/2023\/11\/351528590_6342801165758747_2067165084369605275_n-1024x577.jpg\" alt=\"\" class=\"wp-image-14424\" srcset=\"https:\/\/www.vergissmi.net\/wp-content\/uploads\/2023\/11\/351528590_6342801165758747_2067165084369605275_n-1024x577.jpg 1024w, https:\/\/www.vergissmi.net\/wp-content\/uploads\/2023\/11\/351528590_6342801165758747_2067165084369605275_n-800x450.jpg 800w, https:\/\/www.vergissmi.net\/wp-content\/uploads\/2023\/11\/351528590_6342801165758747_2067165084369605275_n-1536x865.jpg 1536w, https:\/\/www.vergissmi.net\/wp-content\/uploads\/2023\/11\/351528590_6342801165758747_2067165084369605275_n.jpg 2048w\" sizes=\"(max-width: 1024px) 100vw, 1024px\" \/><\/figure>\n\n\n\n<p>&#8230; ein weiterer historisch wichtiger St\u00fctzpunkt f\u00fcr Weitwanderer auf ihrem Weg durch \u00d6sterreich (Kontrollstelle f\u00fcr den 1200 km langen <a href=\"https:\/\/www.alpenverein.at\/weitwanderer\/weitwanderwege\/nordalpenweg.php\" data-type=\"link\" data-id=\"https:\/\/www.alpenverein.at\/weitwanderer\/weitwanderwege\/nordalpenweg.php\" target=\"_blank\" rel=\"noreferrer noopener\">Nordalpenweg<\/a> und den rund 550 km langen Nord-S\u00fcd-Weg) oder \u00fcberhaupt durch Europa (die beiden obersten Schilder stehen mit rund 15 000 Kilometer f\u00fcr zwei der <a href=\"https:\/\/de.wikipedia.org\/wiki\/Europ%C3%A4ische_Fernwanderwege\" data-type=\"link\" data-id=\"https:\/\/de.wikipedia.org\/wiki\/Europ%C3%A4ische_Fernwanderwege\" target=\"_blank\" rel=\"noreferrer noopener\">l\u00e4ngsten Wanderwege Europas<\/a>).<\/p>\n\n\n\n<figure class=\"wp-block-image size-large\"><img loading=\"lazy\" decoding=\"async\" width=\"577\" height=\"1024\" src=\"https:\/\/www.vergissmi.net\/wp-content\/uploads\/2023\/11\/351010527_6523065104380927_3192765638860524321_n-577x1024.jpg\" alt=\"\" class=\"wp-image-14425\" srcset=\"https:\/\/www.vergissmi.net\/wp-content\/uploads\/2023\/11\/351010527_6523065104380927_3192765638860524321_n-577x1024.jpg 577w, https:\/\/www.vergissmi.net\/wp-content\/uploads\/2023\/11\/351010527_6523065104380927_3192765638860524321_n-450x800.jpg 450w, https:\/\/www.vergissmi.net\/wp-content\/uploads\/2023\/11\/351010527_6523065104380927_3192765638860524321_n-865x1536.jpg 865w, https:\/\/www.vergissmi.net\/wp-content\/uploads\/2023\/11\/351010527_6523065104380927_3192765638860524321_n.jpg 1153w\" sizes=\"(max-width: 577px) 100vw, 577px\" \/><\/figure>\n\n\n\n<p>Eine gute Stunde sp\u00e4ter ist die <strong>G\u00f6riacher Alm<\/strong> erreicht &#8211; dort gibt es Futter f\u00fcr alle Anwesenden &#8230;<\/p>\n\n\n\n<figure class=\"wp-block-image size-large\"><img loading=\"lazy\" decoding=\"async\" width=\"1024\" height=\"577\" src=\"https:\/\/www.vergissmi.net\/wp-content\/uploads\/2023\/11\/350122780_1268302367424142_338699983809621309_n-1024x577.jpg\" alt=\"\" class=\"wp-image-14426\" srcset=\"https:\/\/www.vergissmi.net\/wp-content\/uploads\/2023\/11\/350122780_1268302367424142_338699983809621309_n-1024x577.jpg 1024w, https:\/\/www.vergissmi.net\/wp-content\/uploads\/2023\/11\/350122780_1268302367424142_338699983809621309_n-800x450.jpg 800w, https:\/\/www.vergissmi.net\/wp-content\/uploads\/2023\/11\/350122780_1268302367424142_338699983809621309_n-1536x865.jpg 1536w, https:\/\/www.vergissmi.net\/wp-content\/uploads\/2023\/11\/350122780_1268302367424142_338699983809621309_n.jpg 2048w\" sizes=\"(max-width: 1024px) 100vw, 1024px\" \/><\/figure>\n\n\n\n<p>&#8230;. und auch die Freunde der Alm-Prosa kommen nicht zu kurz.<\/p>\n\n\n\n<figure class=\"wp-block-image size-large\"><img loading=\"lazy\" decoding=\"async\" width=\"1024\" height=\"577\" src=\"https:\/\/www.vergissmi.net\/wp-content\/uploads\/2023\/11\/350131501_527602962754356_5630320879625987347_n-1024x577.jpg\" alt=\"\" class=\"wp-image-14427\" srcset=\"https:\/\/www.vergissmi.net\/wp-content\/uploads\/2023\/11\/350131501_527602962754356_5630320879625987347_n-1024x577.jpg 1024w, https:\/\/www.vergissmi.net\/wp-content\/uploads\/2023\/11\/350131501_527602962754356_5630320879625987347_n-800x450.jpg 800w, https:\/\/www.vergissmi.net\/wp-content\/uploads\/2023\/11\/350131501_527602962754356_5630320879625987347_n-1536x865.jpg 1536w, https:\/\/www.vergissmi.net\/wp-content\/uploads\/2023\/11\/350131501_527602962754356_5630320879625987347_n.jpg 2048w\" sizes=\"(max-width: 1024px) 100vw, 1024px\" \/><\/figure>\n\n\n\n<p>Im Lappental werden neue Freundschaften geschlossen.<\/p>\n\n\n\n<figure class=\"wp-block-image size-large\"><img loading=\"lazy\" decoding=\"async\" width=\"1024\" height=\"577\" src=\"https:\/\/www.vergissmi.net\/wp-content\/uploads\/2023\/11\/350134087_1445140772955508_1665489547400118013_n-1024x577.jpg\" alt=\"\" class=\"wp-image-14428\" srcset=\"https:\/\/www.vergissmi.net\/wp-content\/uploads\/2023\/11\/350134087_1445140772955508_1665489547400118013_n-1024x577.jpg 1024w, https:\/\/www.vergissmi.net\/wp-content\/uploads\/2023\/11\/350134087_1445140772955508_1665489547400118013_n-800x450.jpg 800w, https:\/\/www.vergissmi.net\/wp-content\/uploads\/2023\/11\/350134087_1445140772955508_1665489547400118013_n-1536x865.jpg 1536w, https:\/\/www.vergissmi.net\/wp-content\/uploads\/2023\/11\/350134087_1445140772955508_1665489547400118013_n.jpg 2048w\" sizes=\"(max-width: 1024px) 100vw, 1024px\" \/><\/figure>\n\n\n\n<p>Bevor es wieder aus dem Tal hinaus und auf die Aflenzer Staritzen zu ging &#8230;<\/p>\n\n\n\n<figure class=\"wp-block-image size-large\"><img loading=\"lazy\" decoding=\"async\" width=\"1024\" height=\"577\" src=\"https:\/\/www.vergissmi.net\/wp-content\/uploads\/2023\/11\/350125765_1047202870018666_3892389492772540501_n-1024x577.jpg\" alt=\"\" class=\"wp-image-14429\" srcset=\"https:\/\/www.vergissmi.net\/wp-content\/uploads\/2023\/11\/350125765_1047202870018666_3892389492772540501_n-1024x577.jpg 1024w, https:\/\/www.vergissmi.net\/wp-content\/uploads\/2023\/11\/350125765_1047202870018666_3892389492772540501_n-800x450.jpg 800w, https:\/\/www.vergissmi.net\/wp-content\/uploads\/2023\/11\/350125765_1047202870018666_3892389492772540501_n-1536x865.jpg 1536w, https:\/\/www.vergissmi.net\/wp-content\/uploads\/2023\/11\/350125765_1047202870018666_3892389492772540501_n.jpg 2048w\" sizes=\"(max-width: 1024px) 100vw, 1024px\" \/><\/figure>\n\n\n\n<p>&#8230; hie\u00df es auch schon wieder Abschied nehmen von unseren frisch gewonnenen Weggef\u00e4hrten.<\/p>\n\n\n\n<figure class=\"wp-block-image size-large\"><img loading=\"lazy\" decoding=\"async\" width=\"577\" height=\"1024\" src=\"https:\/\/www.vergissmi.net\/wp-content\/uploads\/2023\/11\/350127848_1721355171630546_3410267447160112039_n-577x1024.jpg\" alt=\"\" class=\"wp-image-14430\" srcset=\"https:\/\/www.vergissmi.net\/wp-content\/uploads\/2023\/11\/350127848_1721355171630546_3410267447160112039_n-577x1024.jpg 577w, https:\/\/www.vergissmi.net\/wp-content\/uploads\/2023\/11\/350127848_1721355171630546_3410267447160112039_n-450x800.jpg 450w, https:\/\/www.vergissmi.net\/wp-content\/uploads\/2023\/11\/350127848_1721355171630546_3410267447160112039_n-865x1536.jpg 865w, https:\/\/www.vergissmi.net\/wp-content\/uploads\/2023\/11\/350127848_1721355171630546_3410267447160112039_n.jpg 1153w\" sizes=\"(max-width: 577px) 100vw, 577px\" \/><\/figure>\n\n\n\n<p>Vorbei am Weitwandererdenkmal auf dem Seebergsattel &#8230;<\/p>\n\n\n\n<figure class=\"wp-block-image size-large\"><img loading=\"lazy\" decoding=\"async\" width=\"577\" height=\"1024\" src=\"https:\/\/www.vergissmi.net\/wp-content\/uploads\/2023\/11\/350259139_966142301271727_9104098299401589419_n-577x1024.jpg\" alt=\"\" class=\"wp-image-14431\" srcset=\"https:\/\/www.vergissmi.net\/wp-content\/uploads\/2023\/11\/350259139_966142301271727_9104098299401589419_n-577x1024.jpg 577w, https:\/\/www.vergissmi.net\/wp-content\/uploads\/2023\/11\/350259139_966142301271727_9104098299401589419_n-450x800.jpg 450w, https:\/\/www.vergissmi.net\/wp-content\/uploads\/2023\/11\/350259139_966142301271727_9104098299401589419_n-865x1536.jpg 865w, https:\/\/www.vergissmi.net\/wp-content\/uploads\/2023\/11\/350259139_966142301271727_9104098299401589419_n.jpg 1153w\" sizes=\"(max-width: 577px) 100vw, 577px\" \/><\/figure>\n\n\n\n<p>&#8230; ging es nun in freiem Fall hinunter in die Dullwitz, wo wir exakt 20 Minuten vorm Riesenschnitzel im sympathischen <a href=\"https:\/\/www.seeberghof.at\" data-type=\"link\" data-id=\"https:\/\/www.seeberghof.at\" target=\"_blank\" rel=\"noreferrer noopener\">Seeberghof<\/a> eintrafen und dort wiedermal einen feinen Abend hatten.<\/p>\n\n\n\n<figure class=\"wp-block-image size-large\"><img loading=\"lazy\" decoding=\"async\" width=\"1024\" height=\"576\" src=\"https:\/\/www.vergissmi.net\/wp-content\/uploads\/2023\/11\/352710033_999221777909526_452832402745376894_n-1024x576.jpg\" alt=\"\" class=\"wp-image-14437\" srcset=\"https:\/\/www.vergissmi.net\/wp-content\/uploads\/2023\/11\/352710033_999221777909526_452832402745376894_n-1024x576.jpg 1024w, https:\/\/www.vergissmi.net\/wp-content\/uploads\/2023\/11\/352710033_999221777909526_452832402745376894_n-800x450.jpg 800w, https:\/\/www.vergissmi.net\/wp-content\/uploads\/2023\/11\/352710033_999221777909526_452832402745376894_n-1536x864.jpg 1536w, https:\/\/www.vergissmi.net\/wp-content\/uploads\/2023\/11\/352710033_999221777909526_452832402745376894_n.jpg 1920w\" sizes=\"(max-width: 1024px) 100vw, 1024px\" \/><\/figure>\n\n\n\n<p>Was bisher geschah &#8211; \u00d6l auf Leinwand, MM 2023:<\/p>\n\n\n\n<figure class=\"wp-block-image size-large\"><img loading=\"lazy\" decoding=\"async\" width=\"1024\" height=\"513\" src=\"https:\/\/www.vergissmi.net\/wp-content\/uploads\/2023\/11\/347566732_798671168295450_5990073610728414130_n-1024x513.jpg\" alt=\"\" class=\"wp-image-14432\" srcset=\"https:\/\/www.vergissmi.net\/wp-content\/uploads\/2023\/11\/347566732_798671168295450_5990073610728414130_n-1024x513.jpg 1024w, https:\/\/www.vergissmi.net\/wp-content\/uploads\/2023\/11\/347566732_798671168295450_5990073610728414130_n-800x401.jpg 800w, https:\/\/www.vergissmi.net\/wp-content\/uploads\/2023\/11\/347566732_798671168295450_5990073610728414130_n-300x150.jpg 300w, https:\/\/www.vergissmi.net\/wp-content\/uploads\/2023\/11\/347566732_798671168295450_5990073610728414130_n-1536x770.jpg 1536w, https:\/\/www.vergissmi.net\/wp-content\/uploads\/2023\/11\/347566732_798671168295450_5990073610728414130_n.jpg 1604w\" sizes=\"(max-width: 1024px) 100vw, 1024px\" \/><\/figure>\n","protected":false},"excerpt":{"rendered":"<div class=\"tmnf_excerpt\"><div class=\"tmnf_excerpt\"><p>(St.Aegyd am Neuwalde &#8211; Mariazell &#8211; Niederalpl &#8211; Seewiesen)Gesamt bisher: 181 km, 5470 hm. Unser erster Abschnitt, der Wiener Mariazellerweg, verl\u00e4uft abschlie\u00dfend \u00fcber das Kernhofer Gscheid zum Hubertussee und in einem letzten Kraftakt \u00fcber den Habertheurersattel nach &#8230; Nach etwas zuviel Asphalt f\u00fcr unseren Geschmack biegt der Zellerweg am Gscheid Richtung See ab &#8211; es &hellip;<\/p>\n<\/div><\/div>","protected":false},"author":61,"featured_media":14421,"comment_status":"open","ping_status":"open","sticky":false,"template":"","format":"standard","meta":{"_s2mail":"yes","footnotes":""},"categories":[170,171,156,165,160,6,155,306],"tags":[],"class_list":["post-14411","post","type-post","status-publish","format-standard","has-post-thumbnail","hentry","category-05-nord-sued-weg","category-06-mariazellerweg","category-oesterreich","category-niederoesterreich","category-steiermark","category-tourtagebuch","category-weitwandern","category-wien-kaernten","gallery-content-unit"],"_links":{"self":[{"href":"https:\/\/www.vergissmi.net\/index.php?rest_route=\/wp\/v2\/posts\/14411","targetHints":{"allow":["GET"]}}],"collection":[{"href":"https:\/\/www.vergissmi.net\/index.php?rest_route=\/wp\/v2\/posts"}],"about":[{"href":"https:\/\/www.vergissmi.net\/index.php?rest_route=\/wp\/v2\/types\/post"}],"author":[{"embeddable":true,"href":"https:\/\/www.vergissmi.net\/index.php?rest_route=\/wp\/v2\/users\/61"}],"replies":[{"embeddable":true,"href":"https:\/\/www.vergissmi.net\/index.php?rest_route=%2Fwp%2Fv2%2Fcomments&post=14411"}],"version-history":[{"count":4,"href":"https:\/\/www.vergissmi.net\/index.php?rest_route=\/wp\/v2\/posts\/14411\/revisions"}],"predecessor-version":[{"id":14438,"href":"https:\/\/www.vergissmi.net\/index.php?rest_route=\/wp\/v2\/posts\/14411\/revisions\/14438"}],"wp:featuredmedia":[{"embeddable":true,"href":"https:\/\/www.vergissmi.net\/index.php?rest_route=\/wp\/v2\/media\/14421"}],"wp:attachment":[{"href":"https:\/\/www.vergissmi.net\/index.php?rest_route=%2Fwp%2Fv2%2Fmedia&parent=14411"}],"wp:term":[{"taxonomy":"category","embeddable":true,"href":"https:\/\/www.vergissmi.net\/index.php?rest_route=%2Fwp%2Fv2%2Fcategories&post=14411"},{"taxonomy":"post_tag","embeddable":true,"href":"https:\/\/www.vergissmi.net\/index.php?rest_route=%2Fwp%2Fv2%2Ftags&post=14411"}],"curies":[{"name":"wp","href":"https:\/\/api.w.org\/{rel}","templated":true}]}}