{"id":14504,"date":"2023-11-28T22:27:21","date_gmt":"2023-11-28T21:27:21","guid":{"rendered":"https:\/\/www.vergissmi.net\/?p=14504"},"modified":"2023-11-28T22:29:02","modified_gmt":"2023-11-28T21:29:02","slug":"tag-16-17-18-von-wien-nach-kaernten","status":"publish","type":"post","link":"https:\/\/www.vergissmi.net\/?p=14504","title":{"rendered":"[Tag 16, 17 &#038; 18] Von Wien nach K\u00e4rnten"},"content":{"rendered":"\n<p><strong><em>E16: Knittelfeld\/Steinplanhaus &#8211; Salzstiegelhaus<br>E17: Salzstiegelhaus &#8211; Reichenfels<br>E18: Reichenfels &#8211; Knappenberg<\/em><\/strong><\/p>\n\n\n\n<p><strong><em>Insgesamt 70 km, ca. 1700 hm<\/em><\/strong><\/p>\n\n\n\n<p><em>[Vorausgeschickt: Dem aufmerksamen Mitleser wird nicht entgangen sein, dass in der Chronologie der Tag 15 fehlt. Diesen Tag braucht man, um von den Seckauer Tauern zur Gleinalpe zu gelangen. Doch diese Strecke haben Romi und ich gr\u00f6\u00dftenteils <a href=\"https:\/\/www.vergissmi.net\/?p=1841\" data-type=\"link\" data-id=\"https:\/\/www.vergissmi.net\/?p=1841\" target=\"_blank\" rel=\"noreferrer noopener\">bereits in den Beinen<\/a> &#8211; und wir haben deshalb zugunsten eines Mehr-Urlaubstages in den Bergen auf eine Wiederholung verzichtet.]<\/em><\/p>\n\n\n\n<p>Auf geht&#8217;s in die dritte und letzte Urlaubswoche unseres Projektes <em>&#8220;Wien &#8211; Haust\u00fcr&#8221;<\/em>. Hundewetter am Anreisetag! Unsere Ambitionen, \u00fcberhaupt vom Bahnhof weg zum Steinplanhaus raufzugehen, l\u00f6sten sich im Nachmittagsregen auf und wir nahmen gerne das Angebot von lieben Freunden an, die uns bis rauf zum H\u00fcttenschranken brachten.<\/p>\n\n\n\n<figure class=\"wp-block-image size-large\"><img fetchpriority=\"high\" decoding=\"async\" width=\"1024\" height=\"577\" src=\"https:\/\/www.vergissmi.net\/wp-content\/uploads\/2023\/11\/395386994_6746182468752102_7090768194068942436_n-1024x577.jpg\" alt=\"\" class=\"wp-image-14505\" srcset=\"https:\/\/www.vergissmi.net\/wp-content\/uploads\/2023\/11\/395386994_6746182468752102_7090768194068942436_n-1024x577.jpg 1024w, https:\/\/www.vergissmi.net\/wp-content\/uploads\/2023\/11\/395386994_6746182468752102_7090768194068942436_n-800x450.jpg 800w, https:\/\/www.vergissmi.net\/wp-content\/uploads\/2023\/11\/395386994_6746182468752102_7090768194068942436_n-1536x865.jpg 1536w, https:\/\/www.vergissmi.net\/wp-content\/uploads\/2023\/11\/395386994_6746182468752102_7090768194068942436_n.jpg 2048w\" sizes=\"(max-width: 1024px) 100vw, 1024px\" \/><\/figure>\n\n\n\n<p>Bevor wir uns voneinander verabschiedeten, kam punktgenau die Sonne raus &#8230;<\/p>\n\n\n\n<figure class=\"wp-block-image size-large\"><img decoding=\"async\" width=\"1024\" height=\"577\" src=\"https:\/\/www.vergissmi.net\/wp-content\/uploads\/2023\/11\/395402683_6746183168752032_8942922993143554643_n-1024x577.jpg\" alt=\"\" class=\"wp-image-14506\" srcset=\"https:\/\/www.vergissmi.net\/wp-content\/uploads\/2023\/11\/395402683_6746183168752032_8942922993143554643_n-1024x577.jpg 1024w, https:\/\/www.vergissmi.net\/wp-content\/uploads\/2023\/11\/395402683_6746183168752032_8942922993143554643_n-800x450.jpg 800w, https:\/\/www.vergissmi.net\/wp-content\/uploads\/2023\/11\/395402683_6746183168752032_8942922993143554643_n-1536x865.jpg 1536w, https:\/\/www.vergissmi.net\/wp-content\/uploads\/2023\/11\/395402683_6746183168752032_8942922993143554643_n.jpg 2048w\" sizes=\"(max-width: 1024px) 100vw, 1024px\" \/><\/figure>\n\n\n\n<p>&#8230; und wir konnten die restlichen paar H\u00f6henmeter zum Steinplanhaus trockenen Gewandes absolvieren.<\/p>\n\n\n\n<figure class=\"wp-block-image size-large\"><img decoding=\"async\" width=\"1024\" height=\"577\" src=\"https:\/\/www.vergissmi.net\/wp-content\/uploads\/2023\/11\/395397152_6746186665418349_6643986883484131401_n-1024x577.jpg\" alt=\"\" class=\"wp-image-14507\" srcset=\"https:\/\/www.vergissmi.net\/wp-content\/uploads\/2023\/11\/395397152_6746186665418349_6643986883484131401_n-1024x577.jpg 1024w, https:\/\/www.vergissmi.net\/wp-content\/uploads\/2023\/11\/395397152_6746186665418349_6643986883484131401_n-800x450.jpg 800w, https:\/\/www.vergissmi.net\/wp-content\/uploads\/2023\/11\/395397152_6746186665418349_6643986883484131401_n-1536x865.jpg 1536w, https:\/\/www.vergissmi.net\/wp-content\/uploads\/2023\/11\/395397152_6746186665418349_6643986883484131401_n.jpg 2048w\" sizes=\"(max-width: 1024px) 100vw, 1024px\" \/><\/figure>\n\n\n\n<p>7 Tage soll dieser letzte Abschnitt unserer Tour von Wien bis in unsere Obergurktaler Heimat dauern. Wir sind also bereits in der Finalwoche &#8211; da gilt es darauf zu achten, nicht zu sp\u00e4t mit dem Feiern zu beginnen!<\/p>\n\n\n\n<p>Meine beruflichen Teamkollegen, die mich um 23 Uhr noch in ein Teams-Meeting einluden, waren nur mehr ganz schwer von meiner Einsatz<em>bereitschaft<\/em> zu \u00fcberzeugen.<\/p>\n\n\n\n<p>Romi schwieg zu der ganzen Sache.<\/p>\n\n\n\n<figure class=\"wp-block-image size-large\"><img loading=\"lazy\" decoding=\"async\" width=\"577\" height=\"1024\" src=\"https:\/\/www.vergissmi.net\/wp-content\/uploads\/2023\/11\/395386947_6746182345418781_6530406448044881424_n-577x1024.jpg\" alt=\"\" class=\"wp-image-14508\" srcset=\"https:\/\/www.vergissmi.net\/wp-content\/uploads\/2023\/11\/395386947_6746182345418781_6530406448044881424_n-577x1024.jpg 577w, https:\/\/www.vergissmi.net\/wp-content\/uploads\/2023\/11\/395386947_6746182345418781_6530406448044881424_n-450x800.jpg 450w, https:\/\/www.vergissmi.net\/wp-content\/uploads\/2023\/11\/395386947_6746182345418781_6530406448044881424_n-865x1536.jpg 865w, https:\/\/www.vergissmi.net\/wp-content\/uploads\/2023\/11\/395386947_6746182345418781_6530406448044881424_n.jpg 1153w\" sizes=\"(max-width: 577px) 100vw, 577px\" \/><\/figure>\n\n\n\n<p>Der n\u00e4chste Tag hatte die praktisch ebene Wanderung hin\u00fcber zum Gaberl und weiter zum Almhaus zum Programm. Die ersten Meter f\u00fchrten uns der Sonne entgegen hinunter auf den Gleinalmr\u00fccken &#8230;<\/p>\n\n\n\n<figure class=\"wp-block-image size-large\"><img loading=\"lazy\" decoding=\"async\" width=\"1024\" height=\"577\" src=\"https:\/\/www.vergissmi.net\/wp-content\/uploads\/2023\/11\/395392160_6746182515418764_8396521009761112499_n-1024x577.jpg\" alt=\"\" class=\"wp-image-14509\" srcset=\"https:\/\/www.vergissmi.net\/wp-content\/uploads\/2023\/11\/395392160_6746182515418764_8396521009761112499_n-1024x577.jpg 1024w, https:\/\/www.vergissmi.net\/wp-content\/uploads\/2023\/11\/395392160_6746182515418764_8396521009761112499_n-800x450.jpg 800w, https:\/\/www.vergissmi.net\/wp-content\/uploads\/2023\/11\/395392160_6746182515418764_8396521009761112499_n-1536x865.jpg 1536w, https:\/\/www.vergissmi.net\/wp-content\/uploads\/2023\/11\/395392160_6746182515418764_8396521009761112499_n.jpg 2048w\" sizes=\"(max-width: 1024px) 100vw, 1024px\" \/><\/figure>\n\n\n\n<p>&#8230; wo sich beim Stierkreuz die beiden Weitwanderwege <strong>Zentralalpenweg 02<\/strong> (bereits zweimal begangen) und <strong>Nord-S\u00fcd-Weg 05<\/strong> (Finale im Waldviertel f\u00fcr Dezember geplant) voneinander verabschieden.<\/p>\n\n\n\n<figure class=\"wp-block-image size-large\"><img loading=\"lazy\" decoding=\"async\" width=\"577\" height=\"1024\" src=\"https:\/\/www.vergissmi.net\/wp-content\/uploads\/2023\/11\/395389613_6746186548751694_3254445457805948430_n-577x1024.jpg\" alt=\"\" class=\"wp-image-14510\" srcset=\"https:\/\/www.vergissmi.net\/wp-content\/uploads\/2023\/11\/395389613_6746186548751694_3254445457805948430_n-577x1024.jpg 577w, https:\/\/www.vergissmi.net\/wp-content\/uploads\/2023\/11\/395389613_6746186548751694_3254445457805948430_n-450x800.jpg 450w, https:\/\/www.vergissmi.net\/wp-content\/uploads\/2023\/11\/395389613_6746186548751694_3254445457805948430_n-865x1536.jpg 865w, https:\/\/www.vergissmi.net\/wp-content\/uploads\/2023\/11\/395389613_6746186548751694_3254445457805948430_n.jpg 1153w\" sizes=\"(max-width: 577px) 100vw, 577px\" \/><\/figure>\n\n\n\n<p>Wir folgen nun f\u00fcr 1 1\/2 Tage dem Nord-S\u00fcdweg, der durch das <strong>Steirische Randgebirge<\/strong> durch sp\u00e4therbstliche Schwarzbeerfelder hin\u00fcber zur <strong>Koralpe <\/strong>verl\u00e4uft.<\/p>\n\n\n\n<figure class=\"wp-block-image size-large\"><img loading=\"lazy\" decoding=\"async\" width=\"1024\" height=\"577\" src=\"https:\/\/www.vergissmi.net\/wp-content\/uploads\/2023\/11\/395422307_6746186425418373_2647631136089760410_n-1024x577.jpg\" alt=\"\" class=\"wp-image-14511\" srcset=\"https:\/\/www.vergissmi.net\/wp-content\/uploads\/2023\/11\/395422307_6746186425418373_2647631136089760410_n-1024x577.jpg 1024w, https:\/\/www.vergissmi.net\/wp-content\/uploads\/2023\/11\/395422307_6746186425418373_2647631136089760410_n-800x450.jpg 800w, https:\/\/www.vergissmi.net\/wp-content\/uploads\/2023\/11\/395422307_6746186425418373_2647631136089760410_n-1536x865.jpg 1536w, https:\/\/www.vergissmi.net\/wp-content\/uploads\/2023\/11\/395422307_6746186425418373_2647631136089760410_n.jpg 2048w\" sizes=\"(max-width: 1024px) 100vw, 1024px\" \/><\/figure>\n\n\n\n<p>Beim freundlichen <strong>Gaberlhaus <\/strong>wird Mittag gemacht.<\/p>\n\n\n\n<figure class=\"wp-block-image size-large\"><img loading=\"lazy\" decoding=\"async\" width=\"1024\" height=\"577\" src=\"https:\/\/www.vergissmi.net\/wp-content\/uploads\/2023\/11\/396518177_6746184422085240_748013433353518342_n-1024x577.jpg\" alt=\"\" class=\"wp-image-14512\" srcset=\"https:\/\/www.vergissmi.net\/wp-content\/uploads\/2023\/11\/396518177_6746184422085240_748013433353518342_n-1024x577.jpg 1024w, https:\/\/www.vergissmi.net\/wp-content\/uploads\/2023\/11\/396518177_6746184422085240_748013433353518342_n-800x450.jpg 800w, https:\/\/www.vergissmi.net\/wp-content\/uploads\/2023\/11\/396518177_6746184422085240_748013433353518342_n-1536x865.jpg 1536w, https:\/\/www.vergissmi.net\/wp-content\/uploads\/2023\/11\/396518177_6746184422085240_748013433353518342_n.jpg 2048w\" sizes=\"(max-width: 1024px) 100vw, 1024px\" \/><\/figure>\n\n\n\n<p>Erstaunlich, wie gut das inzwischen rund 110 Jahre alte Haus erhalten ist &#8211; man vergleiche zum Beispiel die Fenster des Gastraumes (Foto oben links und Foto unten rechts ).<\/p>\n\n\n\n<figure class=\"wp-block-image size-large\"><img loading=\"lazy\" decoding=\"async\" width=\"1024\" height=\"577\" src=\"https:\/\/www.vergissmi.net\/wp-content\/uploads\/2023\/11\/395386988_6746182695418746_5030659263164354522_n-1024x577.jpg\" alt=\"\" class=\"wp-image-14513\" srcset=\"https:\/\/www.vergissmi.net\/wp-content\/uploads\/2023\/11\/395386988_6746182695418746_5030659263164354522_n-1024x577.jpg 1024w, https:\/\/www.vergissmi.net\/wp-content\/uploads\/2023\/11\/395386988_6746182695418746_5030659263164354522_n-800x450.jpg 800w, https:\/\/www.vergissmi.net\/wp-content\/uploads\/2023\/11\/395386988_6746182695418746_5030659263164354522_n-1536x865.jpg 1536w, https:\/\/www.vergissmi.net\/wp-content\/uploads\/2023\/11\/395386988_6746182695418746_5030659263164354522_n.jpg 2048w\" sizes=\"(max-width: 1024px) 100vw, 1024px\" \/><\/figure>\n\n\n\n<p>Der Nachmittag war dann schon eher frisch &#8211; auf dem Gegenhang winkt uns am oberen Ende der Skipisten das Rad namens &#8220;Salzstiegel II&#8221; zu. Dort ungef\u00e4hr m\u00fcssen wir heute noch hin, dann &#8230; darf man das eh noch schreiben &#8230; <em>hamma&#8217;s<\/em>.<\/p>\n\n\n\n<figure class=\"wp-block-image size-large\"><img loading=\"lazy\" decoding=\"async\" width=\"1024\" height=\"577\" src=\"https:\/\/www.vergissmi.net\/wp-content\/uploads\/2023\/11\/396518982_6746182148752134_5978393783175284822_n-1024x577.jpg\" alt=\"\" class=\"wp-image-14514\" srcset=\"https:\/\/www.vergissmi.net\/wp-content\/uploads\/2023\/11\/396518982_6746182148752134_5978393783175284822_n-1024x577.jpg 1024w, https:\/\/www.vergissmi.net\/wp-content\/uploads\/2023\/11\/396518982_6746182148752134_5978393783175284822_n-800x450.jpg 800w, https:\/\/www.vergissmi.net\/wp-content\/uploads\/2023\/11\/396518982_6746182148752134_5978393783175284822_n-1536x865.jpg 1536w, https:\/\/www.vergissmi.net\/wp-content\/uploads\/2023\/11\/396518982_6746182148752134_5978393783175284822_n.jpg 2048w\" sizes=\"(max-width: 1024px) 100vw, 1024px\" \/><\/figure>\n\n\n\n<p>Des einen Freud, des anderen Leid &#8211;> wiiiindig war&#8217;s!<br><br>&#8230; weshalb wir auch nicht allzu beleidigt waren, noch rechtzeitig vor Sonnenuntergang unser n\u00e4chstes Quartier zu erreichen.<\/p>\n\n\n\n<figure class=\"wp-block-image size-large\"><img loading=\"lazy\" decoding=\"async\" width=\"1024\" height=\"577\" src=\"https:\/\/www.vergissmi.net\/wp-content\/uploads\/2023\/11\/396477067_6746182272085455_1672231768709171927_n-1024x577.jpg\" alt=\"\" class=\"wp-image-14515\" srcset=\"https:\/\/www.vergissmi.net\/wp-content\/uploads\/2023\/11\/396477067_6746182272085455_1672231768709171927_n-1024x577.jpg 1024w, https:\/\/www.vergissmi.net\/wp-content\/uploads\/2023\/11\/396477067_6746182272085455_1672231768709171927_n-800x450.jpg 800w, https:\/\/www.vergissmi.net\/wp-content\/uploads\/2023\/11\/396477067_6746182272085455_1672231768709171927_n-1536x865.jpg 1536w, https:\/\/www.vergissmi.net\/wp-content\/uploads\/2023\/11\/396477067_6746182272085455_1672231768709171927_n.jpg 2048w\" sizes=\"(max-width: 1024px) 100vw, 1024px\" \/><\/figure>\n\n\n\n<p>Bereits in der Nacht setzten starke Regenf\u00e4lle ein, die tags darauf bis zur Mittagsstunde anhalten sollen. Wir setzen uns ein Zeitlimit f\u00fcr die &#8220;Stop or Go&#8221; Entscheidung &#8211; Punkt 12:00 Uhr wird entweder gegangen oder der Tag f\u00e4llt ins Wasser.<br>Und &#8211; goldenes Wandererehrenwort &#8211; um PUNKT 12:00 h\u00f6rte der Starkregen pl\u00f6tzlich auf &#8211; und lie\u00df uns mit uiuiuiuiuiuiuiui STARKEM Nordwest-Wind abermals ratlos zur\u00fcck.<br>Doch wir wollten ja weiter &#8230; also Jacke zukn\u00f6pfen und weiter rauf zu Salzstiegel-Speichersee &#8230;<\/p>\n\n\n\n<figure class=\"wp-block-image size-large\"><img loading=\"lazy\" decoding=\"async\" width=\"1024\" height=\"577\" src=\"https:\/\/www.vergissmi.net\/wp-content\/uploads\/2023\/11\/395939027_6746183292085353_5779022065022302565_n-1024x577.jpg\" alt=\"\" class=\"wp-image-14516\" srcset=\"https:\/\/www.vergissmi.net\/wp-content\/uploads\/2023\/11\/395939027_6746183292085353_5779022065022302565_n-1024x577.jpg 1024w, https:\/\/www.vergissmi.net\/wp-content\/uploads\/2023\/11\/395939027_6746183292085353_5779022065022302565_n-800x450.jpg 800w, https:\/\/www.vergissmi.net\/wp-content\/uploads\/2023\/11\/395939027_6746183292085353_5779022065022302565_n-1536x865.jpg 1536w, https:\/\/www.vergissmi.net\/wp-content\/uploads\/2023\/11\/395939027_6746183292085353_5779022065022302565_n.jpg 2048w\" sizes=\"(max-width: 1024px) 100vw, 1024px\" \/><\/figure>\n\n\n\n<p>&#8230; und weiter hin\u00fcber aufs <strong>Lavanttal <\/strong>zu, wo wir auf dem Peterer Sattel nach insgesamt 17 Tourentagen die K\u00e4rntner Landesgrenze \u00fcberschritten.<br>Der enorm starke Wind l\u00e4sst sich einfach nicht fotografieren &#8230; also m\u00fcsst Ihr mir einfach glauben, dass Romi normalerweise ein grader Michl ist.<\/p>\n\n\n\n<figure class=\"wp-block-image size-large\"><img loading=\"lazy\" decoding=\"async\" width=\"1024\" height=\"577\" src=\"https:\/\/www.vergissmi.net\/wp-content\/uploads\/2023\/11\/395419576_6746182995418716_1485068318617091468_n-1024x577.jpg\" alt=\"\" class=\"wp-image-14517\" srcset=\"https:\/\/www.vergissmi.net\/wp-content\/uploads\/2023\/11\/395419576_6746182995418716_1485068318617091468_n-1024x577.jpg 1024w, https:\/\/www.vergissmi.net\/wp-content\/uploads\/2023\/11\/395419576_6746182995418716_1485068318617091468_n-800x450.jpg 800w, https:\/\/www.vergissmi.net\/wp-content\/uploads\/2023\/11\/395419576_6746182995418716_1485068318617091468_n-1536x865.jpg 1536w, https:\/\/www.vergissmi.net\/wp-content\/uploads\/2023\/11\/395419576_6746182995418716_1485068318617091468_n.jpg 2048w\" sizes=\"(max-width: 1024px) 100vw, 1024px\" \/><\/figure>\n\n\n\n<p>Die erste Jausenpause auf heimischem Boden wurde auf der <strong>Peterer Alm <\/strong>abgehalten. Gro\u00dfe Freude, als wir von der Weite schon Rauch herausqualmen sahen. Doch leider war trotzdem gerade niemand da &#8211; also erlaubten wir uns, auf der Sonnenseite Platz zu nehmen und unseren Rucksack zu erleichtern.<\/p>\n\n\n\n<figure class=\"wp-block-image size-large\"><img loading=\"lazy\" decoding=\"async\" width=\"1024\" height=\"577\" src=\"https:\/\/www.vergissmi.net\/wp-content\/uploads\/2023\/11\/395394582_6746185092085173_5232955110102586862_n-1024x577.jpg\" alt=\"\" class=\"wp-image-14518\" srcset=\"https:\/\/www.vergissmi.net\/wp-content\/uploads\/2023\/11\/395394582_6746185092085173_5232955110102586862_n-1024x577.jpg 1024w, https:\/\/www.vergissmi.net\/wp-content\/uploads\/2023\/11\/395394582_6746185092085173_5232955110102586862_n-800x450.jpg 800w, https:\/\/www.vergissmi.net\/wp-content\/uploads\/2023\/11\/395394582_6746185092085173_5232955110102586862_n-1536x865.jpg 1536w, https:\/\/www.vergissmi.net\/wp-content\/uploads\/2023\/11\/395394582_6746185092085173_5232955110102586862_n.jpg 2048w\" sizes=\"(max-width: 1024px) 100vw, 1024px\" \/><\/figure>\n\n\n\n<p>Es folgte der Tagesschluss &#8211; der 3 1\/2 st\u00fcndige Abstieg in die Ortsmitte von <strong>Reichenfels<\/strong>, wo der sympathische <strong>Gasthof M\u00fchle 10<\/strong> auf uns wartete.<\/p>\n\n\n\n<figure class=\"wp-block-image size-large\"><img loading=\"lazy\" decoding=\"async\" width=\"1024\" height=\"577\" src=\"https:\/\/www.vergissmi.net\/wp-content\/uploads\/2023\/11\/395387402_6746185648751784_4892275657170859893_n-1024x577.jpg\" alt=\"\" class=\"wp-image-14519\" srcset=\"https:\/\/www.vergissmi.net\/wp-content\/uploads\/2023\/11\/395387402_6746185648751784_4892275657170859893_n-1024x577.jpg 1024w, https:\/\/www.vergissmi.net\/wp-content\/uploads\/2023\/11\/395387402_6746185648751784_4892275657170859893_n-800x450.jpg 800w, https:\/\/www.vergissmi.net\/wp-content\/uploads\/2023\/11\/395387402_6746185648751784_4892275657170859893_n-1536x865.jpg 1536w, https:\/\/www.vergissmi.net\/wp-content\/uploads\/2023\/11\/395387402_6746185648751784_4892275657170859893_n.jpg 2048w\" sizes=\"(max-width: 1024px) 100vw, 1024px\" \/><\/figure>\n\n\n\n<p>Etappe 19 begann mit einer \u00dcberraschung: Von den noch in den Morgenstunden prognostizierten &#8220;hervorragenden Wanderbedingungen&#8221; war w\u00e4hrend des Aufstieges zum <strong>Klippitzt\u00f6rl <\/strong>&#8230;<\/p>\n\n\n\n<figure class=\"wp-block-image size-large\"><img loading=\"lazy\" decoding=\"async\" width=\"1024\" height=\"577\" src=\"https:\/\/www.vergissmi.net\/wp-content\/uploads\/2023\/11\/395392572_6746182795418736_3740527101853823634_n-1024x577.jpg\" alt=\"\" class=\"wp-image-14520\" srcset=\"https:\/\/www.vergissmi.net\/wp-content\/uploads\/2023\/11\/395392572_6746182795418736_3740527101853823634_n-1024x577.jpg 1024w, https:\/\/www.vergissmi.net\/wp-content\/uploads\/2023\/11\/395392572_6746182795418736_3740527101853823634_n-800x450.jpg 800w, https:\/\/www.vergissmi.net\/wp-content\/uploads\/2023\/11\/395392572_6746182795418736_3740527101853823634_n-1536x865.jpg 1536w, https:\/\/www.vergissmi.net\/wp-content\/uploads\/2023\/11\/395392572_6746182795418736_3740527101853823634_n.jpg 2048w\" sizes=\"(max-width: 1024px) 100vw, 1024px\" \/><\/figure>\n\n\n\n<p>&#8230; nicht wirklich viel zu bemerken.<\/p>\n\n\n\n<figure class=\"wp-block-image size-large\"><img loading=\"lazy\" decoding=\"async\" width=\"577\" height=\"1024\" src=\"https:\/\/www.vergissmi.net\/wp-content\/uploads\/2023\/11\/395400096_6746186312085051_718100442603822069_n-577x1024.jpg\" alt=\"\" class=\"wp-image-14521\" srcset=\"https:\/\/www.vergissmi.net\/wp-content\/uploads\/2023\/11\/395400096_6746186312085051_718100442603822069_n-577x1024.jpg 577w, https:\/\/www.vergissmi.net\/wp-content\/uploads\/2023\/11\/395400096_6746186312085051_718100442603822069_n-450x800.jpg 450w, https:\/\/www.vergissmi.net\/wp-content\/uploads\/2023\/11\/395400096_6746186312085051_718100442603822069_n-865x1536.jpg 865w, https:\/\/www.vergissmi.net\/wp-content\/uploads\/2023\/11\/395400096_6746186312085051_718100442603822069_n.jpg 1153w\" sizes=\"(max-width: 577px) 100vw, 577px\" \/><\/figure>\n\n\n\n<p>Eher war es dann so, dass wir fast 3 Stunden im Regen &amp; Graupel unterwegs waren, bevor die Regenfront vollst\u00e4ndig \u00fcber uns hinweggezogen war.<br><br>Im Bild der erste Sonnenstrahl des Tages am fr\u00fchen Nachmittag:<\/p>\n\n\n\n<figure class=\"wp-block-image size-large\"><img loading=\"lazy\" decoding=\"async\" width=\"1024\" height=\"577\" src=\"https:\/\/www.vergissmi.net\/wp-content\/uploads\/2023\/11\/395397208_6746182358752113_3077654995479704809_n-1024x577.jpg\" alt=\"\" class=\"wp-image-14522\" srcset=\"https:\/\/www.vergissmi.net\/wp-content\/uploads\/2023\/11\/395397208_6746182358752113_3077654995479704809_n-1024x577.jpg 1024w, https:\/\/www.vergissmi.net\/wp-content\/uploads\/2023\/11\/395397208_6746182358752113_3077654995479704809_n-800x450.jpg 800w, https:\/\/www.vergissmi.net\/wp-content\/uploads\/2023\/11\/395397208_6746182358752113_3077654995479704809_n-1536x865.jpg 1536w, https:\/\/www.vergissmi.net\/wp-content\/uploads\/2023\/11\/395397208_6746182358752113_3077654995479704809_n.jpg 2048w\" sizes=\"(max-width: 1024px) 100vw, 1024px\" \/><\/figure>\n\n\n\n<p>Bei der <strong>Gr\u00fcnh\u00fctte <\/strong>auf der Nordseite des Klippitzt\u00f6rls warteten leider weder Wirt noch Brunnenbier auf uns.<\/p>\n\n\n\n<figure class=\"wp-block-image size-large\"><img loading=\"lazy\" decoding=\"async\" width=\"1024\" height=\"577\" src=\"https:\/\/www.vergissmi.net\/wp-content\/uploads\/2023\/11\/395386446_6746182432085439_1462616413221687872_n-1024x577.jpg\" alt=\"\" class=\"wp-image-14523\" srcset=\"https:\/\/www.vergissmi.net\/wp-content\/uploads\/2023\/11\/395386446_6746182432085439_1462616413221687872_n-1024x577.jpg 1024w, https:\/\/www.vergissmi.net\/wp-content\/uploads\/2023\/11\/395386446_6746182432085439_1462616413221687872_n-800x450.jpg 800w, https:\/\/www.vergissmi.net\/wp-content\/uploads\/2023\/11\/395386446_6746182432085439_1462616413221687872_n-1536x865.jpg 1536w, https:\/\/www.vergissmi.net\/wp-content\/uploads\/2023\/11\/395386446_6746182432085439_1462616413221687872_n.jpg 2048w\" sizes=\"(max-width: 1024px) 100vw, 1024px\" \/><\/figure>\n\n\n\n<p>Auch sonst war die Atmosph\u00e4re auf der Klippitze eher ruhig &#8230; und herbstlich &#8211; es sollte noch bis in die fr\u00fchen Nachmittagsstunden dauern, bis sich das erste Mal wieder Weitblicke bis zum <strong>Zirbitzkogel <\/strong>ausgingen.<\/p>\n\n\n\n<figure class=\"wp-block-image size-large\"><img loading=\"lazy\" decoding=\"async\" width=\"1024\" height=\"577\" src=\"https:\/\/www.vergissmi.net\/wp-content\/uploads\/2023\/11\/396547796_6746183405418675_7669362131419146661_n-1024x577.jpg\" alt=\"\" class=\"wp-image-14524\" srcset=\"https:\/\/www.vergissmi.net\/wp-content\/uploads\/2023\/11\/396547796_6746183405418675_7669362131419146661_n-1024x577.jpg 1024w, https:\/\/www.vergissmi.net\/wp-content\/uploads\/2023\/11\/396547796_6746183405418675_7669362131419146661_n-800x450.jpg 800w, https:\/\/www.vergissmi.net\/wp-content\/uploads\/2023\/11\/396547796_6746183405418675_7669362131419146661_n-1536x865.jpg 1536w, https:\/\/www.vergissmi.net\/wp-content\/uploads\/2023\/11\/396547796_6746183405418675_7669362131419146661_n.jpg 2048w\" sizes=\"(max-width: 1024px) 100vw, 1024px\" \/><\/figure>\n\n\n\n<p>F\u00fcr uns blieb nur noch, den Abstieg nach <strong>Knappenberg <\/strong>in Angriff zu nehmen. Dabei handelt es sich um einen ca. 10 km langen, ehemaligen K\u00f6hlerweg, der inzwischen leider nicht mehr durchg\u00e4ngig begehbar und teilweise auch in der Natur nicht mehr erkennbar ist. Egal, wir wussten, wie er dereinst verlief und fanden auch so hinunter zur <strong>Sauofenh\u00fctte <\/strong>(nur EIN Bier im Brunnen &#8211; aber bei einer privaten H\u00fctte wollen wir mal nicht so streng sein &#8211; 4 Euro war uns das dann schon wert) &#8230;<\/p>\n\n\n\n<figure class=\"wp-block-image size-large\"><img loading=\"lazy\" decoding=\"async\" width=\"1024\" height=\"577\" src=\"https:\/\/www.vergissmi.net\/wp-content\/uploads\/2023\/11\/395400246_6746186955418320_6719117440080682456_n-1024x577.jpg\" alt=\"\" class=\"wp-image-14525\" srcset=\"https:\/\/www.vergissmi.net\/wp-content\/uploads\/2023\/11\/395400246_6746186955418320_6719117440080682456_n-1024x577.jpg 1024w, https:\/\/www.vergissmi.net\/wp-content\/uploads\/2023\/11\/395400246_6746186955418320_6719117440080682456_n-800x450.jpg 800w, https:\/\/www.vergissmi.net\/wp-content\/uploads\/2023\/11\/395400246_6746186955418320_6719117440080682456_n-1536x865.jpg 1536w, https:\/\/www.vergissmi.net\/wp-content\/uploads\/2023\/11\/395400246_6746186955418320_6719117440080682456_n.jpg 2048w\" sizes=\"(max-width: 1024px) 100vw, 1024px\" \/><\/figure>\n\n\n\n<p><\/p>\n\n\n\n<p>&#8230; und weiter in die Ortsmitte von Knappenberg ins freundliche &#8211; jedoch leider <a href=\"https:\/\/www.kleinezeitung.at\/kaernten\/stveit\/17843341\/jufa-schliesst-hotel-aus-wirtschaftlichen-gruenden\" data-type=\"link\" data-id=\"https:\/\/www.kleinezeitung.at\/kaernten\/stveit\/17843341\/jufa-schliesst-hotel-aus-wirtschaftlichen-gruenden\" target=\"_blank\" rel=\"noreferrer noopener\">mit einem Enddatum versehenen<\/a> &#8211; <strong>JUFA-G\u00e4stehaus<\/strong> inmitten der ehemaligen Knappensiedlung.<\/p>\n\n\n\n<p>Nur noch drei Mal schlafen &#8230;!<\/p>\n\n\n\n<figure class=\"wp-block-image size-large\"><img loading=\"lazy\" decoding=\"async\" width=\"1024\" height=\"820\" src=\"https:\/\/www.vergissmi.net\/wp-content\/uploads\/2023\/11\/395392564_6746304678739881_2987918010085993310_n-1024x820.jpg\" alt=\"\" class=\"wp-image-14526\" srcset=\"https:\/\/www.vergissmi.net\/wp-content\/uploads\/2023\/11\/395392564_6746304678739881_2987918010085993310_n-1024x820.jpg 1024w, https:\/\/www.vergissmi.net\/wp-content\/uploads\/2023\/11\/395392564_6746304678739881_2987918010085993310_n-800x641.jpg 800w, https:\/\/www.vergissmi.net\/wp-content\/uploads\/2023\/11\/395392564_6746304678739881_2987918010085993310_n.jpg 1084w\" sizes=\"(max-width: 1024px) 100vw, 1024px\" \/><\/figure>\n","protected":false},"excerpt":{"rendered":"<div class=\"tmnf_excerpt\"><div class=\"tmnf_excerpt\"><p>E16: Knittelfeld\/Steinplanhaus &#8211; SalzstiegelhausE17: Salzstiegelhaus &#8211; ReichenfelsE18: Reichenfels &#8211; Knappenberg Insgesamt 70 km, ca. 1700 hm Vorausgeschickt: Dem aufmerksamen Mitleser wird nicht entgangen sein, dass in der Chronologie der Tag 15 fehlt. Diesen Tag braucht man, um von den Seckauer Tauern zur Gleinalpe zu gelangen. Doch diese Strecke haben Romi und ich gr\u00f6\u00dftenteils bereits in &hellip;<\/p>\n<\/div><\/div>","protected":false},"author":61,"featured_media":14528,"comment_status":"open","ping_status":"open","sticky":false,"template":"","format":"standard","meta":{"_s2mail":"yes","footnotes":""},"categories":[156,158,160,6,155,306],"tags":[],"class_list":["post-14504","post","type-post","status-publish","format-standard","has-post-thumbnail","hentry","category-oesterreich","category-kaernten","category-steiermark","category-tourtagebuch","category-weitwandern","category-wien-kaernten","gallery-content-unit"],"_links":{"self":[{"href":"https:\/\/www.vergissmi.net\/index.php?rest_route=\/wp\/v2\/posts\/14504","targetHints":{"allow":["GET"]}}],"collection":[{"href":"https:\/\/www.vergissmi.net\/index.php?rest_route=\/wp\/v2\/posts"}],"about":[{"href":"https:\/\/www.vergissmi.net\/index.php?rest_route=\/wp\/v2\/types\/post"}],"author":[{"embeddable":true,"href":"https:\/\/www.vergissmi.net\/index.php?rest_route=\/wp\/v2\/users\/61"}],"replies":[{"embeddable":true,"href":"https:\/\/www.vergissmi.net\/index.php?rest_route=%2Fwp%2Fv2%2Fcomments&post=14504"}],"version-history":[{"count":1,"href":"https:\/\/www.vergissmi.net\/index.php?rest_route=\/wp\/v2\/posts\/14504\/revisions"}],"predecessor-version":[{"id":14527,"href":"https:\/\/www.vergissmi.net\/index.php?rest_route=\/wp\/v2\/posts\/14504\/revisions\/14527"}],"wp:featuredmedia":[{"embeddable":true,"href":"https:\/\/www.vergissmi.net\/index.php?rest_route=\/wp\/v2\/media\/14528"}],"wp:attachment":[{"href":"https:\/\/www.vergissmi.net\/index.php?rest_route=%2Fwp%2Fv2%2Fmedia&parent=14504"}],"wp:term":[{"taxonomy":"category","embeddable":true,"href":"https:\/\/www.vergissmi.net\/index.php?rest_route=%2Fwp%2Fv2%2Fcategories&post=14504"},{"taxonomy":"post_tag","embeddable":true,"href":"https:\/\/www.vergissmi.net\/index.php?rest_route=%2Fwp%2Fv2%2Ftags&post=14504"}],"curies":[{"name":"wp","href":"https:\/\/api.w.org\/{rel}","templated":true}]}}