{"id":14584,"date":"2023-12-27T21:22:22","date_gmt":"2023-12-27T20:22:22","guid":{"rendered":"https:\/\/www.vergissmi.net\/?p=14584"},"modified":"2023-12-27T21:24:04","modified_gmt":"2023-12-27T20:24:04","slug":"tag-03-04-nord-sued-weitwanderweg","status":"publish","type":"post","link":"https:\/\/www.vergissmi.net\/?p=14584","title":{"rendered":"[Tag 03 &#038; 04] Nord-S\u00fcd-Weitwanderweg"},"content":{"rendered":"\n<p><strong><em>Tag 3: Traunstein &#8211; Elsenreith<br>Tag 4: Elsenreith &#8211; Spitz\/Donau<\/em><\/strong><br><em>(Beigl-Service: Dezember 2023)<\/em><\/p>\n\n\n\n<p>Dieser Bericht ist mehr Pflicht als K\u00fcr &#8230; der Vollst\u00e4ndigkeit halber. Weil &#8211; wie die M\u00fcllion\u00e4re es so sch\u00f6n auf den Punkt gebracht haben: <a href=\"https:\/\/www.youtube.com\/watch?v=8jnrm9j0xxI\"><em>Olle Tog is nit Sunntog<\/em><\/a>: Es war kalt, nass, stark windig und sonst auch eher ung&#8217;miatlich.<br>F\u00fcr gute Laune sorgten allerdings die Waldviertler Wirte mit ihrer bekannt superguten K\u00fcche und ihrem angenehm un-woken Ambiente.<\/p>\n\n\n\n<figure class=\"wp-block-image size-full\"><img fetchpriority=\"high\" decoding=\"async\" width=\"338\" height=\"600\" src=\"https:\/\/www.vergissmi.net\/wp-content\/uploads\/2023\/12\/410282385_6908030489233965_4257413010312127228_n.jpg\" alt=\"\" class=\"wp-image-14585\"\/><\/figure>\n\n\n\n<p>Die Wege sind anfangs eigentlich sehr angenehm: W\u00e4hrend auf den Autostra\u00dfen laut \u00d6AMTC &#8220;gro\u00dfe Gl\u00e4ttegefahr&#8221; herrscht, komme ich auf den unger\u00e4umten Nebenstra\u00dfen sehr gut voran: Der frische, pulvrige Neuschnee ist sehr fein zum Gehen und neutralisiert das Eis darunter. Denn im Sommer hatscht man abschnittsweise auch seeehr viel auf Asphalt hier oben.<\/p>\n\n\n\n<figure class=\"wp-block-image size-large\"><img decoding=\"async\" width=\"577\" height=\"1024\" src=\"https:\/\/www.vergissmi.net\/wp-content\/uploads\/2023\/12\/406851561_6908088279228186_1116358046848529270_n-577x1024.jpg\" alt=\"\" class=\"wp-image-14586\" srcset=\"https:\/\/www.vergissmi.net\/wp-content\/uploads\/2023\/12\/406851561_6908088279228186_1116358046848529270_n-577x1024.jpg 577w, https:\/\/www.vergissmi.net\/wp-content\/uploads\/2023\/12\/406851561_6908088279228186_1116358046848529270_n-450x800.jpg 450w, https:\/\/www.vergissmi.net\/wp-content\/uploads\/2023\/12\/406851561_6908088279228186_1116358046848529270_n-865x1536.jpg 865w, https:\/\/www.vergissmi.net\/wp-content\/uploads\/2023\/12\/406851561_6908088279228186_1116358046848529270_n.jpg 1153w\" sizes=\"(max-width: 577px) 100vw, 577px\" \/><\/figure>\n\n\n\n<p>Die Gegend ab <strong>Arbesbach <\/strong>ist etwas weniger einschichtig &#8211; im Grunde geht es durch R\u00fcben- und Knollenfelder sowie kleine, aber auch gr\u00f6\u00dfere W\u00e4lder von Ort zu Ort. Beinahe alle D\u00f6rfer hier hei\u00dfen irgendwas mit &#8220;<em>-schlag<\/em>&#8220;.<\/p>\n\n\n\n<figure class=\"wp-block-image size-large\"><img decoding=\"async\" width=\"1024\" height=\"577\" src=\"https:\/\/www.vergissmi.net\/wp-content\/uploads\/2023\/12\/409630666_6908035995900081_8312575817479894416_n-1024x577.jpg\" alt=\"\" class=\"wp-image-14587\" srcset=\"https:\/\/www.vergissmi.net\/wp-content\/uploads\/2023\/12\/409630666_6908035995900081_8312575817479894416_n-1024x577.jpg 1024w, https:\/\/www.vergissmi.net\/wp-content\/uploads\/2023\/12\/409630666_6908035995900081_8312575817479894416_n-800x450.jpg 800w, https:\/\/www.vergissmi.net\/wp-content\/uploads\/2023\/12\/409630666_6908035995900081_8312575817479894416_n-1536x865.jpg 1536w, https:\/\/www.vergissmi.net\/wp-content\/uploads\/2023\/12\/409630666_6908035995900081_8312575817479894416_n.jpg 2048w\" sizes=\"(max-width: 1024px) 100vw, 1024px\" \/><\/figure>\n\n\n\n<p>Klar, im <strong>Wald<\/strong>viertel spielt die Forstwirtschaft die erste Geige, weshalb ich nicht nur einmal ein Schild auf seine Ausf\u00fchrung im Sinne des ForstG \u00a734 pr\u00fcfen musste &#8230;<\/p>\n\n\n\n<figure class=\"wp-block-image size-large\"><img loading=\"lazy\" decoding=\"async\" width=\"577\" height=\"1024\" src=\"https:\/\/www.vergissmi.net\/wp-content\/uploads\/2023\/12\/410213651_6908034852566862_5084067149997431610_n-577x1024.jpg\" alt=\"\" class=\"wp-image-14588\" srcset=\"https:\/\/www.vergissmi.net\/wp-content\/uploads\/2023\/12\/410213651_6908034852566862_5084067149997431610_n-577x1024.jpg 577w, https:\/\/www.vergissmi.net\/wp-content\/uploads\/2023\/12\/410213651_6908034852566862_5084067149997431610_n-450x800.jpg 450w, https:\/\/www.vergissmi.net\/wp-content\/uploads\/2023\/12\/410213651_6908034852566862_5084067149997431610_n-865x1536.jpg 865w, https:\/\/www.vergissmi.net\/wp-content\/uploads\/2023\/12\/410213651_6908034852566862_5084067149997431610_n.jpg 1153w\" sizes=\"(max-width: 577px) 100vw, 577px\" \/><\/figure>\n\n\n\n<p>&#8230; um guten Gewissens einen gr\u00f6\u00dferen Umweg vermeiden zu k\u00f6nnen. Doch alles stressfrei, es ist Wochenende, und die S\u00e4ge ruht.<\/p>\n\n\n\n<p>\u00dcber 50 Jahre hat er inzwischen am Buckel, der <strong>Nord-S\u00fcd-Weitwanderweg<\/strong>. Manche Schilder waren wohl bereits bei den Gr\u00fcndungsfeierlichkeiten dabei &#8230;<\/p>\n\n\n\n<figure class=\"wp-block-image size-large\"><img loading=\"lazy\" decoding=\"async\" width=\"1024\" height=\"577\" src=\"https:\/\/www.vergissmi.net\/wp-content\/uploads\/2023\/12\/409650474_6908036855899995_6637395768563089130_n-1024x577.jpg\" alt=\"\" class=\"wp-image-14589\" srcset=\"https:\/\/www.vergissmi.net\/wp-content\/uploads\/2023\/12\/409650474_6908036855899995_6637395768563089130_n-1024x577.jpg 1024w, https:\/\/www.vergissmi.net\/wp-content\/uploads\/2023\/12\/409650474_6908036855899995_6637395768563089130_n-800x450.jpg 800w, https:\/\/www.vergissmi.net\/wp-content\/uploads\/2023\/12\/409650474_6908036855899995_6637395768563089130_n-1536x865.jpg 1536w, https:\/\/www.vergissmi.net\/wp-content\/uploads\/2023\/12\/409650474_6908036855899995_6637395768563089130_n.jpg 2048w\" sizes=\"(max-width: 1024px) 100vw, 1024px\" \/><\/figure>\n\n\n\n<p>&#8230; und manche kommen auch sicher nimmer weg.<\/p>\n\n\n\n<figure class=\"wp-block-image size-large\"><img loading=\"lazy\" decoding=\"async\" width=\"1024\" height=\"577\" src=\"https:\/\/www.vergissmi.net\/wp-content\/uploads\/2023\/12\/410496824_6908087449228269_5812615430255616648_n-1024x577.jpg\" alt=\"\" class=\"wp-image-14590\" srcset=\"https:\/\/www.vergissmi.net\/wp-content\/uploads\/2023\/12\/410496824_6908087449228269_5812615430255616648_n-1024x577.jpg 1024w, https:\/\/www.vergissmi.net\/wp-content\/uploads\/2023\/12\/410496824_6908087449228269_5812615430255616648_n-800x450.jpg 800w, https:\/\/www.vergissmi.net\/wp-content\/uploads\/2023\/12\/410496824_6908087449228269_5812615430255616648_n-1536x865.jpg 1536w, https:\/\/www.vergissmi.net\/wp-content\/uploads\/2023\/12\/410496824_6908087449228269_5812615430255616648_n.jpg 2048w\" sizes=\"(max-width: 1024px) 100vw, 1024px\" \/><\/figure>\n\n\n\n<p>Richtung <strong>Weyrerteich <\/strong>bin ich wieder der Spurmeister.<\/p>\n\n\n\n<figure class=\"wp-block-image size-large\"><img loading=\"lazy\" decoding=\"async\" width=\"577\" height=\"1024\" src=\"https:\/\/www.vergissmi.net\/wp-content\/uploads\/2023\/12\/406843898_6908095079227506_9157969526472792025_n-577x1024.jpg\" alt=\"\" class=\"wp-image-14591\" srcset=\"https:\/\/www.vergissmi.net\/wp-content\/uploads\/2023\/12\/406843898_6908095079227506_9157969526472792025_n-577x1024.jpg 577w, https:\/\/www.vergissmi.net\/wp-content\/uploads\/2023\/12\/406843898_6908095079227506_9157969526472792025_n-450x800.jpg 450w, https:\/\/www.vergissmi.net\/wp-content\/uploads\/2023\/12\/406843898_6908095079227506_9157969526472792025_n-865x1536.jpg 865w, https:\/\/www.vergissmi.net\/wp-content\/uploads\/2023\/12\/406843898_6908095079227506_9157969526472792025_n.jpg 1153w\" sizes=\"(max-width: 577px) 100vw, 577px\" \/><\/figure>\n\n\n\n<p>Markieren tut hier der <strong>\u00d6sterreichische Touristenklub<\/strong>, was inzwischen leider immer wieder keine allzugro\u00dfe Vorfreude ausl\u00f6st, da der \u00d6TK offenbar keine Leute f\u00fcr mehr hat, die sich f\u00fcr die Wegebetreuung opfern. Immer wieder sind knifflige Abzweigungen gar nicht markiert, daf\u00fcr findet man an einer Stelle, wo V\u00d6LLIG klar ist, dass man wohl am besten \u00fcber die Br\u00fcck&#8217;n weitergeht, die beste Markierung der letzten zwei Kilometer.<\/p>\n\n\n\n<figure class=\"wp-block-image size-large\"><img loading=\"lazy\" decoding=\"async\" width=\"1024\" height=\"577\" src=\"https:\/\/www.vergissmi.net\/wp-content\/uploads\/2023\/12\/406836715_6908048205898860_8542759942044198907_n-1024x577.jpg\" alt=\"\" class=\"wp-image-14592\" srcset=\"https:\/\/www.vergissmi.net\/wp-content\/uploads\/2023\/12\/406836715_6908048205898860_8542759942044198907_n-1024x577.jpg 1024w, https:\/\/www.vergissmi.net\/wp-content\/uploads\/2023\/12\/406836715_6908048205898860_8542759942044198907_n-800x450.jpg 800w, https:\/\/www.vergissmi.net\/wp-content\/uploads\/2023\/12\/406836715_6908048205898860_8542759942044198907_n-1536x865.jpg 1536w, https:\/\/www.vergissmi.net\/wp-content\/uploads\/2023\/12\/406836715_6908048205898860_8542759942044198907_n.jpg 2048w\" sizes=\"(max-width: 1024px) 100vw, 1024px\" \/><\/figure>\n\n\n\n<p>Kurz vor <strong>Ottenschlag <\/strong>wird&#8217;s nass &#8211; ich sinke kn\u00f6cheltief in Moorl\u00f6cher ein und watschle mit nassen Schuhen \u00fcber eine Eispiste zum Austragungsort des heutigen (extrem guten) Mittagessen.<\/p>\n\n\n\n<figure class=\"wp-block-image size-large\"><img loading=\"lazy\" decoding=\"async\" width=\"1024\" height=\"577\" src=\"https:\/\/www.vergissmi.net\/wp-content\/uploads\/2023\/12\/409641707_6908034405900240_5480582987180116933_n-1024x577.jpg\" alt=\"\" class=\"wp-image-14593\" srcset=\"https:\/\/www.vergissmi.net\/wp-content\/uploads\/2023\/12\/409641707_6908034405900240_5480582987180116933_n-1024x577.jpg 1024w, https:\/\/www.vergissmi.net\/wp-content\/uploads\/2023\/12\/409641707_6908034405900240_5480582987180116933_n-800x450.jpg 800w, https:\/\/www.vergissmi.net\/wp-content\/uploads\/2023\/12\/409641707_6908034405900240_5480582987180116933_n-1536x865.jpg 1536w, https:\/\/www.vergissmi.net\/wp-content\/uploads\/2023\/12\/409641707_6908034405900240_5480582987180116933_n.jpg 2048w\" sizes=\"(max-width: 1024px) 100vw, 1024px\" \/><\/figure>\n\n\n\n<p>Bis <strong>Elsenreith <\/strong>w\u00e4ren&#8217;s von dort noch ca. 10 km. Meine Wirtin hat mich allerdings gebeten, ob ich denn nicht vor 15 Uhr aufschlagen k\u00f6nnte, da die Wirtsfamilie gerne zum Adventmarkt ins benachbarte Kottes fahren w\u00fcrde. Ich bin sp\u00e4t dran, doch will mein Versprechen einhalten &#8211; also nehme ich die Landstra\u00dfe, um schneller nach Elsenreith in mein supernettes Quartier zu kommen.<br>Dort bin ich dann <em>&#8220;Kevin allein zuhaus&#8221;<\/em> bis 19 Uhr, und habe dann einen sehr am\u00fcsanten Abend mit meinen Gastgebern in ihrem &#8220;Gasthof zum guten Tropfen&#8221;.<\/p>\n\n\n\n<figure class=\"wp-block-image size-large\"><img loading=\"lazy\" decoding=\"async\" width=\"1024\" height=\"577\" src=\"https:\/\/www.vergissmi.net\/wp-content\/uploads\/2023\/12\/410244409_6908047079232306_1708378642717487356_n-1024x577.jpg\" alt=\"\" class=\"wp-image-14594\" srcset=\"https:\/\/www.vergissmi.net\/wp-content\/uploads\/2023\/12\/410244409_6908047079232306_1708378642717487356_n-1024x577.jpg 1024w, https:\/\/www.vergissmi.net\/wp-content\/uploads\/2023\/12\/410244409_6908047079232306_1708378642717487356_n-800x450.jpg 800w, https:\/\/www.vergissmi.net\/wp-content\/uploads\/2023\/12\/410244409_6908047079232306_1708378642717487356_n-1536x865.jpg 1536w, https:\/\/www.vergissmi.net\/wp-content\/uploads\/2023\/12\/410244409_6908047079232306_1708378642717487356_n.jpg 2048w\" sizes=\"(max-width: 1024px) 100vw, 1024px\" \/><\/figure>\n\n\n\n<p>Am n\u00e4chsten Morgen geht&#8217;s zeitig weiter Richtung <strong>Donau <\/strong>&#8211; und ich bekomme zum ersten Mal seit vier Tagen zumindest ein bisserl Sonne zu sehen.<\/p>\n\n\n\n<figure class=\"wp-block-image size-large\"><img loading=\"lazy\" decoding=\"async\" width=\"1024\" height=\"577\" src=\"https:\/\/www.vergissmi.net\/wp-content\/uploads\/2023\/12\/406847861_6908105662559781_7651051469080783050_n-1024x577.jpg\" alt=\"\" class=\"wp-image-14595\" srcset=\"https:\/\/www.vergissmi.net\/wp-content\/uploads\/2023\/12\/406847861_6908105662559781_7651051469080783050_n-1024x577.jpg 1024w, https:\/\/www.vergissmi.net\/wp-content\/uploads\/2023\/12\/406847861_6908105662559781_7651051469080783050_n-800x450.jpg 800w, https:\/\/www.vergissmi.net\/wp-content\/uploads\/2023\/12\/406847861_6908105662559781_7651051469080783050_n-1536x865.jpg 1536w, https:\/\/www.vergissmi.net\/wp-content\/uploads\/2023\/12\/406847861_6908105662559781_7651051469080783050_n.jpg 2048w\" sizes=\"(max-width: 1024px) 100vw, 1024px\" \/><\/figure>\n\n\n\n<p>Es liegt deutlich weniger Schnee auf den Wegen. Und ab Mitte Vormittag &#8230;<\/p>\n\n\n\n<figure class=\"wp-block-image size-large\"><img loading=\"lazy\" decoding=\"async\" width=\"1024\" height=\"577\" src=\"https:\/\/www.vergissmi.net\/wp-content\/uploads\/2023\/12\/410268513_6908035392566808_7556557433036540893_n-1024x577.jpg\" alt=\"\" class=\"wp-image-14596\" srcset=\"https:\/\/www.vergissmi.net\/wp-content\/uploads\/2023\/12\/410268513_6908035392566808_7556557433036540893_n-1024x577.jpg 1024w, https:\/\/www.vergissmi.net\/wp-content\/uploads\/2023\/12\/410268513_6908035392566808_7556557433036540893_n-800x450.jpg 800w, https:\/\/www.vergissmi.net\/wp-content\/uploads\/2023\/12\/410268513_6908035392566808_7556557433036540893_n-1536x865.jpg 1536w, https:\/\/www.vergissmi.net\/wp-content\/uploads\/2023\/12\/410268513_6908035392566808_7556557433036540893_n.jpg 2048w\" sizes=\"(max-width: 1024px) 100vw, 1024px\" \/><\/figure>\n\n\n\n<p>&#8230; sehe ich erstmals gr\u00fcne Fl\u00e4chen im Waldviertel:<\/p>\n\n\n\n<figure class=\"wp-block-image size-large\"><img loading=\"lazy\" decoding=\"async\" width=\"1024\" height=\"577\" src=\"https:\/\/www.vergissmi.net\/wp-content\/uploads\/2023\/12\/410288799_6908121065891574_1749489766155546796_n-1024x577.jpg\" alt=\"\" class=\"wp-image-14597\" srcset=\"https:\/\/www.vergissmi.net\/wp-content\/uploads\/2023\/12\/410288799_6908121065891574_1749489766155546796_n-1024x577.jpg 1024w, https:\/\/www.vergissmi.net\/wp-content\/uploads\/2023\/12\/410288799_6908121065891574_1749489766155546796_n-800x450.jpg 800w, https:\/\/www.vergissmi.net\/wp-content\/uploads\/2023\/12\/410288799_6908121065891574_1749489766155546796_n-1536x865.jpg 1536w, https:\/\/www.vergissmi.net\/wp-content\/uploads\/2023\/12\/410288799_6908121065891574_1749489766155546796_n.jpg 2048w\" sizes=\"(max-width: 1024px) 100vw, 1024px\" \/><\/figure>\n\n\n\n<p>Weiter geht&#8217;s leider wiedermal auf Asphalt &#8230;<\/p>\n\n\n\n<figure class=\"wp-block-image size-large\"><img loading=\"lazy\" decoding=\"async\" width=\"1024\" height=\"577\" src=\"https:\/\/www.vergissmi.net\/wp-content\/uploads\/2023\/12\/406848504_6908049589232055_6116903277677516055_n-1024x577.jpg\" alt=\"\" class=\"wp-image-14598\" srcset=\"https:\/\/www.vergissmi.net\/wp-content\/uploads\/2023\/12\/406848504_6908049589232055_6116903277677516055_n-1024x577.jpg 1024w, https:\/\/www.vergissmi.net\/wp-content\/uploads\/2023\/12\/406848504_6908049589232055_6116903277677516055_n-800x450.jpg 800w, https:\/\/www.vergissmi.net\/wp-content\/uploads\/2023\/12\/406848504_6908049589232055_6116903277677516055_n-1536x865.jpg 1536w, https:\/\/www.vergissmi.net\/wp-content\/uploads\/2023\/12\/406848504_6908049589232055_6116903277677516055_n.jpg 2048w\" sizes=\"(max-width: 1024px) 100vw, 1024px\" \/><\/figure>\n\n\n\n<p>&#8230; vorbei an einem beeindruckend selbstbewussten Stein, der die Grenze der &#8211; 1500 Einwohner z\u00e4hlenden &#8211; Gemeinde Spitz an der Donau markiert.<\/p>\n\n\n\n<figure class=\"wp-block-image size-large\"><img loading=\"lazy\" decoding=\"async\" width=\"577\" height=\"1024\" src=\"https:\/\/www.vergissmi.net\/wp-content\/uploads\/2023\/12\/406833417_6908121389224875_8843723684612527856_n-577x1024.jpg\" alt=\"\" class=\"wp-image-14599\" srcset=\"https:\/\/www.vergissmi.net\/wp-content\/uploads\/2023\/12\/406833417_6908121389224875_8843723684612527856_n-577x1024.jpg 577w, https:\/\/www.vergissmi.net\/wp-content\/uploads\/2023\/12\/406833417_6908121389224875_8843723684612527856_n-450x800.jpg 450w, https:\/\/www.vergissmi.net\/wp-content\/uploads\/2023\/12\/406833417_6908121389224875_8843723684612527856_n-865x1536.jpg 865w, https:\/\/www.vergissmi.net\/wp-content\/uploads\/2023\/12\/406833417_6908121389224875_8843723684612527856_n.jpg 1153w\" sizes=\"(max-width: 577px) 100vw, 577px\" \/><\/figure>\n\n\n\n<p>Von einem Bezirk Spitz an der Donau wei\u00df ich jedenfalls nix &#8211; mir ist die hiesige Politik nur durch des B\u00fcrgermeisters beinahe fatalen Mon-Cheri-Konsum gel\u00e4ufig.<\/p>\n\n\n\n<p>Derlei Reminiszenzen w\u00e4lzend, <a href=\"https:\/\/de.wikipedia.org\/wiki\/Wanderjahre\" target=\"_blank\" rel=\"noreferrer noopener\">walze<\/a> ich auf den h\u00f6chsten Berg der Wachau zu: Der Aufstieg auf den Jauerling ist dann eine rechte Rutschpartie: Nasses Laub und nasser Schnee mischen sich in fairem Verh\u00e4ltnis. <a href=\"https:\/\/www.youtube.com\/watch?v=1Z4a0ID7ZRY\" target=\"_blank\" rel=\"noreferrer noopener\"><em>An Schritt fire, zwa Schritt&#8217; z&#8217;ruck<\/em><\/a>.<\/p>\n\n\n\n<figure class=\"wp-block-image size-large\"><img loading=\"lazy\" decoding=\"async\" width=\"577\" height=\"1024\" src=\"https:\/\/www.vergissmi.net\/wp-content\/uploads\/2023\/12\/406840750_6908051212565226_1662606369545631656_n-577x1024.jpg\" alt=\"\" class=\"wp-image-14600\" srcset=\"https:\/\/www.vergissmi.net\/wp-content\/uploads\/2023\/12\/406840750_6908051212565226_1662606369545631656_n-577x1024.jpg 577w, https:\/\/www.vergissmi.net\/wp-content\/uploads\/2023\/12\/406840750_6908051212565226_1662606369545631656_n-450x800.jpg 450w, https:\/\/www.vergissmi.net\/wp-content\/uploads\/2023\/12\/406840750_6908051212565226_1662606369545631656_n-865x1536.jpg 865w, https:\/\/www.vergissmi.net\/wp-content\/uploads\/2023\/12\/406840750_6908051212565226_1662606369545631656_n.jpg 1153w\" sizes=\"(max-width: 577px) 100vw, 577px\" \/><\/figure>\n\n\n\n<p>Endlich ganz nach oben gerutscht wie ein Altkanzler. Dieser jene h\u00f6chste Berg der Wachau gibt ostseitig erstmals den Blick auf die Donau frei &#8211; und ich wei\u00df damit auch, wo ich heute noch hin muss.<\/p>\n\n\n\n<figure class=\"wp-block-image size-large\"><img loading=\"lazy\" decoding=\"async\" width=\"1024\" height=\"577\" src=\"https:\/\/www.vergissmi.net\/wp-content\/uploads\/2023\/12\/409611140_6908033869233627_140253105326065190_n-1024x577.jpg\" alt=\"\" class=\"wp-image-14601\" srcset=\"https:\/\/www.vergissmi.net\/wp-content\/uploads\/2023\/12\/409611140_6908033869233627_140253105326065190_n-1024x577.jpg 1024w, https:\/\/www.vergissmi.net\/wp-content\/uploads\/2023\/12\/409611140_6908033869233627_140253105326065190_n-800x450.jpg 800w, https:\/\/www.vergissmi.net\/wp-content\/uploads\/2023\/12\/409611140_6908033869233627_140253105326065190_n-1536x865.jpg 1536w, https:\/\/www.vergissmi.net\/wp-content\/uploads\/2023\/12\/409611140_6908033869233627_140253105326065190_n.jpg 2048w\" sizes=\"(max-width: 1024px) 100vw, 1024px\" \/><\/figure>\n\n\n\n<p>Vorher aber Mittagspause. Bei leichtem Regen verschaffe ich mir gewaltlos Zutritt zur Laube des Naturparkhauses, wo ich trotz Ruhetag eine trockene Mittagspause machen kann (dankesch\u00f6n, liebe Schutzhaus-Crew!) &#8230;<\/p>\n\n\n\n<figure class=\"wp-block-image size-large\"><img loading=\"lazy\" decoding=\"async\" width=\"577\" height=\"1024\" src=\"https:\/\/www.vergissmi.net\/wp-content\/uploads\/2023\/12\/410283303_6908050532565294_5104073713083265357_n-577x1024.jpg\" alt=\"\" class=\"wp-image-14602\" srcset=\"https:\/\/www.vergissmi.net\/wp-content\/uploads\/2023\/12\/410283303_6908050532565294_5104073713083265357_n-577x1024.jpg 577w, https:\/\/www.vergissmi.net\/wp-content\/uploads\/2023\/12\/410283303_6908050532565294_5104073713083265357_n-450x800.jpg 450w, https:\/\/www.vergissmi.net\/wp-content\/uploads\/2023\/12\/410283303_6908050532565294_5104073713083265357_n-865x1536.jpg 865w, https:\/\/www.vergissmi.net\/wp-content\/uploads\/2023\/12\/410283303_6908050532565294_5104073713083265357_n.jpg 1153w\" sizes=\"(max-width: 577px) 100vw, 577px\" \/><\/figure>\n\n\n\n<p>&#8230; und mir zwischendurch den Blick von der Aussichtsterrasse nicht entgehen lasse.<\/p>\n\n\n\n<figure class=\"wp-block-image size-large\"><img loading=\"lazy\" decoding=\"async\" width=\"577\" height=\"1024\" src=\"https:\/\/www.vergissmi.net\/wp-content\/uploads\/2023\/12\/410287886_6908032435900437_2076808394316397196_n-577x1024.jpg\" alt=\"\" class=\"wp-image-14603\" srcset=\"https:\/\/www.vergissmi.net\/wp-content\/uploads\/2023\/12\/410287886_6908032435900437_2076808394316397196_n-577x1024.jpg 577w, https:\/\/www.vergissmi.net\/wp-content\/uploads\/2023\/12\/410287886_6908032435900437_2076808394316397196_n-450x800.jpg 450w, https:\/\/www.vergissmi.net\/wp-content\/uploads\/2023\/12\/410287886_6908032435900437_2076808394316397196_n-865x1536.jpg 865w, https:\/\/www.vergissmi.net\/wp-content\/uploads\/2023\/12\/410287886_6908032435900437_2076808394316397196_n.jpg 1153w\" sizes=\"(max-width: 577px) 100vw, 577px\" \/><\/figure>\n\n\n\n<p>Endpunkt der Waldvierteldurchquerung ist diesmal der sch\u00f6ne Ort <strong>Spitz an der Donau<\/strong>, wo wir Wanderer dank einer ganzj\u00e4hrigen F\u00e4hre \u00fcber die Donau kommen. <\/p>\n\n\n\n<figure class=\"wp-block-image size-large\"><img loading=\"lazy\" decoding=\"async\" width=\"1024\" height=\"577\" src=\"https:\/\/www.vergissmi.net\/wp-content\/uploads\/2023\/12\/410341826_6908052125898468_8026436295842635619_n-1024x577.jpg\" alt=\"\" class=\"wp-image-14604\" srcset=\"https:\/\/www.vergissmi.net\/wp-content\/uploads\/2023\/12\/410341826_6908052125898468_8026436295842635619_n-1024x577.jpg 1024w, https:\/\/www.vergissmi.net\/wp-content\/uploads\/2023\/12\/410341826_6908052125898468_8026436295842635619_n-800x450.jpg 800w, https:\/\/www.vergissmi.net\/wp-content\/uploads\/2023\/12\/410341826_6908052125898468_8026436295842635619_n-1536x865.jpg 1536w, https:\/\/www.vergissmi.net\/wp-content\/uploads\/2023\/12\/410341826_6908052125898468_8026436295842635619_n.jpg 2048w\" sizes=\"(max-width: 1024px) 100vw, 1024px\" \/><\/figure>\n\n\n\n<p>Das <em>Goldene Schiff <\/em>gew\u00e4hrt mir auch in der Nebensaison ein sch\u00f6nes warmes Quartier vor der Abreise am Folgemorgen.<\/p>\n\n\n\n<p>Res\u00fcmee Arbesbach &#8211; Spitz: Prinzipiell ganzj\u00e4hrig begehbar, heuer jedoch erstaunlich knapp an der &#8220;man braucht Schneeschuhe&#8221; Grenze.<\/p>\n\n\n\n<figure class=\"wp-block-image size-large\"><img loading=\"lazy\" decoding=\"async\" width=\"1024\" height=\"491\" src=\"https:\/\/www.vergissmi.net\/wp-content\/uploads\/2023\/12\/410298091_6908051802565167_2579996086594143549_n-1024x491.jpg\" alt=\"\" class=\"wp-image-14605\" srcset=\"https:\/\/www.vergissmi.net\/wp-content\/uploads\/2023\/12\/410298091_6908051802565167_2579996086594143549_n-1024x491.jpg 1024w, https:\/\/www.vergissmi.net\/wp-content\/uploads\/2023\/12\/410298091_6908051802565167_2579996086594143549_n-800x383.jpg 800w, https:\/\/www.vergissmi.net\/wp-content\/uploads\/2023\/12\/410298091_6908051802565167_2579996086594143549_n-1536x736.jpg 1536w, https:\/\/www.vergissmi.net\/wp-content\/uploads\/2023\/12\/410298091_6908051802565167_2579996086594143549_n.jpg 1559w\" sizes=\"(max-width: 1024px) 100vw, 1024px\" \/><\/figure>\n","protected":false},"excerpt":{"rendered":"<div class=\"tmnf_excerpt\"><div class=\"tmnf_excerpt\"><p>Tag 3: Traunstein &#8211; ElsenreithTag 4: Elsenreith &#8211; Spitz\/Donau(Beigl-Service: Dezember 2023) Dieser Bericht ist mehr Pflicht als K\u00fcr &#8230; der Vollst\u00e4ndigkeit halber. Weil &#8211; wie die M\u00fcllion\u00e4re es so sch\u00f6n auf den Punkt gebracht haben: Olle Tog is nit Sunntog: Es war kalt, nass, stark windig und sonst auch eher ung&#8217;miatlich.F\u00fcr gute Laune sorgten allerdings &hellip;<\/p>\n<\/div><\/div>","protected":false},"author":61,"featured_media":14607,"comment_status":"open","ping_status":"open","sticky":false,"template":"","format":"standard","meta":{"_s2mail":"yes","footnotes":""},"categories":[170,156,165,6,155],"tags":[],"class_list":["post-14584","post","type-post","status-publish","format-standard","has-post-thumbnail","hentry","category-05-nord-sued-weg","category-oesterreich","category-niederoesterreich","category-tourtagebuch","category-weitwandern","gallery-content-unit"],"_links":{"self":[{"href":"https:\/\/www.vergissmi.net\/index.php?rest_route=\/wp\/v2\/posts\/14584","targetHints":{"allow":["GET"]}}],"collection":[{"href":"https:\/\/www.vergissmi.net\/index.php?rest_route=\/wp\/v2\/posts"}],"about":[{"href":"https:\/\/www.vergissmi.net\/index.php?rest_route=\/wp\/v2\/types\/post"}],"author":[{"embeddable":true,"href":"https:\/\/www.vergissmi.net\/index.php?rest_route=\/wp\/v2\/users\/61"}],"replies":[{"embeddable":true,"href":"https:\/\/www.vergissmi.net\/index.php?rest_route=%2Fwp%2Fv2%2Fcomments&post=14584"}],"version-history":[{"count":1,"href":"https:\/\/www.vergissmi.net\/index.php?rest_route=\/wp\/v2\/posts\/14584\/revisions"}],"predecessor-version":[{"id":14606,"href":"https:\/\/www.vergissmi.net\/index.php?rest_route=\/wp\/v2\/posts\/14584\/revisions\/14606"}],"wp:featuredmedia":[{"embeddable":true,"href":"https:\/\/www.vergissmi.net\/index.php?rest_route=\/wp\/v2\/media\/14607"}],"wp:attachment":[{"href":"https:\/\/www.vergissmi.net\/index.php?rest_route=%2Fwp%2Fv2%2Fmedia&parent=14584"}],"wp:term":[{"taxonomy":"category","embeddable":true,"href":"https:\/\/www.vergissmi.net\/index.php?rest_route=%2Fwp%2Fv2%2Fcategories&post=14584"},{"taxonomy":"post_tag","embeddable":true,"href":"https:\/\/www.vergissmi.net\/index.php?rest_route=%2Fwp%2Fv2%2Ftags&post=14584"}],"curies":[{"name":"wp","href":"https:\/\/api.w.org\/{rel}","templated":true}]}}