{"id":14633,"date":"2024-03-20T20:59:32","date_gmt":"2024-03-20T19:59:32","guid":{"rendered":"https:\/\/www.vergissmi.net\/?p=14633"},"modified":"2024-03-20T21:01:07","modified_gmt":"2024-03-20T20:01:07","slug":"weitwander-saisoneroeffnung-am-suedalpenweg-03","status":"publish","type":"post","link":"https:\/\/www.vergissmi.net\/?p=14633","title":{"rendered":"Weitwander-Saisoner\u00f6ffnung am S\u00fcdalpenweg 03"},"content":{"rendered":"\n<p><strong><em>Th\u00f6rl-Maglern bis Rosenbach (62 km, 2 1\/2 Tage)<br>Drei v\u00f6llig einsame Tourentage Mitte M\u00e4rz<\/em><\/strong><\/p>\n\n\n\n<p>Mit \u00dcbernachtungsm\u00f6glichkeiten sieht es am Karawankenkamm um diese Jahreszeit noch eher mau aus. \u00dcberhaupt werde ich unterwegs nur G\u00e4msen treffen und nur einmal Fu\u00dfspuren sehen.<br>Ich muss also jeden Tag ins Tal &#8211; und auch die Reihenfolge der Teilst\u00fccke anpassen &#8230;<\/p>\n\n\n\n<figure class=\"wp-block-image size-large\"><img fetchpriority=\"high\" decoding=\"async\" width=\"1024\" height=\"577\" src=\"https:\/\/www.vergissmi.net\/wp-content\/uploads\/2024\/03\/420168773_7144225798947765_4767052740950153964_n-1-1024x577.jpg\" alt=\"\" class=\"wp-image-14634\" srcset=\"https:\/\/www.vergissmi.net\/wp-content\/uploads\/2024\/03\/420168773_7144225798947765_4767052740950153964_n-1-1024x577.jpg 1024w, https:\/\/www.vergissmi.net\/wp-content\/uploads\/2024\/03\/420168773_7144225798947765_4767052740950153964_n-1-800x450.jpg 800w, https:\/\/www.vergissmi.net\/wp-content\/uploads\/2024\/03\/420168773_7144225798947765_4767052740950153964_n-1-1536x865.jpg 1536w, https:\/\/www.vergissmi.net\/wp-content\/uploads\/2024\/03\/420168773_7144225798947765_4767052740950153964_n-1.jpg 2048w\" sizes=\"(max-width: 1024px) 100vw, 1024px\" \/><\/figure>\n\n\n\n<p>&#8230; weshalb ich am Freitag beim Alpengasthof Baumgartnerhof (\u00f6ffnet Ende M\u00e4rz wieder) gestartet bin. Durch Wald und einige Weiden geht&#8217;s bergauf &amp; bergab &amp; hin\u00fcber zum Martinihof.<\/p>\n\n\n\n<figure class=\"wp-block-image size-large\"><img decoding=\"async\" width=\"1024\" height=\"577\" src=\"https:\/\/www.vergissmi.net\/wp-content\/uploads\/2024\/03\/433550324_7292046324165711_2865155644336161687_n-1024x577.jpg\" alt=\"\" class=\"wp-image-14635\" srcset=\"https:\/\/www.vergissmi.net\/wp-content\/uploads\/2024\/03\/433550324_7292046324165711_2865155644336161687_n-1024x577.jpg 1024w, https:\/\/www.vergissmi.net\/wp-content\/uploads\/2024\/03\/433550324_7292046324165711_2865155644336161687_n-800x450.jpg 800w, https:\/\/www.vergissmi.net\/wp-content\/uploads\/2024\/03\/433550324_7292046324165711_2865155644336161687_n-1536x865.jpg 1536w, https:\/\/www.vergissmi.net\/wp-content\/uploads\/2024\/03\/433550324_7292046324165711_2865155644336161687_n.jpg 2048w\" sizes=\"(max-width: 1024px) 100vw, 1024px\" \/><\/figure>\n\n\n\n<p>Bei Illitsch-Rauth wird&#8217;s dann langsam typisch karawanken-ger\u00f6llig &#8230;<\/p>\n\n\n\n<figure class=\"wp-block-image size-large\"><img decoding=\"async\" width=\"1024\" height=\"577\" src=\"https:\/\/www.vergissmi.net\/wp-content\/uploads\/2024\/03\/433842709_7292046557499021_6071737857264350711_n-1024x577.jpg\" alt=\"\" class=\"wp-image-14636\" srcset=\"https:\/\/www.vergissmi.net\/wp-content\/uploads\/2024\/03\/433842709_7292046557499021_6071737857264350711_n-1024x577.jpg 1024w, https:\/\/www.vergissmi.net\/wp-content\/uploads\/2024\/03\/433842709_7292046557499021_6071737857264350711_n-800x450.jpg 800w, https:\/\/www.vergissmi.net\/wp-content\/uploads\/2024\/03\/433842709_7292046557499021_6071737857264350711_n-1536x865.jpg 1536w, https:\/\/www.vergissmi.net\/wp-content\/uploads\/2024\/03\/433842709_7292046557499021_6071737857264350711_n.jpg 2048w\" sizes=\"(max-width: 1024px) 100vw, 1024px\" \/><\/figure>\n\n\n\n<p>&#8230; was aber aufgrund des Altschnees ab ca. 1400 m Seeh\u00f6he in die Kategorie &#8220;interessant, aber wurscht&#8221; f\u00e4llt. Hier sind sie \u00fcbrigens, die einzigen Fu\u00dfspuren an diesem Wochenende:<\/p>\n\n\n\n<figure class=\"wp-block-image size-large\"><img loading=\"lazy\" decoding=\"async\" width=\"1024\" height=\"577\" src=\"https:\/\/www.vergissmi.net\/wp-content\/uploads\/2024\/03\/433690131_7292046097499067_4744752397761451818_n-1024x577.jpg\" alt=\"\" class=\"wp-image-14637\" srcset=\"https:\/\/www.vergissmi.net\/wp-content\/uploads\/2024\/03\/433690131_7292046097499067_4744752397761451818_n-1024x577.jpg 1024w, https:\/\/www.vergissmi.net\/wp-content\/uploads\/2024\/03\/433690131_7292046097499067_4744752397761451818_n-800x450.jpg 800w, https:\/\/www.vergissmi.net\/wp-content\/uploads\/2024\/03\/433690131_7292046097499067_4744752397761451818_n-1536x865.jpg 1536w, https:\/\/www.vergissmi.net\/wp-content\/uploads\/2024\/03\/433690131_7292046097499067_4744752397761451818_n.jpg 2048w\" sizes=\"(max-width: 1024px) 100vw, 1024px\" \/><\/figure>\n\n\n\n<p>Auf der Terrasse der <strong>Bertah\u00fctte <\/strong>gibt es ein schneefreies Pl\u00e4tzchen f\u00fcr die Mittagspause mit Mittagskogelblick:<\/p>\n\n\n\n<figure class=\"wp-block-image size-large\"><img loading=\"lazy\" decoding=\"async\" width=\"1024\" height=\"577\" src=\"https:\/\/www.vergissmi.net\/wp-content\/uploads\/2024\/03\/433600426_7292046227499054_1274914700775989960_n-1024x577.jpg\" alt=\"\" class=\"wp-image-14638\" srcset=\"https:\/\/www.vergissmi.net\/wp-content\/uploads\/2024\/03\/433600426_7292046227499054_1274914700775989960_n-1024x577.jpg 1024w, https:\/\/www.vergissmi.net\/wp-content\/uploads\/2024\/03\/433600426_7292046227499054_1274914700775989960_n-800x450.jpg 800w, https:\/\/www.vergissmi.net\/wp-content\/uploads\/2024\/03\/433600426_7292046227499054_1274914700775989960_n-1536x865.jpg 1536w, https:\/\/www.vergissmi.net\/wp-content\/uploads\/2024\/03\/433600426_7292046227499054_1274914700775989960_n.jpg 2048w\" sizes=\"(max-width: 1024px) 100vw, 1024px\" \/><\/figure>\n\n\n\n<p>Kaum zu glauben, aber am Bankerl inmitten der Schneeberge hatte es 22 Grad!<\/p>\n\n\n\n<p>Deutlich mehr Auflage gab es dann beim Abstieg &#8230; ohne Schneeschuhe war&#8217;s zwar stellenweise ein bisserl l\u00e4stig, aber es ging schon irgendwie auch ohne.<\/p>\n\n\n\n<figure class=\"wp-block-image size-large\"><img loading=\"lazy\" decoding=\"async\" width=\"1024\" height=\"577\" src=\"https:\/\/www.vergissmi.net\/wp-content\/uploads\/2024\/03\/433571686_7292046300832380_2942610132576859767_n-1024x577.jpg\" alt=\"\" class=\"wp-image-14639\" srcset=\"https:\/\/www.vergissmi.net\/wp-content\/uploads\/2024\/03\/433571686_7292046300832380_2942610132576859767_n-1024x577.jpg 1024w, https:\/\/www.vergissmi.net\/wp-content\/uploads\/2024\/03\/433571686_7292046300832380_2942610132576859767_n-800x450.jpg 800w, https:\/\/www.vergissmi.net\/wp-content\/uploads\/2024\/03\/433571686_7292046300832380_2942610132576859767_n-1536x865.jpg 1536w, https:\/\/www.vergissmi.net\/wp-content\/uploads\/2024\/03\/433571686_7292046300832380_2942610132576859767_n.jpg 2048w\" sizes=\"(max-width: 1024px) 100vw, 1024px\" \/><\/figure>\n\n\n\n<p>Auch auf dieser Bergseite ist unter 1400 hm bereits der Fr\u00fchling eingezogen und man kann sehen, dass die Erosion auch im diesj\u00e4hrigen Winter wieder ganze Arbeit geleistet hat &#8211; der Weg muss hier jedes Jahr aufs Neue saniert werden.<\/p>\n\n\n\n<figure class=\"wp-block-image size-large\"><img loading=\"lazy\" decoding=\"async\" width=\"1024\" height=\"577\" src=\"https:\/\/www.vergissmi.net\/wp-content\/uploads\/2024\/03\/433546868_7292046570832353_1267708227965600594_n-1024x577.jpg\" alt=\"\" class=\"wp-image-14640\" srcset=\"https:\/\/www.vergissmi.net\/wp-content\/uploads\/2024\/03\/433546868_7292046570832353_1267708227965600594_n-1024x577.jpg 1024w, https:\/\/www.vergissmi.net\/wp-content\/uploads\/2024\/03\/433546868_7292046570832353_1267708227965600594_n-800x450.jpg 800w, https:\/\/www.vergissmi.net\/wp-content\/uploads\/2024\/03\/433546868_7292046570832353_1267708227965600594_n-1536x865.jpg 1536w, https:\/\/www.vergissmi.net\/wp-content\/uploads\/2024\/03\/433546868_7292046570832353_1267708227965600594_n.jpg 2048w\" sizes=\"(max-width: 1024px) 100vw, 1024px\" \/><\/figure>\n\n\n\n<p>Der untere <strong>Gratschenitzengraben <\/strong>hat den Winter allerdings einigerma\u00dfen unbeschadet \u00fcberstanden (oder die Stra\u00dfe wurde bereits neu trassiert). Jedenfalls kann man auf dem weichen Sandweg ganz angenehm runterstapfen.<\/p>\n\n\n\n<figure class=\"wp-block-image size-large\"><img loading=\"lazy\" decoding=\"async\" width=\"1024\" height=\"577\" src=\"https:\/\/www.vergissmi.net\/wp-content\/uploads\/2024\/03\/433588206_7292046854165658_5982929991007049797_n-1024x577.jpg\" alt=\"\" class=\"wp-image-14641\" srcset=\"https:\/\/www.vergissmi.net\/wp-content\/uploads\/2024\/03\/433588206_7292046854165658_5982929991007049797_n-1024x577.jpg 1024w, https:\/\/www.vergissmi.net\/wp-content\/uploads\/2024\/03\/433588206_7292046854165658_5982929991007049797_n-800x450.jpg 800w, https:\/\/www.vergissmi.net\/wp-content\/uploads\/2024\/03\/433588206_7292046854165658_5982929991007049797_n-1536x865.jpg 1536w, https:\/\/www.vergissmi.net\/wp-content\/uploads\/2024\/03\/433588206_7292046854165658_5982929991007049797_n.jpg 2048w\" sizes=\"(max-width: 1024px) 100vw, 1024px\" \/><\/figure>\n\n\n\n<p>Ich erreiche nach 10 Stunden den Bahnhof Rosenbach und kann mich \u00fcber einen sehr abwechslungsreichen Tourentag freuen, der heuer bereits ohne Schneeschuhe machbar war.<br><em><strong>Tag 1:<\/strong> 24 km, 1100 hm (mit Verhauer dank suboptimaler Markierung zwischen Martinihof und Bertah\u00fctte &#8211; habe hier inzwischen auch OSM-Korrekturen gemacht).<\/em><\/p>\n\n\n\n<figure class=\"wp-block-image size-large\"><img loading=\"lazy\" decoding=\"async\" width=\"577\" height=\"1024\" src=\"https:\/\/www.vergissmi.net\/wp-content\/uploads\/2024\/03\/433659036_7292046124165731_3632333961502956717_n-577x1024.jpg\" alt=\"\" class=\"wp-image-14642\" srcset=\"https:\/\/www.vergissmi.net\/wp-content\/uploads\/2024\/03\/433659036_7292046124165731_3632333961502956717_n-577x1024.jpg 577w, https:\/\/www.vergissmi.net\/wp-content\/uploads\/2024\/03\/433659036_7292046124165731_3632333961502956717_n-450x800.jpg 450w, https:\/\/www.vergissmi.net\/wp-content\/uploads\/2024\/03\/433659036_7292046124165731_3632333961502956717_n-865x1536.jpg 865w, https:\/\/www.vergissmi.net\/wp-content\/uploads\/2024\/03\/433659036_7292046124165731_3632333961502956717_n.jpg 1153w\" sizes=\"(max-width: 577px) 100vw, 577px\" \/><\/figure>\n\n\n\n<p>Tag zwei beginnt am <strong>Wurzenpass<\/strong>. Vor dem Start habe ich noch \u00fcberlegt, die Schneeschuhe in Anbetracht der Bedingungen am Vortag daheim zu lassen &#8230; aber nein, <em>better save than sorry<\/em>, im schlimmsten Fall zah&#8217; ich sie halt umsonst mit, dachte ich mir.<br>Schon bald aber war ich seehr seehr froh \u00fcber diese Entscheidung &#8230;<\/p>\n\n\n\n<figure class=\"wp-block-image size-large\"><img loading=\"lazy\" decoding=\"async\" width=\"1024\" height=\"577\" src=\"https:\/\/www.vergissmi.net\/wp-content\/uploads\/2024\/03\/434064814_7292054600831550_4908437509641249040_n-1024x577.jpg\" alt=\"\" class=\"wp-image-14643\" srcset=\"https:\/\/www.vergissmi.net\/wp-content\/uploads\/2024\/03\/434064814_7292054600831550_4908437509641249040_n-1024x577.jpg 1024w, https:\/\/www.vergissmi.net\/wp-content\/uploads\/2024\/03\/434064814_7292054600831550_4908437509641249040_n-800x450.jpg 800w, https:\/\/www.vergissmi.net\/wp-content\/uploads\/2024\/03\/434064814_7292054600831550_4908437509641249040_n-1536x865.jpg 1536w, https:\/\/www.vergissmi.net\/wp-content\/uploads\/2024\/03\/434064814_7292054600831550_4908437509641249040_n.jpg 2048w\" sizes=\"(max-width: 1024px) 100vw, 1024px\" \/><\/figure>\n\n\n\n<p>&#8230; denn bereits auf dem halben Weg Richtung <strong>Steinberg<\/strong>-Gipfel lagen mehr als 30 cm Schnee am Weg &#8230; und am Gipfel war&#8217;s bereits das doppelte.<\/p>\n\n\n\n<figure class=\"wp-block-image size-large\"><img loading=\"lazy\" decoding=\"async\" width=\"577\" height=\"1024\" src=\"https:\/\/www.vergissmi.net\/wp-content\/uploads\/2024\/03\/433541526_7292055710831439_6301341197380457089_n-577x1024.jpg\" alt=\"\" class=\"wp-image-14644\" srcset=\"https:\/\/www.vergissmi.net\/wp-content\/uploads\/2024\/03\/433541526_7292055710831439_6301341197380457089_n-577x1024.jpg 577w, https:\/\/www.vergissmi.net\/wp-content\/uploads\/2024\/03\/433541526_7292055710831439_6301341197380457089_n-450x800.jpg 450w, https:\/\/www.vergissmi.net\/wp-content\/uploads\/2024\/03\/433541526_7292055710831439_6301341197380457089_n-865x1536.jpg 865w, https:\/\/www.vergissmi.net\/wp-content\/uploads\/2024\/03\/433541526_7292055710831439_6301341197380457089_n.jpg 1153w\" sizes=\"(max-width: 577px) 100vw, 577px\" \/><\/figure>\n\n\n\n<p>Ich werde die Schneeschuhe erst am sp\u00e4ten Nachmittag, nach rund 6 Stunden, wieder auf den Rucksack h\u00e4ngen k\u00f6nnen. Die Aufgabe am Vormittag war damit, erst einmal zur <strong>Korpitscher Alm <\/strong>zu stapfen, wo es einen immer offenen Aufenthaltsraum gibt.<\/p>\n\n\n\n<figure class=\"wp-block-image size-large\"><img loading=\"lazy\" decoding=\"async\" width=\"1024\" height=\"577\" src=\"https:\/\/www.vergissmi.net\/wp-content\/uploads\/2024\/03\/433622273_7292052980831712_1658961450667136841_n-1024x577.jpg\" alt=\"\" class=\"wp-image-14645\" srcset=\"https:\/\/www.vergissmi.net\/wp-content\/uploads\/2024\/03\/433622273_7292052980831712_1658961450667136841_n-1024x577.jpg 1024w, https:\/\/www.vergissmi.net\/wp-content\/uploads\/2024\/03\/433622273_7292052980831712_1658961450667136841_n-800x450.jpg 800w, https:\/\/www.vergissmi.net\/wp-content\/uploads\/2024\/03\/433622273_7292052980831712_1658961450667136841_n-1536x865.jpg 1536w, https:\/\/www.vergissmi.net\/wp-content\/uploads\/2024\/03\/433622273_7292052980831712_1658961450667136841_n.jpg 2048w\" sizes=\"(max-width: 1024px) 100vw, 1024px\" \/><\/figure>\n\n\n\n<p>F\u00fcr mich perfekt gelegen f\u00fcr die Mittagspause &#8211; es war \u00fcberhaupt die erste sinnvolle Sitzm\u00f6glichkeit an diesem Tag &#8211; und das gleich mit diesem Ausblick Richtung Dobratsch!<\/p>\n\n\n\n<figure class=\"wp-block-image size-large\"><img loading=\"lazy\" decoding=\"async\" width=\"1024\" height=\"577\" src=\"https:\/\/www.vergissmi.net\/wp-content\/uploads\/2024\/03\/432252586_7292053117498365_3754108888938147401_n-1024x577.jpg\" alt=\"\" class=\"wp-image-14646\" srcset=\"https:\/\/www.vergissmi.net\/wp-content\/uploads\/2024\/03\/432252586_7292053117498365_3754108888938147401_n-1024x577.jpg 1024w, https:\/\/www.vergissmi.net\/wp-content\/uploads\/2024\/03\/432252586_7292053117498365_3754108888938147401_n-800x450.jpg 800w, https:\/\/www.vergissmi.net\/wp-content\/uploads\/2024\/03\/432252586_7292053117498365_3754108888938147401_n-1536x865.jpg 1536w, https:\/\/www.vergissmi.net\/wp-content\/uploads\/2024\/03\/432252586_7292053117498365_3754108888938147401_n.jpg 2048w\" sizes=\"(max-width: 1024px) 100vw, 1024px\" \/><\/figure>\n\n\n\n<p>Es geht nun auf Villach zu &#8211; bei weiterhin gro\u00dfartiger Aussicht. Eigentlich liegt nur am Weg selbst viel Schnee &#8211; die steilen Flanken \u00fcber und unter mir sind gr\u00f6\u00dftenteils schneefrei. Bringt mir aber nix, denn abseits des Weges ist das Gel\u00e4nde viel zu steil und daher nicht begehbar.<\/p>\n\n\n\n<figure class=\"wp-block-image size-large\"><img loading=\"lazy\" decoding=\"async\" width=\"1024\" height=\"577\" src=\"https:\/\/www.vergissmi.net\/wp-content\/uploads\/2024\/03\/433622486_7292054784164865_2083023458186757429_n-1024x577.jpg\" alt=\"\" class=\"wp-image-14647\" srcset=\"https:\/\/www.vergissmi.net\/wp-content\/uploads\/2024\/03\/433622486_7292054784164865_2083023458186757429_n-1024x577.jpg 1024w, https:\/\/www.vergissmi.net\/wp-content\/uploads\/2024\/03\/433622486_7292054784164865_2083023458186757429_n-800x450.jpg 800w, https:\/\/www.vergissmi.net\/wp-content\/uploads\/2024\/03\/433622486_7292054784164865_2083023458186757429_n-1536x865.jpg 1536w, https:\/\/www.vergissmi.net\/wp-content\/uploads\/2024\/03\/433622486_7292054784164865_2083023458186757429_n.jpg 2048w\" sizes=\"(max-width: 1024px) 100vw, 1024px\" \/><\/figure>\n\n\n\n<p>In der zweiten Nachmittagsh\u00e4lfte erreiche ich dann bei immer gleichbleibender Schneeauflage die <strong>Goritschacher Alm<\/strong>. Zwei Stunden im Sommer sind derzeit vier Stunden lang &#8211; bei am Nachmittag st\u00e4ndig patziger und weicher werdendem Schnee.<\/p>\n\n\n\n<figure class=\"wp-block-image size-large\"><img loading=\"lazy\" decoding=\"async\" width=\"1024\" height=\"577\" src=\"https:\/\/www.vergissmi.net\/wp-content\/uploads\/2024\/03\/433684633_7292054970831513_1431015794684084445_n-1024x577.jpg\" alt=\"\" class=\"wp-image-14648\" srcset=\"https:\/\/www.vergissmi.net\/wp-content\/uploads\/2024\/03\/433684633_7292054970831513_1431015794684084445_n-1024x577.jpg 1024w, https:\/\/www.vergissmi.net\/wp-content\/uploads\/2024\/03\/433684633_7292054970831513_1431015794684084445_n-800x450.jpg 800w, https:\/\/www.vergissmi.net\/wp-content\/uploads\/2024\/03\/433684633_7292054970831513_1431015794684084445_n-1536x865.jpg 1536w, https:\/\/www.vergissmi.net\/wp-content\/uploads\/2024\/03\/433684633_7292054970831513_1431015794684084445_n.jpg 2048w\" sizes=\"(max-width: 1024px) 100vw, 1024px\" \/><\/figure>\n\n\n\n<p>Etwa dort, wo man zum <strong>Mallestiger Mittagskogel<\/strong> aufsteigt, kann ich dann am Weg hinunter den Schnee endlich hinter mir lassen.<\/p>\n\n\n\n<figure class=\"wp-block-image size-large\"><img loading=\"lazy\" decoding=\"async\" width=\"577\" height=\"1024\" src=\"https:\/\/www.vergissmi.net\/wp-content\/uploads\/2024\/03\/433610194_7292055480831462_2231821263880312965_n-577x1024.jpg\" alt=\"\" class=\"wp-image-14649\" srcset=\"https:\/\/www.vergissmi.net\/wp-content\/uploads\/2024\/03\/433610194_7292055480831462_2231821263880312965_n-577x1024.jpg 577w, https:\/\/www.vergissmi.net\/wp-content\/uploads\/2024\/03\/433610194_7292055480831462_2231821263880312965_n-450x800.jpg 450w, https:\/\/www.vergissmi.net\/wp-content\/uploads\/2024\/03\/433610194_7292055480831462_2231821263880312965_n-865x1536.jpg 865w, https:\/\/www.vergissmi.net\/wp-content\/uploads\/2024\/03\/433610194_7292055480831462_2231821263880312965_n.jpg 1153w\" sizes=\"(max-width: 577px) 100vw, 577px\" \/><\/figure>\n\n\n\n<p>Ein Wanderschild vom <em>Deutschen und \u00d6sterreichischen Alpenverein<\/em> ist die Belohnung f\u00fcr die M\u00fch&#8217; &#8211; wann bekommt man denn schon einen Wegweiser zu sehen, der mindestens 85 Jahre alt ist?<br>(&#8211;> den Du\u00d6AV gab es bis 1938)<\/p>\n\n\n\n<figure class=\"wp-block-image size-large\"><img loading=\"lazy\" decoding=\"async\" width=\"1024\" height=\"577\" src=\"https:\/\/www.vergissmi.net\/wp-content\/uploads\/2024\/03\/433559736_7292054147498262_7588373746221236590_n-1024x577.jpg\" alt=\"\" class=\"wp-image-14650\" srcset=\"https:\/\/www.vergissmi.net\/wp-content\/uploads\/2024\/03\/433559736_7292054147498262_7588373746221236590_n-1024x577.jpg 1024w, https:\/\/www.vergissmi.net\/wp-content\/uploads\/2024\/03\/433559736_7292054147498262_7588373746221236590_n-800x450.jpg 800w, https:\/\/www.vergissmi.net\/wp-content\/uploads\/2024\/03\/433559736_7292054147498262_7588373746221236590_n-1536x865.jpg 1536w, https:\/\/www.vergissmi.net\/wp-content\/uploads\/2024\/03\/433559736_7292054147498262_7588373746221236590_n.jpg 2048w\" sizes=\"(max-width: 1024px) 100vw, 1024px\" \/><\/figure>\n\n\n\n<p>Der Brunnen bei der <strong>Urschitzh\u00fctte <\/strong>gesteht mir seine Labe &#8230;<\/p>\n\n\n\n<figure class=\"wp-block-image size-large\"><img loading=\"lazy\" decoding=\"async\" width=\"1024\" height=\"577\" src=\"https:\/\/www.vergissmi.net\/wp-content\/uploads\/2024\/03\/433536883_7292053340831676_8546636461665998979_n-1024x577.jpg\" alt=\"\" class=\"wp-image-14651\" srcset=\"https:\/\/www.vergissmi.net\/wp-content\/uploads\/2024\/03\/433536883_7292053340831676_8546636461665998979_n-1024x577.jpg 1024w, https:\/\/www.vergissmi.net\/wp-content\/uploads\/2024\/03\/433536883_7292053340831676_8546636461665998979_n-800x450.jpg 800w, https:\/\/www.vergissmi.net\/wp-content\/uploads\/2024\/03\/433536883_7292053340831676_8546636461665998979_n-1536x865.jpg 1536w, https:\/\/www.vergissmi.net\/wp-content\/uploads\/2024\/03\/433536883_7292053340831676_8546636461665998979_n.jpg 2048w\" sizes=\"(max-width: 1024px) 100vw, 1024px\" \/><\/figure>\n\n\n\n<p>Auf einer Lichtung ein paar Meter weiter drunter sehe ich nochmals auf Villach runter. W\u00fcrde mir diese H\u00fctte geh\u00f6ren, w\u00fcrde es sich das ganze Jahr \u00fcber nie auszahlen, die Balken zu verriegeln.<\/p>\n\n\n\n<figure class=\"wp-block-image size-large\"><img loading=\"lazy\" decoding=\"async\" width=\"1024\" height=\"577\" src=\"https:\/\/www.vergissmi.net\/wp-content\/uploads\/2024\/03\/433826047_7292054314164912_7344212467913548574_n-1024x577.jpg\" alt=\"\" class=\"wp-image-14652\" srcset=\"https:\/\/www.vergissmi.net\/wp-content\/uploads\/2024\/03\/433826047_7292054314164912_7344212467913548574_n-1024x577.jpg 1024w, https:\/\/www.vergissmi.net\/wp-content\/uploads\/2024\/03\/433826047_7292054314164912_7344212467913548574_n-800x450.jpg 800w, https:\/\/www.vergissmi.net\/wp-content\/uploads\/2024\/03\/433826047_7292054314164912_7344212467913548574_n-1536x865.jpg 1536w, https:\/\/www.vergissmi.net\/wp-content\/uploads\/2024\/03\/433826047_7292054314164912_7344212467913548574_n.jpg 2048w\" sizes=\"(max-width: 1024px) 100vw, 1024px\" \/><\/figure>\n\n\n\n<p>Etwa eine Stunde trennen mich nun noch vom Baumgartnerhof &#8211; mein letztes Zwischenziel, der <strong>Zwanzgerhof <\/strong>oberhalb der Burgruine Finkenstein, ist bereits im Blickfeld.<br><em><strong>Tag 2: <\/strong>25 km, 1200 hm.<\/em><\/p>\n\n\n\n<figure class=\"wp-block-image size-large\"><img loading=\"lazy\" decoding=\"async\" width=\"1024\" height=\"577\" src=\"https:\/\/www.vergissmi.net\/wp-content\/uploads\/2024\/03\/433600421_7292053964164947_2521324510971697403_n-1024x577.jpg\" alt=\"\" class=\"wp-image-14653\" srcset=\"https:\/\/www.vergissmi.net\/wp-content\/uploads\/2024\/03\/433600421_7292053964164947_2521324510971697403_n-1024x577.jpg 1024w, https:\/\/www.vergissmi.net\/wp-content\/uploads\/2024\/03\/433600421_7292053964164947_2521324510971697403_n-800x450.jpg 800w, https:\/\/www.vergissmi.net\/wp-content\/uploads\/2024\/03\/433600421_7292053964164947_2521324510971697403_n-1536x865.jpg 1536w, https:\/\/www.vergissmi.net\/wp-content\/uploads\/2024\/03\/433600421_7292053964164947_2521324510971697403_n.jpg 2048w\" sizes=\"(max-width: 1024px) 100vw, 1024px\" \/><\/figure>\n\n\n\n<p>Den dritten Happen der &#8220;Durchquerung Karawanken West&#8221; starte ich wiederum aus Gr\u00fcnden der einfacheren Erreichbarkeit im Tal bei Seltschach. Dass ich heute nicht aufs Dreil\u00e4ndereck komme, ist nicht so tragisch &#8211; das 3LE ist ein super Winter-Trainingsberg, da man hier sehr nett zu Tourengehern ist und ich immer wieder raufkomme.<\/p>\n\n\n\n<figure class=\"wp-block-image size-large\"><img loading=\"lazy\" decoding=\"async\" width=\"1024\" height=\"577\" src=\"https:\/\/www.vergissmi.net\/wp-content\/uploads\/2024\/03\/433691201_7292056357498041_6847882962011952718_n-1024x577.jpg\" alt=\"\" class=\"wp-image-14654\" srcset=\"https:\/\/www.vergissmi.net\/wp-content\/uploads\/2024\/03\/433691201_7292056357498041_6847882962011952718_n-1024x577.jpg 1024w, https:\/\/www.vergissmi.net\/wp-content\/uploads\/2024\/03\/433691201_7292056357498041_6847882962011952718_n-800x450.jpg 800w, https:\/\/www.vergissmi.net\/wp-content\/uploads\/2024\/03\/433691201_7292056357498041_6847882962011952718_n-1536x865.jpg 1536w, https:\/\/www.vergissmi.net\/wp-content\/uploads\/2024\/03\/433691201_7292056357498041_6847882962011952718_n.jpg 2048w\" sizes=\"(max-width: 1024px) 100vw, 1024px\" \/><\/figure>\n\n\n\n<p>An kleineren und gr\u00f6\u00dferen Bergen vorbei geht bis kurz vor Th\u00f6rl, dem hochoffiziellen Ende der Karawankenkette.<\/p>\n\n\n\n<figure class=\"wp-block-image size-large\"><img loading=\"lazy\" decoding=\"async\" width=\"1024\" height=\"577\" src=\"https:\/\/www.vergissmi.net\/wp-content\/uploads\/2024\/03\/433576109_7292055197498157_2729839177858774583_n-1024x577.jpg\" alt=\"\" class=\"wp-image-14655\" srcset=\"https:\/\/www.vergissmi.net\/wp-content\/uploads\/2024\/03\/433576109_7292055197498157_2729839177858774583_n-1024x577.jpg 1024w, https:\/\/www.vergissmi.net\/wp-content\/uploads\/2024\/03\/433576109_7292055197498157_2729839177858774583_n-800x450.jpg 800w, https:\/\/www.vergissmi.net\/wp-content\/uploads\/2024\/03\/433576109_7292055197498157_2729839177858774583_n-1536x865.jpg 1536w, https:\/\/www.vergissmi.net\/wp-content\/uploads\/2024\/03\/433576109_7292055197498157_2729839177858774583_n.jpg 2048w\" sizes=\"(max-width: 1024px) 100vw, 1024px\" \/><\/figure>\n\n\n\n<p>Kurz vor Erreichen des Ortes schwenke ich links in den S\u00fcdalpenweg ein &#8230;<\/p>\n\n\n\n<figure class=\"wp-block-image size-large\"><img loading=\"lazy\" decoding=\"async\" width=\"577\" height=\"1024\" src=\"https:\/\/www.vergissmi.net\/wp-content\/uploads\/2024\/03\/433599744_7292056594164684_8861720298410865692_n-577x1024.jpg\" alt=\"\" class=\"wp-image-14656\" srcset=\"https:\/\/www.vergissmi.net\/wp-content\/uploads\/2024\/03\/433599744_7292056594164684_8861720298410865692_n-577x1024.jpg 577w, https:\/\/www.vergissmi.net\/wp-content\/uploads\/2024\/03\/433599744_7292056594164684_8861720298410865692_n-450x800.jpg 450w, https:\/\/www.vergissmi.net\/wp-content\/uploads\/2024\/03\/433599744_7292056594164684_8861720298410865692_n-865x1536.jpg 865w, https:\/\/www.vergissmi.net\/wp-content\/uploads\/2024\/03\/433599744_7292056594164684_8861720298410865692_n.jpg 1153w\" sizes=\"(max-width: 577px) 100vw, 577px\" \/><\/figure>\n\n\n\n<p>&#8230; und zwar wieder mit Schneeschuhen am R\u00fccken. Diesmal aber umsonst. Rund 600 H\u00f6henmeter geht es nun rauf Richtung Dreil\u00e4ndereck &#8211; das Wetter verbreitet gute Laune und sorgt f\u00fcr strahlende Gesichter:<\/p>\n\n\n\n<figure class=\"wp-block-image size-large\"><img loading=\"lazy\" decoding=\"async\" width=\"1024\" height=\"577\" src=\"https:\/\/www.vergissmi.net\/wp-content\/uploads\/2024\/03\/433621878_7292056740831336_537427001554167008_n-1024x577.jpg\" alt=\"\" class=\"wp-image-14657\" srcset=\"https:\/\/www.vergissmi.net\/wp-content\/uploads\/2024\/03\/433621878_7292056740831336_537427001554167008_n-1024x577.jpg 1024w, https:\/\/www.vergissmi.net\/wp-content\/uploads\/2024\/03\/433621878_7292056740831336_537427001554167008_n-800x450.jpg 800w, https:\/\/www.vergissmi.net\/wp-content\/uploads\/2024\/03\/433621878_7292056740831336_537427001554167008_n-1536x865.jpg 1536w, https:\/\/www.vergissmi.net\/wp-content\/uploads\/2024\/03\/433621878_7292056740831336_537427001554167008_n.jpg 2048w\" sizes=\"(max-width: 1024px) 100vw, 1024px\" \/><\/figure>\n\n\n\n<p>Mittagspause mache ich diesmal beim unbekanntesten Gipfel den&#8217;s gibt, obwohl er der erste oder letzte Gipfel der Karawankengruppe ist &#8211; f\u00fcr mich ist der 1310 m hohe <strong>Homitsch <\/strong>&#8211; am Bild das &#8220;Gipfelplateau&#8221; &#8211; der Abschluss dieses Tourenwochenendes &#8230;<\/p>\n\n\n\n<figure class=\"wp-block-image size-large\"><img loading=\"lazy\" decoding=\"async\" width=\"1024\" height=\"577\" src=\"https:\/\/www.vergissmi.net\/wp-content\/uploads\/2024\/03\/433807521_7292052800831730_4889149330149801027_n-1024x577.jpg\" alt=\"\" class=\"wp-image-14658\" srcset=\"https:\/\/www.vergissmi.net\/wp-content\/uploads\/2024\/03\/433807521_7292052800831730_4889149330149801027_n-1024x577.jpg 1024w, https:\/\/www.vergissmi.net\/wp-content\/uploads\/2024\/03\/433807521_7292052800831730_4889149330149801027_n-800x450.jpg 800w, https:\/\/www.vergissmi.net\/wp-content\/uploads\/2024\/03\/433807521_7292052800831730_4889149330149801027_n-1536x865.jpg 1536w, https:\/\/www.vergissmi.net\/wp-content\/uploads\/2024\/03\/433807521_7292052800831730_4889149330149801027_n.jpg 2048w\" sizes=\"(max-width: 1024px) 100vw, 1024px\" \/><\/figure>\n\n\n\n<p>&#8230; bevor es \u00fcber die Abfahrt der Dreil\u00e4ndereckpiste wieder retour Richtung Seltschach ging.<\/p>\n\n\n\n<figure class=\"wp-block-image size-large\"><img loading=\"lazy\" decoding=\"async\" width=\"1024\" height=\"577\" src=\"https:\/\/www.vergissmi.net\/wp-content\/uploads\/2024\/03\/432232657_7292053500831660_6942454697092091252_n-1024x577.jpg\" alt=\"\" class=\"wp-image-14659\" srcset=\"https:\/\/www.vergissmi.net\/wp-content\/uploads\/2024\/03\/432232657_7292053500831660_6942454697092091252_n-1024x577.jpg 1024w, https:\/\/www.vergissmi.net\/wp-content\/uploads\/2024\/03\/432232657_7292053500831660_6942454697092091252_n-800x450.jpg 800w, https:\/\/www.vergissmi.net\/wp-content\/uploads\/2024\/03\/432232657_7292053500831660_6942454697092091252_n-1536x865.jpg 1536w, https:\/\/www.vergissmi.net\/wp-content\/uploads\/2024\/03\/432232657_7292053500831660_6942454697092091252_n.jpg 2048w\" sizes=\"(max-width: 1024px) 100vw, 1024px\" \/><\/figure>\n\n\n\n<p>Schnee war auch auf der Piste bald kein Thema mehr &#8230;<\/p>\n\n\n\n<figure class=\"wp-block-image size-large\"><img loading=\"lazy\" decoding=\"async\" width=\"1024\" height=\"577\" src=\"https:\/\/www.vergissmi.net\/wp-content\/uploads\/2024\/03\/433599710_7292056160831394_5954405522088580449_n-1024x577.jpg\" alt=\"\" class=\"wp-image-14660\" srcset=\"https:\/\/www.vergissmi.net\/wp-content\/uploads\/2024\/03\/433599710_7292056160831394_5954405522088580449_n-1024x577.jpg 1024w, https:\/\/www.vergissmi.net\/wp-content\/uploads\/2024\/03\/433599710_7292056160831394_5954405522088580449_n-800x450.jpg 800w, https:\/\/www.vergissmi.net\/wp-content\/uploads\/2024\/03\/433599710_7292056160831394_5954405522088580449_n-1536x865.jpg 1536w, https:\/\/www.vergissmi.net\/wp-content\/uploads\/2024\/03\/433599710_7292056160831394_5954405522088580449_n.jpg 2048w\" sizes=\"(max-width: 1024px) 100vw, 1024px\" \/><\/figure>\n\n\n\n<p>&#8230; und ich konnte auf den letzten Metern dar\u00fcber freuen, mit dieser Etappe &#8211; dem letzten Puzzlestein &#8211; zum zweiten Mal den S\u00fcdalpenweg 03 in seiner ganzen L\u00e4nge (insg. rund 500 km von Radkersburg bis Sillian) absolviert zu haben.<br><em><strong>Tag 3<\/strong>: 13 km, ca. 600 hm<\/em><\/p>\n\n\n\n<figure class=\"wp-block-image size-large\"><img loading=\"lazy\" decoding=\"async\" width=\"1024\" height=\"577\" src=\"https:\/\/www.vergissmi.net\/wp-content\/uploads\/2024\/03\/433726647_7292055994164744_2524555328508394175_n-1024x577.jpg\" alt=\"\" class=\"wp-image-14661\" srcset=\"https:\/\/www.vergissmi.net\/wp-content\/uploads\/2024\/03\/433726647_7292055994164744_2524555328508394175_n-1024x577.jpg 1024w, https:\/\/www.vergissmi.net\/wp-content\/uploads\/2024\/03\/433726647_7292055994164744_2524555328508394175_n-800x450.jpg 800w, https:\/\/www.vergissmi.net\/wp-content\/uploads\/2024\/03\/433726647_7292055994164744_2524555328508394175_n-1536x865.jpg 1536w, https:\/\/www.vergissmi.net\/wp-content\/uploads\/2024\/03\/433726647_7292055994164744_2524555328508394175_n.jpg 2048w\" sizes=\"(max-width: 1024px) 100vw, 1024px\" \/><\/figure>\n\n\n\n<p><strong>Zum Abschluss ein dickes DANKE an die zwei Golden Girls f\u00fcrs zweimalige Abholen vom Baumgartnerhof!<\/strong><\/p>\n","protected":false},"excerpt":{"rendered":"<div class=\"tmnf_excerpt\"><div class=\"tmnf_excerpt\"><p>Th\u00f6rl-Maglern bis Rosenbach (62 km, 2 1\/2 Tage)Drei v\u00f6llig einsame Tourentage Mitte M\u00e4rz Mit \u00dcbernachtungsm\u00f6glichkeiten sieht es am Karawankenkamm um diese Jahreszeit noch eher mau aus. \u00dcberhaupt werde ich unterwegs nur G\u00e4msen treffen und nur einmal Fu\u00dfspuren sehen.Ich muss also jeden Tag ins Tal &#8211; und auch die Reihenfolge der Teilst\u00fccke anpassen &#8230; &#8230; weshalb &hellip;<\/p>\n<\/div><\/div>","protected":false},"author":61,"featured_media":14663,"comment_status":"open","ping_status":"open","sticky":false,"template":"","format":"standard","meta":{"_s2mail":"yes","footnotes":""},"categories":[168,156,158],"tags":[],"class_list":["post-14633","post","type-post","status-publish","format-standard","has-post-thumbnail","hentry","category-03-suedalpenweg","category-oesterreich","category-kaernten","gallery-content-unit"],"_links":{"self":[{"href":"https:\/\/www.vergissmi.net\/index.php?rest_route=\/wp\/v2\/posts\/14633","targetHints":{"allow":["GET"]}}],"collection":[{"href":"https:\/\/www.vergissmi.net\/index.php?rest_route=\/wp\/v2\/posts"}],"about":[{"href":"https:\/\/www.vergissmi.net\/index.php?rest_route=\/wp\/v2\/types\/post"}],"author":[{"embeddable":true,"href":"https:\/\/www.vergissmi.net\/index.php?rest_route=\/wp\/v2\/users\/61"}],"replies":[{"embeddable":true,"href":"https:\/\/www.vergissmi.net\/index.php?rest_route=%2Fwp%2Fv2%2Fcomments&post=14633"}],"version-history":[{"count":1,"href":"https:\/\/www.vergissmi.net\/index.php?rest_route=\/wp\/v2\/posts\/14633\/revisions"}],"predecessor-version":[{"id":14662,"href":"https:\/\/www.vergissmi.net\/index.php?rest_route=\/wp\/v2\/posts\/14633\/revisions\/14662"}],"wp:featuredmedia":[{"embeddable":true,"href":"https:\/\/www.vergissmi.net\/index.php?rest_route=\/wp\/v2\/media\/14663"}],"wp:attachment":[{"href":"https:\/\/www.vergissmi.net\/index.php?rest_route=%2Fwp%2Fv2%2Fmedia&parent=14633"}],"wp:term":[{"taxonomy":"category","embeddable":true,"href":"https:\/\/www.vergissmi.net\/index.php?rest_route=%2Fwp%2Fv2%2Fcategories&post=14633"},{"taxonomy":"post_tag","embeddable":true,"href":"https:\/\/www.vergissmi.net\/index.php?rest_route=%2Fwp%2Fv2%2Ftags&post=14633"}],"curies":[{"name":"wp","href":"https:\/\/api.w.org\/{rel}","templated":true}]}}