{"id":14901,"date":"2024-08-14T21:17:09","date_gmt":"2024-08-14T19:17:09","guid":{"rendered":"https:\/\/www.vergissmi.net\/?p=14901"},"modified":"2024-08-14T21:19:05","modified_gmt":"2024-08-14T19:19:05","slug":"arnoweg-drei-tage-durch-die-lungauer-nockberge","status":"publish","type":"post","link":"https:\/\/www.vergissmi.net\/?p=14901","title":{"rendered":"Arnoweg &#8211; Drei Tage durch die Lungauer Nockberge"},"content":{"rendered":"\n<p><em><strong>Tag I: Muhr\/Murtal &#8211; Katschbergh\u00f6he (20 km, 1560\/930 hm)<br>Tag II: Katschbergh\u00f6he &#8211; Sch\u00f6nfeld (26 km, 1485\/1400 hm)<br>Tag III: Sch\u00f6nfeld &#8211; Ramingstein (21 km, 700\/1600 hm)<\/strong><\/em><\/p>\n\n\n\n<p>Start dieser Dreitagestour ist <strong>Schellgaden <\/strong>im Murwinkel (1080 m) &#8211; ein paar Kilometer westlich von <strong>St. Michael im Lungau<\/strong>. Da kommt man \u00f6ffentlich sehr gut hin, auch am Wochenende. Erste Aufgabe: Entlang der Almstra\u00dfe hinauf zur einfach bewirtschafteten <strong>St\u00f6cklalm <\/strong>auf 1755 m.<\/p>\n\n\n\n<figure class=\"wp-block-image size-large\"><img fetchpriority=\"high\" decoding=\"async\" width=\"1024\" height=\"577\" src=\"https:\/\/www.vergissmi.net\/wp-content\/uploads\/2024\/08\/455397498_8016510275052642_1739066368536379589_n-1024x577.jpg\" alt=\"\" class=\"wp-image-14902\" srcset=\"https:\/\/www.vergissmi.net\/wp-content\/uploads\/2024\/08\/455397498_8016510275052642_1739066368536379589_n-1024x577.jpg 1024w, https:\/\/www.vergissmi.net\/wp-content\/uploads\/2024\/08\/455397498_8016510275052642_1739066368536379589_n-800x450.jpg 800w, https:\/\/www.vergissmi.net\/wp-content\/uploads\/2024\/08\/455397498_8016510275052642_1739066368536379589_n-1536x865.jpg 1536w, https:\/\/www.vergissmi.net\/wp-content\/uploads\/2024\/08\/455397498_8016510275052642_1739066368536379589_n.jpg 2048w\" sizes=\"(max-width: 1024px) 100vw, 1024px\" \/><\/figure>\n\n\n\n<p>Von dort geht&#8217;s \u00fcber einen &#8211; nicht in allen Karten verzeichneten &#8211; alten Almsteig auf selber H\u00f6he zur unbewirtschafteten Wengeralm mit Speiereck-Blick und Getr\u00e4nkebrunnen \u2026<span class=\"x193iq5w xeuugli x13faqbe x1vvkbs x1xmvt09 x1lliihq x1s928wv xhkezso x1gmr53x x1cpjm7i x1fgarty x1943h6x xudqn12 x3x7a5m x6prxxf xvq8zen xo1l8bm xzsf02u\" dir=\"auto\"><span class=\"x193iq5w xeuugli x13faqbe x1vvkbs x1xmvt09 x1lliihq x1s928wv xhkezso x1gmr53x x1cpjm7i x1fgarty x1943h6x xudqn12 x3x7a5m x6prxxf xvq8zen xo1l8bm xzsf02u\" dir=\"auto\"><\/span><\/span><\/p>\n\n\n\n<figure class=\"wp-block-image size-large\"><img decoding=\"async\" width=\"1024\" height=\"577\" src=\"https:\/\/www.vergissmi.net\/wp-content\/uploads\/2024\/08\/455240475_8016510665052603_331190845351106790_n-1024x577.jpg\" alt=\"\" class=\"wp-image-14903\" srcset=\"https:\/\/www.vergissmi.net\/wp-content\/uploads\/2024\/08\/455240475_8016510665052603_331190845351106790_n-1024x577.jpg 1024w, https:\/\/www.vergissmi.net\/wp-content\/uploads\/2024\/08\/455240475_8016510665052603_331190845351106790_n-800x450.jpg 800w, https:\/\/www.vergissmi.net\/wp-content\/uploads\/2024\/08\/455240475_8016510665052603_331190845351106790_n-1536x865.jpg 1536w, https:\/\/www.vergissmi.net\/wp-content\/uploads\/2024\/08\/455240475_8016510665052603_331190845351106790_n.jpg 2048w\" sizes=\"(max-width: 1024px) 100vw, 1024px\" \/><\/figure>\n\n\n\n<p>&#8230; und in weiteren rund zwei Stunden und weiteren rund 700 H\u00f6henmetern hinauf aufs gro\u00dfartige, aussichtsreiche <strong>Kareck <\/strong>(2481 m).<\/p>\n\n\n\n<figure class=\"wp-block-image size-large\"><img decoding=\"async\" width=\"1024\" height=\"577\" src=\"https:\/\/www.vergissmi.net\/wp-content\/uploads\/2024\/08\/455237739_8016511561719180_760220294044794896_n-1024x577.jpg\" alt=\"\" class=\"wp-image-14904\" srcset=\"https:\/\/www.vergissmi.net\/wp-content\/uploads\/2024\/08\/455237739_8016511561719180_760220294044794896_n-1024x577.jpg 1024w, https:\/\/www.vergissmi.net\/wp-content\/uploads\/2024\/08\/455237739_8016511561719180_760220294044794896_n-800x450.jpg 800w, https:\/\/www.vergissmi.net\/wp-content\/uploads\/2024\/08\/455237739_8016511561719180_760220294044794896_n-1536x865.jpg 1536w, https:\/\/www.vergissmi.net\/wp-content\/uploads\/2024\/08\/455237739_8016511561719180_760220294044794896_n.jpg 2048w\" sizes=\"(max-width: 1024px) 100vw, 1024px\" \/><\/figure>\n\n\n\n<p>Von da oben sieht man die ganze Welt &#8211; und damit auch Rennweg am Katschberg.<\/p>\n\n\n\n<figure class=\"wp-block-image size-large is-resized\"><img loading=\"lazy\" decoding=\"async\" width=\"577\" height=\"1024\" src=\"https:\/\/www.vergissmi.net\/wp-content\/uploads\/2024\/08\/455632512_8016514288385574_5358225602274632658_n-577x1024.jpg\" alt=\"\" class=\"wp-image-14905\" style=\"width:392px;height:auto\" srcset=\"https:\/\/www.vergissmi.net\/wp-content\/uploads\/2024\/08\/455632512_8016514288385574_5358225602274632658_n-577x1024.jpg 577w, https:\/\/www.vergissmi.net\/wp-content\/uploads\/2024\/08\/455632512_8016514288385574_5358225602274632658_n-450x800.jpg 450w, https:\/\/www.vergissmi.net\/wp-content\/uploads\/2024\/08\/455632512_8016514288385574_5358225602274632658_n-865x1536.jpg 865w, https:\/\/www.vergissmi.net\/wp-content\/uploads\/2024\/08\/455632512_8016514288385574_5358225602274632658_n.jpg 1153w\" sizes=\"(max-width: 577px) 100vw, 577px\" \/><\/figure>\n\n\n\n<p>Im Westen zeigen sich Hochalmspitze, Hafner, zwei Holl\u00e4nderinen sowie die Wei\u00dfeckgruppe im S\u00fcden der Radst\u00e4dter Tauern.<\/p>\n\n\n\n<figure class=\"wp-block-image size-large\"><img loading=\"lazy\" decoding=\"async\" width=\"1024\" height=\"577\" src=\"https:\/\/www.vergissmi.net\/wp-content\/uploads\/2024\/08\/455220506_8016513941718942_479140552460955171_n-1024x577.jpg\" alt=\"\" class=\"wp-image-14906\" srcset=\"https:\/\/www.vergissmi.net\/wp-content\/uploads\/2024\/08\/455220506_8016513941718942_479140552460955171_n-1024x577.jpg 1024w, https:\/\/www.vergissmi.net\/wp-content\/uploads\/2024\/08\/455220506_8016513941718942_479140552460955171_n-800x450.jpg 800w, https:\/\/www.vergissmi.net\/wp-content\/uploads\/2024\/08\/455220506_8016513941718942_479140552460955171_n-1536x865.jpg 1536w, https:\/\/www.vergissmi.net\/wp-content\/uploads\/2024\/08\/455220506_8016513941718942_479140552460955171_n.jpg 2048w\" sizes=\"(max-width: 1024px) 100vw, 1024px\" \/><\/figure>\n\n\n\n<p>Im Nordosten sieht man \u00fcber St. Michael dr\u00fcber Richtung Mauterndorf und Mariapfarr, hier mit dem Gensgitsch im Hintergrund links.<\/p>\n\n\n\n<figure class=\"wp-block-image size-large is-resized\"><img loading=\"lazy\" decoding=\"async\" width=\"577\" height=\"1024\" src=\"https:\/\/www.vergissmi.net\/wp-content\/uploads\/2024\/08\/455263609_8016515751718761_560353363449135899_n-577x1024.jpg\" alt=\"\" class=\"wp-image-14907\" style=\"width:432px;height:auto\" srcset=\"https:\/\/www.vergissmi.net\/wp-content\/uploads\/2024\/08\/455263609_8016515751718761_560353363449135899_n-577x1024.jpg 577w, https:\/\/www.vergissmi.net\/wp-content\/uploads\/2024\/08\/455263609_8016515751718761_560353363449135899_n-450x800.jpg 450w, https:\/\/www.vergissmi.net\/wp-content\/uploads\/2024\/08\/455263609_8016515751718761_560353363449135899_n-865x1536.jpg 865w, https:\/\/www.vergissmi.net\/wp-content\/uploads\/2024\/08\/455263609_8016515751718761_560353363449135899_n.jpg 1153w\" sizes=\"(max-width: 577px) 100vw, 577px\" \/><\/figure>\n\n\n\n<p>Wieder unten vom Riegel, geht es ostw\u00e4rts auf den Katschbergpass zu. Vorbei an der <strong>Hanslbauerh\u00fctte <\/strong>(nicht mehr bewirtschaftet) &#8230;<\/p>\n\n\n\n<figure class=\"wp-block-image size-large\"><img loading=\"lazy\" decoding=\"async\" width=\"1024\" height=\"577\" src=\"https:\/\/www.vergissmi.net\/wp-content\/uploads\/2024\/08\/455137556_8016516121718724_3007279975858340964_n-1024x577.jpg\" alt=\"\" class=\"wp-image-14908\" srcset=\"https:\/\/www.vergissmi.net\/wp-content\/uploads\/2024\/08\/455137556_8016516121718724_3007279975858340964_n-1024x577.jpg 1024w, https:\/\/www.vergissmi.net\/wp-content\/uploads\/2024\/08\/455137556_8016516121718724_3007279975858340964_n-800x450.jpg 800w, https:\/\/www.vergissmi.net\/wp-content\/uploads\/2024\/08\/455137556_8016516121718724_3007279975858340964_n-1536x865.jpg 1536w, https:\/\/www.vergissmi.net\/wp-content\/uploads\/2024\/08\/455137556_8016516121718724_3007279975858340964_n.jpg 2048w\" sizes=\"(max-width: 1024px) 100vw, 1024px\" \/><\/figure>\n\n\n\n<p>&#8230; werden die Hotelburgen am Pass erreicht &#8211; im Hintergrund zeigt sich bereits der Auftakt des morgigen Tages &#8211; der Aufstieg aufs 2210 m hohe <strong>Aineck<\/strong>.<\/p>\n\n\n\n<figure class=\"wp-block-image size-large\"><img loading=\"lazy\" decoding=\"async\" width=\"1024\" height=\"577\" src=\"https:\/\/www.vergissmi.net\/wp-content\/uploads\/2024\/08\/455164292_8016511851719151_7295459940322686295_n-1024x577.jpg\" alt=\"\" class=\"wp-image-14909\" srcset=\"https:\/\/www.vergissmi.net\/wp-content\/uploads\/2024\/08\/455164292_8016511851719151_7295459940322686295_n-1024x577.jpg 1024w, https:\/\/www.vergissmi.net\/wp-content\/uploads\/2024\/08\/455164292_8016511851719151_7295459940322686295_n-800x450.jpg 800w, https:\/\/www.vergissmi.net\/wp-content\/uploads\/2024\/08\/455164292_8016511851719151_7295459940322686295_n-1536x865.jpg 1536w, https:\/\/www.vergissmi.net\/wp-content\/uploads\/2024\/08\/455164292_8016511851719151_7295459940322686295_n.jpg 2048w\" sizes=\"(max-width: 1024px) 100vw, 1024px\" \/><\/figure>\n\n\n\n<p>Tag 2. Noch vor Sonnenaufgang nehme ich die 600 H\u00f6henmeter durch die Pistenlandschaft der Aineckbahn in Angriff. Vorbei an diesem Urlaubstraum &#8230;<\/p>\n\n\n\n<figure class=\"wp-block-image size-large\"><img loading=\"lazy\" decoding=\"async\" width=\"1024\" height=\"577\" src=\"https:\/\/www.vergissmi.net\/wp-content\/uploads\/2024\/08\/455259915_8016517138385289_3609577529973993225_n-1024x577.jpg\" alt=\"\" class=\"wp-image-14910\" srcset=\"https:\/\/www.vergissmi.net\/wp-content\/uploads\/2024\/08\/455259915_8016517138385289_3609577529973993225_n-1024x577.jpg 1024w, https:\/\/www.vergissmi.net\/wp-content\/uploads\/2024\/08\/455259915_8016517138385289_3609577529973993225_n-800x450.jpg 800w, https:\/\/www.vergissmi.net\/wp-content\/uploads\/2024\/08\/455259915_8016517138385289_3609577529973993225_n-1536x865.jpg 1536w, https:\/\/www.vergissmi.net\/wp-content\/uploads\/2024\/08\/455259915_8016517138385289_3609577529973993225_n.jpg 2048w\" sizes=\"(max-width: 1024px) 100vw, 1024px\" \/><\/figure>\n\n\n\n<p>&#8230; geht es steil und in zahlreichen Serpentinen bergauf. Auf die bereits eingeschaltete Seilbahn wird gespuckt! &#8230; was beinahe ins Auge ging.<\/p>\n\n\n\n<figure class=\"wp-block-image size-large\"><img loading=\"lazy\" decoding=\"async\" width=\"1024\" height=\"577\" src=\"https:\/\/www.vergissmi.net\/wp-content\/uploads\/2024\/08\/455318740_8016517775051892_2519996264772139558_n-1024x577.jpg\" alt=\"\" class=\"wp-image-14911\" srcset=\"https:\/\/www.vergissmi.net\/wp-content\/uploads\/2024\/08\/455318740_8016517775051892_2519996264772139558_n-1024x577.jpg 1024w, https:\/\/www.vergissmi.net\/wp-content\/uploads\/2024\/08\/455318740_8016517775051892_2519996264772139558_n-800x450.jpg 800w, https:\/\/www.vergissmi.net\/wp-content\/uploads\/2024\/08\/455318740_8016517775051892_2519996264772139558_n-1536x865.jpg 1536w, https:\/\/www.vergissmi.net\/wp-content\/uploads\/2024\/08\/455318740_8016517775051892_2519996264772139558_n.jpg 2048w\" sizes=\"(max-width: 1024px) 100vw, 1024px\" \/><\/figure>\n\n\n\n<p>Ein letzter R\u00fcckblick auf den Vortag &#8211; das Kareck sonnt sich bereits &#8211; der Katschbergpass inzwischen auch.<\/p>\n\n\n\n<figure class=\"wp-block-image size-large\"><img loading=\"lazy\" decoding=\"async\" width=\"1024\" height=\"577\" src=\"https:\/\/www.vergissmi.net\/wp-content\/uploads\/2024\/08\/455631867_8016511278385875_1062520578409485525_n-1024x577.jpg\" alt=\"\" class=\"wp-image-14912\" srcset=\"https:\/\/www.vergissmi.net\/wp-content\/uploads\/2024\/08\/455631867_8016511278385875_1062520578409485525_n-1024x577.jpg 1024w, https:\/\/www.vergissmi.net\/wp-content\/uploads\/2024\/08\/455631867_8016511278385875_1062520578409485525_n-800x450.jpg 800w, https:\/\/www.vergissmi.net\/wp-content\/uploads\/2024\/08\/455631867_8016511278385875_1062520578409485525_n-1536x865.jpg 1536w, https:\/\/www.vergissmi.net\/wp-content\/uploads\/2024\/08\/455631867_8016511278385875_1062520578409485525_n.jpg 2048w\" sizes=\"(max-width: 1024px) 100vw, 1024px\" \/><\/figure>\n\n\n\n<p>Kaum liegt die Bergstation hinter einem, ist man mittendrinnen in den Carinthian Highlands, die sich in ihrer sch\u00f6nsten Form vom Katschberg bis zur Flattnitz ziehen &#8211; mit zahlreichen Varianten, wie es auch f\u00fcr mich die eine sein wird, die morgen von Sch\u00f6nfeld in den Lungau zur\u00fcck f\u00fchren wird.<\/p>\n\n\n\n<figure class=\"wp-block-image size-large\"><img loading=\"lazy\" decoding=\"async\" width=\"1024\" height=\"577\" src=\"https:\/\/www.vergissmi.net\/wp-content\/uploads\/2024\/08\/455207701_8016518235051846_3181711487735483914_n-1024x577.jpg\" alt=\"\" class=\"wp-image-14913\" srcset=\"https:\/\/www.vergissmi.net\/wp-content\/uploads\/2024\/08\/455207701_8016518235051846_3181711487735483914_n-1024x577.jpg 1024w, https:\/\/www.vergissmi.net\/wp-content\/uploads\/2024\/08\/455207701_8016518235051846_3181711487735483914_n-800x450.jpg 800w, https:\/\/www.vergissmi.net\/wp-content\/uploads\/2024\/08\/455207701_8016518235051846_3181711487735483914_n-1536x865.jpg 1536w, https:\/\/www.vergissmi.net\/wp-content\/uploads\/2024\/08\/455207701_8016518235051846_3181711487735483914_n.jpg 2048w\" sizes=\"(max-width: 1024px) 100vw, 1024px\" \/><\/figure>\n\n\n\n<p>Richtung <strong>Bonner H\u00fctte <\/strong>werden wieder einige H\u00f6henmter zur\u00fcckgegeben, doch der Weg bleibt traumhaft sch\u00f6n.<\/p>\n\n\n\n<figure class=\"wp-block-image size-large\"><img loading=\"lazy\" decoding=\"async\" width=\"577\" height=\"1024\" src=\"https:\/\/www.vergissmi.net\/wp-content\/uploads\/2024\/08\/455149932_8016518765051793_7372663413443559270_n-577x1024.jpg\" alt=\"\" class=\"wp-image-14914\" srcset=\"https:\/\/www.vergissmi.net\/wp-content\/uploads\/2024\/08\/455149932_8016518765051793_7372663413443559270_n-577x1024.jpg 577w, https:\/\/www.vergissmi.net\/wp-content\/uploads\/2024\/08\/455149932_8016518765051793_7372663413443559270_n-450x800.jpg 450w, https:\/\/www.vergissmi.net\/wp-content\/uploads\/2024\/08\/455149932_8016518765051793_7372663413443559270_n-865x1536.jpg 865w, https:\/\/www.vergissmi.net\/wp-content\/uploads\/2024\/08\/455149932_8016518765051793_7372663413443559270_n.jpg 1153w\" sizes=\"(max-width: 577px) 100vw, 577px\" \/><\/figure>\n\n\n\n<p>Fr\u00fche Mittagspause in der Bonner H\u00fctte, als Bergsteigeressen passt mir der vegane Linseineintopf sehr gut.<\/p>\n\n\n\n<figure class=\"wp-block-image size-large\"><img loading=\"lazy\" decoding=\"async\" width=\"1024\" height=\"577\" src=\"https:\/\/www.vergissmi.net\/wp-content\/uploads\/2024\/08\/455271230_8016512101719126_7234536869866232165_n-1024x577.jpg\" alt=\"\" class=\"wp-image-14915\" srcset=\"https:\/\/www.vergissmi.net\/wp-content\/uploads\/2024\/08\/455271230_8016512101719126_7234536869866232165_n-1024x577.jpg 1024w, https:\/\/www.vergissmi.net\/wp-content\/uploads\/2024\/08\/455271230_8016512101719126_7234536869866232165_n-800x450.jpg 800w, https:\/\/www.vergissmi.net\/wp-content\/uploads\/2024\/08\/455271230_8016512101719126_7234536869866232165_n-1536x865.jpg 1536w, https:\/\/www.vergissmi.net\/wp-content\/uploads\/2024\/08\/455271230_8016512101719126_7234536869866232165_n.jpg 2048w\" sizes=\"(max-width: 1024px) 100vw, 1024px\" \/><\/figure>\n\n\n\n<p>Weiter geht&#8217;s zur sympathischen <strong>Laussnitzer H\u00fctte<\/strong>, wo man auch heuer noch an einigen Wochenenden einkehren und auch \u00fcbernachten kann (Aushang mit \u00d6ffnungstagen beim Parkplatz am Beginn des Almweges). <\/p>\n\n\n\n<figure class=\"wp-block-image size-large\"><img loading=\"lazy\" decoding=\"async\" width=\"572\" height=\"1024\" src=\"https:\/\/www.vergissmi.net\/wp-content\/uploads\/2024\/08\/455152029_8016509375052732_8564072269460148408_n-572x1024.jpg\" alt=\"\" class=\"wp-image-14916\" srcset=\"https:\/\/www.vergissmi.net\/wp-content\/uploads\/2024\/08\/455152029_8016509375052732_8564072269460148408_n-572x1024.jpg 572w, https:\/\/www.vergissmi.net\/wp-content\/uploads\/2024\/08\/455152029_8016509375052732_8564072269460148408_n-447x800.jpg 447w, https:\/\/www.vergissmi.net\/wp-content\/uploads\/2024\/08\/455152029_8016509375052732_8564072269460148408_n-858x1536.jpg 858w, https:\/\/www.vergissmi.net\/wp-content\/uploads\/2024\/08\/455152029_8016509375052732_8564072269460148408_n.jpg 1072w\" sizes=\"(max-width: 572px) 100vw, 572px\" \/><\/figure>\n\n\n\n<p>Der Apfelkuchen dort ist eine ABSOLUTE Empfehlung. Doch es hilft nix &#8230;<\/p>\n\n\n\n<figure class=\"wp-block-image size-large\"><img loading=\"lazy\" decoding=\"async\" width=\"1024\" height=\"577\" src=\"https:\/\/www.vergissmi.net\/wp-content\/uploads\/2024\/08\/455282466_8016515325052137_4446022130018210598_n-1024x577.jpg\" alt=\"\" class=\"wp-image-14917\" srcset=\"https:\/\/www.vergissmi.net\/wp-content\/uploads\/2024\/08\/455282466_8016515325052137_4446022130018210598_n-1024x577.jpg 1024w, https:\/\/www.vergissmi.net\/wp-content\/uploads\/2024\/08\/455282466_8016515325052137_4446022130018210598_n-800x450.jpg 800w, https:\/\/www.vergissmi.net\/wp-content\/uploads\/2024\/08\/455282466_8016515325052137_4446022130018210598_n-1536x865.jpg 1536w, https:\/\/www.vergissmi.net\/wp-content\/uploads\/2024\/08\/455282466_8016515325052137_4446022130018210598_n.jpg 2048w\" sizes=\"(max-width: 1024px) 100vw, 1024px\" \/><\/figure>\n\n\n\n<p>Von der H\u00fcttenterrasse muss es in Anbetracht der doch recht langen Etappe irgendwann auch wieder weitergehen &#8230; zuerst mal zum aktuell badetauglichen <strong>Laussnitzsee <\/strong>auf genau 2000 m Seeh\u00f6he &#8230;<\/p>\n\n\n\n<figure class=\"wp-block-image size-large\"><img loading=\"lazy\" decoding=\"async\" width=\"1024\" height=\"577\" src=\"https:\/\/www.vergissmi.net\/wp-content\/uploads\/2024\/08\/455339260_8016519131718423_413034713433334764_n-1024x577.jpg\" alt=\"\" class=\"wp-image-14918\" srcset=\"https:\/\/www.vergissmi.net\/wp-content\/uploads\/2024\/08\/455339260_8016519131718423_413034713433334764_n-1024x577.jpg 1024w, https:\/\/www.vergissmi.net\/wp-content\/uploads\/2024\/08\/455339260_8016519131718423_413034713433334764_n-800x450.jpg 800w, https:\/\/www.vergissmi.net\/wp-content\/uploads\/2024\/08\/455339260_8016519131718423_413034713433334764_n-1536x865.jpg 1536w, https:\/\/www.vergissmi.net\/wp-content\/uploads\/2024\/08\/455339260_8016519131718423_413034713433334764_n.jpg 2048w\" sizes=\"(max-width: 1024px) 100vw, 1024px\" \/><\/figure>\n\n\n\n<p>&#8230; der sich etwas unterhalb der <strong>Schwarzwand <\/strong>befindet &#8230;<\/p>\n\n\n\n<figure class=\"wp-block-image size-large\"><img loading=\"lazy\" decoding=\"async\" width=\"1024\" height=\"577\" src=\"https:\/\/www.vergissmi.net\/wp-content\/uploads\/2024\/08\/455224582_8016513208385682_3390300649090628938_n-1024x577.jpg\" alt=\"\" class=\"wp-image-14919\" srcset=\"https:\/\/www.vergissmi.net\/wp-content\/uploads\/2024\/08\/455224582_8016513208385682_3390300649090628938_n-1024x577.jpg 1024w, https:\/\/www.vergissmi.net\/wp-content\/uploads\/2024\/08\/455224582_8016513208385682_3390300649090628938_n-800x450.jpg 800w, https:\/\/www.vergissmi.net\/wp-content\/uploads\/2024\/08\/455224582_8016513208385682_3390300649090628938_n-1536x865.jpg 1536w, https:\/\/www.vergissmi.net\/wp-content\/uploads\/2024\/08\/455224582_8016513208385682_3390300649090628938_n.jpg 2048w\" sizes=\"(max-width: 1024px) 100vw, 1024px\" \/><\/figure>\n\n\n\n<p>&#8230; die mit 2214 m (plus 3 Meter f\u00fcrs Steinmandl) meinen heutigen Tagesh\u00f6hepunkt bildet.<\/p>\n\n\n\n<figure class=\"wp-block-image size-large\"><img loading=\"lazy\" decoding=\"async\" width=\"1024\" height=\"577\" src=\"https:\/\/www.vergissmi.net\/wp-content\/uploads\/2024\/08\/455146054_8016519475051722_2868746406464649150_n-1024x577.jpg\" alt=\"\" class=\"wp-image-14920\" srcset=\"https:\/\/www.vergissmi.net\/wp-content\/uploads\/2024\/08\/455146054_8016519475051722_2868746406464649150_n-1024x577.jpg 1024w, https:\/\/www.vergissmi.net\/wp-content\/uploads\/2024\/08\/455146054_8016519475051722_2868746406464649150_n-800x450.jpg 800w, https:\/\/www.vergissmi.net\/wp-content\/uploads\/2024\/08\/455146054_8016519475051722_2868746406464649150_n-1536x865.jpg 1536w, https:\/\/www.vergissmi.net\/wp-content\/uploads\/2024\/08\/455146054_8016519475051722_2868746406464649150_n.jpg 2048w\" sizes=\"(max-width: 1024px) 100vw, 1024px\" \/><\/figure>\n\n\n\n<p>Auf aussichtsreichem Almboden geht es \u00fcber den <strong>Gmeinnock <\/strong>weiter zu den <strong>Anderleseen <\/strong>und vorbei an der <strong>Kameritzh\u00f6he <\/strong>auf die <strong>Gaipah\u00f6he<\/strong>, wo auf 2192 m das einzige Gipfelkreuz auf dieser Etappe steht.<\/p>\n\n\n\n<figure class=\"wp-block-image size-large\"><img loading=\"lazy\" decoding=\"async\" width=\"1024\" height=\"577\" src=\"https:\/\/www.vergissmi.net\/wp-content\/uploads\/2024\/08\/455248719_8016512748385728_7297301716025583659_n-1024x577.jpg\" alt=\"\" class=\"wp-image-14921\" srcset=\"https:\/\/www.vergissmi.net\/wp-content\/uploads\/2024\/08\/455248719_8016512748385728_7297301716025583659_n-1024x577.jpg 1024w, https:\/\/www.vergissmi.net\/wp-content\/uploads\/2024\/08\/455248719_8016512748385728_7297301716025583659_n-800x450.jpg 800w, https:\/\/www.vergissmi.net\/wp-content\/uploads\/2024\/08\/455248719_8016512748385728_7297301716025583659_n-1536x865.jpg 1536w, https:\/\/www.vergissmi.net\/wp-content\/uploads\/2024\/08\/455248719_8016512748385728_7297301716025583659_n.jpg 2048w\" sizes=\"(max-width: 1024px) 100vw, 1024px\" \/><\/figure>\n\n\n\n<p>Wobei &#8230; so ganz stimmt das nicht &#8211; die <strong>Zechnerh\u00f6he <\/strong>hat da auch noch ein W\u00f6rtchen mitzureden!<\/p>\n\n\n\n<figure class=\"wp-block-image size-large\"><img loading=\"lazy\" decoding=\"async\" width=\"1024\" height=\"577\" src=\"https:\/\/www.vergissmi.net\/wp-content\/uploads\/2024\/08\/455260965_8016514628385540_674921081151863041_n-1024x577.jpg\" alt=\"\" class=\"wp-image-14922\" srcset=\"https:\/\/www.vergissmi.net\/wp-content\/uploads\/2024\/08\/455260965_8016514628385540_674921081151863041_n-1024x577.jpg 1024w, https:\/\/www.vergissmi.net\/wp-content\/uploads\/2024\/08\/455260965_8016514628385540_674921081151863041_n-800x450.jpg 800w, https:\/\/www.vergissmi.net\/wp-content\/uploads\/2024\/08\/455260965_8016514628385540_674921081151863041_n-1536x865.jpg 1536w, https:\/\/www.vergissmi.net\/wp-content\/uploads\/2024\/08\/455260965_8016514628385540_674921081151863041_n.jpg 2048w\" sizes=\"(max-width: 1024px) 100vw, 1024px\" \/><\/figure>\n\n\n\n<p>Von ihr geht es dann dem Zaun entlang Richtung <strong>Mattehansh\u00f6he <\/strong>&#8230;<\/p>\n\n\n\n<figure class=\"wp-block-image size-large\"><img loading=\"lazy\" decoding=\"async\" width=\"1024\" height=\"577\" src=\"https:\/\/www.vergissmi.net\/wp-content\/uploads\/2024\/08\/455241258_8016519798385023_3950068605137861283_n-1024x577.jpg\" alt=\"\" class=\"wp-image-14923\" srcset=\"https:\/\/www.vergissmi.net\/wp-content\/uploads\/2024\/08\/455241258_8016519798385023_3950068605137861283_n-1024x577.jpg 1024w, https:\/\/www.vergissmi.net\/wp-content\/uploads\/2024\/08\/455241258_8016519798385023_3950068605137861283_n-800x450.jpg 800w, https:\/\/www.vergissmi.net\/wp-content\/uploads\/2024\/08\/455241258_8016519798385023_3950068605137861283_n-1536x865.jpg 1536w, https:\/\/www.vergissmi.net\/wp-content\/uploads\/2024\/08\/455241258_8016519798385023_3950068605137861283_n.jpg 2048w\" sizes=\"(max-width: 1024px) 100vw, 1024px\" \/><\/figure>\n\n\n\n<p>&#8230; und dann im Sturzflug hinunter zu meinem heutigen Nachtquartier, der sehr sympathisch gef\u00fchrten <strong>Mehrlh\u00fctte <\/strong>in <strong>Sch\u00f6nfeld<\/strong>. Ich bekomme ein Zimmer im S\u00fcdosten der H\u00fctte und h\u00e4tte, wenn ich nicht 8 Stunden durchgeschlafen h\u00e4tte, ideal zum Sternenbild des Perseus gesehen, wo sich Mitte August bekanntlich die Meteoriten tummeln.<\/p>\n\n\n\n<figure class=\"wp-block-image size-large\"><img loading=\"lazy\" decoding=\"async\" width=\"1024\" height=\"577\" src=\"https:\/\/www.vergissmi.net\/wp-content\/uploads\/2024\/08\/455251531_8016513518385651_1565003849099185101_n-1024x577.jpg\" alt=\"\" class=\"wp-image-14924\" srcset=\"https:\/\/www.vergissmi.net\/wp-content\/uploads\/2024\/08\/455251531_8016513518385651_1565003849099185101_n-1024x577.jpg 1024w, https:\/\/www.vergissmi.net\/wp-content\/uploads\/2024\/08\/455251531_8016513518385651_1565003849099185101_n-800x450.jpg 800w, https:\/\/www.vergissmi.net\/wp-content\/uploads\/2024\/08\/455251531_8016513518385651_1565003849099185101_n-1536x865.jpg 1536w, https:\/\/www.vergissmi.net\/wp-content\/uploads\/2024\/08\/455251531_8016513518385651_1565003849099185101_n.jpg 2048w\" sizes=\"(max-width: 1024px) 100vw, 1024px\" \/><\/figure>\n\n\n\n<p>So geht es gut ausgeruht in den dritten und letzten Tag dieser Tour, der mit dem Aufstieg von Sch\u00f6nfeld (hier im R\u00fcckblick) zur <strong>Kl\u00f6lingscharte <\/strong>beginnt.<\/p>\n\n\n\n<figure class=\"wp-block-image size-large\"><img loading=\"lazy\" decoding=\"async\" width=\"1024\" height=\"577\" src=\"https:\/\/www.vergissmi.net\/wp-content\/uploads\/2024\/08\/455318140_8016520195051650_1857657928405750658_n-1024x577.jpg\" alt=\"\" class=\"wp-image-14925\" srcset=\"https:\/\/www.vergissmi.net\/wp-content\/uploads\/2024\/08\/455318140_8016520195051650_1857657928405750658_n-1024x577.jpg 1024w, https:\/\/www.vergissmi.net\/wp-content\/uploads\/2024\/08\/455318140_8016520195051650_1857657928405750658_n-800x450.jpg 800w, https:\/\/www.vergissmi.net\/wp-content\/uploads\/2024\/08\/455318140_8016520195051650_1857657928405750658_n-1536x865.jpg 1536w, https:\/\/www.vergissmi.net\/wp-content\/uploads\/2024\/08\/455318140_8016520195051650_1857657928405750658_n.jpg 2048w\" sizes=\"(max-width: 1024px) 100vw, 1024px\" \/><\/figure>\n\n\n\n<p>Direkt auf der Scharte sto\u00dfen die beiden ehemaligen Schigebiete Innerkrems-Sch\u00f6nfeld und Karneralm zusammen. Letztere ist bereits seit 2005 Schilift-frei und ein sehr sch\u00f6nes, empfehlenswertes Wandergebiet &#8211; egal ob im Sommer auf der H\u00f6henwanderung rund um die Alm oder im Winter mit Schneeschuhen auf einen oder mehrere der zahlreichen Gipfelziele.<\/p>\n\n\n\n<figure class=\"wp-block-image size-large\"><img loading=\"lazy\" decoding=\"async\" width=\"1024\" height=\"577\" src=\"https:\/\/www.vergissmi.net\/wp-content\/uploads\/2024\/08\/455355841_8016510908385912_7079795245903447187_n-1024x577.jpg\" alt=\"\" class=\"wp-image-14926\" srcset=\"https:\/\/www.vergissmi.net\/wp-content\/uploads\/2024\/08\/455355841_8016510908385912_7079795245903447187_n-1024x577.jpg 1024w, https:\/\/www.vergissmi.net\/wp-content\/uploads\/2024\/08\/455355841_8016510908385912_7079795245903447187_n-800x450.jpg 800w, https:\/\/www.vergissmi.net\/wp-content\/uploads\/2024\/08\/455355841_8016510908385912_7079795245903447187_n-1536x865.jpg 1536w, https:\/\/www.vergissmi.net\/wp-content\/uploads\/2024\/08\/455355841_8016510908385912_7079795245903447187_n.jpg 2048w\" sizes=\"(max-width: 1024px) 100vw, 1024px\" \/><\/figure>\n\n\n\n<p>Ich beschlie\u00dfe heute aber, die <strong>Karneralm <\/strong>auszulassen (dort hat eh nix offen) und oben auf Gipfelh\u00f6he zu bleiben. Weglos erreiche ich etwa einer halben Stunde ab Kl\u00f6lingscharte den <strong>Kleinen K\u00f6nigstuhl<\/strong>, 2254 m &#8211; der Gipfel hier im Bild rechts, unten in der linken Bildh\u00e4lfte die Karneralm.<\/p>\n\n\n\n<figure class=\"wp-block-image size-large\"><img loading=\"lazy\" decoding=\"async\" width=\"1024\" height=\"577\" src=\"https:\/\/www.vergissmi.net\/wp-content\/uploads\/2024\/08\/455166626_8016514991718837_2306652070972330658_n-1024x577.jpg\" alt=\"\" class=\"wp-image-14927\" srcset=\"https:\/\/www.vergissmi.net\/wp-content\/uploads\/2024\/08\/455166626_8016514991718837_2306652070972330658_n-1024x577.jpg 1024w, https:\/\/www.vergissmi.net\/wp-content\/uploads\/2024\/08\/455166626_8016514991718837_2306652070972330658_n-800x450.jpg 800w, https:\/\/www.vergissmi.net\/wp-content\/uploads\/2024\/08\/455166626_8016514991718837_2306652070972330658_n-1536x865.jpg 1536w, https:\/\/www.vergissmi.net\/wp-content\/uploads\/2024\/08\/455166626_8016514991718837_2306652070972330658_n.jpg 2048w\" sizes=\"(max-width: 1024px) 100vw, 1024px\" \/><\/figure>\n\n\n\n<p>Am Kleinen K\u00f6nigstuhl beginnt der wenig bekannte <strong>Gsto\u00dfh\u00f6henweg <\/strong>&#8230;<\/p>\n\n\n\n<figure class=\"wp-block-image size-large\"><img loading=\"lazy\" decoding=\"async\" width=\"1024\" height=\"577\" src=\"https:\/\/www.vergissmi.net\/wp-content\/uploads\/2024\/08\/455152043_8016516545052015_6829795371292423273_n-1024x577.jpg\" alt=\"\" class=\"wp-image-14928\" srcset=\"https:\/\/www.vergissmi.net\/wp-content\/uploads\/2024\/08\/455152043_8016516545052015_6829795371292423273_n-1024x577.jpg 1024w, https:\/\/www.vergissmi.net\/wp-content\/uploads\/2024\/08\/455152043_8016516545052015_6829795371292423273_n-800x450.jpg 800w, https:\/\/www.vergissmi.net\/wp-content\/uploads\/2024\/08\/455152043_8016516545052015_6829795371292423273_n-1536x865.jpg 1536w, https:\/\/www.vergissmi.net\/wp-content\/uploads\/2024\/08\/455152043_8016516545052015_6829795371292423273_n.jpg 2048w\" sizes=\"(max-width: 1024px) 100vw, 1024px\" \/><\/figure>\n\n\n\n<p>&#8230; der (hier von rechts nach links) \u00fcber den 2257 m hohen <strong>Feldernock <\/strong>zum kantigen <strong>Vordereck <\/strong>und zuletzt zum <strong>Windriegel <\/strong>verl\u00e4uft, wo man dann unter die 2000 m Schwelle taucht und die bewaldete <strong>Gsto\u00dfh\u00f6he <\/strong>ganz links im Bild anvisiert.<\/p>\n\n\n\n<figure class=\"wp-block-image size-large\"><img loading=\"lazy\" decoding=\"async\" width=\"1024\" height=\"577\" src=\"https:\/\/www.vergissmi.net\/wp-content\/uploads\/2024\/08\/455283286_8016516785051991_2419507021270337767_n-1024x577.jpg\" alt=\"\" class=\"wp-image-14929\" srcset=\"https:\/\/www.vergissmi.net\/wp-content\/uploads\/2024\/08\/455283286_8016516785051991_2419507021270337767_n-1024x577.jpg 1024w, https:\/\/www.vergissmi.net\/wp-content\/uploads\/2024\/08\/455283286_8016516785051991_2419507021270337767_n-800x450.jpg 800w, https:\/\/www.vergissmi.net\/wp-content\/uploads\/2024\/08\/455283286_8016516785051991_2419507021270337767_n-1536x865.jpg 1536w, https:\/\/www.vergissmi.net\/wp-content\/uploads\/2024\/08\/455283286_8016516785051991_2419507021270337767_n.jpg 2048w\" sizes=\"(max-width: 1024px) 100vw, 1024px\" \/><\/figure>\n\n\n\n<p>Ein Nockalm-H\u00f6henweg, genau so, wie man sich das vorstellt!<\/p>\n\n\n\n<figure class=\"wp-block-image size-large\"><img loading=\"lazy\" decoding=\"async\" width=\"577\" height=\"1024\" src=\"https:\/\/www.vergissmi.net\/wp-content\/uploads\/2024\/08\/455163243_8016520675051602_1513612320927530479_n-577x1024.jpg\" alt=\"\" class=\"wp-image-14930\" srcset=\"https:\/\/www.vergissmi.net\/wp-content\/uploads\/2024\/08\/455163243_8016520675051602_1513612320927530479_n-577x1024.jpg 577w, https:\/\/www.vergissmi.net\/wp-content\/uploads\/2024\/08\/455163243_8016520675051602_1513612320927530479_n-450x800.jpg 450w, https:\/\/www.vergissmi.net\/wp-content\/uploads\/2024\/08\/455163243_8016520675051602_1513612320927530479_n-865x1536.jpg 865w, https:\/\/www.vergissmi.net\/wp-content\/uploads\/2024\/08\/455163243_8016520675051602_1513612320927530479_n.jpg 1153w\" sizes=\"(max-width: 577px) 100vw, 577px\" \/><\/figure>\n\n\n\n<p>Beim Vordereck gibt es einen kleinen See, nicht im Foto der Blick nach Norden, wo sich Tamsweg, die Hauptstadt des Lungaus, zeigt.<\/p>\n\n\n\n<figure class=\"wp-block-image size-large\"><img loading=\"lazy\" decoding=\"async\" width=\"1024\" height=\"577\" src=\"https:\/\/www.vergissmi.net\/wp-content\/uploads\/2024\/08\/455251916_8016520901718246_7287754111329933473_n-1024x577.jpg\" alt=\"\" class=\"wp-image-14931\" srcset=\"https:\/\/www.vergissmi.net\/wp-content\/uploads\/2024\/08\/455251916_8016520901718246_7287754111329933473_n-1024x577.jpg 1024w, https:\/\/www.vergissmi.net\/wp-content\/uploads\/2024\/08\/455251916_8016520901718246_7287754111329933473_n-800x450.jpg 800w, https:\/\/www.vergissmi.net\/wp-content\/uploads\/2024\/08\/455251916_8016520901718246_7287754111329933473_n-1536x865.jpg 1536w, https:\/\/www.vergissmi.net\/wp-content\/uploads\/2024\/08\/455251916_8016520901718246_7287754111329933473_n.jpg 2048w\" sizes=\"(max-width: 1024px) 100vw, 1024px\" \/><\/figure>\n\n\n\n<p>Von der Gsto\u00dfh\u00f6he soll man sich 4 1\/2 Stunden Zeit bis hinunter nach <strong>Ramingstein <\/strong>lassen, r\u00e4t der Tourismusverband. Soviel Zeit habe ich nicht, denn ich muss die letzte Murtalbahn erreichen, mit der ich nach Tamsweg und (dann mit Bus) retour zum Auto in St. Michael komme.<\/p>\n\n\n\n<figure class=\"wp-block-image size-large\"><img loading=\"lazy\" decoding=\"async\" width=\"1024\" height=\"577\" src=\"https:\/\/www.vergissmi.net\/wp-content\/uploads\/2024\/08\/455186652_8016512431719093_3777161343774590167_n-1024x577.jpg\" alt=\"\" class=\"wp-image-14932\" srcset=\"https:\/\/www.vergissmi.net\/wp-content\/uploads\/2024\/08\/455186652_8016512431719093_3777161343774590167_n-1024x577.jpg 1024w, https:\/\/www.vergissmi.net\/wp-content\/uploads\/2024\/08\/455186652_8016512431719093_3777161343774590167_n-800x450.jpg 800w, https:\/\/www.vergissmi.net\/wp-content\/uploads\/2024\/08\/455186652_8016512431719093_3777161343774590167_n-1536x865.jpg 1536w, https:\/\/www.vergissmi.net\/wp-content\/uploads\/2024\/08\/455186652_8016512431719093_3777161343774590167_n.jpg 2048w\" sizes=\"(max-width: 1024px) 100vw, 1024px\" \/><\/figure>\n\n\n\n<p>2 1\/2 Stunden m\u00fcssen also auch reichen, um vor den Toren der <strong>Burg Ramingstein<\/strong> zu stehen.<\/p>\n\n\n\n<figure class=\"wp-block-image size-large\"><img loading=\"lazy\" decoding=\"async\" width=\"1024\" height=\"577\" src=\"https:\/\/www.vergissmi.net\/wp-content\/uploads\/2024\/08\/455216518_8016509791719357_2726010853058369146_n-1024x577.jpg\" alt=\"\" class=\"wp-image-14933\" srcset=\"https:\/\/www.vergissmi.net\/wp-content\/uploads\/2024\/08\/455216518_8016509791719357_2726010853058369146_n-1024x577.jpg 1024w, https:\/\/www.vergissmi.net\/wp-content\/uploads\/2024\/08\/455216518_8016509791719357_2726010853058369146_n-800x450.jpg 800w, https:\/\/www.vergissmi.net\/wp-content\/uploads\/2024\/08\/455216518_8016509791719357_2726010853058369146_n-1536x865.jpg 1536w, https:\/\/www.vergissmi.net\/wp-content\/uploads\/2024\/08\/455216518_8016509791719357_2726010853058369146_n.jpg 2048w\" sizes=\"(max-width: 1024px) 100vw, 1024px\" \/><\/figure>\n\n\n\n<p>Meine Tour endet beim <strong>Dorfwirt <\/strong>in Ramingstein. Genau hier habe ich im Sommer 2021 das <a href=\"https:\/\/www.vergissmi.net\/?cat=290\">Abenteuer Arnoweg<\/a> begonnen <img loading=\"lazy\" decoding=\"async\" height=\"16\" width=\"16\" src=\"https:\/\/static.xx.fbcdn.net\/images\/emoji.php\/v9\/t7f\/1\/16\/1f60a.png\" alt=\"\ud83d\ude0a\"> das ist der Salzburger Landesrundwanderweg &#8211; und heute, 63 Etappen, etliche Dreitausender und knapp 1000 Wanderkilometer sp\u00e4ter, wieder hier an derselben Stelle beendet.<br>Und es bleibt sogar Zeit, mit einem Coupe Danmark den gelungen Abschluss dieses gro\u00dfartigen Weitwanderweges zu feiern.<\/p>\n\n\n\n<figure class=\"wp-block-image size-large\"><img loading=\"lazy\" decoding=\"async\" width=\"1024\" height=\"577\" src=\"https:\/\/www.vergissmi.net\/wp-content\/uploads\/2024\/08\/455265870_8016517491718587_3528486096931071189_n-1024x577.jpg\" alt=\"\" class=\"wp-image-14934\" srcset=\"https:\/\/www.vergissmi.net\/wp-content\/uploads\/2024\/08\/455265870_8016517491718587_3528486096931071189_n-1024x577.jpg 1024w, https:\/\/www.vergissmi.net\/wp-content\/uploads\/2024\/08\/455265870_8016517491718587_3528486096931071189_n-800x450.jpg 800w, https:\/\/www.vergissmi.net\/wp-content\/uploads\/2024\/08\/455265870_8016517491718587_3528486096931071189_n-1536x865.jpg 1536w, https:\/\/www.vergissmi.net\/wp-content\/uploads\/2024\/08\/455265870_8016517491718587_3528486096931071189_n.jpg 2048w\" sizes=\"(max-width: 1024px) 100vw, 1024px\" \/><\/figure>\n\n\n\n<p>Auf der Karte von links nach rechts die N\u00e4chtigungsm\u00f6glichkeiten: Katschberg, Bonner H\u00fctte, Laussnitzh\u00fctte (nur WE), Sch\u00f6nfeld.<br>Bis Mitte September kommt man Mo-Fr mit dem Bus auf den Katschberg und nach Sch\u00f6nfeld. Ins Muhrtal\/Murwinkel kommt man auch am Wochenende.<\/p>\n\n\n\n<figure class=\"wp-block-image size-large\"><img loading=\"lazy\" decoding=\"async\" width=\"1024\" height=\"564\" src=\"https:\/\/www.vergissmi.net\/wp-content\/uploads\/2024\/08\/2024-08-13-22_33_03-KOMPASS-Digital-Map-3D-Oesterreich-1024x564.png\" alt=\"(c) kompass.de\" class=\"wp-image-14935\" srcset=\"https:\/\/www.vergissmi.net\/wp-content\/uploads\/2024\/08\/2024-08-13-22_33_03-KOMPASS-Digital-Map-3D-Oesterreich-1024x564.png 1024w, https:\/\/www.vergissmi.net\/wp-content\/uploads\/2024\/08\/2024-08-13-22_33_03-KOMPASS-Digital-Map-3D-Oesterreich-800x441.png 800w, https:\/\/www.vergissmi.net\/wp-content\/uploads\/2024\/08\/2024-08-13-22_33_03-KOMPASS-Digital-Map-3D-Oesterreich-1536x846.png 1536w, https:\/\/www.vergissmi.net\/wp-content\/uploads\/2024\/08\/2024-08-13-22_33_03-KOMPASS-Digital-Map-3D-Oesterreich.png 1852w\" sizes=\"(max-width: 1024px) 100vw, 1024px\" \/><\/figure>\n\n\n\n<p>(c) kompass.de<\/p>\n\n\n\n<p><\/p>\n","protected":false},"excerpt":{"rendered":"<div class=\"tmnf_excerpt\"><div class=\"tmnf_excerpt\"><p>Tag I: Muhr\/Murtal &#8211; Katschbergh\u00f6he (20 km, 1560\/930 hm)Tag II: Katschbergh\u00f6he &#8211; Sch\u00f6nfeld (26 km, 1485\/1400 hm)Tag III: Sch\u00f6nfeld &#8211; Ramingstein (21 km, 700\/1600 hm) Start dieser Dreitagestour ist Schellgaden im Murwinkel (1080 m) &#8211; ein paar Kilometer westlich von St. Michael im Lungau. Da kommt man \u00f6ffentlich sehr gut hin, auch am Wochenende. Erste &hellip;<\/p>\n<\/div><\/div>","protected":false},"author":61,"featured_media":14937,"comment_status":"open","ping_status":"open","sticky":false,"template":"","format":"standard","meta":{"_s2mail":"yes","footnotes":""},"categories":[290,156,159,6],"tags":[],"class_list":["post-14901","post","type-post","status-publish","format-standard","has-post-thumbnail","hentry","category-arnoweg","category-oesterreich","category-salzburg","category-tourtagebuch","gallery-content-unit"],"_links":{"self":[{"href":"https:\/\/www.vergissmi.net\/index.php?rest_route=\/wp\/v2\/posts\/14901","targetHints":{"allow":["GET"]}}],"collection":[{"href":"https:\/\/www.vergissmi.net\/index.php?rest_route=\/wp\/v2\/posts"}],"about":[{"href":"https:\/\/www.vergissmi.net\/index.php?rest_route=\/wp\/v2\/types\/post"}],"author":[{"embeddable":true,"href":"https:\/\/www.vergissmi.net\/index.php?rest_route=\/wp\/v2\/users\/61"}],"replies":[{"embeddable":true,"href":"https:\/\/www.vergissmi.net\/index.php?rest_route=%2Fwp%2Fv2%2Fcomments&post=14901"}],"version-history":[{"count":4,"href":"https:\/\/www.vergissmi.net\/index.php?rest_route=\/wp\/v2\/posts\/14901\/revisions"}],"predecessor-version":[{"id":14940,"href":"https:\/\/www.vergissmi.net\/index.php?rest_route=\/wp\/v2\/posts\/14901\/revisions\/14940"}],"wp:featuredmedia":[{"embeddable":true,"href":"https:\/\/www.vergissmi.net\/index.php?rest_route=\/wp\/v2\/media\/14937"}],"wp:attachment":[{"href":"https:\/\/www.vergissmi.net\/index.php?rest_route=%2Fwp%2Fv2%2Fmedia&parent=14901"}],"wp:term":[{"taxonomy":"category","embeddable":true,"href":"https:\/\/www.vergissmi.net\/index.php?rest_route=%2Fwp%2Fv2%2Fcategories&post=14901"},{"taxonomy":"post_tag","embeddable":true,"href":"https:\/\/www.vergissmi.net\/index.php?rest_route=%2Fwp%2Fv2%2Ftags&post=14901"}],"curies":[{"name":"wp","href":"https:\/\/api.w.org\/{rel}","templated":true}]}}