{"id":15064,"date":"2024-11-10T22:09:27","date_gmt":"2024-11-10T21:09:27","guid":{"rendered":"https:\/\/www.vergissmi.net\/?p=15064"},"modified":"2024-11-10T22:11:52","modified_gmt":"2024-11-10T21:11:52","slug":"ein-wochenende-in-friaul","status":"publish","type":"post","link":"https:\/\/www.vergissmi.net\/?p=15064","title":{"rendered":"Ein Wochenende in Friaul"},"content":{"rendered":"\n<h2 class=\"wp-block-heading\">Ausnahmsweise einmal kein Weitwanderweg<\/h2>\n\n\n\n<p><strong><em>Freitag: Strawanzen (Sauris, Misurina, St. Stefano di Cadore) <br>Samstag: Monte Lastroni, 2449 m <br>Sonntag: Monte Zermula, 2145 m<\/em><\/strong> <\/p>\n\n\n\n<p>Schon die Anfahrt in die s\u00fcdlichen <strong>Karnischen Alpen<\/strong> war ein Zuckerl, sodass der erste Tag &#8211; entgegen der ursrpr\u00fcnglichen motivierten Tourenplanung &#8211; dem worw\u00f6rtlichen Sightseeing gewidmet wurde.<\/p>\n\n\n\n<figure class=\"wp-block-image size-large\"><img fetchpriority=\"high\" decoding=\"async\" width=\"1024\" height=\"577\" src=\"https:\/\/www.vergissmi.net\/wp-content\/uploads\/2024\/11\/20241101_114519-Large-1024x577.jpg\" alt=\"\" class=\"wp-image-15065\" srcset=\"https:\/\/www.vergissmi.net\/wp-content\/uploads\/2024\/11\/20241101_114519-Large-1024x577.jpg 1024w, https:\/\/www.vergissmi.net\/wp-content\/uploads\/2024\/11\/20241101_114519-Large-800x450.jpg 800w, https:\/\/www.vergissmi.net\/wp-content\/uploads\/2024\/11\/20241101_114519-Large-1536x865.jpg 1536w, https:\/\/www.vergissmi.net\/wp-content\/uploads\/2024\/11\/20241101_114519-Large.jpg 1918w\" sizes=\"(max-width: 1024px) 100vw, 1024px\" \/><\/figure>\n\n\n\n<p>Von <strong>Tolmezzo <\/strong>ging es \u00fcber die H\u00f6henstra\u00dfe stets nach Westen, wo noch einige Rifugi ge\u00f6ffnet hatten &#8230;<\/p>\n\n\n\n<figure class=\"wp-block-image size-large\"><img decoding=\"async\" width=\"1024\" height=\"577\" src=\"https:\/\/www.vergissmi.net\/wp-content\/uploads\/2024\/11\/20241101_121309-Large-1024x577.jpg\" alt=\"\" class=\"wp-image-15066\" srcset=\"https:\/\/www.vergissmi.net\/wp-content\/uploads\/2024\/11\/20241101_121309-Large-1024x577.jpg 1024w, https:\/\/www.vergissmi.net\/wp-content\/uploads\/2024\/11\/20241101_121309-Large-800x450.jpg 800w, https:\/\/www.vergissmi.net\/wp-content\/uploads\/2024\/11\/20241101_121309-Large-1536x865.jpg 1536w, https:\/\/www.vergissmi.net\/wp-content\/uploads\/2024\/11\/20241101_121309-Large.jpg 1918w\" sizes=\"(max-width: 1024px) 100vw, 1024px\" \/><\/figure>\n\n\n\n<p>&#8230; und auch so gab es alle Ritt&#8217; einen guten Grund &#8230;<\/p>\n\n\n\n<figure class=\"wp-block-image size-large\"><img decoding=\"async\" width=\"1024\" height=\"577\" src=\"https:\/\/www.vergissmi.net\/wp-content\/uploads\/2024\/11\/20241101_131518-Large-1024x577.jpg\" alt=\"\" class=\"wp-image-15067\" srcset=\"https:\/\/www.vergissmi.net\/wp-content\/uploads\/2024\/11\/20241101_131518-Large-1024x577.jpg 1024w, https:\/\/www.vergissmi.net\/wp-content\/uploads\/2024\/11\/20241101_131518-Large-800x450.jpg 800w, https:\/\/www.vergissmi.net\/wp-content\/uploads\/2024\/11\/20241101_131518-Large-1536x865.jpg 1536w, https:\/\/www.vergissmi.net\/wp-content\/uploads\/2024\/11\/20241101_131518-Large.jpg 1918w\" sizes=\"(max-width: 1024px) 100vw, 1024px\" \/><\/figure>\n\n\n\n<p>&#8230; einen Stopp einzulegen und ein wenig durch die Gassen der sch\u00f6nen D\u00f6rfer entlang des Weges zu schlendern.<\/p>\n\n\n\n<figure class=\"wp-block-image size-large\"><img loading=\"lazy\" decoding=\"async\" width=\"1024\" height=\"577\" src=\"https:\/\/www.vergissmi.net\/wp-content\/uploads\/2024\/11\/20241101_132054-Large-1024x577.jpg\" alt=\"\" class=\"wp-image-15068\" srcset=\"https:\/\/www.vergissmi.net\/wp-content\/uploads\/2024\/11\/20241101_132054-Large-1024x577.jpg 1024w, https:\/\/www.vergissmi.net\/wp-content\/uploads\/2024\/11\/20241101_132054-Large-800x450.jpg 800w, https:\/\/www.vergissmi.net\/wp-content\/uploads\/2024\/11\/20241101_132054-Large-1536x865.jpg 1536w, https:\/\/www.vergissmi.net\/wp-content\/uploads\/2024\/11\/20241101_132054-Large.jpg 1918w\" sizes=\"(max-width: 1024px) 100vw, 1024px\" \/><\/figure>\n\n\n\n<p>Soviel schlendern macht hungrig &#8211; das wissen auch die Friulaner, weshalb sie f\u00fcr den besonders hungrigen Gast die &#8220;<em>Pizza Solita<\/em>&#8221; vorhalten.<\/p>\n\n\n\n<figure class=\"wp-block-image size-large\"><img loading=\"lazy\" decoding=\"async\" width=\"1024\" height=\"577\" src=\"https:\/\/www.vergissmi.net\/wp-content\/uploads\/2024\/11\/20241101_184614-Large-1024x577.jpg\" alt=\"\" class=\"wp-image-15069\" srcset=\"https:\/\/www.vergissmi.net\/wp-content\/uploads\/2024\/11\/20241101_184614-Large-1024x577.jpg 1024w, https:\/\/www.vergissmi.net\/wp-content\/uploads\/2024\/11\/20241101_184614-Large-800x450.jpg 800w, https:\/\/www.vergissmi.net\/wp-content\/uploads\/2024\/11\/20241101_184614-Large-1536x865.jpg 1536w, https:\/\/www.vergissmi.net\/wp-content\/uploads\/2024\/11\/20241101_184614-Large.jpg 1918w\" sizes=\"(max-width: 1024px) 100vw, 1024px\" \/><\/figure>\n\n\n\n<p>Solcherma\u00dfen gest\u00e4rkt, ging es &#8230;<\/p>\n\n\n\n<h2 class=\"wp-block-heading\">Tag II<\/h2>\n\n\n\n<p>&#8230; am zweiten Tag in die Vollen: Ein paar Kilometer von <strong>Sappada <\/strong>entfernt gibt es einen Wanderparkplatz, von dem man &#8230;<\/p>\n\n\n\n<figure class=\"wp-block-image size-large\"><img loading=\"lazy\" decoding=\"async\" width=\"577\" height=\"1024\" src=\"https:\/\/www.vergissmi.net\/wp-content\/uploads\/2024\/11\/20241102_102231-Large-577x1024.jpg\" alt=\"\" class=\"wp-image-15070\" srcset=\"https:\/\/www.vergissmi.net\/wp-content\/uploads\/2024\/11\/20241102_102231-Large-577x1024.jpg 577w, https:\/\/www.vergissmi.net\/wp-content\/uploads\/2024\/11\/20241102_102231-Large-450x800.jpg 450w, https:\/\/www.vergissmi.net\/wp-content\/uploads\/2024\/11\/20241102_102231-Large-865x1536.jpg 865w, https:\/\/www.vergissmi.net\/wp-content\/uploads\/2024\/11\/20241102_102231-Large-rotated.jpg 1080w\" sizes=\"(max-width: 577px) 100vw, 577px\" \/><\/figure>\n\n\n\n<p>&#8230; in ca. 2 Stunden hinauf zu einer ehemaligen Frontlinie gelangt &#8230;<\/p>\n\n\n\n<figure class=\"wp-block-image size-large\"><img loading=\"lazy\" decoding=\"async\" width=\"1024\" height=\"577\" src=\"https:\/\/www.vergissmi.net\/wp-content\/uploads\/2024\/11\/20241102_123213-Large-1024x577.jpg\" alt=\"\" class=\"wp-image-15071\" srcset=\"https:\/\/www.vergissmi.net\/wp-content\/uploads\/2024\/11\/20241102_123213-Large-1024x577.jpg 1024w, https:\/\/www.vergissmi.net\/wp-content\/uploads\/2024\/11\/20241102_123213-Large-800x450.jpg 800w, https:\/\/www.vergissmi.net\/wp-content\/uploads\/2024\/11\/20241102_123213-Large-1536x865.jpg 1536w, https:\/\/www.vergissmi.net\/wp-content\/uploads\/2024\/11\/20241102_123213-Large.jpg 1918w\" sizes=\"(max-width: 1024px) 100vw, 1024px\" \/><\/figure>\n\n\n\n<p>&#8230; und weiter an den <strong>Laghi di Olbe <\/strong>vorbei &#8230;<\/p>\n\n\n\n<figure class=\"wp-block-image size-large\"><img loading=\"lazy\" decoding=\"async\" width=\"1024\" height=\"577\" src=\"https:\/\/www.vergissmi.net\/wp-content\/uploads\/2024\/11\/20241102_123225-Large-1024x577.jpg\" alt=\"\" class=\"wp-image-15072\" srcset=\"https:\/\/www.vergissmi.net\/wp-content\/uploads\/2024\/11\/20241102_123225-Large-1024x577.jpg 1024w, https:\/\/www.vergissmi.net\/wp-content\/uploads\/2024\/11\/20241102_123225-Large-800x450.jpg 800w, https:\/\/www.vergissmi.net\/wp-content\/uploads\/2024\/11\/20241102_123225-Large-1536x865.jpg 1536w, https:\/\/www.vergissmi.net\/wp-content\/uploads\/2024\/11\/20241102_123225-Large.jpg 1918w\" sizes=\"(max-width: 1024px) 100vw, 1024px\" \/><\/figure>\n\n\n\n<p>&#8230; auf den Milit\u00e4rwegen &#8230;<\/p>\n\n\n\n<figure class=\"wp-block-image size-large\"><img loading=\"lazy\" decoding=\"async\" width=\"1024\" height=\"577\" src=\"https:\/\/www.vergissmi.net\/wp-content\/uploads\/2024\/11\/20241102_124640-Large-1024x577.jpg\" alt=\"\" class=\"wp-image-15073\" srcset=\"https:\/\/www.vergissmi.net\/wp-content\/uploads\/2024\/11\/20241102_124640-Large-1024x577.jpg 1024w, https:\/\/www.vergissmi.net\/wp-content\/uploads\/2024\/11\/20241102_124640-Large-800x450.jpg 800w, https:\/\/www.vergissmi.net\/wp-content\/uploads\/2024\/11\/20241102_124640-Large-1536x865.jpg 1536w, https:\/\/www.vergissmi.net\/wp-content\/uploads\/2024\/11\/20241102_124640-Large.jpg 1918w\" sizes=\"(max-width: 1024px) 100vw, 1024px\" \/><\/figure>\n\n\n\n<p>&#8230; bei gro\u00dfartigem Panorama &#8230;<\/p>\n\n\n\n<figure class=\"wp-block-image size-large\"><img loading=\"lazy\" decoding=\"async\" width=\"1024\" height=\"577\" src=\"https:\/\/www.vergissmi.net\/wp-content\/uploads\/2024\/11\/20241102_131430-Large-1024x577.jpg\" alt=\"\" class=\"wp-image-15074\" srcset=\"https:\/\/www.vergissmi.net\/wp-content\/uploads\/2024\/11\/20241102_131430-Large-1024x577.jpg 1024w, https:\/\/www.vergissmi.net\/wp-content\/uploads\/2024\/11\/20241102_131430-Large-800x450.jpg 800w, https:\/\/www.vergissmi.net\/wp-content\/uploads\/2024\/11\/20241102_131430-Large-1536x865.jpg 1536w, https:\/\/www.vergissmi.net\/wp-content\/uploads\/2024\/11\/20241102_131430-Large.jpg 1918w\" sizes=\"(max-width: 1024px) 100vw, 1024px\" \/><\/figure>\n\n\n\n<p>&#8230; auf den Gipfel zuwandert &#8230;<\/p>\n\n\n\n<figure class=\"wp-block-image size-large\"><img loading=\"lazy\" decoding=\"async\" width=\"1024\" height=\"577\" src=\"https:\/\/www.vergissmi.net\/wp-content\/uploads\/2024\/11\/20241102_132531-Large-1024x577.jpg\" alt=\"\" class=\"wp-image-15075\" srcset=\"https:\/\/www.vergissmi.net\/wp-content\/uploads\/2024\/11\/20241102_132531-Large-1024x577.jpg 1024w, https:\/\/www.vergissmi.net\/wp-content\/uploads\/2024\/11\/20241102_132531-Large-800x450.jpg 800w, https:\/\/www.vergissmi.net\/wp-content\/uploads\/2024\/11\/20241102_132531-Large-1536x865.jpg 1536w, https:\/\/www.vergissmi.net\/wp-content\/uploads\/2024\/11\/20241102_132531-Large.jpg 1918w\" sizes=\"(max-width: 1024px) 100vw, 1024px\" \/><\/figure>\n\n\n\n<p>&#8230; der sich unmittelbar s\u00fcdlich vom <strong>Monte Peralba<\/strong>, dem &#8220;<em>Houchwai\u00dfstain<\/em>&#8221; befindet.<\/p>\n\n\n\n<figure class=\"wp-block-image size-large\"><img loading=\"lazy\" decoding=\"async\" width=\"1024\" height=\"577\" src=\"https:\/\/www.vergissmi.net\/wp-content\/uploads\/2024\/11\/20241102_132849-Large-1024x577.jpg\" alt=\"\" class=\"wp-image-15076\" srcset=\"https:\/\/www.vergissmi.net\/wp-content\/uploads\/2024\/11\/20241102_132849-Large-1024x577.jpg 1024w, https:\/\/www.vergissmi.net\/wp-content\/uploads\/2024\/11\/20241102_132849-Large-800x450.jpg 800w, https:\/\/www.vergissmi.net\/wp-content\/uploads\/2024\/11\/20241102_132849-Large-1536x865.jpg 1536w, https:\/\/www.vergissmi.net\/wp-content\/uploads\/2024\/11\/20241102_132849-Large.jpg 1918w\" sizes=\"(max-width: 1024px) 100vw, 1024px\" \/><\/figure>\n\n\n\n<p>Retour geht&#8217;s entlang des Aufstiegsweges &#8230;<\/p>\n\n\n\n<figure class=\"wp-block-image size-large\"><img loading=\"lazy\" decoding=\"async\" width=\"1024\" height=\"577\" src=\"https:\/\/www.vergissmi.net\/wp-content\/uploads\/2024\/11\/20241102_145023-Large-1024x577.jpg\" alt=\"\" class=\"wp-image-15077\" srcset=\"https:\/\/www.vergissmi.net\/wp-content\/uploads\/2024\/11\/20241102_145023-Large-1024x577.jpg 1024w, https:\/\/www.vergissmi.net\/wp-content\/uploads\/2024\/11\/20241102_145023-Large-800x450.jpg 800w, https:\/\/www.vergissmi.net\/wp-content\/uploads\/2024\/11\/20241102_145023-Large-1536x865.jpg 1536w, https:\/\/www.vergissmi.net\/wp-content\/uploads\/2024\/11\/20241102_145023-Large.jpg 1918w\" sizes=\"(max-width: 1024px) 100vw, 1024px\" \/><\/figure>\n\n\n\n<p>und vom Parkplatz einzwei T\u00e4ler ( = 1 Stunde Fahrzeit) weiter ins Quartier in der N\u00e4he von Tolmezzo.<\/p>\n\n\n\n<h2 class=\"wp-block-heading\">Tag III<\/h2>\n\n\n\n<p>Der n\u00e4chste Morgen: Aus dem Rother-Wanderf\u00fchrer von Helmut Lang suchen wir uns eine passende Tourenl\u00e4nge f\u00fcr den letzten Tag aus &#8211; der <strong>Monte Zerm\u00f9la<\/strong> soll es diesmal werden &#8211; und das schon alleine deshalb, weil er mit seinen 2145 m auf den Meter genau gleich hoch ist wie der Mittagskogel. Oder der W\u00f6llaner Nock.<br><br>Auch heute werden wir ebenfalls auf ehemaligen Versorgungswegen aus dem 1. Weltkrieg unterwegs sein.<\/p>\n\n\n\n<figure class=\"wp-block-image size-large\"><img loading=\"lazy\" decoding=\"async\" width=\"1024\" height=\"577\" src=\"https:\/\/www.vergissmi.net\/wp-content\/uploads\/2024\/11\/20241103_100738-Large-1024x577.jpg\" alt=\"\" class=\"wp-image-15078\" srcset=\"https:\/\/www.vergissmi.net\/wp-content\/uploads\/2024\/11\/20241103_100738-Large-1024x577.jpg 1024w, https:\/\/www.vergissmi.net\/wp-content\/uploads\/2024\/11\/20241103_100738-Large-800x450.jpg 800w, https:\/\/www.vergissmi.net\/wp-content\/uploads\/2024\/11\/20241103_100738-Large-1536x865.jpg 1536w, https:\/\/www.vergissmi.net\/wp-content\/uploads\/2024\/11\/20241103_100738-Large.jpg 1918w\" sizes=\"(max-width: 1024px) 100vw, 1024px\" \/><\/figure>\n\n\n\n<p>Vom Parkplatz am <strong>Passo del Cason di Lanza<\/strong> (\u00f6ffentliche Zufahrt, 1550 m) geht es durch etwas Wald hinauf auf den Sattel <strong>Forca di Lanza<\/strong> &#8230;<\/p>\n\n\n\n<figure class=\"wp-block-image size-large\"><img loading=\"lazy\" decoding=\"async\" width=\"1024\" height=\"577\" src=\"https:\/\/www.vergissmi.net\/wp-content\/uploads\/2024\/11\/20241103_105637-Large-1024x577.jpg\" alt=\"\" class=\"wp-image-15079\" srcset=\"https:\/\/www.vergissmi.net\/wp-content\/uploads\/2024\/11\/20241103_105637-Large-1024x577.jpg 1024w, https:\/\/www.vergissmi.net\/wp-content\/uploads\/2024\/11\/20241103_105637-Large-800x450.jpg 800w, https:\/\/www.vergissmi.net\/wp-content\/uploads\/2024\/11\/20241103_105637-Large-1536x865.jpg 1536w, https:\/\/www.vergissmi.net\/wp-content\/uploads\/2024\/11\/20241103_105637-Large.jpg 1918w\" sizes=\"(max-width: 1024px) 100vw, 1024px\" \/><\/figure>\n\n\n\n<p>&#8230; und auf breiten Wegen weiter Richtung Gipfel.<\/p>\n\n\n\n<figure class=\"wp-block-image size-large\"><img loading=\"lazy\" decoding=\"async\" width=\"1024\" height=\"577\" src=\"https:\/\/www.vergissmi.net\/wp-content\/uploads\/2024\/11\/20241103_113035-Large-1024x577.jpg\" alt=\"\" class=\"wp-image-15080\" srcset=\"https:\/\/www.vergissmi.net\/wp-content\/uploads\/2024\/11\/20241103_113035-Large-1024x577.jpg 1024w, https:\/\/www.vergissmi.net\/wp-content\/uploads\/2024\/11\/20241103_113035-Large-800x450.jpg 800w, https:\/\/www.vergissmi.net\/wp-content\/uploads\/2024\/11\/20241103_113035-Large-1536x865.jpg 1536w, https:\/\/www.vergissmi.net\/wp-content\/uploads\/2024\/11\/20241103_113035-Large.jpg 1918w\" sizes=\"(max-width: 1024px) 100vw, 1024px\" \/><\/figure>\n\n\n\n<p>Wer S\u00fcnden abzub\u00fc\u00dfen hat, findet unterwegs Gelegenheiten, Abbitte zu leisten.<\/p>\n\n\n\n<figure class=\"wp-block-image size-large\"><img loading=\"lazy\" decoding=\"async\" width=\"1024\" height=\"577\" src=\"https:\/\/www.vergissmi.net\/wp-content\/uploads\/2024\/11\/20241103_115412-Large-1024x577.jpg\" alt=\"\" class=\"wp-image-15081\" srcset=\"https:\/\/www.vergissmi.net\/wp-content\/uploads\/2024\/11\/20241103_115412-Large-1024x577.jpg 1024w, https:\/\/www.vergissmi.net\/wp-content\/uploads\/2024\/11\/20241103_115412-Large-800x450.jpg 800w, https:\/\/www.vergissmi.net\/wp-content\/uploads\/2024\/11\/20241103_115412-Large-1536x865.jpg 1536w, https:\/\/www.vergissmi.net\/wp-content\/uploads\/2024\/11\/20241103_115412-Large.jpg 1918w\" sizes=\"(max-width: 1024px) 100vw, 1024px\" \/><\/figure>\n\n\n\n<p>Bereits in Gipfeln\u00e4he zeigt sich, dass wir heute auf der richtigen Seite der Staatsgrenze unterwegs sind &#8211; gleich hinterm <strong>Trogkofel <\/strong>regiert der Nebel &#8230;<\/p>\n\n\n\n<figure class=\"wp-block-image size-large\"><img loading=\"lazy\" decoding=\"async\" width=\"1024\" height=\"577\" src=\"https:\/\/www.vergissmi.net\/wp-content\/uploads\/2024\/11\/20241103_120449-Large-1024x577.jpg\" alt=\"\" class=\"wp-image-15082\" srcset=\"https:\/\/www.vergissmi.net\/wp-content\/uploads\/2024\/11\/20241103_120449-Large-1024x577.jpg 1024w, https:\/\/www.vergissmi.net\/wp-content\/uploads\/2024\/11\/20241103_120449-Large-800x450.jpg 800w, https:\/\/www.vergissmi.net\/wp-content\/uploads\/2024\/11\/20241103_120449-Large-1536x865.jpg 1536w, https:\/\/www.vergissmi.net\/wp-content\/uploads\/2024\/11\/20241103_120449-Large.jpg 1918w\" sizes=\"(max-width: 1024px) 100vw, 1024px\" \/><\/figure>\n\n\n\n<p>&#8230; und auch <strong>Jauken <\/strong>(Mitte) und <strong>Rei\u00dfkofel <\/strong>(rechts) tut sich schwer, sich gegen die z\u00e4he Decke zu behaupten.<\/p>\n\n\n\n<figure class=\"wp-block-image size-large\"><img loading=\"lazy\" decoding=\"async\" width=\"1024\" height=\"577\" src=\"https:\/\/www.vergissmi.net\/wp-content\/uploads\/2024\/11\/20241103_121235-Large-1024x577.jpg\" alt=\"\" class=\"wp-image-15083\" srcset=\"https:\/\/www.vergissmi.net\/wp-content\/uploads\/2024\/11\/20241103_121235-Large-1024x577.jpg 1024w, https:\/\/www.vergissmi.net\/wp-content\/uploads\/2024\/11\/20241103_121235-Large-800x450.jpg 800w, https:\/\/www.vergissmi.net\/wp-content\/uploads\/2024\/11\/20241103_121235-Large-1536x865.jpg 1536w, https:\/\/www.vergissmi.net\/wp-content\/uploads\/2024\/11\/20241103_121235-Large.jpg 1918w\" sizes=\"(max-width: 1024px) 100vw, 1024px\" \/><\/figure>\n\n\n\n<p>Und kann&#8217;s egal sein, wir brauchen ja nur in die andere Richtung zu schauen.<\/p>\n\n\n\n<figure class=\"wp-block-image size-large\"><img loading=\"lazy\" decoding=\"async\" width=\"1024\" height=\"577\" src=\"https:\/\/www.vergissmi.net\/wp-content\/uploads\/2024\/11\/20241103_121318-Large-1024x577.jpg\" alt=\"\" class=\"wp-image-15084\" srcset=\"https:\/\/www.vergissmi.net\/wp-content\/uploads\/2024\/11\/20241103_121318-Large-1024x577.jpg 1024w, https:\/\/www.vergissmi.net\/wp-content\/uploads\/2024\/11\/20241103_121318-Large-800x450.jpg 800w, https:\/\/www.vergissmi.net\/wp-content\/uploads\/2024\/11\/20241103_121318-Large-1536x865.jpg 1536w, https:\/\/www.vergissmi.net\/wp-content\/uploads\/2024\/11\/20241103_121318-Large.jpg 1918w\" sizes=\"(max-width: 1024px) 100vw, 1024px\" \/><\/figure>\n\n\n\n<p>Nach einer praktisch windstillen Mittagspause am Gipfel mit Wurst und K\u00e4se von der friulanischen Feinkosttheke im Tal geht es \u00fcber den oberen Milit\u00e4rsteig wieder retour.<\/p>\n\n\n\n<figure class=\"wp-block-image size-large\"><img loading=\"lazy\" decoding=\"async\" width=\"577\" height=\"1024\" src=\"https:\/\/www.vergissmi.net\/wp-content\/uploads\/2024\/11\/20241103_131039-Large-577x1024.jpg\" alt=\"\" class=\"wp-image-15085\" srcset=\"https:\/\/www.vergissmi.net\/wp-content\/uploads\/2024\/11\/20241103_131039-Large-577x1024.jpg 577w, https:\/\/www.vergissmi.net\/wp-content\/uploads\/2024\/11\/20241103_131039-Large-450x800.jpg 450w, https:\/\/www.vergissmi.net\/wp-content\/uploads\/2024\/11\/20241103_131039-Large-865x1536.jpg 865w, https:\/\/www.vergissmi.net\/wp-content\/uploads\/2024\/11\/20241103_131039-Large-rotated.jpg 1080w\" sizes=\"(max-width: 577px) 100vw, 577px\" \/><\/figure>\n\n\n\n<p>Dieser obere Weg verbindet etliche Bunkertunnel, die alle eine Aussicht aus der nordseitigen Flanke &#8211; und uns so auch einen R\u00fcckblick auf die Nordseite des Mte Zerm\u00f9la bieten.<\/p>\n\n\n\n<figure class=\"wp-block-image size-large\"><img loading=\"lazy\" decoding=\"async\" width=\"1024\" height=\"577\" src=\"https:\/\/www.vergissmi.net\/wp-content\/uploads\/2024\/11\/20241103_132510-Large-1024x577.jpg\" alt=\"\" class=\"wp-image-15086\" srcset=\"https:\/\/www.vergissmi.net\/wp-content\/uploads\/2024\/11\/20241103_132510-Large-1024x577.jpg 1024w, https:\/\/www.vergissmi.net\/wp-content\/uploads\/2024\/11\/20241103_132510-Large-800x450.jpg 800w, https:\/\/www.vergissmi.net\/wp-content\/uploads\/2024\/11\/20241103_132510-Large-1536x865.jpg 1536w, https:\/\/www.vergissmi.net\/wp-content\/uploads\/2024\/11\/20241103_132510-Large.jpg 1918w\" sizes=\"(max-width: 1024px) 100vw, 1024px\" \/><\/figure>\n\n\n\n<p>Mit Ausnahme einiger kurzen Steilpassagen &#8230;<\/p>\n\n\n\n<figure class=\"wp-block-image size-large\"><img loading=\"lazy\" decoding=\"async\" width=\"1024\" height=\"577\" src=\"https:\/\/www.vergissmi.net\/wp-content\/uploads\/2024\/11\/20241103_133032-Large-1024x577.jpg\" alt=\"\" class=\"wp-image-15087\" srcset=\"https:\/\/www.vergissmi.net\/wp-content\/uploads\/2024\/11\/20241103_133032-Large-1024x577.jpg 1024w, https:\/\/www.vergissmi.net\/wp-content\/uploads\/2024\/11\/20241103_133032-Large-800x450.jpg 800w, https:\/\/www.vergissmi.net\/wp-content\/uploads\/2024\/11\/20241103_133032-Large-1536x865.jpg 1536w, https:\/\/www.vergissmi.net\/wp-content\/uploads\/2024\/11\/20241103_133032-Large.jpg 1918w\" sizes=\"(max-width: 1024px) 100vw, 1024px\" \/><\/figure>\n\n\n\n<p>&#8230; geht es auf guten Wegen wieder retour zum Sattel. Einmal noch <strong>Montasch <\/strong>schauen &#8230;<\/p>\n\n\n\n<figure class=\"wp-block-image size-large\"><img loading=\"lazy\" decoding=\"async\" width=\"1024\" height=\"577\" src=\"https:\/\/www.vergissmi.net\/wp-content\/uploads\/2024\/11\/20241103_133615-Large-1024x577.jpg\" alt=\"\" class=\"wp-image-15088\" srcset=\"https:\/\/www.vergissmi.net\/wp-content\/uploads\/2024\/11\/20241103_133615-Large-1024x577.jpg 1024w, https:\/\/www.vergissmi.net\/wp-content\/uploads\/2024\/11\/20241103_133615-Large-800x450.jpg 800w, https:\/\/www.vergissmi.net\/wp-content\/uploads\/2024\/11\/20241103_133615-Large-1536x865.jpg 1536w, https:\/\/www.vergissmi.net\/wp-content\/uploads\/2024\/11\/20241103_133615-Large.jpg 1918w\" sizes=\"(max-width: 1024px) 100vw, 1024px\" \/><\/figure>\n\n\n\n<p>&#8230; und dann runter zum Parkplatz&#8230; <\/p>\n\n\n\n<figure class=\"wp-block-image size-large\"><img loading=\"lazy\" decoding=\"async\" width=\"1024\" height=\"577\" src=\"https:\/\/www.vergissmi.net\/wp-content\/uploads\/2024\/11\/20241103_145854-Large-1024x577.jpg\" alt=\"\" class=\"wp-image-15089\" srcset=\"https:\/\/www.vergissmi.net\/wp-content\/uploads\/2024\/11\/20241103_145854-Large-1024x577.jpg 1024w, https:\/\/www.vergissmi.net\/wp-content\/uploads\/2024\/11\/20241103_145854-Large-800x450.jpg 800w, https:\/\/www.vergissmi.net\/wp-content\/uploads\/2024\/11\/20241103_145854-Large-1536x865.jpg 1536w, https:\/\/www.vergissmi.net\/wp-content\/uploads\/2024\/11\/20241103_145854-Large.jpg 1918w\" sizes=\"(max-width: 1024px) 100vw, 1024px\" \/><\/figure>\n\n\n\n<p>&#8230; und ab in die Heimat.<\/p>\n\n\n\n<p>Von diesen drei Sonnentagen in Friaul hei\u00dft&#8217;s jetzt ein halbes Jahr zehren!<\/p>\n\n\n\n<p><\/p>\n","protected":false},"excerpt":{"rendered":"<div class=\"tmnf_excerpt\"><div class=\"tmnf_excerpt\"><p>Ausnahmsweise einmal kein Weitwanderweg Freitag: Strawanzen (Sauris, Misurina, St. Stefano di Cadore) Samstag: Monte Lastroni, 2449 m Sonntag: Monte Zermula, 2145 m Schon die Anfahrt in die s\u00fcdlichen Karnischen Alpen war ein Zuckerl, sodass der erste Tag &#8211; entgegen der ursrpr\u00fcnglichen motivierten Tourenplanung &#8211; dem worw\u00f6rtlichen Sightseeing gewidmet wurde. Von Tolmezzo ging es \u00fcber die &hellip;<\/p>\n<\/div><\/div>","protected":false},"author":61,"featured_media":15091,"comment_status":"open","ping_status":"open","sticky":false,"template":"","format":"standard","meta":{"_s2mail":"yes","footnotes":""},"categories":[216,177,6],"tags":[309],"class_list":["post-15064","post","type-post","status-publish","format-standard","has-post-thumbnail","hentry","category-italien","category-tagestour","category-tourtagebuch","tag-friaul","gallery-content-unit"],"_links":{"self":[{"href":"https:\/\/www.vergissmi.net\/index.php?rest_route=\/wp\/v2\/posts\/15064","targetHints":{"allow":["GET"]}}],"collection":[{"href":"https:\/\/www.vergissmi.net\/index.php?rest_route=\/wp\/v2\/posts"}],"about":[{"href":"https:\/\/www.vergissmi.net\/index.php?rest_route=\/wp\/v2\/types\/post"}],"author":[{"embeddable":true,"href":"https:\/\/www.vergissmi.net\/index.php?rest_route=\/wp\/v2\/users\/61"}],"replies":[{"embeddable":true,"href":"https:\/\/www.vergissmi.net\/index.php?rest_route=%2Fwp%2Fv2%2Fcomments&post=15064"}],"version-history":[{"count":3,"href":"https:\/\/www.vergissmi.net\/index.php?rest_route=\/wp\/v2\/posts\/15064\/revisions"}],"predecessor-version":[{"id":15094,"href":"https:\/\/www.vergissmi.net\/index.php?rest_route=\/wp\/v2\/posts\/15064\/revisions\/15094"}],"wp:featuredmedia":[{"embeddable":true,"href":"https:\/\/www.vergissmi.net\/index.php?rest_route=\/wp\/v2\/media\/15091"}],"wp:attachment":[{"href":"https:\/\/www.vergissmi.net\/index.php?rest_route=%2Fwp%2Fv2%2Fmedia&parent=15064"}],"wp:term":[{"taxonomy":"category","embeddable":true,"href":"https:\/\/www.vergissmi.net\/index.php?rest_route=%2Fwp%2Fv2%2Fcategories&post=15064"},{"taxonomy":"post_tag","embeddable":true,"href":"https:\/\/www.vergissmi.net\/index.php?rest_route=%2Fwp%2Fv2%2Ftags&post=15064"}],"curies":[{"name":"wp","href":"https:\/\/api.w.org\/{rel}","templated":true}]}}