{"id":15415,"date":"2025-10-27T19:28:43","date_gmt":"2025-10-27T18:28:43","guid":{"rendered":"https:\/\/www.vergissmi.net\/?p=15415"},"modified":"2025-10-27T19:29:39","modified_gmt":"2025-10-27T18:29:39","slug":"raketensteig-stagor-2289-m","status":"publish","type":"post","link":"https:\/\/www.vergissmi.net\/?p=15415","title":{"rendered":"Raketensteig Stagor, 2289 m"},"content":{"rendered":"\n<p><strong><em>Einsame, unmarkierte, steile G&#8217;schicht: knapp 1800 Aufstiegsh\u00f6henmeter, die sich auf nur 6 Aufstiegskilometer verteilen.<\/em><\/strong><\/p>\n\n\n\n<p>Start im Weiler <strong>Gerlamoos <\/strong>bei Steinfeld im Drautal, 650 m Seeh\u00f6he. Hier sucht man sich (A) einen Parkplatz (zB bei der <a href=\"https:\/\/maps.app.goo.gl\/XE8eotVwEDDM6VNF7\">Klammbach-Br\u00fccke<\/a>, im Ort eher schwierig) und (B) den Weg hinauf zur Kapelle mit den ber\u00fchmten sp\u00e4tmittelalterlichen Fresken Thomas von Villachs &#8230;<\/p>\n\n\n\n<figure class=\"wp-block-image size-large\"><img fetchpriority=\"high\" decoding=\"async\" width=\"1024\" height=\"577\" src=\"https:\/\/www.vergissmi.net\/wp-content\/uploads\/2025\/10\/568470099_24893914160218989_1868569352958661716_n-1024x577.jpg\" alt=\"\" class=\"wp-image-15416\" srcset=\"https:\/\/www.vergissmi.net\/wp-content\/uploads\/2025\/10\/568470099_24893914160218989_1868569352958661716_n-1024x577.jpg 1024w, https:\/\/www.vergissmi.net\/wp-content\/uploads\/2025\/10\/568470099_24893914160218989_1868569352958661716_n-800x450.jpg 800w, https:\/\/www.vergissmi.net\/wp-content\/uploads\/2025\/10\/568470099_24893914160218989_1868569352958661716_n-1536x865.jpg 1536w, https:\/\/www.vergissmi.net\/wp-content\/uploads\/2025\/10\/568470099_24893914160218989_1868569352958661716_n.jpg 2048w\" sizes=\"(max-width: 1024px) 100vw, 1024px\" \/><\/figure>\n\n\n\n<p>&#8230; die man auch durch das kleine Fenster in der Eingangst\u00fcr sehen kann. Man kann sich aber auch beim netten Nachbarn unterhalb der Kapelle den 25 cm langen und gef\u00fchlt 5 kg schweren Schl\u00fcssel ausborgen (<em>Fam. Hopfgartner, Gerlamoos 10, Tel. +43 676 5084164<\/em>).<br>Unser Leidensweg beginnt gleich links von Georgs Leidensweg &#8230;<\/p>\n\n\n\n<figure class=\"wp-block-image size-large\"><img decoding=\"async\" width=\"1024\" height=\"577\" src=\"https:\/\/www.vergissmi.net\/wp-content\/uploads\/2025\/10\/568553652_24893980573545681_868808022105419431_n-1024x577.jpg\" alt=\"\" class=\"wp-image-15417\" srcset=\"https:\/\/www.vergissmi.net\/wp-content\/uploads\/2025\/10\/568553652_24893980573545681_868808022105419431_n-1024x577.jpg 1024w, https:\/\/www.vergissmi.net\/wp-content\/uploads\/2025\/10\/568553652_24893980573545681_868808022105419431_n-800x450.jpg 800w, https:\/\/www.vergissmi.net\/wp-content\/uploads\/2025\/10\/568553652_24893980573545681_868808022105419431_n-1536x865.jpg 1536w, https:\/\/www.vergissmi.net\/wp-content\/uploads\/2025\/10\/568553652_24893980573545681_868808022105419431_n.jpg 2048w\" sizes=\"(max-width: 1024px) 100vw, 1024px\" \/><\/figure>\n\n\n\n<p>&#8230; und ist anfangs unmarkiert (bald sp\u00e4ter werden gr\u00fcne Punkte bis hinauf zur Waldgrenze gut bei der Wegfindung helfen). Jetzt im Herbst ist alles ein wenig verwachsen &#8211; im Zweifelsfall nimmt man aber einfach die steilere Fortsetzung.<br>Erste Blicke ins Drautal tun sich auf &#8230;.<\/p>\n\n\n\n<figure class=\"wp-block-image size-large\"><img decoding=\"async\" width=\"1024\" height=\"577\" src=\"https:\/\/www.vergissmi.net\/wp-content\/uploads\/2025\/10\/568305491_24893914660218939_1396955993146953461_n-1024x577.jpg\" alt=\"\" class=\"wp-image-15418\" srcset=\"https:\/\/www.vergissmi.net\/wp-content\/uploads\/2025\/10\/568305491_24893914660218939_1396955993146953461_n-1024x577.jpg 1024w, https:\/\/www.vergissmi.net\/wp-content\/uploads\/2025\/10\/568305491_24893914660218939_1396955993146953461_n-800x450.jpg 800w, https:\/\/www.vergissmi.net\/wp-content\/uploads\/2025\/10\/568305491_24893914660218939_1396955993146953461_n-1536x865.jpg 1536w, https:\/\/www.vergissmi.net\/wp-content\/uploads\/2025\/10\/568305491_24893914660218939_1396955993146953461_n.jpg 2048w\" sizes=\"(max-width: 1024px) 100vw, 1024px\" \/><\/figure>\n\n\n\n<p>&#8230; und stellenweise sieht man &#8211; wenn man genau schaut &#8211; sogar bis zur Georgskapelle hinunter.<\/p>\n\n\n\n<figure class=\"wp-block-image size-large\"><img loading=\"lazy\" decoding=\"async\" width=\"577\" height=\"1024\" src=\"https:\/\/www.vergissmi.net\/wp-content\/uploads\/2025\/10\/568254652_24893913376885734_8670323496948304146_n-577x1024.jpg\" alt=\"\" class=\"wp-image-15419\" srcset=\"https:\/\/www.vergissmi.net\/wp-content\/uploads\/2025\/10\/568254652_24893913376885734_8670323496948304146_n-577x1024.jpg 577w, https:\/\/www.vergissmi.net\/wp-content\/uploads\/2025\/10\/568254652_24893913376885734_8670323496948304146_n-450x800.jpg 450w, https:\/\/www.vergissmi.net\/wp-content\/uploads\/2025\/10\/568254652_24893913376885734_8670323496948304146_n-865x1536.jpg 865w, https:\/\/www.vergissmi.net\/wp-content\/uploads\/2025\/10\/568254652_24893913376885734_8670323496948304146_n.jpg 1153w\" sizes=\"(max-width: 577px) 100vw, 577px\" \/><\/figure>\n\n\n\n<p>Ab ca. 1450 m Seeh\u00f6he gibt es bis zur Waldgrenze hinauf mehrere Jagdh\u00fctten. Die erste, unfotografierte, ist bauf\u00e4llig, bietet aber eine Bank mit toller Aussicht. Alle weiteren H\u00fctten haben Tisch &amp; Bank und auch eine \u00fcberdachte Veranda als Wetterschutz.<br>Der Nebel will (noch) nicht weichen, also kann ich ruhig grantig schauen, sieht eh keiner.<\/p>\n\n\n\n<figure class=\"wp-block-image size-large\"><img loading=\"lazy\" decoding=\"async\" width=\"1024\" height=\"576\" src=\"https:\/\/www.vergissmi.net\/wp-content\/uploads\/2025\/10\/568360340_24893914806885591_2353700623866962810_n-1024x576.jpg\" alt=\"\" class=\"wp-image-15420\" srcset=\"https:\/\/www.vergissmi.net\/wp-content\/uploads\/2025\/10\/568360340_24893914806885591_2353700623866962810_n-1024x576.jpg 1024w, https:\/\/www.vergissmi.net\/wp-content\/uploads\/2025\/10\/568360340_24893914806885591_2353700623866962810_n-800x450.jpg 800w, https:\/\/www.vergissmi.net\/wp-content\/uploads\/2025\/10\/568360340_24893914806885591_2353700623866962810_n-1536x864.jpg 1536w, https:\/\/www.vergissmi.net\/wp-content\/uploads\/2025\/10\/568360340_24893914806885591_2353700623866962810_n.jpg 2048w\" sizes=\"(max-width: 1024px) 100vw, 1024px\" \/><\/figure>\n\n\n\n<p>Wasser gibt&#8217;s bei der H\u00fctte am vorigen Bild wie auch etwas sp\u00e4ter am <strong>Stotterbichl <\/strong>beim Tom Turbo.<\/p>\n\n\n\n<figure class=\"wp-block-image size-large\"><img loading=\"lazy\" decoding=\"async\" width=\"577\" height=\"1024\" src=\"https:\/\/www.vergissmi.net\/wp-content\/uploads\/2025\/10\/568498969_24893913770219028_1580857526247815375_n-577x1024.jpg\" alt=\"\" class=\"wp-image-15421\" srcset=\"https:\/\/www.vergissmi.net\/wp-content\/uploads\/2025\/10\/568498969_24893913770219028_1580857526247815375_n-577x1024.jpg 577w, https:\/\/www.vergissmi.net\/wp-content\/uploads\/2025\/10\/568498969_24893913770219028_1580857526247815375_n-450x800.jpg 450w, https:\/\/www.vergissmi.net\/wp-content\/uploads\/2025\/10\/568498969_24893913770219028_1580857526247815375_n-865x1536.jpg 865w, https:\/\/www.vergissmi.net\/wp-content\/uploads\/2025\/10\/568498969_24893913770219028_1580857526247815375_n.jpg 1153w\" sizes=\"(max-width: 577px) 100vw, 577px\" \/><\/figure>\n\n\n\n<p>Beim Tom sieht man auch zum ersten Mal das Gipfelziel.<\/p>\n\n\n\n<figure class=\"wp-block-image size-large\"><img loading=\"lazy\" decoding=\"async\" width=\"1024\" height=\"577\" src=\"https:\/\/www.vergissmi.net\/wp-content\/uploads\/2025\/10\/568243288_24893916683552070_211245834358335124_n-1024x577.jpg\" alt=\"\" class=\"wp-image-15422\" srcset=\"https:\/\/www.vergissmi.net\/wp-content\/uploads\/2025\/10\/568243288_24893916683552070_211245834358335124_n-1024x577.jpg 1024w, https:\/\/www.vergissmi.net\/wp-content\/uploads\/2025\/10\/568243288_24893916683552070_211245834358335124_n-800x450.jpg 800w, https:\/\/www.vergissmi.net\/wp-content\/uploads\/2025\/10\/568243288_24893916683552070_211245834358335124_n-1536x865.jpg 1536w, https:\/\/www.vergissmi.net\/wp-content\/uploads\/2025\/10\/568243288_24893916683552070_211245834358335124_n.jpg 2048w\" sizes=\"(max-width: 1024px) 100vw, 1024px\" \/><\/figure>\n\n\n\n<p>Die letzten 200 H\u00f6henmeter hinauf zum <strong>Stagor <\/strong>verlaufen weglos durch steiles Wiesengel\u00e4nde, wo man stellenweise auch mal die H\u00e4nde braucht. Das n\u00e4chste Bild &#8211; im R\u00fcckblick &#8211; wird der Steilheit nicht gerecht &#8211; das muss man mir jetzt einfach glauben \ud83d\ude42<\/p>\n\n\n\n<figure class=\"wp-block-image size-large\"><img loading=\"lazy\" decoding=\"async\" width=\"1024\" height=\"577\" src=\"https:\/\/www.vergissmi.net\/wp-content\/uploads\/2025\/10\/20251019_124122-1024x577.jpg\" alt=\"\" class=\"wp-image-15431\" srcset=\"https:\/\/www.vergissmi.net\/wp-content\/uploads\/2025\/10\/20251019_124122-1024x577.jpg 1024w, https:\/\/www.vergissmi.net\/wp-content\/uploads\/2025\/10\/20251019_124122-800x450.jpg 800w, https:\/\/www.vergissmi.net\/wp-content\/uploads\/2025\/10\/20251019_124122-1536x865.jpg 1536w, https:\/\/www.vergissmi.net\/wp-content\/uploads\/2025\/10\/20251019_124122-2048x1153.jpg 2048w\" sizes=\"(max-width: 1024px) 100vw, 1024px\" \/><\/figure>\n\n\n\n<p>Am Gipfel. Richtung Norden zeigt sich die <strong>Kreuzeckgruppe <\/strong>von ihrer besten Seite. Rechts hinten der Salzkofel, dahinter in Wei\u00df der Ankogel.<\/p>\n\n\n\n<figure class=\"wp-block-image size-large\"><img loading=\"lazy\" decoding=\"async\" width=\"1024\" height=\"577\" src=\"https:\/\/www.vergissmi.net\/wp-content\/uploads\/2025\/10\/568562079_24893916653552073_3256664604306786188_n-1024x577.jpg\" alt=\"\" class=\"wp-image-15424\" srcset=\"https:\/\/www.vergissmi.net\/wp-content\/uploads\/2025\/10\/568562079_24893916653552073_3256664604306786188_n-1024x577.jpg 1024w, https:\/\/www.vergissmi.net\/wp-content\/uploads\/2025\/10\/568562079_24893916653552073_3256664604306786188_n-800x450.jpg 800w, https:\/\/www.vergissmi.net\/wp-content\/uploads\/2025\/10\/568562079_24893916653552073_3256664604306786188_n-1536x865.jpg 1536w, https:\/\/www.vergissmi.net\/wp-content\/uploads\/2025\/10\/568562079_24893916653552073_3256664604306786188_n.jpg 2048w\" sizes=\"(max-width: 1024px) 100vw, 1024px\" \/><\/figure>\n\n\n\n<p>Ich beschlie\u00dfe, noch bis zum <strong>Speikbichl <\/strong>weiterzugehen, damit ich den Stagor selbst auch aufs Bild kriege. Was mir bei dem Foto voll taugt ist, dass die Berge dahinter gleichzeitig \u00fcber UND unter den Wolken sind.<\/p>\n\n\n\n<figure class=\"wp-block-image size-large\"><img loading=\"lazy\" decoding=\"async\" width=\"1024\" height=\"577\" src=\"https:\/\/www.vergissmi.net\/wp-content\/uploads\/2025\/10\/568092952_24893916673552071_5064957145963980271_n-1024x577.jpg\" alt=\"\" class=\"wp-image-15425\" srcset=\"https:\/\/www.vergissmi.net\/wp-content\/uploads\/2025\/10\/568092952_24893916673552071_5064957145963980271_n-1024x577.jpg 1024w, https:\/\/www.vergissmi.net\/wp-content\/uploads\/2025\/10\/568092952_24893916673552071_5064957145963980271_n-800x450.jpg 800w, https:\/\/www.vergissmi.net\/wp-content\/uploads\/2025\/10\/568092952_24893916673552071_5064957145963980271_n-1536x865.jpg 1536w, https:\/\/www.vergissmi.net\/wp-content\/uploads\/2025\/10\/568092952_24893916673552071_5064957145963980271_n.jpg 2048w\" sizes=\"(max-width: 1024px) 100vw, 1024px\" \/><\/figure>\n\n\n\n<p>\u00dcber eine Stunde bleibe ich da oben und strafe alle L\u00fcgen, die meinen, dass man in Monaten mit &#8220;R&#8221; nicht am Boden liegen kann.<\/p>\n\n\n\n<p>Irgendwann geht&#8217;s dann aber trotz allem wieder runter. 1200 H\u00f6henmeter &#8211; meist durch Steilwiesen &#8211; bringt der k\u00fcrzeste Abstieg mit sich und f\u00fchrt zur <a href=\"https:\/\/maps.app.goo.gl\/Xp5tnkqFngiaKgVt9\">Parkm\u00f6glichkeit<\/a><strong> am Flattachberg<\/strong> (letzte Kurve vorm Schranken, Parkm\u00f6glichkeit am Stra\u00dfenrand) &#8230;.<\/p>\n\n\n\n<figure class=\"wp-block-image size-large\"><img loading=\"lazy\" decoding=\"async\" width=\"1024\" height=\"577\" src=\"https:\/\/www.vergissmi.net\/wp-content\/uploads\/2025\/10\/567969263_24893917623551976_8025076754616233435_n-1024x577.jpg\" alt=\"\" class=\"wp-image-15427\" srcset=\"https:\/\/www.vergissmi.net\/wp-content\/uploads\/2025\/10\/567969263_24893917623551976_8025076754616233435_n-1024x577.jpg 1024w, https:\/\/www.vergissmi.net\/wp-content\/uploads\/2025\/10\/567969263_24893917623551976_8025076754616233435_n-800x450.jpg 800w, https:\/\/www.vergissmi.net\/wp-content\/uploads\/2025\/10\/567969263_24893917623551976_8025076754616233435_n-1536x865.jpg 1536w, https:\/\/www.vergissmi.net\/wp-content\/uploads\/2025\/10\/567969263_24893917623551976_8025076754616233435_n.jpg 2048w\" sizes=\"(max-width: 1024px) 100vw, 1024px\" \/><\/figure>\n\n\n\n<p>&#8230; wo ich in der Fr\u00fch ein Fahrrad hingeh\u00e4ngt hab, um mir die letzten 500 H\u00f6henmeter hinunter ins Tal und retour nach Gerlamoos zu erleichtern.<\/p>\n\n\n\n<figure class=\"wp-block-image size-large\"><img loading=\"lazy\" decoding=\"async\" width=\"1024\" height=\"577\" src=\"https:\/\/www.vergissmi.net\/wp-content\/uploads\/2025\/10\/568381594_24893917950218610_5207696676824606901_n-1024x577.jpg\" alt=\"\" class=\"wp-image-15428\" srcset=\"https:\/\/www.vergissmi.net\/wp-content\/uploads\/2025\/10\/568381594_24893917950218610_5207696676824606901_n-1024x577.jpg 1024w, https:\/\/www.vergissmi.net\/wp-content\/uploads\/2025\/10\/568381594_24893917950218610_5207696676824606901_n-800x450.jpg 800w, https:\/\/www.vergissmi.net\/wp-content\/uploads\/2025\/10\/568381594_24893917950218610_5207696676824606901_n-1536x865.jpg 1536w, https:\/\/www.vergissmi.net\/wp-content\/uploads\/2025\/10\/568381594_24893917950218610_5207696676824606901_n.jpg 2048w\" sizes=\"(max-width: 1024px) 100vw, 1024px\" \/><\/figure>\n\n\n\n<p>L\u00e4nge: 13,5 km<br>Aufstieg bis Speikbichl: 1800 hm<br>Abstieg bis Geh\u00f6ft Stagorer am Flattachberg: 1200 m<br>Fahrradstrecke: 5,5 km, -500 hm<br><br>Achtung, Wasser gibt&#8217;s beim Tom Turbo das letzte Mal, danach erst wieder kurz vor Ende des Abstieges bei einer Viehtr\u00e4nke oberhalb vom Flattachberg.<\/p>\n\n\n\n<figure class=\"wp-block-image size-full\"><img loading=\"lazy\" decoding=\"async\" width=\"678\" height=\"1025\" src=\"https:\/\/www.vergissmi.net\/wp-content\/uploads\/2025\/10\/568566246_24893958513547887_5687038285835243295_n.jpg\" alt=\"\" class=\"wp-image-15429\" srcset=\"https:\/\/www.vergissmi.net\/wp-content\/uploads\/2025\/10\/568566246_24893958513547887_5687038285835243295_n.jpg 678w, https:\/\/www.vergissmi.net\/wp-content\/uploads\/2025\/10\/568566246_24893958513547887_5687038285835243295_n-529x800.jpg 529w\" sizes=\"(max-width: 678px) 100vw, 678px\" \/><\/figure>\n\n\n\n<p><\/p>\n","protected":false},"excerpt":{"rendered":"<div class=\"tmnf_excerpt\"><div class=\"tmnf_excerpt\"><p>Einsame, unmarkierte, steile G&#8217;schicht: knapp 1800 Aufstiegsh\u00f6henmeter, die sich auf nur 6 Aufstiegskilometer verteilen. Start im Weiler Gerlamoos bei Steinfeld im Drautal, 650 m Seeh\u00f6he. Hier sucht man sich (A) einen Parkplatz (zB bei der Klammbach-Br\u00fccke, im Ort eher schwierig) und (B) den Weg hinauf zur Kapelle mit den ber\u00fchmten sp\u00e4tmittelalterlichen Fresken Thomas von Villachs &hellip;<\/p>\n<\/div><\/div>","protected":false},"author":61,"featured_media":15426,"comment_status":"open","ping_status":"open","sticky":false,"template":"","format":"standard","meta":{"_s2mail":"yes","footnotes":""},"categories":[156,158,177,6],"tags":[],"class_list":["post-15415","post","type-post","status-publish","format-standard","has-post-thumbnail","hentry","category-oesterreich","category-kaernten","category-tagestour","category-tourtagebuch","gallery-content-unit"],"_links":{"self":[{"href":"https:\/\/www.vergissmi.net\/index.php?rest_route=\/wp\/v2\/posts\/15415","targetHints":{"allow":["GET"]}}],"collection":[{"href":"https:\/\/www.vergissmi.net\/index.php?rest_route=\/wp\/v2\/posts"}],"about":[{"href":"https:\/\/www.vergissmi.net\/index.php?rest_route=\/wp\/v2\/types\/post"}],"author":[{"embeddable":true,"href":"https:\/\/www.vergissmi.net\/index.php?rest_route=\/wp\/v2\/users\/61"}],"replies":[{"embeddable":true,"href":"https:\/\/www.vergissmi.net\/index.php?rest_route=%2Fwp%2Fv2%2Fcomments&post=15415"}],"version-history":[{"count":3,"href":"https:\/\/www.vergissmi.net\/index.php?rest_route=\/wp\/v2\/posts\/15415\/revisions"}],"predecessor-version":[{"id":15433,"href":"https:\/\/www.vergissmi.net\/index.php?rest_route=\/wp\/v2\/posts\/15415\/revisions\/15433"}],"wp:featuredmedia":[{"embeddable":true,"href":"https:\/\/www.vergissmi.net\/index.php?rest_route=\/wp\/v2\/media\/15426"}],"wp:attachment":[{"href":"https:\/\/www.vergissmi.net\/index.php?rest_route=%2Fwp%2Fv2%2Fmedia&parent=15415"}],"wp:term":[{"taxonomy":"category","embeddable":true,"href":"https:\/\/www.vergissmi.net\/index.php?rest_route=%2Fwp%2Fv2%2Fcategories&post=15415"},{"taxonomy":"post_tag","embeddable":true,"href":"https:\/\/www.vergissmi.net\/index.php?rest_route=%2Fwp%2Fv2%2Ftags&post=15415"}],"curies":[{"name":"wp","href":"https:\/\/api.w.org\/{rel}","templated":true}]}}