{"id":1811,"date":"2015-07-12T23:43:11","date_gmt":"2015-07-12T21:43:11","guid":{"rendered":"http:\/\/www.vergissmi.net\/?p=1811"},"modified":"2016-03-06T20:20:13","modified_gmt":"2016-03-06T19:20:13","slug":"von-den-woelzer-in-die-schladminger-tauern-4-tage","status":"publish","type":"post","link":"https:\/\/www.vergissmi.net\/?p=1811","title":{"rendered":"Von den W\u00f6lzer in die Schladminger Tauern (4 Tage)"},"content":{"rendered":"<p style=\"text-align: justify;\"><em><strong>Man kann das erste Ferienwochenende auf der S\u00fcdautobahn verbringen &#8211; oder auch nicht.<\/strong><\/em><!--more--><\/p>\n<p style=\"text-align: justify;\">Unser erster Versuch vor 6 Jahren, die Auftaktveranstaltung des Schladminger Tauernh\u00f6henweges zu absolvieren, stand unter keinem guten Stern. Schon in der Rudolf-Schober-H\u00fctte mussten wir damals zwei Tage lang (mitten im Juli!) einen Wintereinbruch aussitzen.<\/p>\n<p style=\"text-align: justify;\">Diesmal jedoch scheint alles anders zu werden: Die Wetterprognose ist vielversprechend, die paar Wolken am Donnerstag Nachmittag bei meiner Anreise nach St. Nikolai waren angek\u00fcndigt und kein gro\u00dfes Problem. Zuvor parkte ich mein Motorrad in Stein an der Enns, um am Sonntag von Schladming aus mit dem Zug hierher zur\u00fcckzukommen. Um zum Startpunkt in St. Nikolai zu gelangen, vertraute ich auf die Segnungen der Geb\u00e4rdensprache. Ein nettes Ehepaar aus Salzburg nahm &#8211; nach ganzen zwei Minuten Wartezeit &#8211; meinen erhobenenen Daumen zum Anlass, mich zur Mitfahrt Richtung S\u00f6lkpass einzuladen.<\/p>\n<p style=\"text-align: justify;\">Von Sankt Nikolai im S\u00f6lktal ging&#8217;s erstmal gem\u00fctlich dem Br\u00e4ualmbach entlang zum Hohensee. Hier stand einst ein Almh\u00fcttendorf, von dem heute nur mehr einige steinerne Grundmauern \u00fcbrig sind. Auf alten Aufnahmen ist zu sehen, dass am Ufer dieses sch\u00f6nen Bergsees noch vor 90 Jahren die Post abging.\u00a0 Nun stehen dort nur mehr zwei der ehemals 10 Almh\u00e4user.<\/p>\n<p style=\"text-align: justify;\"><a href=\"https:\/\/www.vergissmi.net\/wp-content\/uploads\/2015\/07\/PTXM2990-Large.jpg\" rel=\"lightbox[1811]\"><img fetchpriority=\"high\" decoding=\"async\" class=\"aligncenter size-large wp-image-1812\" src=\"https:\/\/www.vergissmi.net\/wp-content\/uploads\/2015\/07\/PTXM2990-Large-1024x678.jpg\" alt=\"PTXM2990 (Large)\" width=\"640\" height=\"424\" srcset=\"https:\/\/www.vergissmi.net\/wp-content\/uploads\/2015\/07\/PTXM2990-Large-1024x678.jpg 1024w, https:\/\/www.vergissmi.net\/wp-content\/uploads\/2015\/07\/PTXM2990-Large-300x199.jpg 300w, https:\/\/www.vergissmi.net\/wp-content\/uploads\/2015\/07\/PTXM2990-Large.jpg 1630w\" sizes=\"(max-width: 640px) 100vw, 640px\" \/><\/a><\/p>\n<p style=\"text-align: justify;\">Der Aufstieg zur 2250 m hohen Schimpelscharte samt Abstieg zur Rudolf-Schober-H\u00fctte verlief so unspektakul\u00e4r wie der Start in den n\u00e4chsten Tourentag. Ich werde wohl niemals bei diesem Wegweiser vorbeikommen, ohne ein Foto zu machen &#8230;<\/p>\n<p style=\"text-align: justify;\"><a href=\"https:\/\/www.vergissmi.net\/wp-content\/uploads\/2015\/07\/PTXM2997-Large.jpg\" rel=\"lightbox[1811]\"><img decoding=\"async\" class=\"aligncenter size-large wp-image-1813\" src=\"https:\/\/www.vergissmi.net\/wp-content\/uploads\/2015\/07\/PTXM2997-Large-1024x678.jpg\" alt=\"PTXM2997 (Large)\" width=\"640\" height=\"424\" srcset=\"https:\/\/www.vergissmi.net\/wp-content\/uploads\/2015\/07\/PTXM2997-Large-1024x678.jpg 1024w, https:\/\/www.vergissmi.net\/wp-content\/uploads\/2015\/07\/PTXM2997-Large-300x199.jpg 300w, https:\/\/www.vergissmi.net\/wp-content\/uploads\/2015\/07\/PTXM2997-Large.jpg 1631w\" sizes=\"(max-width: 640px) 100vw, 640px\" \/><\/a><\/p>\n<p style=\"text-align: justify;\">Bei der Sch\u00f6ttelh\u00fctte bin ich &#8211; vor lauter sch\u00f6n &#8211; wiedermal der Star der Veranstaltung &#8230;<\/p>\n<p style=\"text-align: justify;\"><a href=\"https:\/\/www.vergissmi.net\/wp-content\/uploads\/2015\/07\/PTXM2999-Large.jpg\" rel=\"lightbox[1811]\"><img decoding=\"async\" class=\"aligncenter size-large wp-image-1814\" src=\"https:\/\/www.vergissmi.net\/wp-content\/uploads\/2015\/07\/PTXM2999-Large-1024x576.jpg\" alt=\"PTXM2999 (Large)\" width=\"640\" height=\"360\" srcset=\"https:\/\/www.vergissmi.net\/wp-content\/uploads\/2015\/07\/PTXM2999-Large-1024x576.jpg 1024w, https:\/\/www.vergissmi.net\/wp-content\/uploads\/2015\/07\/PTXM2999-Large-300x169.jpg 300w, https:\/\/www.vergissmi.net\/wp-content\/uploads\/2015\/07\/PTXM2999-Large.jpg 1920w\" sizes=\"(max-width: 640px) 100vw, 640px\" \/><\/a><\/p>\n<p style=\"text-align: justify;\">&#8230; doch das Publikumsinteresse lie\u00df bald nach, und die Groupies lie\u00dfen mich zur Huberbauernalm weiterziehen, nicht ohne mich sp\u00fcrbar mit Ignoranz zu strafen.<\/p>\n<p style=\"text-align: justify;\"><a href=\"https:\/\/www.vergissmi.net\/wp-content\/uploads\/2015\/07\/PTXM3014-Large.jpg\" rel=\"lightbox[1811]\"><img loading=\"lazy\" decoding=\"async\" class=\"aligncenter size-large wp-image-1815\" src=\"https:\/\/www.vergissmi.net\/wp-content\/uploads\/2015\/07\/PTXM3014-Large-1024x678.jpg\" alt=\"PTXM3014 (Large)\" width=\"640\" height=\"424\" srcset=\"https:\/\/www.vergissmi.net\/wp-content\/uploads\/2015\/07\/PTXM3014-Large-1024x678.jpg 1024w, https:\/\/www.vergissmi.net\/wp-content\/uploads\/2015\/07\/PTXM3014-Large-300x199.jpg 300w, https:\/\/www.vergissmi.net\/wp-content\/uploads\/2015\/07\/PTXM3014-Large.jpg 1631w\" sizes=\"(max-width: 640px) 100vw, 640px\" \/><\/a><\/p>\n<p style=\"text-align: justify;\">Zwischen Hubenbauert\u00f6rl und Hinterkarscharte ging&#8217;s diesmal ganz gem\u00fctlich dahin. Damals bei Neuschnee war der Abschnitt alles andere als lustig &#8211; das Testament war ausformuliert. Doch bei den Temperaturen der letzten Tage spielt der Schnee keine Rolle mehr, und ich konnte sorgenfrei durch die Klatschmohnwiese pilgern &#8230;<\/p>\n<p style=\"text-align: justify;\"><a href=\"https:\/\/www.vergissmi.net\/wp-content\/uploads\/2015\/07\/PTXM3038-Large.jpg\" rel=\"lightbox[1811]\"><img loading=\"lazy\" decoding=\"async\" class=\"aligncenter size-large wp-image-1816\" src=\"https:\/\/www.vergissmi.net\/wp-content\/uploads\/2015\/07\/PTXM3038-Large-1024x576.jpg\" alt=\"PTXM3038 (Large)\" width=\"640\" height=\"360\" srcset=\"https:\/\/www.vergissmi.net\/wp-content\/uploads\/2015\/07\/PTXM3038-Large-1024x576.jpg 1024w, https:\/\/www.vergissmi.net\/wp-content\/uploads\/2015\/07\/PTXM3038-Large-300x169.jpg 300w, https:\/\/www.vergissmi.net\/wp-content\/uploads\/2015\/07\/PTXM3038-Large.jpg 1920w\" sizes=\"(max-width: 640px) 100vw, 640px\" \/><\/a><\/p>\n<p style=\"text-align: justify;\">&#8230; und, tja &#8230; es war auch sonst ganz angenehm da oben.<\/p>\n<p style=\"text-align: justify;\"><a href=\"https:\/\/www.vergissmi.net\/wp-content\/uploads\/2015\/07\/PTXM3075-Large.jpg\" rel=\"lightbox[1811]\"><img loading=\"lazy\" decoding=\"async\" class=\"aligncenter size-large wp-image-1817\" src=\"https:\/\/www.vergissmi.net\/wp-content\/uploads\/2015\/07\/PTXM3075-Large-1024x576.jpg\" alt=\"PTXM3075 (Large)\" width=\"640\" height=\"360\" srcset=\"https:\/\/www.vergissmi.net\/wp-content\/uploads\/2015\/07\/PTXM3075-Large-1024x576.jpg 1024w, https:\/\/www.vergissmi.net\/wp-content\/uploads\/2015\/07\/PTXM3075-Large-300x169.jpg 300w, https:\/\/www.vergissmi.net\/wp-content\/uploads\/2015\/07\/PTXM3075-Large.jpg 1920w\" sizes=\"(max-width: 640px) 100vw, 640px\" \/><\/a><\/p>\n<p style=\"text-align: justify;\">Vom Rantent\u00f6rl, wo ich eine gute Stunde sp\u00e4ter mit einer netten deutschen Familie die gro\u00dfartige Aussicht genoss, sieht man zum gleichnamigen See und weiter ins Krakautal hinunter &#8230;<\/p>\n<p style=\"text-align: justify;\"><a href=\"https:\/\/www.vergissmi.net\/wp-content\/uploads\/2015\/07\/PTXM3095-Large.jpg\" rel=\"lightbox[1811]\"><img loading=\"lazy\" decoding=\"async\" class=\"aligncenter size-large wp-image-1818\" src=\"https:\/\/www.vergissmi.net\/wp-content\/uploads\/2015\/07\/PTXM3095-Large-1024x576.jpg\" alt=\"PTXM3095 (Large)\" width=\"640\" height=\"360\" srcset=\"https:\/\/www.vergissmi.net\/wp-content\/uploads\/2015\/07\/PTXM3095-Large-1024x576.jpg 1024w, https:\/\/www.vergissmi.net\/wp-content\/uploads\/2015\/07\/PTXM3095-Large-300x169.jpg 300w, https:\/\/www.vergissmi.net\/wp-content\/uploads\/2015\/07\/PTXM3095-Large.jpg 1920w\" sizes=\"(max-width: 640px) 100vw, 640px\" \/><\/a><\/p>\n<p style=\"text-align: justify;\">&#8230; doch f\u00fcr mich ging&#8217;s nach Norden, wo ein fuuuurchtbar langer Abstieg zur Breitlahnh\u00fctte dadurch entsch\u00e4rft wurde, dass er fuuurchtbar sch\u00f6n war.<\/p>\n<p style=\"text-align: justify;\"><a href=\"https:\/\/www.vergissmi.net\/wp-content\/uploads\/2015\/07\/PTXM3126-Large.jpg\" rel=\"lightbox[1811]\"><img loading=\"lazy\" decoding=\"async\" class=\"aligncenter size-large wp-image-1819\" src=\"https:\/\/www.vergissmi.net\/wp-content\/uploads\/2015\/07\/PTXM3126-Large-576x1024.jpg\" alt=\"PTXM3126 (Large)\" width=\"576\" height=\"1024\" srcset=\"https:\/\/www.vergissmi.net\/wp-content\/uploads\/2015\/07\/PTXM3126-Large-576x1024.jpg 576w, https:\/\/www.vergissmi.net\/wp-content\/uploads\/2015\/07\/PTXM3126-Large-169x300.jpg 169w, https:\/\/www.vergissmi.net\/wp-content\/uploads\/2015\/07\/PTXM3126-Large.jpg 608w\" sizes=\"(max-width: 576px) 100vw, 576px\" \/><\/a><\/p>\n<p style=\"text-align: justify;\">Am Schwarzensee bekam ich auf der netten J\u00e4ger-Alm das vielleicht undefinierbarste Essen _ever_, &#8211; Grete, schau weg! &#8211; n\u00e4mlich Steirerkassp\u00e4tzle. Nur optisch besteht eine hohe Verwechslungsgefahr mit Mohnnudeln &#8230;<\/p>\n<p style=\"text-align: justify;\"><a href=\"https:\/\/www.vergissmi.net\/wp-content\/uploads\/2015\/07\/PTXM3134-Large.jpg\" rel=\"lightbox[1811]\"><img loading=\"lazy\" decoding=\"async\" class=\"aligncenter size-large wp-image-1820\" src=\"https:\/\/www.vergissmi.net\/wp-content\/uploads\/2015\/07\/PTXM3134-Large-1024x576.jpg\" alt=\"PTXM3134 (Large)\" width=\"640\" height=\"360\" srcset=\"https:\/\/www.vergissmi.net\/wp-content\/uploads\/2015\/07\/PTXM3134-Large-1024x576.jpg 1024w, https:\/\/www.vergissmi.net\/wp-content\/uploads\/2015\/07\/PTXM3134-Large-300x169.jpg 300w, https:\/\/www.vergissmi.net\/wp-content\/uploads\/2015\/07\/PTXM3134-Large.jpg 1920w\" sizes=\"(max-width: 640px) 100vw, 640px\" \/><\/a><\/p>\n<p style=\"text-align: justify;\">Derart wiederhergestellt, ging&#8217;s zum Nachtquartier &#8211; und am n\u00e4chsten Tag weiter nach Westen. Eine der liebsten H\u00fctten samt einer der liebsten H\u00fcttenwirtinnen weit und breit versteckt sich irgendwo da oben in den \u00f6stlichen Schladminger Tauern. Und damit das auch so bleibt, lassen wir den Namen einfach weg.<\/p>\n<p style=\"text-align: justify;\"><a href=\"https:\/\/www.vergissmi.net\/wp-content\/uploads\/2015\/07\/PTXM3174-Large.jpg\" rel=\"lightbox[1811]\"><img loading=\"lazy\" decoding=\"async\" class=\"aligncenter size-large wp-image-1821\" src=\"https:\/\/www.vergissmi.net\/wp-content\/uploads\/2015\/07\/PTXM3174-Large-1024x576.jpg\" alt=\"PTXM3174 (Large)\" width=\"640\" height=\"360\" srcset=\"https:\/\/www.vergissmi.net\/wp-content\/uploads\/2015\/07\/PTXM3174-Large-1024x576.jpg 1024w, https:\/\/www.vergissmi.net\/wp-content\/uploads\/2015\/07\/PTXM3174-Large-300x169.jpg 300w, https:\/\/www.vergissmi.net\/wp-content\/uploads\/2015\/07\/PTXM3174-Large.jpg 1920w\" sizes=\"(max-width: 640px) 100vw, 640px\" \/><\/a><\/p>\n<p style=\"text-align: justify;\">Kommen wir an dieser Stelle auf Michael zu sprechen, den Grund f\u00fcr die abschnittsweise &#8220;wir&#8221;-Form in diesem Tourenbericht. Vor sechs Jahren &#8211; siehe oben &#8211; haben wir uns gemeinsam \u00fcber diesen Abschnitt dr\u00fcbergewagt &#8211; und es bis heute nicht geschafft, einen zweiten Anlauf zu nehmen. Berufliche Gr\u00fcnde, die ein sommerliches Mehrtagesabenteuer undenkbar machten, standen zwischen uns und den &#8220;Seven Scharten&#8221;. Aber eben nur _bis heute_.<\/p>\n<p style=\"text-align: justify;\"><a href=\"https:\/\/www.vergissmi.net\/wp-content\/uploads\/2015\/07\/PTXM3189-Large.jpg\" rel=\"lightbox[1811]\"><img loading=\"lazy\" decoding=\"async\" class=\"aligncenter size-large wp-image-1822\" src=\"https:\/\/www.vergissmi.net\/wp-content\/uploads\/2015\/07\/PTXM3189-Large-1024x576.jpg\" alt=\"PTXM3189 (Large)\" width=\"640\" height=\"360\" srcset=\"https:\/\/www.vergissmi.net\/wp-content\/uploads\/2015\/07\/PTXM3189-Large-1024x576.jpg 1024w, https:\/\/www.vergissmi.net\/wp-content\/uploads\/2015\/07\/PTXM3189-Large-300x169.jpg 300w, https:\/\/www.vergissmi.net\/wp-content\/uploads\/2015\/07\/PTXM3189-Large.jpg 1920w\" sizes=\"(max-width: 640px) 100vw, 640px\" \/><\/a><\/p>\n<p style=\"text-align: justify;\">Gemeinsam geht&#8217;s also rauf auf ca. 2400 m Seeh\u00f6he, wo uns der Berg noch seine kalte Schulter zeigte. Doch ein Jausenplatzerl wie dieses l\u00e4sst man nicht aus, und so sa\u00dfen wir \u00fcber eine Stunde bei den Goldlacken herum.<\/p>\n<p style=\"text-align: justify;\"><a href=\"https:\/\/www.vergissmi.net\/wp-content\/uploads\/2015\/07\/PTXM3202-Large.jpg\" rel=\"lightbox[1811]\"><img loading=\"lazy\" decoding=\"async\" class=\"aligncenter size-large wp-image-1823\" src=\"https:\/\/www.vergissmi.net\/wp-content\/uploads\/2015\/07\/PTXM3202-Large-1024x576.jpg\" alt=\"PTXM3202 (Large)\" width=\"640\" height=\"360\" srcset=\"https:\/\/www.vergissmi.net\/wp-content\/uploads\/2015\/07\/PTXM3202-Large-1024x576.jpg 1024w, https:\/\/www.vergissmi.net\/wp-content\/uploads\/2015\/07\/PTXM3202-Large-300x169.jpg 300w, https:\/\/www.vergissmi.net\/wp-content\/uploads\/2015\/07\/PTXM3202-Large.jpg 1920w\" sizes=\"(max-width: 640px) 100vw, 640px\" \/><\/a><\/p>\n<p style=\"text-align: justify;\">Der fr\u00fche Nachmittag lie\u00df das Thema &#8220;Sonnenuntergangsbier&#8221; wieder aufkommen, und schon sah ich Michael in freudiger Erwartung auf die Preintaler H\u00fctte zu<span style=\"text-decoration: underline;\">tanzen<\/span>.<\/p>\n<p style=\"text-align: justify;\"><a href=\"https:\/\/www.vergissmi.net\/wp-content\/uploads\/2015\/07\/PTXM3235-Large.jpg\" rel=\"lightbox[1811]\"><img loading=\"lazy\" decoding=\"async\" class=\"aligncenter size-large wp-image-1824\" src=\"https:\/\/www.vergissmi.net\/wp-content\/uploads\/2015\/07\/PTXM3235-Large-576x1024.jpg\" alt=\"PTXM3235 (Large)\" width=\"576\" height=\"1024\" srcset=\"https:\/\/www.vergissmi.net\/wp-content\/uploads\/2015\/07\/PTXM3235-Large-576x1024.jpg 576w, https:\/\/www.vergissmi.net\/wp-content\/uploads\/2015\/07\/PTXM3235-Large-450x800.jpg 450w, https:\/\/www.vergissmi.net\/wp-content\/uploads\/2015\/07\/PTXM3235-Large-169x300.jpg 169w, https:\/\/www.vergissmi.net\/wp-content\/uploads\/2015\/07\/PTXM3235-Large.jpg 608w\" sizes=\"(max-width: 576px) 100vw, 576px\" \/><\/a><\/p>\n<p style=\"text-align: justify;\">Nach dem \u00fcblichen Tourenausklang &#8211; H\u00fcttenessen (sehr gut!), Bier (Schladminger!) und netten Tischnachbarn, folgte eine &#8211; f\u00fcr ein sehr gro\u00dfes Lager &#8211; \u00e4u\u00dferst angenehme Nacht. Die Preintaler H\u00fctte ist sehr gut gef\u00fchrt, wenn ich mir das Urteil als Ex-Berufskollege erlauben darf. Wir haben uns jedenfalls trotz des gro\u00dfen Publikumsandrangs sehr wohl gef\u00fchlt.<\/p>\n<p style=\"text-align: justify;\">Tags darauf ging&#8217;s an den Klafferkesseln vorbei hinauf zum 2600 m hohen Greifenberg, dem h\u00f6chsten (wiewohl auch einzigen) Gipfel dieses Wochenendes. Der trotz einiger Seilversicherungen recht einfach bezwingbare Berg markierte den Anfang vom Ende unseres Ausfluges in die &#8220;Schladminger&#8221;.<\/p>\n<p style=\"text-align: justify;\"><a href=\"https:\/\/www.vergissmi.net\/wp-content\/uploads\/2015\/07\/PTXM3302-Large.jpg\" rel=\"lightbox[1811]\"><img loading=\"lazy\" decoding=\"async\" class=\"aligncenter size-large wp-image-1825\" src=\"https:\/\/www.vergissmi.net\/wp-content\/uploads\/2015\/07\/PTXM3302-Large-1024x576.jpg\" alt=\"PTXM3302 (Large)\" width=\"640\" height=\"360\" srcset=\"https:\/\/www.vergissmi.net\/wp-content\/uploads\/2015\/07\/PTXM3302-Large-1024x576.jpg 1024w, https:\/\/www.vergissmi.net\/wp-content\/uploads\/2015\/07\/PTXM3302-Large-300x169.jpg 300w, https:\/\/www.vergissmi.net\/wp-content\/uploads\/2015\/07\/PTXM3302-Large.jpg 1920w\" sizes=\"(max-width: 640px) 100vw, 640px\" \/><\/a><\/p>\n<p style=\"text-align: justify;\">Der Abstieg war grauslich und schirch und nur mit Augenschmerz zu ertragen &#8230;<\/p>\n<p style=\"text-align: justify;\"><a href=\"https:\/\/www.vergissmi.net\/wp-content\/uploads\/2015\/07\/PTXM3312-Large.jpg\" rel=\"lightbox[1811]\"><img loading=\"lazy\" decoding=\"async\" class=\"aligncenter size-large wp-image-1826\" src=\"https:\/\/www.vergissmi.net\/wp-content\/uploads\/2015\/07\/PTXM3312-Large-1024x576.jpg\" alt=\"PTXM3312 (Large)\" width=\"640\" height=\"360\" srcset=\"https:\/\/www.vergissmi.net\/wp-content\/uploads\/2015\/07\/PTXM3312-Large-1024x576.jpg 1024w, https:\/\/www.vergissmi.net\/wp-content\/uploads\/2015\/07\/PTXM3312-Large-300x169.jpg 300w, https:\/\/www.vergissmi.net\/wp-content\/uploads\/2015\/07\/PTXM3312-Large.jpg 1920w\" sizes=\"(max-width: 640px) 100vw, 640px\" \/><\/a><\/p>\n<p style=\"text-align: justify;\">&#8230; und so waren wir froh, als bald die Gollinger H\u00fctte in unser aufmerksames Blickfeld r\u00fcckte, die dem Trauerspiel &#8211; die Bilder sprechen ja diesbez\u00fcglich eh f\u00fcr sich &#8211; ein Ende bereitete.<\/p>\n<p style=\"text-align: justify;\"><a href=\"https:\/\/www.vergissmi.net\/wp-content\/uploads\/2015\/07\/PTXM3329-Large.jpg\" rel=\"lightbox[1811]\"><img loading=\"lazy\" decoding=\"async\" class=\"aligncenter size-large wp-image-1827\" src=\"https:\/\/www.vergissmi.net\/wp-content\/uploads\/2015\/07\/PTXM3329-Large-1024x576.jpg\" alt=\"PTXM3329 (Large)\" width=\"640\" height=\"360\" srcset=\"https:\/\/www.vergissmi.net\/wp-content\/uploads\/2015\/07\/PTXM3329-Large-1024x576.jpg 1024w, https:\/\/www.vergissmi.net\/wp-content\/uploads\/2015\/07\/PTXM3329-Large-300x169.jpg 300w, https:\/\/www.vergissmi.net\/wp-content\/uploads\/2015\/07\/PTXM3329-Large.jpg 1920w\" sizes=\"(max-width: 640px) 100vw, 640px\" \/><\/a><\/p>\n<p style=\"text-align: justify;\"><span style=\"text-decoration: underline;\">Toureninfos:<\/span><\/p>\n<p style=\"text-align: justify;\">Abschnitt des Zentralalpenweges 02 von St. Nikolai zur Gollingh\u00fctte. Zufahrt \u00fcber Bhf. Stein\/Enns (Wandertaxi Mayer, ganzj\u00e4hrig. Betreibt in den Sommerferien Rufbus nach St. Nikolai, was die Sache etwas g\u00fcnstiger macht. Fahrplan unter www.taelerbus.at). H\u00fctten am Weg im Sommer vorreservieren, insb. ab Preintalerh\u00fctte. Abstieg von Gollingh\u00fctte zum PP Wilde Wasser und mit dem Wanderbus nach Schladming. Vom Bhf. mit der Regionalbahn (st\u00fcndlich) zur\u00fcck nach Stein. Tourenl\u00e4nge: ca. 60 km, 4 Tage. Gipfel optional: Hochwildstelle und Hochgolling.<\/p>\n","protected":false},"excerpt":{"rendered":"<div class=\"tmnf_excerpt\"><div class=\"tmnf_excerpt\"><p>Man kann das erste Ferienwochenende auf der S\u00fcdautobahn verbringen &#8211; oder auch nicht.<\/p>\n<\/div><\/div>","protected":false},"author":61,"featured_media":1824,"comment_status":"open","ping_status":"open","sticky":false,"template":"","format":"standard","meta":{"_s2mail":"yes","footnotes":""},"categories":[167,156,160,155],"tags":[37,75,73,77,49,78,74,76,72,71,64],"class_list":["post-1811","post","type-post","status-publish","format-standard","has-post-thumbnail","hentry","category-02-zentralalpenweg","category-oesterreich","category-steiermark","category-weitwandern","tag-oesterreich","tag-breitlahnhuette","tag-gollinghuette","tag-klafferkessel","tag-mehrtagestour","tag-mindmeister","tag-preintaler-huette","tag-rudolf-schober-haus","tag-schladminger-tauern","tag-steiermark","tag-weitwandern","gallery-content-unit"],"_links":{"self":[{"href":"https:\/\/www.vergissmi.net\/index.php?rest_route=\/wp\/v2\/posts\/1811","targetHints":{"allow":["GET"]}}],"collection":[{"href":"https:\/\/www.vergissmi.net\/index.php?rest_route=\/wp\/v2\/posts"}],"about":[{"href":"https:\/\/www.vergissmi.net\/index.php?rest_route=\/wp\/v2\/types\/post"}],"author":[{"embeddable":true,"href":"https:\/\/www.vergissmi.net\/index.php?rest_route=\/wp\/v2\/users\/61"}],"replies":[{"embeddable":true,"href":"https:\/\/www.vergissmi.net\/index.php?rest_route=%2Fwp%2Fv2%2Fcomments&post=1811"}],"version-history":[{"count":13,"href":"https:\/\/www.vergissmi.net\/index.php?rest_route=\/wp\/v2\/posts\/1811\/revisions"}],"predecessor-version":[{"id":1840,"href":"https:\/\/www.vergissmi.net\/index.php?rest_route=\/wp\/v2\/posts\/1811\/revisions\/1840"}],"wp:featuredmedia":[{"embeddable":true,"href":"https:\/\/www.vergissmi.net\/index.php?rest_route=\/wp\/v2\/media\/1824"}],"wp:attachment":[{"href":"https:\/\/www.vergissmi.net\/index.php?rest_route=%2Fwp%2Fv2%2Fmedia&parent=1811"}],"wp:term":[{"taxonomy":"category","embeddable":true,"href":"https:\/\/www.vergissmi.net\/index.php?rest_route=%2Fwp%2Fv2%2Fcategories&post=1811"},{"taxonomy":"post_tag","embeddable":true,"href":"https:\/\/www.vergissmi.net\/index.php?rest_route=%2Fwp%2Fv2%2Ftags&post=1811"}],"curies":[{"name":"wp","href":"https:\/\/api.w.org\/{rel}","templated":true}]}}