{"id":2068,"date":"2015-11-24T08:48:23","date_gmt":"2015-11-24T07:48:23","guid":{"rendered":"http:\/\/www.vergissmi.net\/?p=2068"},"modified":"2016-03-06T20:19:28","modified_gmt":"2016-03-06T19:19:28","slug":"von-salzburg-nach-sopron-teil-iii","status":"publish","type":"post","link":"https:\/\/www.vergissmi.net\/?p=2068","title":{"rendered":"Von Salzburg nach Sopron (Teil III)"},"content":{"rendered":"<p style=\"text-align: justify;\"><em><strong>Der Salzburger ist glaubich nicht der l\u00e4ngste, und der Burgenl\u00e4nder ist glaubich nicht der k\u00fcrzeste aller Wallfahrtspfade nach Mariazell. Mir ist&#8217;s aber eh wurscht, ich will nach Sopron &#8211; und darum geht&#8217;s im dritten Teil der Reise.<\/strong><\/em><!--more--><\/p>\n<p style=\"text-align: justify;\">Den Anfang macht heute Herta. Sie musste sich schon in der Schule so einiges von ihren Klassenkameraden anh\u00f6ren. Heute lebt sie eher zur\u00fcckgezogen nahe Puchberg am Schneeberg, wo zwischen Herta und mir schon zu Beginn meines Berichts Einvernehmen dar\u00fcber herrscht, dass wir beide ein schweres Pinkerl zum Tragen haben.<\/p>\n<p style=\"text-align: justify;\"><a href=\"https:\/\/www.vergissmi.net\/wp-content\/uploads\/2015\/11\/SaSo3-1-Large.jpg\" rel=\"lightbox[2068]\"><img fetchpriority=\"high\" decoding=\"async\" class=\"aligncenter size-large wp-image-2070\" src=\"https:\/\/www.vergissmi.net\/wp-content\/uploads\/2015\/11\/SaSo3-1-Large-1024x576.jpg\" alt=\"SaSo3-1 (Large)\" width=\"640\" height=\"360\" srcset=\"https:\/\/www.vergissmi.net\/wp-content\/uploads\/2015\/11\/SaSo3-1-Large-1024x576.jpg 1024w, https:\/\/www.vergissmi.net\/wp-content\/uploads\/2015\/11\/SaSo3-1-Large-300x169.jpg 300w, https:\/\/www.vergissmi.net\/wp-content\/uploads\/2015\/11\/SaSo3-1-Large.jpg 1920w\" sizes=\"(max-width: 640px) 100vw, 640px\" \/><\/a><\/p>\n<p style=\"text-align: justify;\">Auch auf den letzten paar Tagen &#8211; bis Sopron sind es von Mariazell aus nur mehr rund 170 Kilometer &#8211; mu\u00df ich mich mit der Tatsache abfinden, dass es nun halt schon November ist, und mir die Natur ihr abweisendes, winterliches Antlitz entgegenschleudert.<\/p>\n<p style=\"text-align: justify;\"><a href=\"https:\/\/www.vergissmi.net\/wp-content\/uploads\/2015\/11\/SaSo3-2-Large.jpg\" rel=\"lightbox[2068]\"><img decoding=\"async\" class=\"aligncenter size-large wp-image-2071\" src=\"https:\/\/www.vergissmi.net\/wp-content\/uploads\/2015\/11\/SaSo3-2-Large-1024x576.jpg\" alt=\"SaSo3-2 (Large)\" width=\"640\" height=\"360\" srcset=\"https:\/\/www.vergissmi.net\/wp-content\/uploads\/2015\/11\/SaSo3-2-Large-1024x576.jpg 1024w, https:\/\/www.vergissmi.net\/wp-content\/uploads\/2015\/11\/SaSo3-2-Large-300x169.jpg 300w, https:\/\/www.vergissmi.net\/wp-content\/uploads\/2015\/11\/SaSo3-2-Large.jpg 1920w\" sizes=\"(max-width: 640px) 100vw, 640px\" \/><\/a><\/p>\n<p style=\"text-align: justify;\">Seit Mariazell befinde ich mich am Burgenl\u00e4ndischen <a href=\"http:\/\/www.mariazellerwege.at\/\" target=\"_blank\">Mariazellerweg<\/a>. Und das als Geisterwanderer in umgekehrter Richtung, nicht zuletzt, weil mir die Gnadenmutter buckelseitig doch am n\u00e4chsten ist.<\/p>\n<p style=\"text-align: justify;\">Anfangs war er ja gar nicht markiert, der Pilgerweg, als ich an der steirisch-nieder\u00f6sterreichischen Grenze ein knappes Jahrhundert nach Ende der Monarchie adeligen Gro\u00dfgrundbesitz durchstreifte. Anhand der Qualit\u00e4t der Markierungen l\u00e4sst sich gut ablesen, wie gern oder ungern man auf einem Forstweg, der zu 45 Prozent aus Bundesgeldern finanziert wurde, geduldet ist. Mitunter sehen es die Grundbesitzer n\u00e4mlich gar nicht gerne, wenn Wanderer mit ihrem schwerem Schuhwerk tiefe Gr\u00e4ben in die Fahrspuren ihrer Harvester schnitzen.<\/p>\n<p style=\"text-align: justify;\">Doch das alles liegt nun hinter mir: Die Bucklige Welt zeigt sich uns Wanderern gegen\u00fcber immer schon sehr freundlich. In kaum einer Region gibt es so viele Mehrtagestouren auf vergleichsweise kleinem Raum wie hier. Auch dem letzten Neuzugang, dem rund 300 km langen <a href=\"http:\/\/www.gehlebt.at\/wiener-alpenbogen\/\" target=\"_blank\">Wiener Alpenbogen<\/a>, begegne ich unterwegs. So gelingt es mir langsam, mich ohne gr\u00f6\u00dfere Umwege von einer Markierung bis zu n\u00e4chsten durchzuhanteln.<\/p>\n<p style=\"text-align: justify;\"><a href=\"https:\/\/www.vergissmi.net\/wp-content\/uploads\/2015\/11\/SaSo3-3-Large.jpg\" rel=\"lightbox[2068]\"><img decoding=\"async\" class=\"aligncenter size-large wp-image-2072\" src=\"https:\/\/www.vergissmi.net\/wp-content\/uploads\/2015\/11\/SaSo3-3-Large-576x1024.jpg\" alt=\"SaSo3-3 (Large)\" width=\"576\" height=\"1024\" srcset=\"https:\/\/www.vergissmi.net\/wp-content\/uploads\/2015\/11\/SaSo3-3-Large-576x1024.jpg 576w, https:\/\/www.vergissmi.net\/wp-content\/uploads\/2015\/11\/SaSo3-3-Large-169x300.jpg 169w, https:\/\/www.vergissmi.net\/wp-content\/uploads\/2015\/11\/SaSo3-3-Large.jpg 1080w\" sizes=\"(max-width: 576px) 100vw, 576px\" \/><\/a><\/p>\n<p style=\"text-align: justify;\">Den Landschaftsh\u00f6hepunkt zwischen Puchberg und Pitten bildet die Johannesbachklamm. Den Klammwirt&#8217;n, der laut T\u00fcrschild bis Ende Oktober offen hat, lerne ich nicht kennen &#8211; denn immerhin ist ja schon der 31. Oktober, und da kann ja nun wirklich niemand verlangen, dass jemand, der auf seiner eigenen Haust\u00fcr seine Anwesenheit bis Monatsende kundttut, auch wirklich immer noch da ist.<\/p>\n<p style=\"text-align: justify;\">&#8220;Klamm&#8221; &#8211; also laut Duden\u00a0<span style=\"color: #808080;\"><em><a style=\"color: #808080;\" href=\"http:\/\/www.duden.de\/suchen\/dudenonline\/klamm\" target=\"_blank\">Adjektiv &#8211; 1. [noch] leicht feucht [und daher \u20262. durch K\u00e4lte steif<\/a><\/em><\/span> ist hier im Sp\u00e4therbst vor allem der Johannesbach &#8211; dennoch ist&#8217;s hier sehr fein und ich gebe mich beeindruckt von der unerwarteten Szenerie, immerhin ragen die W\u00e4nde hier f\u00fcr nieder\u00f6sterreichische Verh\u00e4ltnisse recht weit in den Himmel hinauf.<\/p>\n<p style=\"text-align: justify;\"><a href=\"https:\/\/www.vergissmi.net\/wp-content\/uploads\/2015\/11\/SaSo3-4-Large.jpg\" rel=\"lightbox[2068]\"><img loading=\"lazy\" decoding=\"async\" class=\"aligncenter size-large wp-image-2073\" src=\"https:\/\/www.vergissmi.net\/wp-content\/uploads\/2015\/11\/SaSo3-4-Large-1024x576.jpg\" alt=\"SaSo3-4 (Large)\" width=\"640\" height=\"360\" srcset=\"https:\/\/www.vergissmi.net\/wp-content\/uploads\/2015\/11\/SaSo3-4-Large-1024x576.jpg 1024w, https:\/\/www.vergissmi.net\/wp-content\/uploads\/2015\/11\/SaSo3-4-Large-300x169.jpg 300w, https:\/\/www.vergissmi.net\/wp-content\/uploads\/2015\/11\/SaSo3-4-Large.jpg 1920w\" sizes=\"(max-width: 640px) 100vw, 640px\" \/><\/a><\/p>\n<p style=\"text-align: justify;\">Auch <a href=\"https:\/\/de.wikipedia.org\/wiki\/Joseph_Kyselak\" target=\"_blank\">Joseph Kyselak<\/a> zeigte sich von der Johannesbachklamm beeindruckt, wie man an seinen unverwechselbaren Insignien ablesen kann. Wo auch immer Joseph hinkam, und es ihm gut gefiel, hinterlie\u00df er seinen Namen. Er gilt daher als erster Graffittik\u00fcnstler dieses Landes.<\/p>\n<p style=\"text-align: justify;\">Die Klamm, die einst den Bergleuten am Schneeberg als k\u00fcrzester Weg in die Arbeit diente, wurde 1902 von den Naturfreunden durchgeputzt, ausgekehrt und aufgewischt &#8211; und dar\u00fcberhinaus mit gem\u00fctlichen Stegen ausgestattet. Es ehrt die Arbeit der Naturfreunde, dass Joseph Kyselak, der <a href=\"http:\/\/www.kyselak.at\/seiten\/fussreise.htm\" target=\"_blank\">bekanntlich <\/a>in \u00d6sterreich viel herumkam, auch diesem sch\u00f6nen Ort einen Besuch abgestattet hat &#8230;<\/p>\n<p style=\"text-align: justify;\"><a href=\"https:\/\/www.vergissmi.net\/wp-content\/uploads\/2015\/11\/SaSo3-5-Large.jpg\" rel=\"lightbox[2068]\"><img loading=\"lazy\" decoding=\"async\" class=\"aligncenter size-large wp-image-2074\" src=\"https:\/\/www.vergissmi.net\/wp-content\/uploads\/2015\/11\/SaSo3-5-Large-1024x678.jpg\" alt=\"SaSo3-5 (Large)\" width=\"640\" height=\"424\" srcset=\"https:\/\/www.vergissmi.net\/wp-content\/uploads\/2015\/11\/SaSo3-5-Large-1024x678.jpg 1024w, https:\/\/www.vergissmi.net\/wp-content\/uploads\/2015\/11\/SaSo3-5-Large-300x199.jpg 300w, https:\/\/www.vergissmi.net\/wp-content\/uploads\/2015\/11\/SaSo3-5-Large.jpg 1631w\" sizes=\"(max-width: 640px) 100vw, 640px\" \/><\/a>&#8230; und das allen Widrigkeiten zum Trotz &#8211; hatte er doch bereits 70 Jahre vorher das Zeitliche gesegnet.<\/p>\n<p style=\"text-align: justify;\">Auch andere Schilder in der Schlucht berichten von einer bewegten Vergangenheit:<\/p>\n<p style=\"text-align: justify;\"><a href=\"https:\/\/www.vergissmi.net\/wp-content\/uploads\/2015\/11\/SaSo3-6-Large.jpg\" rel=\"lightbox[2068]\"><img loading=\"lazy\" decoding=\"async\" class=\"aligncenter size-large wp-image-2075\" src=\"https:\/\/www.vergissmi.net\/wp-content\/uploads\/2015\/11\/SaSo3-6-Large-1024x678.jpg\" alt=\"SaSo3-6 (Large)\" width=\"640\" height=\"424\" srcset=\"https:\/\/www.vergissmi.net\/wp-content\/uploads\/2015\/11\/SaSo3-6-Large-1024x678.jpg 1024w, https:\/\/www.vergissmi.net\/wp-content\/uploads\/2015\/11\/SaSo3-6-Large-300x199.jpg 300w, https:\/\/www.vergissmi.net\/wp-content\/uploads\/2015\/11\/SaSo3-6-Large.jpg 1630w\" sizes=\"(max-width: 640px) 100vw, 640px\" \/><\/a><\/p>\n<p style=\"text-align: justify;\">Irgendwann nahm das Schluchtzen ein Ende, und eine weite nieder\u00f6sterreichische Ebene, die dem westlichen Rand des Wiener Beckens zugerechnet wird, \u00f6ffnet sich. Also nicht ganz: Beeindruckend, mit welcher &#8211; gartengestalterisch originellen &#8211; Konsequenz man hier den Mitmenschen signalisiert &#8230;<\/p>\n<p style=\"text-align: justify;\"><a href=\"https:\/\/www.vergissmi.net\/wp-content\/uploads\/2015\/11\/SaSo3-7-Large.jpg\" rel=\"lightbox[2068]\"><img loading=\"lazy\" decoding=\"async\" class=\"aligncenter size-large wp-image-2076\" src=\"https:\/\/www.vergissmi.net\/wp-content\/uploads\/2015\/11\/SaSo3-7-Large-1024x576.jpg\" alt=\"SaSo3-7 (Large)\" width=\"640\" height=\"360\" srcset=\"https:\/\/www.vergissmi.net\/wp-content\/uploads\/2015\/11\/SaSo3-7-Large-1024x576.jpg 1024w, https:\/\/www.vergissmi.net\/wp-content\/uploads\/2015\/11\/SaSo3-7-Large-300x169.jpg 300w, https:\/\/www.vergissmi.net\/wp-content\/uploads\/2015\/11\/SaSo3-7-Large.jpg 1920w\" sizes=\"(max-width: 640px) 100vw, 640px\" \/><\/a><\/p>\n<p style=\"text-align: justify;\">&#8230; dass einem seine Privatsph\u00e4re <strong>wirklich sehr<\/strong> am Herzen liegt.<\/p>\n<p style=\"text-align: justify;\"><a href=\"https:\/\/www.vergissmi.net\/wp-content\/uploads\/2015\/11\/SaSo3-8-Large.jpg\" rel=\"lightbox[2068]\"><img loading=\"lazy\" decoding=\"async\" class=\"aligncenter size-large wp-image-2077\" src=\"https:\/\/www.vergissmi.net\/wp-content\/uploads\/2015\/11\/SaSo3-8-Large-1024x576.jpg\" alt=\"SaSo3-8 (Large)\" width=\"640\" height=\"360\" srcset=\"https:\/\/www.vergissmi.net\/wp-content\/uploads\/2015\/11\/SaSo3-8-Large-1024x576.jpg 1024w, https:\/\/www.vergissmi.net\/wp-content\/uploads\/2015\/11\/SaSo3-8-Large-300x169.jpg 300w, https:\/\/www.vergissmi.net\/wp-content\/uploads\/2015\/11\/SaSo3-8-Large.jpg 1920w\" sizes=\"(max-width: 640px) 100vw, 640px\" \/><\/a><\/p>\n<p style=\"text-align: justify;\">So war es mir ein Leichtes, unbemerkt weite Teile Nieder\u00f6sterreichs zu durchstreifen, denn sehen konnte mich auf den Wegen zwischen W\u00fcrflach und Pitten eigentlich niemand. Dieser Abschnitt war \u00fcbrigens &#8220;unerwartet&#8221; sch\u00f6n &#8211; denn wer den Burgenl\u00e4ndischen Mariazellerweg an der Asphaltfolter im Halltal misst (siehe <a href=\"https:\/\/www.vergissmi.net\/?p=1999\" target=\"_blank\">Bericht II<\/a>), tut ihm unrecht.<\/p>\n<p style=\"text-align: justify;\">Am Weg nach Pitten ging es sich haarscharf aus, dass ich zur Abwechslung wieder mal ohne Taschenlampe ins Quartier gefunden habe. Diesmal beendeten die Sonne und ich den Tageslauf ziemlich gleichzeitig.<\/p>\n<p style=\"text-align: justify;\"><a href=\"https:\/\/www.vergissmi.net\/wp-content\/uploads\/2015\/11\/SaSo3-9-Large.jpg\" rel=\"lightbox[2068]\"><img loading=\"lazy\" decoding=\"async\" class=\"aligncenter size-large wp-image-2078\" src=\"https:\/\/www.vergissmi.net\/wp-content\/uploads\/2015\/11\/SaSo3-9-Large-1024x576.jpg\" alt=\"SaSo3-9 (Large)\" width=\"640\" height=\"360\" srcset=\"https:\/\/www.vergissmi.net\/wp-content\/uploads\/2015\/11\/SaSo3-9-Large-1024x576.jpg 1024w, https:\/\/www.vergissmi.net\/wp-content\/uploads\/2015\/11\/SaSo3-9-Large-300x169.jpg 300w, https:\/\/www.vergissmi.net\/wp-content\/uploads\/2015\/11\/SaSo3-9-Large.jpg 1920w\" sizes=\"(max-width: 640px) 100vw, 640px\" \/><\/a><\/p>\n<p style=\"text-align: justify;\">Die Nacht in Pitten war von unterschiedlichen Eindr\u00fccken gepr\u00e4gt. Einerseits war da das sehr gute Essen und ein unerwartet gutes Bier, welches zum gedeihlichen Tagesausklang sein Scherflein beitrug. Unerwartet gutes Bier deshalb, weil ich den ganzen Tag \u00fcber schon Sorge in mir trug, dass aus Pitten wom\u00f6glich das &#8220;Pittinger&#8221; herkommt. Das entpuppte sich dann aber gl\u00fccklicherweise als dummer Trugschluss, und so beschloss ich, dieses Gl\u00fcck, das ein Mensch allein nur schwer ertragen kann, zu genie\u00dfen, bis mir die \u00c4uglein zufallen w\u00fcrden.<\/p>\n<p style=\"text-align: justify;\">Da wusste ich allerdings noch nicht, dass sich heute Nacht im Nachbarzimmer, von dem mich nur eine <a href=\"https:\/\/de.wikipedia.org\/wiki\/Fusuma\" target=\"_blank\">Fusuma<\/a>-\u00e4hnliche Konstruktion trennt, ein russisches P\u00e4rchen \u00fcber gef\u00fchlte 11 russische Zeitzonen lang die Seele aus dem Leib &#8220;k\u00f6rpern&#8221; w\u00fcrde, wie Freund Herfried sich auszudr\u00fccken pflegt.<\/p>\n<p style=\"text-align: justify;\">Der n\u00e4chste Tag begann vers\u00f6hnlich.<\/p>\n<p style=\"text-align: justify;\"><a href=\"https:\/\/www.vergissmi.net\/wp-content\/uploads\/2015\/11\/SaSo3-10-Large.jpg\" rel=\"lightbox[2068]\"><img loading=\"lazy\" decoding=\"async\" class=\"aligncenter size-large wp-image-2079\" src=\"https:\/\/www.vergissmi.net\/wp-content\/uploads\/2015\/11\/SaSo3-10-Large-1024x576.jpg\" alt=\"SaSo3-10 (Large)\" width=\"640\" height=\"360\" srcset=\"https:\/\/www.vergissmi.net\/wp-content\/uploads\/2015\/11\/SaSo3-10-Large-1024x576.jpg 1024w, https:\/\/www.vergissmi.net\/wp-content\/uploads\/2015\/11\/SaSo3-10-Large-300x169.jpg 300w, https:\/\/www.vergissmi.net\/wp-content\/uploads\/2015\/11\/SaSo3-10-Large.jpg 1920w\" sizes=\"(max-width: 640px) 100vw, 640px\" \/><\/a><\/p>\n<p style=\"text-align: justify;\">Heute gilt es, einige H\u00f6henmeter zu machen, um die Burgenl\u00e4ndische Landesgrenze an ihrer widrigen Westflanke zu durchsto\u00dfen. Von allen Seiten, die es dem Wandersmann erm\u00f6glichen, ins Burgenland einzufallen, ist der Aufstieg zur Rosalia der wohl h\u00e4rteste. Nicht dass hier Gefahr bestehen w\u00fcrde, ohne Seilsicherung ins Verderben zu st\u00fcrzen &#8230;<\/p>\n<p style=\"text-align: justify;\"><a href=\"https:\/\/www.vergissmi.net\/wp-content\/uploads\/2015\/11\/SaSo3-11-Large.jpg\" rel=\"lightbox[2068]\"><img loading=\"lazy\" decoding=\"async\" class=\"aligncenter size-large wp-image-2080\" src=\"https:\/\/www.vergissmi.net\/wp-content\/uploads\/2015\/11\/SaSo3-11-Large-1024x576.jpg\" alt=\"SaSo3-11 (Large)\" width=\"640\" height=\"360\" srcset=\"https:\/\/www.vergissmi.net\/wp-content\/uploads\/2015\/11\/SaSo3-11-Large-1024x576.jpg 1024w, https:\/\/www.vergissmi.net\/wp-content\/uploads\/2015\/11\/SaSo3-11-Large-300x169.jpg 300w, https:\/\/www.vergissmi.net\/wp-content\/uploads\/2015\/11\/SaSo3-11-Large.jpg 1920w\" sizes=\"(max-width: 640px) 100vw, 640px\" \/><\/a><\/p>\n<p style=\"text-align: justify;\">&#8230; dennoch geht es unerwartet lange unerwartet weit nach oben. Doch: Das St\u00fcck von der Buckligen Welt auf die Rosalia war wieder ein v\u00f6llig neuer, bunter Abschnitt auf dieser Tour und ich war happy &#8211; viel Laub flog durch die Luft, rotgoldgelb, knisterknaster, eh schon wissen.<\/p>\n<p style=\"text-align: justify;\"><a href=\"https:\/\/www.vergissmi.net\/wp-content\/uploads\/2015\/11\/SaSo3-12-Large.jpg\" rel=\"lightbox[2068]\"><img loading=\"lazy\" decoding=\"async\" class=\"aligncenter size-large wp-image-2081\" src=\"https:\/\/www.vergissmi.net\/wp-content\/uploads\/2015\/11\/SaSo3-12-Large-1024x576.jpg\" alt=\"SaSo3-12 (Large)\" width=\"640\" height=\"360\" srcset=\"https:\/\/www.vergissmi.net\/wp-content\/uploads\/2015\/11\/SaSo3-12-Large-1024x576.jpg 1024w, https:\/\/www.vergissmi.net\/wp-content\/uploads\/2015\/11\/SaSo3-12-Large-800x450.jpg 800w, https:\/\/www.vergissmi.net\/wp-content\/uploads\/2015\/11\/SaSo3-12-Large-300x169.jpg 300w, https:\/\/www.vergissmi.net\/wp-content\/uploads\/2015\/11\/SaSo3-12-Large.jpg 1920w\" sizes=\"(max-width: 640px) 100vw, 640px\" \/><\/a><\/p>\n<p style=\"text-align: justify;\">Teil III der Tour, und es folgt schon wieder ein Foto ohne Leute drauf. Dass, was mir meine fachkundigen Freunde in der Tourismusbranche in hohem Bogen zur\u00fcckwerfen w\u00fcrden, ist f\u00fcr mich heute Ausdruck gro\u00dfer Lebensfreude &#8211; Ja, es war au\u00dfer mir _wirklich_ niemand unterwegs &#8211; aber ich habe gelernt, damit umzugehen.<\/p>\n<p style=\"text-align: justify;\"><a href=\"https:\/\/www.vergissmi.net\/wp-content\/uploads\/2015\/11\/SaSo3-13-Large.jpg\" rel=\"lightbox[2068]\"><img loading=\"lazy\" decoding=\"async\" class=\"aligncenter size-large wp-image-2082\" src=\"https:\/\/www.vergissmi.net\/wp-content\/uploads\/2015\/11\/SaSo3-13-Large-576x1024.jpg\" alt=\"SaSo3-13 (Large)\" width=\"576\" height=\"1024\" srcset=\"https:\/\/www.vergissmi.net\/wp-content\/uploads\/2015\/11\/SaSo3-13-Large-576x1024.jpg 576w, https:\/\/www.vergissmi.net\/wp-content\/uploads\/2015\/11\/SaSo3-13-Large-169x300.jpg 169w, https:\/\/www.vergissmi.net\/wp-content\/uploads\/2015\/11\/SaSo3-13-Large.jpg 1080w\" sizes=\"(max-width: 576px) 100vw, 576px\" \/><\/a><\/p>\n<p style=\"text-align: justify;\">Ganz anders in Forchtenstein, an einem sonnigen Sonntag, dem 1. November 2015. Die Tour heute war etwas k\u00fcrzer, und so beschlie\u00dfe ich, die verbleibenden 1-2 Sonnenstunden am Wachturm der Burgtaverne ausklingen zu lassen, bevor ich bei unserem, seit Jahrzehnten als einziges Basislager f\u00fcr Weitwanderer diensthabenden Gasthof Sauerzapf um ein Gemach anklopfe.<\/p>\n<p style=\"text-align: justify;\"><a href=\"https:\/\/www.vergissmi.net\/wp-content\/uploads\/2015\/11\/SaSo3-14-Large.jpg\" rel=\"lightbox[2068]\"><img loading=\"lazy\" decoding=\"async\" class=\"aligncenter size-large wp-image-2083\" src=\"https:\/\/www.vergissmi.net\/wp-content\/uploads\/2015\/11\/SaSo3-14-Large-1024x576.jpg\" alt=\"SaSo3-14 (Large)\" width=\"640\" height=\"360\" srcset=\"https:\/\/www.vergissmi.net\/wp-content\/uploads\/2015\/11\/SaSo3-14-Large-1024x576.jpg 1024w, https:\/\/www.vergissmi.net\/wp-content\/uploads\/2015\/11\/SaSo3-14-Large-300x169.jpg 300w, https:\/\/www.vergissmi.net\/wp-content\/uploads\/2015\/11\/SaSo3-14-Large.jpg 1920w\" sizes=\"(max-width: 640px) 100vw, 640px\" \/><\/a><\/p>\n<p style=\"text-align: justify;\">Tags darauf mache ich nach dem Fr\u00fchst\u00fcck einen kleinen Umweg, um die Burg bei meinem (nach <a href=\"https:\/\/www.vergissmi.net\/?p=1811\" target=\"_blank\">Zentralalpenweg <\/a>und <a href=\"https:\/\/www.vergissmi.net\/?p=928\" target=\"_blank\">Ost\u00f6sterreichischem Grenzlandweg)<\/a> dritten Zu-Fu\u00df-Besuch auch einmal im Ganzen zu sehen &#8230;<\/p>\n<p style=\"text-align: justify;\"><a href=\"https:\/\/www.vergissmi.net\/wp-content\/uploads\/2015\/11\/SaSo3-15-Large.jpg\" rel=\"lightbox[2068]\"><img loading=\"lazy\" decoding=\"async\" class=\"aligncenter size-large wp-image-2084\" src=\"https:\/\/www.vergissmi.net\/wp-content\/uploads\/2015\/11\/SaSo3-15-Large-1024x576.jpg\" alt=\"SaSo3-15 (Large)\" width=\"640\" height=\"360\" srcset=\"https:\/\/www.vergissmi.net\/wp-content\/uploads\/2015\/11\/SaSo3-15-Large-1024x576.jpg 1024w, https:\/\/www.vergissmi.net\/wp-content\/uploads\/2015\/11\/SaSo3-15-Large-300x169.jpg 300w, https:\/\/www.vergissmi.net\/wp-content\/uploads\/2015\/11\/SaSo3-15-Large.jpg 1920w\" sizes=\"(max-width: 640px) 100vw, 640px\" \/><\/a><\/p>\n<p style=\"text-align: justify;\">&#8230; und gerate so in die H\u00fcgelwelt rund um Wiesen &#8211; den \u00c4lteren vom Jazzfest, den J\u00fcngeren wegen anderer Krawallstopp&#8217;l bekannt. Mich begeistert ein Baum &#8230;<\/p>\n<p style=\"text-align: justify;\"><a href=\"https:\/\/www.vergissmi.net\/wp-content\/uploads\/2015\/11\/SaSo3-16-Large.jpg\" rel=\"lightbox[2068]\"><img loading=\"lazy\" decoding=\"async\" class=\"aligncenter size-large wp-image-2085\" src=\"https:\/\/www.vergissmi.net\/wp-content\/uploads\/2015\/11\/SaSo3-16-Large-1024x576.jpg\" alt=\"SaSo3-16 (Large)\" width=\"640\" height=\"360\" srcset=\"https:\/\/www.vergissmi.net\/wp-content\/uploads\/2015\/11\/SaSo3-16-Large-1024x576.jpg 1024w, https:\/\/www.vergissmi.net\/wp-content\/uploads\/2015\/11\/SaSo3-16-Large-800x450.jpg 800w, https:\/\/www.vergissmi.net\/wp-content\/uploads\/2015\/11\/SaSo3-16-Large-300x169.jpg 300w, https:\/\/www.vergissmi.net\/wp-content\/uploads\/2015\/11\/SaSo3-16-Large.jpg 1920w\" sizes=\"(max-width: 640px) 100vw, 640px\" \/><\/a><\/p>\n<p style=\"text-align: justify;\">&#8230; und deren mehr &#8230;<\/p>\n<p style=\"text-align: justify;\"><a href=\"https:\/\/www.vergissmi.net\/wp-content\/uploads\/2015\/11\/SaSo3-17-Large.jpg\" rel=\"lightbox[2068]\"><img loading=\"lazy\" decoding=\"async\" class=\"aligncenter size-large wp-image-2086\" src=\"https:\/\/www.vergissmi.net\/wp-content\/uploads\/2015\/11\/SaSo3-17-Large-1024x576.jpg\" alt=\"SaSo3-17 (Large)\" width=\"640\" height=\"360\" srcset=\"https:\/\/www.vergissmi.net\/wp-content\/uploads\/2015\/11\/SaSo3-17-Large-1024x576.jpg 1024w, https:\/\/www.vergissmi.net\/wp-content\/uploads\/2015\/11\/SaSo3-17-Large-300x169.jpg 300w, https:\/\/www.vergissmi.net\/wp-content\/uploads\/2015\/11\/SaSo3-17-Large.jpg 1920w\" sizes=\"(max-width: 640px) 100vw, 640px\" \/><\/a><\/p>\n<p style=\"text-align: justify;\">&#8230; und &#8220;<a href=\"https:\/\/gipfelrast.at\/2015\/11\/grabenlandtrail-ostroute\/\" target=\"_blank\">stibitze<\/a>&#8220;, wie Freund Gert unser verwerfliches Tun bezeichnet, alles, was am Baum der Erkenntnis eingedenk der beiden Russen, die gestern das Wiener Becken beben lie\u00dfen, noch oben ist.<\/p>\n<p style=\"text-align: justify;\"><a href=\"https:\/\/www.vergissmi.net\/wp-content\/uploads\/2015\/11\/SaSo3-18-Large.jpg\" rel=\"lightbox[2068]\"><img loading=\"lazy\" decoding=\"async\" class=\"aligncenter size-large wp-image-2087\" src=\"https:\/\/www.vergissmi.net\/wp-content\/uploads\/2015\/11\/SaSo3-18-Large-1024x576.jpg\" alt=\"SaSo3-18 (Large)\" width=\"640\" height=\"360\" srcset=\"https:\/\/www.vergissmi.net\/wp-content\/uploads\/2015\/11\/SaSo3-18-Large-1024x576.jpg 1024w, https:\/\/www.vergissmi.net\/wp-content\/uploads\/2015\/11\/SaSo3-18-Large-300x169.jpg 300w, https:\/\/www.vergissmi.net\/wp-content\/uploads\/2015\/11\/SaSo3-18-Large.jpg 1920w\" sizes=\"(max-width: 640px) 100vw, 640px\" \/><\/a><\/p>\n<p style=\"text-align: justify;\">Doch irgendwann macht sich leise Melancholie breit &#8230; nur mehr 30 Kilometer &#8230; tops &#8230; dann isser vorbei, der Spass. Geschultert wird die Last der schweren Gedanken &#8230;<\/p>\n<p style=\"text-align: justify;\"><a href=\"https:\/\/www.vergissmi.net\/wp-content\/uploads\/2015\/11\/SaSo3-19-Large.jpg\" rel=\"lightbox[2068]\"><img loading=\"lazy\" decoding=\"async\" class=\"aligncenter size-large wp-image-2088\" src=\"https:\/\/www.vergissmi.net\/wp-content\/uploads\/2015\/11\/SaSo3-19-Large-576x1024.jpg\" alt=\"SaSo3-19 (Large)\" width=\"576\" height=\"1024\" srcset=\"https:\/\/www.vergissmi.net\/wp-content\/uploads\/2015\/11\/SaSo3-19-Large-576x1024.jpg 576w, https:\/\/www.vergissmi.net\/wp-content\/uploads\/2015\/11\/SaSo3-19-Large-169x300.jpg 169w, https:\/\/www.vergissmi.net\/wp-content\/uploads\/2015\/11\/SaSo3-19-Large.jpg 1080w\" sizes=\"(max-width: 576px) 100vw, 576px\" \/><\/a><\/p>\n<p style=\"text-align: justify;\">&#8230; um auf Eisenstadt zuzupilgern &#8211; dem, nach Mariazell, zweiten gro\u00dfen Ziel der Reise. Mehrmals wurde ich unterwegs gefragt, warum ich ausgerechnet von Salzburg nach Sopron gehe. Eine wirklich gute Antwort darauf habe ich nicht. Vielleicht weil es bei der Planung im letzten Winter auf der Karte einfach gut aussah.<\/p>\n<p style=\"text-align: justify;\"><a href=\"https:\/\/www.vergissmi.net\/wp-content\/uploads\/2015\/11\/sa-so.png\" rel=\"lightbox[2068]\"><img loading=\"lazy\" decoding=\"async\" class=\"aligncenter size-full wp-image-2098\" src=\"https:\/\/www.vergissmi.net\/wp-content\/uploads\/2015\/11\/sa-so.png\" alt=\"sa-so\" width=\"783\" height=\"429\" srcset=\"https:\/\/www.vergissmi.net\/wp-content\/uploads\/2015\/11\/sa-so.png 783w, https:\/\/www.vergissmi.net\/wp-content\/uploads\/2015\/11\/sa-so-300x164.png 300w\" sizes=\"(max-width: 783px) 100vw, 783px\" \/><\/a>Oder mir &#8220;<em>Von Salz- nach \u00d6denburg<\/em>&#8221; gefallen hat. Oder weil ich das Gef\u00fchl hatte, dass <em>&#8220;Von Salzburg nach Eisenstadt&#8221;<\/em> nicht ann\u00e4hernd so nach den 450 Kilometern dazwischen klingt, wie es <em>&#8220;Von Salzburg nach Sopron&#8221;<\/em> tut.<\/p>\n<p style=\"text-align: justify;\">Irgendwo bei 430 Kilometern &#8211; ja, das ist wirklich ein seeehr langer Weingarten &#8211; \u00f6ffnet sich der erste Blick auf die Hauptstadt &#8230;<\/p>\n<p style=\"text-align: justify;\"><a href=\"https:\/\/www.vergissmi.net\/wp-content\/uploads\/2015\/11\/SaSo3-20-Large.jpg\" rel=\"lightbox[2068]\"><img loading=\"lazy\" decoding=\"async\" class=\"aligncenter size-large wp-image-2089\" src=\"https:\/\/www.vergissmi.net\/wp-content\/uploads\/2015\/11\/SaSo3-20-Large-1024x576.jpg\" alt=\"SaSo3-20 (Large)\" width=\"640\" height=\"360\" srcset=\"https:\/\/www.vergissmi.net\/wp-content\/uploads\/2015\/11\/SaSo3-20-Large-1024x576.jpg 1024w, https:\/\/www.vergissmi.net\/wp-content\/uploads\/2015\/11\/SaSo3-20-Large-300x169.jpg 300w, https:\/\/www.vergissmi.net\/wp-content\/uploads\/2015\/11\/SaSo3-20-Large.jpg 1920w\" sizes=\"(max-width: 640px) 100vw, 640px\" \/><\/a><\/p>\n<p style=\"text-align: justify;\">&#8230; und gesch\u00e4tzte 200.000 Rebst\u00f6cke sp\u00e4ter waren es tats\u00e4chlich 450 Kilometer.<\/p>\n<p style=\"text-align: justify;\"><a href=\"https:\/\/www.vergissmi.net\/wp-content\/uploads\/2015\/11\/SaSo3-21-Large.jpg\" rel=\"lightbox[2068]\"><img loading=\"lazy\" decoding=\"async\" class=\"aligncenter size-large wp-image-2090\" src=\"https:\/\/www.vergissmi.net\/wp-content\/uploads\/2015\/11\/SaSo3-21-Large-678x1024.jpg\" alt=\"SaSo3-21 (Large)\" width=\"640\" height=\"967\" srcset=\"https:\/\/www.vergissmi.net\/wp-content\/uploads\/2015\/11\/SaSo3-21-Large-678x1024.jpg 678w, https:\/\/www.vergissmi.net\/wp-content\/uploads\/2015\/11\/SaSo3-21-Large-199x300.jpg 199w, https:\/\/www.vergissmi.net\/wp-content\/uploads\/2015\/11\/SaSo3-21-Large.jpg 1080w\" sizes=\"(max-width: 640px) 100vw, 640px\" \/><\/a><\/p>\n<p style=\"text-align: justify;\">Und so blieben f\u00fcr den letzten Tag der Tour nur mehr rund 25 durchaus gem\u00fctliche Kilometer mit viel sch\u00f6nem Krautwerk links und rechts.<\/p>\n<p style=\"text-align: justify;\"><a href=\"https:\/\/www.vergissmi.net\/wp-content\/uploads\/2015\/11\/SaSo3-22-Large.jpg\" rel=\"lightbox[2068]\"><img loading=\"lazy\" decoding=\"async\" class=\"aligncenter size-large wp-image-2091\" src=\"https:\/\/www.vergissmi.net\/wp-content\/uploads\/2015\/11\/SaSo3-22-Large-1024x576.jpg\" alt=\"SaSo3-22 (Large)\" width=\"640\" height=\"360\" srcset=\"https:\/\/www.vergissmi.net\/wp-content\/uploads\/2015\/11\/SaSo3-22-Large-1024x576.jpg 1024w, https:\/\/www.vergissmi.net\/wp-content\/uploads\/2015\/11\/SaSo3-22-Large-300x169.jpg 300w, https:\/\/www.vergissmi.net\/wp-content\/uploads\/2015\/11\/SaSo3-22-Large.jpg 1920w\" sizes=\"(max-width: 640px) 100vw, 640px\" \/><\/a><\/p>\n<p style=\"text-align: justify;\">Irgendwann, fast h\u00e4tt ich&#8217;s \u00fcbersehen &#8230;<\/p>\n<p style=\"text-align: justify;\"><a href=\"https:\/\/www.vergissmi.net\/wp-content\/uploads\/2015\/11\/SaSo3-23-Large.jpg\" rel=\"lightbox[2068]\"><img loading=\"lazy\" decoding=\"async\" class=\"aligncenter size-large wp-image-2092\" src=\"https:\/\/www.vergissmi.net\/wp-content\/uploads\/2015\/11\/SaSo3-23-Large-1024x576.jpg\" alt=\"SaSo3-23 (Large)\" width=\"640\" height=\"360\" srcset=\"https:\/\/www.vergissmi.net\/wp-content\/uploads\/2015\/11\/SaSo3-23-Large-1024x576.jpg 1024w, https:\/\/www.vergissmi.net\/wp-content\/uploads\/2015\/11\/SaSo3-23-Large-300x169.jpg 300w, https:\/\/www.vergissmi.net\/wp-content\/uploads\/2015\/11\/SaSo3-23-Large.jpg 1920w\" sizes=\"(max-width: 640px) 100vw, 640px\" \/><\/a><\/p>\n<p style=\"text-align: justify;\">&#8230; ein Stein &#8230;<\/p>\n<p style=\"text-align: justify;\"><a href=\"https:\/\/www.vergissmi.net\/wp-content\/uploads\/2015\/11\/SaSo3-24-Large.jpg\" rel=\"lightbox[2068]\"><img loading=\"lazy\" decoding=\"async\" class=\"aligncenter size-large wp-image-2093\" src=\"https:\/\/www.vergissmi.net\/wp-content\/uploads\/2015\/11\/SaSo3-24-Large-576x1024.jpg\" alt=\"SaSo3-24 (Large)\" width=\"576\" height=\"1024\" srcset=\"https:\/\/www.vergissmi.net\/wp-content\/uploads\/2015\/11\/SaSo3-24-Large-576x1024.jpg 576w, https:\/\/www.vergissmi.net\/wp-content\/uploads\/2015\/11\/SaSo3-24-Large-169x300.jpg 169w, https:\/\/www.vergissmi.net\/wp-content\/uploads\/2015\/11\/SaSo3-24-Large.jpg 1080w\" sizes=\"(max-width: 576px) 100vw, 576px\" \/><\/a><\/p>\n<p style=\"text-align: justify;\">&#8230; und nun war&#8217;s egal, wie lange ich nun noch bis in die Stadtmitte von Sopron brauche &#8230; v\u00f6llig egal n\u00e4mlich &#8230;<\/p>\n<p style=\"text-align: justify;\"><a href=\"https:\/\/www.vergissmi.net\/wp-content\/uploads\/2015\/11\/SaSo3-25-Large.jpg\" rel=\"lightbox[2068]\"><img loading=\"lazy\" decoding=\"async\" class=\"aligncenter size-large wp-image-2094\" src=\"https:\/\/www.vergissmi.net\/wp-content\/uploads\/2015\/11\/SaSo3-25-Large-576x1024.jpg\" alt=\"SaSo3-25 (Large)\" width=\"576\" height=\"1024\" srcset=\"https:\/\/www.vergissmi.net\/wp-content\/uploads\/2015\/11\/SaSo3-25-Large-576x1024.jpg 576w, https:\/\/www.vergissmi.net\/wp-content\/uploads\/2015\/11\/SaSo3-25-Large-169x300.jpg 169w, https:\/\/www.vergissmi.net\/wp-content\/uploads\/2015\/11\/SaSo3-25-Large.jpg 1080w\" sizes=\"(max-width: 576px) 100vw, 576px\" \/><\/a><\/p>\n<p style=\"text-align: justify;\">&#8230; denn jetzt, nach diesem wohl einmaligen Saisonabschluss, habe ich alle Zeit der Welt.<\/p>\n<p style=\"text-align: justify;\">&#8212;<br \/>\n<strong><a href=\"https:\/\/www.vergissmi.net\/?p=1999\">Zu Teil I<br \/>\nZu Teil II<\/a><\/strong><\/p>\n","protected":false},"excerpt":{"rendered":"<div class=\"tmnf_excerpt\"><div class=\"tmnf_excerpt\"><p>Der Salzburger ist glaubich nicht der l\u00e4ngste, und der Burgenl\u00e4nder ist glaubich nicht der k\u00fcrzeste aller Wallfahrtspfade nach Mariazell. Mir ist&#8217;s aber eh wurscht, ich will nach Sopron &#8211; und darum geht&#8217;s im dritten Teil der Reise.<\/p>\n<\/div><\/div>","protected":false},"author":61,"featured_media":2081,"comment_status":"open","ping_status":"open","sticky":false,"template":"","format":"standard","meta":{"_s2mail":"yes","footnotes":""},"categories":[171,156,163,165,160,155],"tags":[37,125,123,126,17,96,49,27,26,71,124,64,112,113,29,79],"class_list":["post-2068","post","type-post","status-publish","format-standard","has-post-thumbnail","hentry","category-06-mariazellerweg","category-oesterreich","category-burgenland","category-niederoesterreich","category-steiermark","category-weitwandern","tag-oesterreich","tag-bucklige-welt","tag-burgenland","tag-126","tag-landschaft","tag-mariazellerweg","tag-mehrtagestour","tag-noe","tag-niederoesterreich","tag-steiermark","tag-ungarn","tag-weitwandern","tag-weitwanderweg-06","tag-www06","tag-www07","tag-zentralalpenweg","gallery-content-unit"],"_links":{"self":[{"href":"https:\/\/www.vergissmi.net\/index.php?rest_route=\/wp\/v2\/posts\/2068","targetHints":{"allow":["GET"]}}],"collection":[{"href":"https:\/\/www.vergissmi.net\/index.php?rest_route=\/wp\/v2\/posts"}],"about":[{"href":"https:\/\/www.vergissmi.net\/index.php?rest_route=\/wp\/v2\/types\/post"}],"author":[{"embeddable":true,"href":"https:\/\/www.vergissmi.net\/index.php?rest_route=\/wp\/v2\/users\/61"}],"replies":[{"embeddable":true,"href":"https:\/\/www.vergissmi.net\/index.php?rest_route=%2Fwp%2Fv2%2Fcomments&post=2068"}],"version-history":[{"count":15,"href":"https:\/\/www.vergissmi.net\/index.php?rest_route=\/wp\/v2\/posts\/2068\/revisions"}],"predecessor-version":[{"id":2305,"href":"https:\/\/www.vergissmi.net\/index.php?rest_route=\/wp\/v2\/posts\/2068\/revisions\/2305"}],"wp:featuredmedia":[{"embeddable":true,"href":"https:\/\/www.vergissmi.net\/index.php?rest_route=\/wp\/v2\/media\/2081"}],"wp:attachment":[{"href":"https:\/\/www.vergissmi.net\/index.php?rest_route=%2Fwp%2Fv2%2Fmedia&parent=2068"}],"wp:term":[{"taxonomy":"category","embeddable":true,"href":"https:\/\/www.vergissmi.net\/index.php?rest_route=%2Fwp%2Fv2%2Fcategories&post=2068"},{"taxonomy":"post_tag","embeddable":true,"href":"https:\/\/www.vergissmi.net\/index.php?rest_route=%2Fwp%2Fv2%2Ftags&post=2068"}],"curies":[{"name":"wp","href":"https:\/\/api.w.org\/{rel}","templated":true}]}}