{"id":2623,"date":"2016-03-11T12:55:28","date_gmt":"2016-03-11T11:55:28","guid":{"rendered":"http:\/\/www.vergissmi.net\/?p=2623"},"modified":"2016-03-15T15:44:13","modified_gmt":"2016-03-15T14:44:13","slug":"kaefer-fritz-erika-suedalpenweg-fuehrer-zum-oesterreichischen-weitwanderweg-03","status":"publish","type":"post","link":"https:\/\/www.vergissmi.net\/?p=2623","title":{"rendered":"K\u00c4FER, Erika &#038; Fritz: S\u00fcdalpenweg \u2013 F\u00fchrer zum \u00d6sterreichischen Weitwanderweg 03"},"content":{"rendered":"<p style=\"text-align: justify;\"><em><strong>Nicht viele Autoren k\u00f6nnen von sich behaupten, die Basisliteratur f\u00fcr 8000 Wanderkilometer verfasst zu haben. Auch das fesche B\u00fcchlein zum S\u00fcdalpenweg stammt aus der Feder des Weitwander-Ehepaares Erika und Fritz K\u00e4fer, die sich in \u00d6sterreich seit vier Jahrzehnten ehrenamtlich f\u00fcr das heimische Weitwandergeschehen engagieren. <\/strong><br \/>\n<\/em><!--more--><\/p>\n<p style=\"text-align: justify;\">Neben diesem Buch verfassten die Beiden weitere 14 Wanderb\u00fccher zu 11 \u00f6sterreichischen Weitwanderwegen. Sechs dieser Strecken haben Astrid &amp; moi zur G\u00e4nze begangen, und auf Nummer Sieben biegen wir gerade auf die Zielgerade. Auf all diesen Touren haben uns Erika &amp; Fritz im Rucksack begleitet. Die erw\u00e4hnten B\u00fccher werden von der <a href=\"http:\/\/www.alpenverein.at\/weitwanderer\/\" target=\"_blank\">Sektion Weitwanderer des \u00d6sterreichischen Alpenvereines<\/a> st\u00e4ndig aktualisiert und erscheinen &#8211; je nach Nachfrage &#8211; teilweise mehrmals im Jahr. Man m\u00f6chte ja gar nicht glauben, wieviele Weitwanderer es gibt: Allein im Vorjahr wurden 1400 B\u00fccher verkauft.<\/p>\n<p style=\"text-align: justify;\"><a href=\"https:\/\/www.vergissmi.net\/wp-content\/uploads\/2016\/03\/Buchcover_Kaefer_Suedalpenweg.jpg\" rel=\"attachment wp-att-2624\" rel=\"lightbox[2623]\"><img fetchpriority=\"high\" decoding=\"async\" class=\"aligncenter wp-image-2624\" src=\"https:\/\/www.vergissmi.net\/wp-content\/uploads\/2016\/03\/Buchcover_Kaefer_Suedalpenweg.jpg\" alt=\"Buchcover_Kaefer_Suedalpenweg\" width=\"194\" height=\"414\" \/><\/a><\/p>\n<p style=\"text-align: justify;\">Durch die enge Anbindung an die Arbeit des Alpenvereines werden relevante Informationen (wie die Verlegung von Wegabschnitten, \u00c4nderungen der Einkehr- und Unterkunftsdaten) sofort in die Textvorlage eingepflegt. Zudem ist die Sektion Weitwanderer sehr gut in der aktiven Weitwanderszene vernetzt, womit viele Informationen zu Markierungen, Wegzustand etc. an die Autoren flie\u00dfen. Die &#8220;K\u00e4fer-B\u00fccher&#8221; haben so einen unsch\u00e4tzbaren Vorteil gegen\u00fcber anderen Weitwanderb\u00fcchern, die als Sparteninteresse fallweise nur einmal im Jahrzehnt neu aufgelegt werden. Manchmal sind die Erscheinungsintervalle sogar so gro\u00df, dass Etappen, die in \u00e4lteren Ausgaben noch in 2,5 Stunden zu schaffen waren, aufgrund der inzwischen erfolgten tektonischen Plattenverschiebungen inzwischen mehr als vier Stunden in Anspruch nehmen.<\/p>\n<p style=\"text-align: justify;\">Zur\u00fcck zum S\u00fcdalpenweg: Die Beschreibung wie auch der Weg selbst beginnen in Bad Radkersburg, dem \u00f6stlichen Ende des S\u00fcdalpenweges. Entlang der \u00f6sterreichischen Staatsgrenze zu Slowenien geht es nach Westen. Auf H\u00f6he der \u00f6stlichen Karawankenausl\u00e4ufer gelangt man nach K\u00e4rnten. Obwohl es Wanderwege gibt, die n\u00e4her am Hauptkamm verlaufen, hei\u00dft es hier in S\u00fcdk\u00e4rnten \u00f6fters, von der Grenze Abschied zu nehmen. Warum das so ist, ist g&#8217;schwind erkl\u00e4rt: K\u00e4rntner und Slowenen waren im 20. Jahrhundert nicht die besten Freunde.<\/p>\n<p style=\"text-align: justify;\">In den 70ern w\u00e4re es undenkbar gewesen, dem Karawankenhauptkamm entlangzuwandern, da ein Grenz\u00fcbertritt von beiden Seiten nicht geduldet worden w\u00e4re. Unter diesem Gesichtspunkt erfolgte auch die Routenwahl bei der Erfindung des S\u00fcdalpenweges. Als man damals die K\u00f6pfe zusammensteckte, um \u00fcber die Wegf\u00fchrung nachzudenken, flogen in K\u00e4rnten gerade wieder einmal die Fetzen (Gebiete mit zweisprachigem Bev\u00f6lkerungsanteil sollen zweisprachige Ortstafeln erhalten &#8211; was unter den Altvorderen einen ewig andauernden Sturm der Entr\u00fcstung ausl\u00f6ste). Also lie\u00df man sich auf kein Risiko ein und legte den Weg so, dass keiner beim Wandern verhaftet wird. Erst in den Neunzigern verst\u00e4ndigte man sich auf ein Gegenseitigkeitsabkommen, welches den Wanderern in einem klar definierten Korridor das Wandern an der Grenze erlaubte (mehr dazu: <a href=\"http:\/\/www.facultas.at\/list\/9783704611543\">Buchtipp<\/a>).<\/p>\n<p style=\"text-align: justify;\"><a href=\"https:\/\/www.vergissmi.net\/wp-content\/uploads\/2016\/02\/s\u00fcdalpenweg.jpg\" rel=\"attachment wp-att-2652\" rel=\"lightbox[2623]\"><img decoding=\"async\" class=\"aligncenter wp-image-2652\" src=\"https:\/\/www.vergissmi.net\/wp-content\/uploads\/2016\/02\/s\u00fcdalpenweg.jpg\" alt=\"s\u00fcdalpenweg\" width=\"509\" height=\"299\" \/><\/a><\/p>\n<p style=\"text-align: justify;\">An der Italienisch-K\u00e4rntnerischen Grenze war die Sache einfacher. Zwar haben Italiener und \u00d6sterreicher hier vor 100 Jahren noch aufeinander geschossen, doch irgendwie hat man das hier besser weggesteckt als rund um die Karawanken. Die ehemalige Frontlinie ist heute das Kernst\u00fcck dieses Abschnittes und wird von beiden L\u00e4ndern hervorragend in Schuss gehalten. Der <a href=\"https:\/\/www.vergissmi.net\/?p=1095\" target=\"_blank\">Karnische H\u00f6henweg<\/a> ist als Teil des S\u00fcdalpenweges ebenfalls beschrieben, was das Buch vor allem f\u00fcr Bergmenschen interessant macht, die diesen Weg in Ost-West-Richtung in Angriff nehmen. Was nebenbei bemerkt ohnehin die bessere Richtung ist &#8211; erstens weil sich die Karnischen Alpen in diese Richtung st\u00e4ndig steigern, und der Weg daher immer spektakul\u00e4rer wird. Und &#8211; vielleicht das noch wichtigere Argument &#8211; die meisten Leute in Sillian starten, da es einige Wanderf\u00fchrer so vorgeben. Wer also rechtzeitig aufsteht, ist immer vorm gro\u00dfen Ansturm im n\u00e4chsten Quartier.<\/p>\n<p style=\"text-align: justify;\">Der im Buch beschriebene Hauptweg f\u00fchrt meist direkt dem Karnischen Hauptkamm entlang und erfordert stellenweise Schwindelfreiheit. Die beschriebenen Alternativrouten, die meist auf der einfacheren, italienischen Seite verlaufen, sind im F\u00fchrer ebenfalls dokumentiert. W\u00e4hrend der \u00f6sterreichische Weitwanderweg an der Grenze zu den Sextener Dolomiten endet, beschreiben die Autoren eine m\u00f6gliche Fortsetzung durch den Osten der S\u00fcdtiroler Dolomiten mit Endpunkt in Bozen.<\/p>\n<p style=\"text-align: justify;\">Am Buch gibt&#8217;s nichts zu bekritteln, wir haben immer alles gefunden, was wir unterwegs gebraucht haben. Manchmal k\u00f6nnten die Textbeschreibungen ausf\u00fchrlicher sein, vor allem an den seit Jahren bekannten Problemstellen im Bereich der Karawankenvorberge, wo es in den letzten Jahren immer wieder Sturmsch\u00e4den gab und daher die Markierungsqualit\u00e4t stark schwankte. Doch f\u00fcr solche zeitlich begrenzt auftretenden Problemchen gibt es ja eine <a href=\"http:\/\/www.alpenverein.at\/weitwanderer\/home\/news\/Neues_fuer_Weitwanderer.php\">Onlineseite mit aktuellen Infos<\/a>. Hier werden auch kurzfristige Wegsperren bekanntgemacht.<\/p>\n<p style=\"text-align: justify;\">Fazit: Ein perfekter Wanderf\u00fchrer f\u00fcr den Rucksack. Auf das bei kommerziellen B\u00fcchern unverzichtbare &#8220;Lust machen auf die Region&#8221; wird bewusst verzichtet, um den Wanderer mit den (unterwegs!) tats\u00e4chlich ben\u00f6tigten Informationen zu versorgen. Nicht zuletzt lobend erw\u00e4hnt sei auch das ungew\u00f6hnliche Buchformat, welches genau in die Schutzh\u00fcllen g\u00e4ngiger Wanderkarten passt.<\/p>\n<p style=\"text-align: justify;\">Erh\u00e4ltlich bei <a href=\"http:\/\/www.freytagberndt.com\/shop\/9998850034003-suedalpenweg-fuehrer-zum-oesterreichischen-weitwanderweg-03\/\">freytag &amp; berndt<\/a> sowie in der Wanderabteilung der Buchhandlung Moser in Graz.<\/p>\n","protected":false},"excerpt":{"rendered":"<div class=\"tmnf_excerpt\"><div class=\"tmnf_excerpt\"><p>Nicht viele Autoren k\u00f6nnen von sich behaupten, die Basisliteratur f\u00fcr 8000 Wanderkilometer verfasst zu haben. Auch das fesche B\u00fcchlein zum S\u00fcdalpenweg stammt aus der Feder des Weitwander-Ehepaares Erika und Fritz K\u00e4fer, die sich in \u00d6sterreich seit vier Jahrzehnten ehrenamtlich f\u00fcr das heimische Weitwandergeschehen engagieren.<\/p>\n<\/div><\/div>","protected":false},"author":61,"featured_media":2652,"comment_status":"open","ping_status":"open","sticky":false,"template":"","format":"standard","meta":{"_s2mail":"yes","footnotes":""},"categories":[181,183],"tags":[],"class_list":["post-2623","post","type-post","status-publish","format-standard","has-post-thumbnail","hentry","category-buch","category-wanderfuehrer-sonnenseite","gallery-content-unit"],"_links":{"self":[{"href":"https:\/\/www.vergissmi.net\/index.php?rest_route=\/wp\/v2\/posts\/2623","targetHints":{"allow":["GET"]}}],"collection":[{"href":"https:\/\/www.vergissmi.net\/index.php?rest_route=\/wp\/v2\/posts"}],"about":[{"href":"https:\/\/www.vergissmi.net\/index.php?rest_route=\/wp\/v2\/types\/post"}],"author":[{"embeddable":true,"href":"https:\/\/www.vergissmi.net\/index.php?rest_route=\/wp\/v2\/users\/61"}],"replies":[{"embeddable":true,"href":"https:\/\/www.vergissmi.net\/index.php?rest_route=%2Fwp%2Fv2%2Fcomments&post=2623"}],"version-history":[{"count":35,"href":"https:\/\/www.vergissmi.net\/index.php?rest_route=\/wp\/v2\/posts\/2623\/revisions"}],"predecessor-version":[{"id":2737,"href":"https:\/\/www.vergissmi.net\/index.php?rest_route=\/wp\/v2\/posts\/2623\/revisions\/2737"}],"wp:featuredmedia":[{"embeddable":true,"href":"https:\/\/www.vergissmi.net\/index.php?rest_route=\/wp\/v2\/media\/2652"}],"wp:attachment":[{"href":"https:\/\/www.vergissmi.net\/index.php?rest_route=%2Fwp%2Fv2%2Fmedia&parent=2623"}],"wp:term":[{"taxonomy":"category","embeddable":true,"href":"https:\/\/www.vergissmi.net\/index.php?rest_route=%2Fwp%2Fv2%2Fcategories&post=2623"},{"taxonomy":"post_tag","embeddable":true,"href":"https:\/\/www.vergissmi.net\/index.php?rest_route=%2Fwp%2Fv2%2Ftags&post=2623"}],"curies":[{"name":"wp","href":"https:\/\/api.w.org\/{rel}","templated":true}]}}