{"id":3126,"date":"2016-06-26T16:14:14","date_gmt":"2016-06-26T14:14:14","guid":{"rendered":"http:\/\/www.vergissmi.net\/?p=3126"},"modified":"2016-06-29T07:07:24","modified_gmt":"2016-06-29T05:07:24","slug":"tag-019-020-021-hexen-steiner-traeg-gebeiner","status":"publish","type":"post","link":"https:\/\/www.vergissmi.net\/?p=3126","title":{"rendered":"[Tag 020, 021 &#038; 022] Hexen, Steiner, tr\u00e4g&#8217; Gebeiner"},"content":{"rendered":"<p style=\"text-align: justify;\"><em><strong>Heute regnet es im Norden Sloweniens, Zeit, den Tourenbericht nachzuziehen. Seit gestern Abend liegt mit den Steiner Alpen eine weitere Gebirgsdurchquerung hinter uns.<\/strong><\/em><\/p>\n<p><!--more--><\/p>\n<p style=\"text-align: justify;\">Die Steiner Alpen sind f\u00fcr jemanden, der im <a href=\"https:\/\/youtu.be\/aGUnwP-3Emo\" target=\"_blank\">Teletubby-Land<\/a> der K\u00e4rntner Nockberge montanistisch sozialisiert wurde, eine gro\u00dfartige, spektakul\u00e4re Sache. W\u00e4hrend die H\u00fcgel unserer Bergwelt sei Urgedenken unver\u00e4ndert und dar\u00fcber hinaus mit weichen Almb\u00f6den \u00fcberzogen sind, bleibt in den por\u00f6sen S\u00fcdalpen auch 10000 Jahre nach der letzten Kaltzeit kein Stein auf dem anderen. \u00dcberall ist zu sehen, wie die Kr\u00e4fte der Erosion am Kalkstock herumnagen. Au\u00dfer nat\u00fcrlich, wenn der ganze Schotter noch unter einer Schneeschicht begraben liegt &#8230;.<\/p>\n<p style=\"text-align: justify;\"><a href=\"https:\/\/www.vergissmi.net\/wp-content\/uploads\/2016\/06\/20160623_112639-1024x576.jpg\" rel=\"lightbox[3126]\"><img fetchpriority=\"high\" decoding=\"async\" class=\"aligncenter size-medium wp-image-3127\" src=\"https:\/\/www.vergissmi.net\/wp-content\/uploads\/2016\/06\/20160623_112639-1024x576-800x450.jpg\" alt=\"20160623_112639-1024x576\" width=\"800\" height=\"450\" srcset=\"https:\/\/www.vergissmi.net\/wp-content\/uploads\/2016\/06\/20160623_112639-1024x576-800x450.jpg 800w, https:\/\/www.vergissmi.net\/wp-content\/uploads\/2016\/06\/20160623_112639-1024x576.jpg 1024w\" sizes=\"(max-width: 800px) 100vw, 800px\" \/><\/a><\/p>\n<p style=\"text-align: justify;\">&#8230; oder dichte Nebelschwaden \u00fcber die s\u00fcdlichste Spitze \u00d6sterreichs ziehen. F\u00fcr unsere 19. Etappe, die uns \u00fcber zwei Sattel an der slowenisch-\u00f6sterreichischen Grenze an das westliche Ende der Steiner Alpen bringen soll, war bew\u00f6lktes, jedoch stabiles Wetter vorhergesagt. Eine Prognose, die genau zutreffen sollte &#8211; auch wenn es anfangs noch nicht danach aussah.<\/p>\n<p style=\"text-align: justify;\"><a href=\"https:\/\/www.vergissmi.net\/wp-content\/uploads\/2016\/06\/20160623_113206-1280x720.jpg\" rel=\"lightbox[3126]\"><img decoding=\"async\" class=\"aligncenter size-medium wp-image-3128\" src=\"https:\/\/www.vergissmi.net\/wp-content\/uploads\/2016\/06\/20160623_113206-1280x720-800x450.jpg\" alt=\"20160623_113206-1280x720\" width=\"800\" height=\"450\" srcset=\"https:\/\/www.vergissmi.net\/wp-content\/uploads\/2016\/06\/20160623_113206-1280x720-800x450.jpg 800w, https:\/\/www.vergissmi.net\/wp-content\/uploads\/2016\/06\/20160623_113206-1280x720-1024x576.jpg 1024w, https:\/\/www.vergissmi.net\/wp-content\/uploads\/2016\/06\/20160623_113206-1280x720.jpg 1280w\" sizes=\"(max-width: 800px) 100vw, 800px\" \/><\/a><\/p>\n<p style=\"text-align: justify;\">Bald nach dem Doppelpass an der S\u00fcdspitze \u00d6sterreichs wurde die Sicht besser und wir hatten schon bei der Mittagspause in der Kranjska Koca freie Sicht zum Gipfel der Skuta, 2532 m, in deren Nordflanke sich der s\u00fcd\u00f6stlichste Gletscher Europas befindet (das breite Feld in der linken Bildmitte).<\/p>\n<p style=\"text-align: justify;\"><a href=\"https:\/\/www.vergissmi.net\/wp-content\/uploads\/2016\/06\/20160623_154403_crop_460x246.jpg\" rel=\"lightbox[3126]\"><img decoding=\"async\" class=\"aligncenter size-medium wp-image-3129\" src=\"https:\/\/www.vergissmi.net\/wp-content\/uploads\/2016\/06\/20160623_154403_crop_460x246.jpg\" alt=\"20160623_154403_crop_460x246\" width=\"460\" height=\"246\" \/><\/a><\/p>\n<p style=\"text-align: justify;\">Die Schneefelder sind f\u00fcr diese Jahreszeit nicht untypisch. Zentrale H\u00fctten, wie das Kocbekov dom im S\u00fcden der Ojstrica bekamen erst vor wenigen Tagen ihre Hubschrauberlieferung. Es ist also noch recht ruhig auf den Wanderwegen des Steiner-Massives. Der Slowenische Alpenweg, den wir urspr\u00fcnglich f\u00fcr unseren Weg Richtung Westen vorgesehen hatten, ist sogar noch eine ganze Weile ohne Steigeisen nicht begehbar. Sehr aufschlussreich f\u00fcr uns war ein ausf\u00fchrlicher\u00a0<a href=\"http:\/\/www.gipfeltreffen.at\/showthread.php?71060-F%FCnf-Tage-durch-die-Steiner-Alpen-11-07-15-07-2013\" target=\"_blank\">Tourenbericht von Wolfgang<\/a> (danke!), dessen gute Dokumentation seiner Begehung Anfang Juli uns letztendlich dazu veranlasste, den Hauptkamm des \u00f6stlichen Steinermassives nicht zu queren und uns stattdessen eine Route durch die (niedrigere) Nordseite zu suchen.<\/p>\n<p style=\"text-align: justify;\">Die Grintovec-Gruppe, deren namensgebender h\u00f6chster Gipfel am obigen Foto in der rechten Bildh\u00e4lfte zu sehen ist, verlie\u00dfen wir Richtung Norden, um in Zgornje Jezersko um ein Quartier vorstellig zu werden.<\/p>\n<p style=\"text-align: justify;\">Was sich als hervorragende Idee herausstellte. Denn im Norden der kleinen Ortschaft bot uns Tanja, die sich uns als die &#8220;Hexe von Jezersko&#8221; vorstellte, eine Bleibe f\u00fcr die Nacht an. Der Hausverstand sagt nat\u00fcrlich &#8220;lass deine Finger von Hexenh\u00e4uschen! Denn genau diese Finger werden dann t\u00e4glich gepr\u00fcft, ob bereits genug Speck am Knochen ist.&#8221;<\/p>\n<p style=\"text-align: justify;\">Allerdings passte Tanjas Auftreten \u00fcberhaupt nicht in das Bild, welches man gemeinhin von einer Hexe hat: Kein Buckel, in der Gestalt eher gro\u00df und drahtig, kurzes Haar. Wie man ihr auch insgesamt die 16 Jahre, die sie vor ihrem Einstieg in die Jezerskoer Gastronomieszene beim Slowenischen Milit\u00e4r verbrachte, gerne sofort glaubt. Sie duldete auch keinen Widerspruch, als sie uns ihren Zaubertrank &#8211; ein Lik\u00f6r aus 102 verschiedenen regionalen Blumen und Kr\u00e4utern &#8211; zum Verkosten gab.<\/p>\n<p style=\"text-align: justify;\">Kurz gesagt, wir haben uns den Abend \u00fcber sehr gut unterhalten und bekamen sogar eine Hausbesichtigung. Am angeschlossenen Freizeitgel\u00e4nde entstehen neben dem bereits vorhandenen Campingplatz gerade mehrere winzig kleine &#8220;cabins&#8221; in der Gr\u00f6\u00dfe eines Doppelbettes. Und bei unserem n\u00e4chsten Besuch werden wir bereits im neuen Baumhaus \u00fcbernachten k\u00f6nnen.<\/p>\n<p style=\"text-align: justify;\">Irgendwann erz\u00e4hlten wir Tanja wohl auch, dass Astrid in einer Woche nach Wien zur\u00fcckkehrt, und ich dann mit Zelt und Kocher Richtung S\u00fcdtirol weiterziehe. F\u00fcr meine Weiterreise abseits des B&amp;B-Komforts gab mir Tanja eine selbst hergestellte, vollkommen biologisch abbaubare Seife mit auf den Weg. Danke nochmals an dieser Stelle, <a href=\"http:\/\/www.gorenjskiglas.si\/storyimage\/GG\/20130727\/C\/130729875\/AR\/0\/AR-130729875.jpg\" target=\"_blank\" rel=\"lightbox[3126]\">Tanja<\/a>!<\/p>\n<p style=\"text-align: justify;\"><a href=\"https:\/\/www.vergissmi.net\/wp-content\/uploads\/2016\/06\/20160624_065007-1280x720.jpg\" rel=\"lightbox[3126]\"><img loading=\"lazy\" decoding=\"async\" class=\"aligncenter size-medium wp-image-3130\" src=\"https:\/\/www.vergissmi.net\/wp-content\/uploads\/2016\/06\/20160624_065007-1280x720-800x450.jpg\" alt=\"20160624_065007-1280x720\" width=\"800\" height=\"450\" srcset=\"https:\/\/www.vergissmi.net\/wp-content\/uploads\/2016\/06\/20160624_065007-1280x720-800x450.jpg 800w, https:\/\/www.vergissmi.net\/wp-content\/uploads\/2016\/06\/20160624_065007-1280x720-1024x576.jpg 1024w, https:\/\/www.vergissmi.net\/wp-content\/uploads\/2016\/06\/20160624_065007-1280x720.jpg 1280w\" sizes=\"(max-width: 800px) 100vw, 800px\" \/><\/a><\/p>\n<p style=\"text-align: justify;\">Bevor wir den Steiner Alpen Lebewohl sagen, steht noch ein spannendes Bergprojekt auf dem Programm, n\u00e4mlich die \u00dcberquerung der Krainer Storzic. Sein Namensvetter auf K\u00e4rntner Seite bildete 2010 den Abschlusspunkt unserer &#8220;\u00d6sterreich <a href=\"https:\/\/www.vergissmi.net\/?p=1154\" target=\"_blank\">Nord-S\u00fcd&#8221;-Durchquerung<\/a> am Weitwanderweg 08.<\/p>\n<p style=\"text-align: justify;\">Auch damals begann der Aufstieg eher gem\u00fctlich auf geraden, quasi ebenen Wegen &#8230;<\/p>\n<p style=\"text-align: justify;\"><a href=\"https:\/\/www.vergissmi.net\/wp-content\/uploads\/2016\/06\/20160624_110442-768x1365.jpg\" rel=\"lightbox[3126]\"><img loading=\"lazy\" decoding=\"async\" class=\"aligncenter size-medium wp-image-3131\" src=\"https:\/\/www.vergissmi.net\/wp-content\/uploads\/2016\/06\/20160624_110442-768x1365-450x800.jpg\" alt=\"20160624_110442-768x1365\" width=\"450\" height=\"800\" srcset=\"https:\/\/www.vergissmi.net\/wp-content\/uploads\/2016\/06\/20160624_110442-768x1365-450x800.jpg 450w, https:\/\/www.vergissmi.net\/wp-content\/uploads\/2016\/06\/20160624_110442-768x1365-576x1024.jpg 576w, https:\/\/www.vergissmi.net\/wp-content\/uploads\/2016\/06\/20160624_110442-768x1365.jpg 768w\" sizes=\"(max-width: 450px) 100vw, 450px\" \/><\/a><\/p>\n<p style=\"text-align: justify;\">&#8230; doch ist die Waldgrenze erst einmal unter Dir, folgt meist das &#8220;\u00d6ha, a bisale is schon noch auffi&#8221;-Erlebnis.<\/p>\n<p style=\"text-align: justify;\"><a href=\"https:\/\/www.vergissmi.net\/wp-content\/uploads\/2016\/06\/20160624_120852-1280x720.jpg\" rel=\"lightbox[3126]\"><img loading=\"lazy\" decoding=\"async\" class=\"aligncenter size-medium wp-image-3132\" src=\"https:\/\/www.vergissmi.net\/wp-content\/uploads\/2016\/06\/20160624_120852-1280x720-800x450.jpg\" alt=\"20160624_120852-1280x720\" width=\"800\" height=\"450\" srcset=\"https:\/\/www.vergissmi.net\/wp-content\/uploads\/2016\/06\/20160624_120852-1280x720-800x450.jpg 800w, https:\/\/www.vergissmi.net\/wp-content\/uploads\/2016\/06\/20160624_120852-1280x720-1024x576.jpg 1024w, https:\/\/www.vergissmi.net\/wp-content\/uploads\/2016\/06\/20160624_120852-1280x720.jpg 1280w\" sizes=\"(max-width: 800px) 100vw, 800px\" \/><\/a><\/p>\n<p style=\"text-align: justify;\">Aber alles halb so wild. Ein paar dunkle Wolken gemahnen zur Eile, sodass der Gipfel flugs erreicht ist.<\/p>\n<p style=\"text-align: justify;\"><a href=\"https:\/\/www.vergissmi.net\/wp-content\/uploads\/2016\/06\/20160624_135624-1280x720.jpg\" rel=\"lightbox[3126]\"><img loading=\"lazy\" decoding=\"async\" class=\"aligncenter size-medium wp-image-3133\" src=\"https:\/\/www.vergissmi.net\/wp-content\/uploads\/2016\/06\/20160624_135624-1280x720-800x450.jpg\" alt=\"20160624_135624-1280x720\" width=\"800\" height=\"450\" srcset=\"https:\/\/www.vergissmi.net\/wp-content\/uploads\/2016\/06\/20160624_135624-1280x720-800x450.jpg 800w, https:\/\/www.vergissmi.net\/wp-content\/uploads\/2016\/06\/20160624_135624-1280x720-1024x576.jpg 1024w, https:\/\/www.vergissmi.net\/wp-content\/uploads\/2016\/06\/20160624_135624-1280x720.jpg 1280w\" sizes=\"(max-width: 800px) 100vw, 800px\" \/><\/a><\/p>\n<p style=\"text-align: justify;\">Auch an der Nordseite wird bei den Slowenen nicht lange herumgetr\u00f6delt &#8211; rasch geht es H\u00f6henmeter um H\u00f6henmeter quasi direkt wieder ins Tal hinunter. Der Abstieg erfolgt \u00fcber den Grat quer durchs Bild zur Rinne rechts und hinunter zum Schotterfeld.<\/p>\n<p style=\"text-align: justify;\"><a href=\"https:\/\/www.vergissmi.net\/wp-content\/uploads\/2016\/06\/20160624_144248-768x1365.jpg\" rel=\"lightbox[3126]\"><img loading=\"lazy\" decoding=\"async\" class=\"aligncenter size-medium wp-image-3134\" src=\"https:\/\/www.vergissmi.net\/wp-content\/uploads\/2016\/06\/20160624_144248-768x1365-450x800.jpg\" alt=\"20160624_144248-768x1365\" width=\"450\" height=\"800\" srcset=\"https:\/\/www.vergissmi.net\/wp-content\/uploads\/2016\/06\/20160624_144248-768x1365-450x800.jpg 450w, https:\/\/www.vergissmi.net\/wp-content\/uploads\/2016\/06\/20160624_144248-768x1365-576x1024.jpg 576w, https:\/\/www.vergissmi.net\/wp-content\/uploads\/2016\/06\/20160624_144248-768x1365.jpg 768w\" sizes=\"(max-width: 450px) 100vw, 450px\" \/><\/a><\/p>\n<p style=\"text-align: justify;\">Das Storzic-Haus geh\u00f6rt uns an diesem Abend ganz allein.<\/p>\n<p style=\"text-align: justify;\"><a href=\"https:\/\/www.vergissmi.net\/wp-content\/uploads\/2016\/06\/20160624_175349-1280x720.jpg\" rel=\"lightbox[3126]\"><img loading=\"lazy\" decoding=\"async\" class=\"aligncenter size-medium wp-image-3135\" src=\"https:\/\/www.vergissmi.net\/wp-content\/uploads\/2016\/06\/20160624_175349-1280x720-800x450.jpg\" alt=\"20160624_175349-1280x720\" width=\"800\" height=\"450\" srcset=\"https:\/\/www.vergissmi.net\/wp-content\/uploads\/2016\/06\/20160624_175349-1280x720-800x450.jpg 800w, https:\/\/www.vergissmi.net\/wp-content\/uploads\/2016\/06\/20160624_175349-1280x720-1024x576.jpg 1024w, https:\/\/www.vergissmi.net\/wp-content\/uploads\/2016\/06\/20160624_175349-1280x720.jpg 1280w\" sizes=\"(max-width: 800px) 100vw, 800px\" \/><\/a><\/p>\n<p style=\"text-align: justify;\">Was wir nicht erwartet h\u00e4tten, da am n\u00e4chsten Tag ein Feiertag bevorsteht. Die slowenische Version eines guten Freundes, der am sp\u00e4ten Abend in der Radlermontur rechtschaffen durschtig auf ein Bier vorbeikam und uns Tipps f\u00fcr die n\u00e4chsten Tage gab, sowie ein F\u00f6rster, der kein Wort Deutsch sprach, daf\u00fcr aber aus voller Brust etliche slowenische Volkslieder intonierte, gestalteten gemeinsam mit dem sympathischen Wirt ein abwechslungsreiches Abendprogramm.<\/p>\n<p style=\"text-align: justify;\">Am n\u00e4chsten Morgen bereitet uns der Hexer vom Storzic ein Wildkr\u00e4uteromelette zu &#8230;<\/p>\n<p style=\"text-align: justify;\"><a href=\"https:\/\/www.vergissmi.net\/wp-content\/uploads\/2016\/06\/20160625_081346-1280x720.jpg\" rel=\"lightbox[3126]\"><img loading=\"lazy\" decoding=\"async\" class=\"aligncenter size-medium wp-image-3136\" src=\"https:\/\/www.vergissmi.net\/wp-content\/uploads\/2016\/06\/20160625_081346-1280x720-800x450.jpg\" alt=\"20160625_081346-1280x720\" width=\"800\" height=\"450\" srcset=\"https:\/\/www.vergissmi.net\/wp-content\/uploads\/2016\/06\/20160625_081346-1280x720-800x450.jpg 800w, https:\/\/www.vergissmi.net\/wp-content\/uploads\/2016\/06\/20160625_081346-1280x720-1024x576.jpg 1024w, https:\/\/www.vergissmi.net\/wp-content\/uploads\/2016\/06\/20160625_081346-1280x720.jpg 1280w\" sizes=\"(max-width: 800px) 100vw, 800px\" \/><\/a><\/p>\n<p style=\"text-align: justify;\">&#8230; sodass es uns, solcherart gest\u00e4rkt, nicht schwer fiel, zur ersten Alm aufzusteigen. Im Hintergrund die nebelverhangene Storzic:<\/p>\n<p style=\"text-align: justify;\"><a href=\"https:\/\/www.vergissmi.net\/wp-content\/uploads\/2016\/06\/20160625_102020-1280x720.jpg\" rel=\"lightbox[3126]\"><img loading=\"lazy\" decoding=\"async\" class=\"aligncenter size-medium wp-image-3137\" src=\"https:\/\/www.vergissmi.net\/wp-content\/uploads\/2016\/06\/20160625_102020-1280x720-800x450.jpg\" alt=\"20160625_102020-1280x720\" width=\"800\" height=\"450\" srcset=\"https:\/\/www.vergissmi.net\/wp-content\/uploads\/2016\/06\/20160625_102020-1280x720-800x450.jpg 800w, https:\/\/www.vergissmi.net\/wp-content\/uploads\/2016\/06\/20160625_102020-1280x720-1024x576.jpg 1024w, https:\/\/www.vergissmi.net\/wp-content\/uploads\/2016\/06\/20160625_102020-1280x720.jpg 1280w\" sizes=\"(max-width: 800px) 100vw, 800px\" \/><\/a><\/p>\n<p style=\"text-align: justify;\">\u00dcber einen aussichtsreichen Kamm gelangt man vom Gipfel Tolsti vrh nach Trzic, wo wir etwas au\u00dferhalb in Krize (Bildmitte) &#8230;.<\/p>\n<p style=\"text-align: justify;\"><a href=\"https:\/\/www.vergissmi.net\/wp-content\/uploads\/2016\/06\/20160625_142632-1280x720.jpg\" rel=\"lightbox[3126]\"><img loading=\"lazy\" decoding=\"async\" class=\"aligncenter size-medium wp-image-3138\" src=\"https:\/\/www.vergissmi.net\/wp-content\/uploads\/2016\/06\/20160625_142632-1280x720-800x450.jpg\" alt=\"20160625_142632-1280x720\" width=\"800\" height=\"450\" srcset=\"https:\/\/www.vergissmi.net\/wp-content\/uploads\/2016\/06\/20160625_142632-1280x720-800x450.jpg 800w, https:\/\/www.vergissmi.net\/wp-content\/uploads\/2016\/06\/20160625_142632-1280x720-1024x576.jpg 1024w, https:\/\/www.vergissmi.net\/wp-content\/uploads\/2016\/06\/20160625_142632-1280x720.jpg 1280w\" sizes=\"(max-width: 800px) 100vw, 800px\" \/><\/a><\/p>\n<p style=\"text-align: justify;\">&#8230;\u00a0einen Volltreffer landen: Unser Quartier ein altes Bauernhaus, auf Niedrigenergie umger\u00fcstet.<\/p>\n<p style=\"text-align: justify;\">Vorne raus Blick zum Triglav, hinten raus Blick in die Steiner Alpen. Rechts die Karawanken in Griffweite, und links freier Blick auf die Berge rund um Bled.<\/p>\n<p style=\"text-align: justify;\">So ein Haus braucht nat\u00fcrlich Besitzer, die die Szenerie zu w\u00fcrdigen wissen: Barbara und Bostjan sind beide staatlich gepr\u00fcfte Bergf\u00fchrer und kennen die Region entsprechend gut (was f\u00fcr ein <a href=\"http:\/\/www.basecamp.si\/about-us\/\" target=\"_blank\">Lebenslauf<\/a>) . Es dauert auch nicht lange, und der Fr\u00fchst\u00fccksraum sieht aus, wie ein Fr\u00fchst\u00fccksraum aussieht, wenn vier Leute \u00fcber slowenische Weitwanderrouten fachsimpeln &#8230;<\/p>\n<p style=\"text-align: justify;\">\n<p style=\"text-align: justify;\"><a href=\"https:\/\/www.vergissmi.net\/wp-content\/uploads\/2016\/06\/20160627_082400-1280x720.jpg\" rel=\"lightbox[3126]\"><img loading=\"lazy\" decoding=\"async\" class=\"aligncenter size-medium wp-image-3155\" src=\"https:\/\/www.vergissmi.net\/wp-content\/uploads\/2016\/06\/20160627_082400-1280x720-800x450.jpg\" alt=\"20160627_082400-1280x720\" width=\"800\" height=\"450\" srcset=\"https:\/\/www.vergissmi.net\/wp-content\/uploads\/2016\/06\/20160627_082400-1280x720-800x450.jpg 800w, https:\/\/www.vergissmi.net\/wp-content\/uploads\/2016\/06\/20160627_082400-1280x720-1024x576.jpg 1024w, https:\/\/www.vergissmi.net\/wp-content\/uploads\/2016\/06\/20160627_082400-1280x720.jpg 1280w\" sizes=\"(max-width: 800px) 100vw, 800px\" \/><\/a><\/p>\n<p style=\"text-align: justify;\">Und so nutze ich den karawankenseitigen Balkon, die Tour durch den Triglav-Nationalpark zu verfeinern und freue mich auf die kommenden Tage &#8230;<\/p>\n<p style=\"text-align: justify;\"><a href=\"https:\/\/www.vergissmi.net\/wp-content\/uploads\/2016\/06\/20160626_105507-1280x720.jpg\" rel=\"lightbox[3126]\"><img loading=\"lazy\" decoding=\"async\" class=\"aligncenter size-medium wp-image-3140\" src=\"https:\/\/www.vergissmi.net\/wp-content\/uploads\/2016\/06\/20160626_105507-1280x720-800x450.jpg\" alt=\"20160626_105507-1280x720\" width=\"800\" height=\"450\" srcset=\"https:\/\/www.vergissmi.net\/wp-content\/uploads\/2016\/06\/20160626_105507-1280x720-800x450.jpg 800w, https:\/\/www.vergissmi.net\/wp-content\/uploads\/2016\/06\/20160626_105507-1280x720-1024x576.jpg 1024w, https:\/\/www.vergissmi.net\/wp-content\/uploads\/2016\/06\/20160626_105507-1280x720.jpg 1280w\" sizes=\"(max-width: 800px) 100vw, 800px\" \/><\/a><\/p>\n<p style=\"text-align: justify;\">&#8230; w\u00e4hrend drau\u00dfen eine\u00a0Gewitterfront \u00fcber das Tal zieht und wir wohlwollend zur Kenntnis nehmen, dass wir unseren Pausentag nicht besser timen h\u00e4tten k\u00f6nnen.<\/p>\n<p style=\"text-align: justify;\"><a href=\"https:\/\/www.vergissmi.net\/wp-content\/uploads\/2016\/06\/20160626_112728-1280x720.jpg\" rel=\"lightbox[3126]\"><img loading=\"lazy\" decoding=\"async\" class=\"aligncenter size-medium wp-image-3141\" src=\"https:\/\/www.vergissmi.net\/wp-content\/uploads\/2016\/06\/20160626_112728-1280x720-800x450.jpg\" alt=\"20160626_112728-1280x720\" width=\"800\" height=\"450\" srcset=\"https:\/\/www.vergissmi.net\/wp-content\/uploads\/2016\/06\/20160626_112728-1280x720-800x450.jpg 800w, https:\/\/www.vergissmi.net\/wp-content\/uploads\/2016\/06\/20160626_112728-1280x720-1024x576.jpg 1024w, https:\/\/www.vergissmi.net\/wp-content\/uploads\/2016\/06\/20160626_112728-1280x720.jpg 1280w\" sizes=\"(max-width: 800px) 100vw, 800px\" \/><\/a><\/p>\n<p style=\"text-align: justify;\">Mahlzeit!<\/p>\n<p style=\"text-align: justify;\"><span style=\"color: #999999;\">PS: Bitte um Verzeihung, dass bei den slowenischen Eigennamen die Akzente auf den Buchstaben fehlen &#8211; die Auswahl von Sonderzeichen geh\u00f6rt nicht unbedingt zu den St\u00e4rken meiner mobilen EDV-L\u00f6sung &#8230;<\/span><\/p>\n","protected":false},"excerpt":{"rendered":"<div class=\"tmnf_excerpt\"><div class=\"tmnf_excerpt\"><p>Heute regnet es im Norden Sloweniens, Zeit, den Tourenbericht nachzuziehen. Seit gestern Abend liegt mit den Steiner Alpen eine weitere Gebirgsdurchquerung hinter uns.<\/p>\n<\/div><\/div>","protected":false},"author":61,"featured_media":3133,"comment_status":"open","ping_status":"open","sticky":false,"template":"","format":"standard","meta":{"_s2mail":"yes","footnotes":""},"categories":[191,190,6],"tags":[],"class_list":["post-3126","post","type-post","status-publish","format-standard","has-post-thumbnail","hentry","category-sunnysideup","category-fernwandern","category-tourtagebuch","gallery-content-unit"],"_links":{"self":[{"href":"https:\/\/www.vergissmi.net\/index.php?rest_route=\/wp\/v2\/posts\/3126","targetHints":{"allow":["GET"]}}],"collection":[{"href":"https:\/\/www.vergissmi.net\/index.php?rest_route=\/wp\/v2\/posts"}],"about":[{"href":"https:\/\/www.vergissmi.net\/index.php?rest_route=\/wp\/v2\/types\/post"}],"author":[{"embeddable":true,"href":"https:\/\/www.vergissmi.net\/index.php?rest_route=\/wp\/v2\/users\/61"}],"replies":[{"embeddable":true,"href":"https:\/\/www.vergissmi.net\/index.php?rest_route=%2Fwp%2Fv2%2Fcomments&post=3126"}],"version-history":[{"count":12,"href":"https:\/\/www.vergissmi.net\/index.php?rest_route=\/wp\/v2\/posts\/3126\/revisions"}],"predecessor-version":[{"id":3156,"href":"https:\/\/www.vergissmi.net\/index.php?rest_route=\/wp\/v2\/posts\/3126\/revisions\/3156"}],"wp:featuredmedia":[{"embeddable":true,"href":"https:\/\/www.vergissmi.net\/index.php?rest_route=\/wp\/v2\/media\/3133"}],"wp:attachment":[{"href":"https:\/\/www.vergissmi.net\/index.php?rest_route=%2Fwp%2Fv2%2Fmedia&parent=3126"}],"wp:term":[{"taxonomy":"category","embeddable":true,"href":"https:\/\/www.vergissmi.net\/index.php?rest_route=%2Fwp%2Fv2%2Fcategories&post=3126"},{"taxonomy":"post_tag","embeddable":true,"href":"https:\/\/www.vergissmi.net\/index.php?rest_route=%2Fwp%2Fv2%2Ftags&post=3126"}],"curies":[{"name":"wp","href":"https:\/\/api.w.org\/{rel}","templated":true}]}}