{"id":3326,"date":"2016-07-24T18:50:38","date_gmt":"2016-07-24T16:50:38","guid":{"rendered":"http:\/\/www.vergissmi.net\/?p=3326"},"modified":"2016-07-24T18:55:55","modified_gmt":"2016-07-24T16:55:55","slug":"tag-041-042-eisack-brennerautobahn","status":"publish","type":"post","link":"https:\/\/www.vergissmi.net\/?p=3326","title":{"rendered":"[Tag 041 &#038; 042] Eisack &#038; Brennerautobahn"},"content":{"rendered":"<p style=\"text-align: justify;\"><em><strong>Auf den letzten beiden Tagen vor meinem Kurzurlaub in Meran mit Fr\u00e4ulein A wechselte ich von den S\u00fcdtiroler Dolomiten in die Sarntaler Alpen.<\/strong><\/em><\/p>\n<p style=\"text-align: justify;\"><!--more--><\/p>\n<p style=\"text-align: justify;\">Die Wanderung von V\u00f6ls nach Klobenstein ist beim ersten Hinschauen nicht sehr beeindruckend &#8211; die beiden Orte sind Luftlinie vielleicht 3 Kilometer voneinander entfernt, und man sieht daher schon beim Startpunkt ganz gut von der einen Dorfkirche zur anderen. Allerdings steckt der Teufel f\u00fcr Wanderer im Detail: Dazwischen schl\u00e4ngelt sich unten im Graben die Eisack zwischen den beiden Orten durch &#8211; und ein paar Meter weiter dar\u00fcber, auf m\u00e4chtigen Betonpfeilern, die Brennerautobahn. Das bedeutet in anderen Worten: 600 H\u00f6henmeter runter, und nach dem Bach 800 H\u00f6henmeter wieder rauf. Uffz!<\/p>\n<p style=\"text-align: justify;\">Das Wetter war eher bescheiden, was der erste Grund ist, warum es heute keine Fotos gibt. Der zweite, weitaus schmerzlichere: Keine drei Tage, nachdem meine Speicherkarte mit den Fotos der Dolomitenquerung den Geist aufgab, verabschiedete sich vorgestern mit einem leisen &#8220;Puff&#8221; auch gleich mein Smartphone dazu. V\u00f6lliges Knockout, keine Chance, das Ger\u00e4t wieder zum Laufen zu bringen (auch die Speicherkarte ist \u00fcbrigens hin\u00fcber, keine chkdsk, kein RAW File Reader etc. konnte mir noch helfen).<\/p>\n<p style=\"text-align: justify;\">Egal, daf\u00fcr habe ich heute wieder einmal ein Video &#8211; es ist ein kleiner Ausschnitt aus der Begehung des <a href=\"https:\/\/www.tourendatenbank.com\/sentiero-astaldi\/\" target=\"_blank\">Sentiero Astaldi<\/a>, einem aussichtsreichen, jedoch praktisch eben verlaufendem Klettersteig am Fu\u00dfe der <a href=\"https:\/\/de.wikipedia.org\/wiki\/Tofane\" target=\"_blank\">Tofane<\/a>.<\/p>\n<p style=\"text-align: justify;\">Viel Spa\u00df!<\/p>\n<p><iframe title=\"Sentiero Astaldi\" width=\"1778\" height=\"1000\" src=\"https:\/\/www.youtube.com\/embed\/ksBOJComDHI?feature=oembed\" frameborder=\"0\" allow=\"accelerometer; autoplay; clipboard-write; encrypted-media; gyroscope; picture-in-picture\" allowfullscreen><\/iframe><\/p>\n<p>PS: Morgen geht&#8217;s vom Rittner Horn ins Sarntal und weiter ins Schigebiet Meran 2000. Von dort sollte ich im Norden Merans Anschlu\u00df an den Meraner H\u00f6henweg finden &#8211; alles in allem wird mich die Querung in die Texelgruppe ca. 2 Tage besch\u00e4ftigen.<\/p>\n","protected":false},"excerpt":{"rendered":"<div class=\"tmnf_excerpt\"><div class=\"tmnf_excerpt\"><p>Auf den letzten beiden Tagen vor meinem Kurzurlaub in Meran mit Fr\u00e4ulein A wechselte ich von den S\u00fcdtiroler Dolomiten in die Sarntaler Alpen.<\/p>\n<\/div><\/div>","protected":false},"author":61,"featured_media":0,"comment_status":"open","ping_status":"open","sticky":false,"template":"","format":"video","meta":{"_s2mail":"yes","footnotes":""},"categories":[191,190,6],"tags":[221,226,222,225],"class_list":["post-3326","post","type-post","status-publish","format-video","hentry","category-sunnysideup","category-fernwandern","category-tourtagebuch","tag-dolomiten","tag-dolomitenhoehenweg","tag-suedtirol","tag-sentiero-astaldi","post_format-post-format-video","gallery-content-unit"],"_links":{"self":[{"href":"https:\/\/www.vergissmi.net\/index.php?rest_route=\/wp\/v2\/posts\/3326","targetHints":{"allow":["GET"]}}],"collection":[{"href":"https:\/\/www.vergissmi.net\/index.php?rest_route=\/wp\/v2\/posts"}],"about":[{"href":"https:\/\/www.vergissmi.net\/index.php?rest_route=\/wp\/v2\/types\/post"}],"author":[{"embeddable":true,"href":"https:\/\/www.vergissmi.net\/index.php?rest_route=\/wp\/v2\/users\/61"}],"replies":[{"embeddable":true,"href":"https:\/\/www.vergissmi.net\/index.php?rest_route=%2Fwp%2Fv2%2Fcomments&post=3326"}],"version-history":[{"count":6,"href":"https:\/\/www.vergissmi.net\/index.php?rest_route=\/wp\/v2\/posts\/3326\/revisions"}],"predecessor-version":[{"id":3333,"href":"https:\/\/www.vergissmi.net\/index.php?rest_route=\/wp\/v2\/posts\/3326\/revisions\/3333"}],"wp:attachment":[{"href":"https:\/\/www.vergissmi.net\/index.php?rest_route=%2Fwp%2Fv2%2Fmedia&parent=3326"}],"wp:term":[{"taxonomy":"category","embeddable":true,"href":"https:\/\/www.vergissmi.net\/index.php?rest_route=%2Fwp%2Fv2%2Fcategories&post=3326"},{"taxonomy":"post_tag","embeddable":true,"href":"https:\/\/www.vergissmi.net\/index.php?rest_route=%2Fwp%2Fv2%2Ftags&post=3326"}],"curies":[{"name":"wp","href":"https:\/\/api.w.org\/{rel}","templated":true}]}}