{"id":3350,"date":"2016-07-30T08:47:29","date_gmt":"2016-07-30T06:47:29","guid":{"rendered":"http:\/\/www.vergissmi.net\/?p=3350"},"modified":"2016-07-30T14:14:53","modified_gmt":"2016-07-30T12:14:53","slug":"tag-045-046-so-a-haassa-summa","status":"publish","type":"post","link":"https:\/\/www.vergissmi.net\/?p=3350","title":{"rendered":"[Tag 045 &#038; 046] So a haa\u00dfa Summa!"},"content":{"rendered":"<p style=\"text-align: justify;\"><strong style=\"line-height: 1.5;\">Das Gastspiel am Meraner H\u00f6henweg dauerte nur eineinhalb Tage &#8211; und fand seine Fortsetzung am nicht minder sch\u00f6nen Vinschger H\u00f6henweg.<\/strong><\/p>\n<p style=\"text-align: justify;\">\n<p style=\"text-align: justify;\"><!--more--><\/p>\n<p style=\"text-align: justify;\">Fr\u00fch morgens, beim Start in Meran, musste ich mich zu allererst einer Herausforderung stellen, die Fr\u00e4ulein A f\u00fcr mich zwischen den Landkarten versteckt hat: Anhand kurzer Textzeilen gilt es zu beweisen, dass das heimische Kulturgut bei mir nicht in Vergessenheit geraten ist:<\/p>\n<p style=\"text-align: justify;\"><a href=\"https:\/\/www.vergissmi.net\/wp-content\/uploads\/2016\/07\/tmp_25695-20160728_070304_HDR-1024x576-600543556.jpg\" rel=\"lightbox[3350]\"><img fetchpriority=\"high\" decoding=\"async\" class=\"aligncenter size-medium wp-image-3352\" src=\"https:\/\/www.vergissmi.net\/wp-content\/uploads\/2016\/07\/tmp_25695-20160728_070304_HDR-1024x576-600543556-800x450.jpg\" alt=\"tmp_25695-20160728_070304_HDR-1024x576-600543556\" width=\"800\" height=\"450\" srcset=\"https:\/\/www.vergissmi.net\/wp-content\/uploads\/2016\/07\/tmp_25695-20160728_070304_HDR-1024x576-600543556-800x450.jpg 800w, https:\/\/www.vergissmi.net\/wp-content\/uploads\/2016\/07\/tmp_25695-20160728_070304_HDR-1024x576-600543556.jpg 1024w\" sizes=\"(max-width: 800px) 100vw, 800px\" \/><\/a><\/p>\n<p style=\"text-align: justify;\">Laufmaschin&#8217;, sinnliche Lippen &amp; Alpengl\u00fch&#8217;n! Da kenn ich mich aus, und so durfte ich nach einer lobenden Best\u00e4tigungs-SMS von dannen ziehen.<\/p>\n<p style=\"text-align: justify;\">Nach mehreren Tagen auf der Sarntaler Alpentraverse bin ich endlich am Meraner H\u00f6henweg angelangt, von dem ich nur Gutes geh\u00f6rt habe. Vor lauter Freude entscheide ich mich am Startpunkt gleich einmal f\u00fcr den falschen (von zwei) Felsenwegen. Egal, nix was man mit ein paar Extra-H\u00f6henmetern nicht wieder gut machen kann.<\/p>\n<p style=\"text-align: justify;\">Die Aussicht ist &#8230; wow:<\/p>\n<p style=\"text-align: justify;\"><a href=\"https:\/\/www.vergissmi.net\/wp-content\/uploads\/2016\/07\/tmp_25695-20160728_093528_HDR-1024x576609562468.jpg\" rel=\"lightbox[3350]\"><img decoding=\"async\" class=\"aligncenter size-medium wp-image-3353\" src=\"https:\/\/www.vergissmi.net\/wp-content\/uploads\/2016\/07\/tmp_25695-20160728_093528_HDR-1024x576609562468-800x450.jpg\" alt=\"tmp_25695-20160728_093528_HDR-1024x576609562468\" width=\"800\" height=\"450\" srcset=\"https:\/\/www.vergissmi.net\/wp-content\/uploads\/2016\/07\/tmp_25695-20160728_093528_HDR-1024x576609562468-800x450.jpg 800w, https:\/\/www.vergissmi.net\/wp-content\/uploads\/2016\/07\/tmp_25695-20160728_093528_HDR-1024x576609562468.jpg 1024w\" sizes=\"(max-width: 800px) 100vw, 800px\" \/><\/a><\/p>\n<p style=\"text-align: justify;\">Der Weg ist meist breit, manchmal etwas schm\u00e4ler. Doch nirgends so schmal, dass man sich mit dem Gegenverkehr nicht irgendwie ausreden k\u00f6nnte.<\/p>\n<p style=\"text-align: justify;\"><a href=\"https:\/\/www.vergissmi.net\/wp-content\/uploads\/2016\/07\/20160728_094143_HDR-1024x1820.jpg\" rel=\"lightbox[3350]\"><img decoding=\"async\" class=\"aligncenter size-medium wp-image-3362\" src=\"https:\/\/www.vergissmi.net\/wp-content\/uploads\/2016\/07\/20160728_094143_HDR-1024x1820-450x800.jpg\" alt=\"20160728_094143_HDR-1024x1820\" width=\"450\" height=\"800\" srcset=\"https:\/\/www.vergissmi.net\/wp-content\/uploads\/2016\/07\/20160728_094143_HDR-1024x1820-450x800.jpg 450w, https:\/\/www.vergissmi.net\/wp-content\/uploads\/2016\/07\/20160728_094143_HDR-1024x1820-576x1024.jpg 576w, https:\/\/www.vergissmi.net\/wp-content\/uploads\/2016\/07\/20160728_094143_HDR-1024x1820.jpg 1024w\" sizes=\"(max-width: 450px) 100vw, 450px\" \/><\/a><\/p>\n<p style=\"text-align: justify;\">Gef\u00fchlte 1000 Fotos entstehen &#8230;<\/p>\n<p style=\"text-align: justify;\"><a href=\"https:\/\/www.vergissmi.net\/wp-content\/uploads\/2016\/07\/20160728_171839_HDR-1024x576.jpg\" rel=\"lightbox[3350]\"><img loading=\"lazy\" decoding=\"async\" class=\"aligncenter size-medium wp-image-3361\" src=\"https:\/\/www.vergissmi.net\/wp-content\/uploads\/2016\/07\/20160728_171839_HDR-1024x576-800x450.jpg\" alt=\"20160728_171839_HDR-1024x576\" width=\"800\" height=\"450\" srcset=\"https:\/\/www.vergissmi.net\/wp-content\/uploads\/2016\/07\/20160728_171839_HDR-1024x576-800x450.jpg 800w, https:\/\/www.vergissmi.net\/wp-content\/uploads\/2016\/07\/20160728_171839_HDR-1024x576.jpg 1024w\" sizes=\"(max-width: 800px) 100vw, 800px\" \/><\/a><\/p>\n<p style=\"text-align: justify;\">&#8230; und da mein fesches A-Model leider nicht mehr zur Verf\u00fcgung steht, muss nun mein fesches \u00a0Rucksackmodell herhalten.<\/p>\n<p style=\"text-align: justify;\"><a href=\"https:\/\/www.vergissmi.net\/wp-content\/uploads\/2016\/07\/20160729_110151_HDR-1024x1820.jpg\" rel=\"lightbox[3350]\"><img loading=\"lazy\" decoding=\"async\" class=\"aligncenter size-medium wp-image-3359\" src=\"https:\/\/www.vergissmi.net\/wp-content\/uploads\/2016\/07\/20160729_110151_HDR-1024x1820-450x800.jpg\" alt=\"20160729_110151_HDR-1024x1820\" width=\"450\" height=\"800\" srcset=\"https:\/\/www.vergissmi.net\/wp-content\/uploads\/2016\/07\/20160729_110151_HDR-1024x1820-450x800.jpg 450w, https:\/\/www.vergissmi.net\/wp-content\/uploads\/2016\/07\/20160729_110151_HDR-1024x1820-576x1024.jpg 576w, https:\/\/www.vergissmi.net\/wp-content\/uploads\/2016\/07\/20160729_110151_HDR-1024x1820.jpg 1024w\" sizes=\"(max-width: 450px) 100vw, 450px\" \/><\/a><\/p>\n<p style=\"text-align: justify;\">Am Ende des Meraner H\u00f6henweges hie\u00df es f\u00fcr mich ins Tal abzusteigen, denn eine steile Felswand trennt die Texelgruppe vom S\u00fcdtiroler Anteil an den \u00d6tztaler Bergen.<\/p>\n<p style=\"text-align: justify;\">Genau zwischen Texel und \u00d6tz steht ein gut sortierter Bauernladen und buhlt mit frischem Obst (S\u00fcdtiroler Erdbeeren!), Tomaten, Biospeck und Sch\u00fcttelbrot um Kundschaft.<\/p>\n<p style=\"text-align: justify;\"><a href=\"https:\/\/www.vergissmi.net\/wp-content\/uploads\/2016\/07\/20160729_125818_HDR-1024x1820.jpg\" rel=\"lightbox[3350]\"><img loading=\"lazy\" decoding=\"async\" class=\"aligncenter size-medium wp-image-3358\" src=\"https:\/\/www.vergissmi.net\/wp-content\/uploads\/2016\/07\/20160729_125818_HDR-1024x1820-450x800.jpg\" alt=\"20160729_125818_HDR-1024x1820\" width=\"450\" height=\"800\" srcset=\"https:\/\/www.vergissmi.net\/wp-content\/uploads\/2016\/07\/20160729_125818_HDR-1024x1820-450x800.jpg 450w, https:\/\/www.vergissmi.net\/wp-content\/uploads\/2016\/07\/20160729_125818_HDR-1024x1820-576x1024.jpg 576w, https:\/\/www.vergissmi.net\/wp-content\/uploads\/2016\/07\/20160729_125818_HDR-1024x1820.jpg 1024w\" sizes=\"(max-width: 450px) 100vw, 450px\" \/><\/a><\/p>\n<p style=\"text-align: justify;\">W\u00e4hrend ich so vor mich hinjausne, ein Aha-Erlebnis: Die gem\u00fctliche Waalwege-Wanderung, die ich mir in meinem Geiste bei den gerade vorherrschenden 33 Grad ausgemalt hatte, entpuppt sich als knapp 1300 H\u00f6henmeter schwerer Nachmittagssonnenaufstieg.<\/p>\n<p style=\"text-align: justify;\">Nur die erste Stunde verlief entlang des Jahrhunderte alten Wasserversorgungsnetzes. Ihr k\u00f6nnt Euch gar nicht vorstellen, wie fein das ist! Schattige Laubw\u00e4lder, daneben pl\u00e4tschert st\u00e4ndig gem\u00fctlich das Wasser, V\u00f6gel singen, und alles ist gut, Pulsschlag irgendwo zwischen 20 und 40.<\/p>\n<p style=\"text-align: justify;\"><a href=\"https:\/\/www.vergissmi.net\/wp-content\/uploads\/2016\/07\/20160729_143224_HDR-1024x576.jpg\" rel=\"lightbox[3350]\"><img loading=\"lazy\" decoding=\"async\" class=\"aligncenter size-medium wp-image-3355\" src=\"https:\/\/www.vergissmi.net\/wp-content\/uploads\/2016\/07\/20160729_143224_HDR-1024x576-800x450.jpg\" alt=\"20160729_143224_HDR-1024x576\" width=\"800\" height=\"450\" srcset=\"https:\/\/www.vergissmi.net\/wp-content\/uploads\/2016\/07\/20160729_143224_HDR-1024x576-800x450.jpg 800w, https:\/\/www.vergissmi.net\/wp-content\/uploads\/2016\/07\/20160729_143224_HDR-1024x576.jpg 1024w\" sizes=\"(max-width: 800px) 100vw, 800px\" \/><\/a><\/p>\n<p style=\"text-align: justify;\">Daran kann auch die Staatsanwaaltschaft nicht r\u00fctteln, denn das einzige, was hier ins Wasser hineinkommt, ist meine Trinkflasche:<\/p>\n<p style=\"text-align: justify;\"><a href=\"https:\/\/www.vergissmi.net\/wp-content\/uploads\/2016\/07\/20160729_144959_HDR-1024x576.jpg\" rel=\"lightbox[3350]\"><img loading=\"lazy\" decoding=\"async\" class=\"aligncenter size-medium wp-image-3357\" src=\"https:\/\/www.vergissmi.net\/wp-content\/uploads\/2016\/07\/20160729_144959_HDR-1024x576-800x450.jpg\" alt=\"20160729_144959_HDR-1024x576\" width=\"800\" height=\"450\" srcset=\"https:\/\/www.vergissmi.net\/wp-content\/uploads\/2016\/07\/20160729_144959_HDR-1024x576-800x450.jpg 800w, https:\/\/www.vergissmi.net\/wp-content\/uploads\/2016\/07\/20160729_144959_HDR-1024x576.jpg 1024w\" sizes=\"(max-width: 800px) 100vw, 800px\" \/><\/a><\/p>\n<p style=\"text-align: justify;\">Am Ende eines schwei\u00dftreibenden Aufstieges die Belohnung &#8211; ein R\u00fcckblick auf den unteren Teil des Oberen Etschtales, also auf den Vinschgau:<\/p>\n<p style=\"text-align: justify;\"><a href=\"https:\/\/www.vergissmi.net\/wp-content\/uploads\/2016\/07\/20160729_171510_HDR-1024x576.jpg\" rel=\"lightbox[3350]\"><img loading=\"lazy\" decoding=\"async\" class=\"aligncenter size-medium wp-image-3365\" src=\"https:\/\/www.vergissmi.net\/wp-content\/uploads\/2016\/07\/20160729_171510_HDR-1024x576-800x450.jpg\" alt=\"20160729_171510_HDR-1024x576\" width=\"800\" height=\"450\" srcset=\"https:\/\/www.vergissmi.net\/wp-content\/uploads\/2016\/07\/20160729_171510_HDR-1024x576-800x450.jpg 800w, https:\/\/www.vergissmi.net\/wp-content\/uploads\/2016\/07\/20160729_171510_HDR-1024x576.jpg 1024w\" sizes=\"(max-width: 800px) 100vw, 800px\" \/><\/a><\/p>\n<p style=\"text-align: justify;\">Und zum Abschluss noch die Antwort auf den Kulturauftrag, ein R\u00e4tsel f\u00fcr die Rucksacktr\u00e4ger &#8230; und ja, wir bleiben beim Austropop (wie auch schon bei der \u00a0heutigen \u00dcberschrift):<\/p>\n<p style=\"text-align: justify;\"><a href=\"https:\/\/www.vergissmi.net\/wp-content\/uploads\/2016\/07\/20160729_171128_HDR-600x1067.jpg\" rel=\"lightbox[3350]\"><img loading=\"lazy\" decoding=\"async\" class=\"aligncenter size-medium wp-image-3356\" src=\"https:\/\/www.vergissmi.net\/wp-content\/uploads\/2016\/07\/20160729_171128_HDR-600x1067-450x800.jpg\" alt=\"20160729_171128_HDR-600x1067\" width=\"450\" height=\"800\" srcset=\"https:\/\/www.vergissmi.net\/wp-content\/uploads\/2016\/07\/20160729_171128_HDR-600x1067-450x800.jpg 450w, https:\/\/www.vergissmi.net\/wp-content\/uploads\/2016\/07\/20160729_171128_HDR-600x1067-576x1024.jpg 576w, https:\/\/www.vergissmi.net\/wp-content\/uploads\/2016\/07\/20160729_171128_HDR-600x1067.jpg 600w\" sizes=\"(max-width: 450px) 100vw, 450px\" \/><\/a><\/p>\n<p style=\"text-align: justify;\">Mahlzeit!<\/p>\n<p style=\"text-align: justify;\">&#8212;<br \/>\n<span style=\"line-height: 1.5;\">(hier geht&#8217;s zur <a href=\"https:\/\/youtu.be\/duyhqn-blUU\" target=\"_blank\">L\u00f6sung<\/a>)<\/span><\/p>\n","protected":false},"excerpt":{"rendered":"<div class=\"tmnf_excerpt\"><div class=\"tmnf_excerpt\"><p>Das Gastspiel am Meraner H\u00f6henweg dauerte nur eineinhalb Tage &#8211; und fand seine Fortsetzung am nicht minder sch\u00f6nen Vinschger H\u00f6henweg.<\/p>\n<\/div><\/div>","protected":false},"author":61,"featured_media":3362,"comment_status":"open","ping_status":"open","sticky":false,"template":"","format":"standard","meta":{"_s2mail":"yes","footnotes":""},"categories":[191,190,216,6],"tags":[228,222,229],"class_list":["post-3350","post","type-post","status-publish","format-standard","has-post-thumbnail","hentry","category-sunnysideup","category-fernwandern","category-italien","category-tourtagebuch","tag-meraner-hoehenweg","tag-suedtirol","tag-vinschger-hoehenweg","gallery-content-unit"],"_links":{"self":[{"href":"https:\/\/www.vergissmi.net\/index.php?rest_route=\/wp\/v2\/posts\/3350","targetHints":{"allow":["GET"]}}],"collection":[{"href":"https:\/\/www.vergissmi.net\/index.php?rest_route=\/wp\/v2\/posts"}],"about":[{"href":"https:\/\/www.vergissmi.net\/index.php?rest_route=\/wp\/v2\/types\/post"}],"author":[{"embeddable":true,"href":"https:\/\/www.vergissmi.net\/index.php?rest_route=\/wp\/v2\/users\/61"}],"replies":[{"embeddable":true,"href":"https:\/\/www.vergissmi.net\/index.php?rest_route=%2Fwp%2Fv2%2Fcomments&post=3350"}],"version-history":[{"count":9,"href":"https:\/\/www.vergissmi.net\/index.php?rest_route=\/wp\/v2\/posts\/3350\/revisions"}],"predecessor-version":[{"id":3375,"href":"https:\/\/www.vergissmi.net\/index.php?rest_route=\/wp\/v2\/posts\/3350\/revisions\/3375"}],"wp:featuredmedia":[{"embeddable":true,"href":"https:\/\/www.vergissmi.net\/index.php?rest_route=\/wp\/v2\/media\/3362"}],"wp:attachment":[{"href":"https:\/\/www.vergissmi.net\/index.php?rest_route=%2Fwp%2Fv2%2Fmedia&parent=3350"}],"wp:term":[{"taxonomy":"category","embeddable":true,"href":"https:\/\/www.vergissmi.net\/index.php?rest_route=%2Fwp%2Fv2%2Fcategories&post=3350"},{"taxonomy":"post_tag","embeddable":true,"href":"https:\/\/www.vergissmi.net\/index.php?rest_route=%2Fwp%2Fv2%2Ftags&post=3350"}],"curies":[{"name":"wp","href":"https:\/\/api.w.org\/{rel}","templated":true}]}}