{"id":352,"date":"2010-03-17T13:45:43","date_gmt":"2010-03-17T12:45:43","guid":{"rendered":"http:\/\/www.vergissmi.net\/?p=352"},"modified":"2016-03-06T20:22:25","modified_gmt":"2016-03-06T19:22:25","slug":"als-es-in-osterreich-noch-warme-tage-gab","status":"publish","type":"post","link":"https:\/\/www.vergissmi.net\/?p=352","title":{"rendered":"Am Eisenwurzenweg von Amstetten nach Judenburg"},"content":{"rendered":"<p style=\"text-align: justify;\">Am <a href=\"http:\/\/www.alpenverein.at\/weitwanderer\/Weitwanderwege\/2002_01_25_108.php\" target=\"_blank\">Zentralalpenweg 02<\/a> ging es letzten Sommer bereits rund 900 km von Hainburg bis Matrei am Brenner, doch f\u00fcr den Herbsturlaub war aufgrund der starken Regenf\u00e4lle in Tirol an ein Weitergehen nicht zu denken. Nach dem Studium einiger Alternativen fiel die Wahl auf den <strong><a href=\"http:\/\/www.alpenverein.at\/weitwanderer\/Weitwanderwege\/2002_01_19_132.php\" target=\"_blank\">Weitwanderweg 08<\/a><\/strong>, den &#8220;Eisenwurzenweg&#8221; von \u00d6sterreichs Norden (Litschau\/N\u00d6) bis zum S\u00fcden (Seebergsattel\/KTN).<\/p>\n<p style=\"text-align: justify;\"><!--more-->Der WW08 stellt die Nord-S\u00fcd-Verbindung vom n\u00f6rdlichsten zum s\u00fcdlichsten Punk \u00d6sterreichs dar und f\u00fchrt durch die Bundesl\u00e4nder Nieder\u00f6sterreich, Steiermark und K\u00e4rnten. Die Wetterprognose v.a. f\u00fcr den mittleren Abschnitt war vielversprechend, so entschieden wir uns, mit dem Zug nach <strong>Amstetten<\/strong> zu fahren, um das Mostviertel auch noch mitzunehmen, und dann zur Querung der Steiermark (\u00fcber Ennstaler Alpen, Ges\u00e4use und Triebener Tauern) anzusetzen.<\/p>\n<p style=\"text-align: justify;\">Freitag nach Dienstschlu\u00df ging&#8217;s nach Amstetten, und von dort aus noch 9 km nach <strong>Euratsfeld<\/strong>, wo wir uns beim <strong><a href=\"http:\/\/www.gafringwirt.at\/\" target=\"_blank\">Gafringwirt<\/a><\/strong> mit ausreichend Marschkalorien eindeckten (Tipp: Einfach alles bestellen, wo im Namen &#8220;Most-&#8221; vorkommt &#8211; sie wissen dort ganz genau, was sie tun).<\/p>\n<p style=\"text-align: justify;\">In den n\u00e4chsten Tagen ging es \u00fcber H\u00fcgel &#8230;<\/p>\n<p style=\"text-align: justify;\"><img fetchpriority=\"high\" decoding=\"async\" class=\"alignnone\" src=\"http:\/\/i633.photobucket.com\/albums\/uu54\/curzon_dax_album\/P9190018Large.jpg\" alt=\"\" width=\"819\" height=\"614\" \/><\/p>\n<p style=\"text-align: justify;\">&#8230; und Felder &#8230;<\/p>\n<p style=\"text-align: justify;\"><img decoding=\"async\" class=\"alignnone\" src=\"http:\/\/i633.photobucket.com\/albums\/uu54\/curzon_dax_album\/P9200210Large.jpg\" alt=\"\" width=\"819\" height=\"614\" \/><\/p>\n<p style=\"text-align: justify;\">&#8230; und mancherorts m\u00e4chtig viel Weidwerk &#8230;<br \/>\n(&#8211;&gt; in der Bildmitte &#8230; voila &#8230; der Weitwanderweg 08)<\/p>\n<p style=\"text-align: justify;\"><img decoding=\"async\" class=\"alignnone\" src=\"http:\/\/i633.photobucket.com\/albums\/uu54\/curzon_dax_album\/P9200215Large.jpg\" alt=\"\" width=\"819\" height=\"614\" \/><\/p>\n<p style=\"text-align: justify;\">&#8230; \u00fcber <strong>Waidhofen<\/strong> und <strong>Hollenstein<\/strong> der Ybbs entlang zur nieder\u00f6sterreichisch\/steirischen Landesgrenze, namentlich auf den <strong>Tanzboden<\/strong> (1720 m). Kurz zuvor noch das Gipfelkreuz der <strong>Stumpfmauer<\/strong> (1760 m) mitgenommen &#8230;<\/p>\n<p style=\"text-align: justify;\"><img loading=\"lazy\" decoding=\"async\" class=\"alignnone\" src=\"http:\/\/i633.photobucket.com\/albums\/uu54\/curzon_dax_album\/P9210218Large.jpg\" alt=\"\" width=\"819\" height=\"614\" \/><\/p>\n<p style=\"text-align: justify;\">&#8230; ging es \u00fcber den <strong>Kopetzkysteig<\/strong> raufrunter in die Steiermark (Gru\u00df an dieser Stelle an <a href=\"http:\/\/www.gipfeltreffen.at\/member.php?u=18885\" target=\"_blank\">ekkhart<\/a>, der am selben Tag dieselbe Strecke absolvierte, mit uns gleichzeitig den Tanzboden erklomm und uns &#8211; trotz gediegener Jausenpause &#8211; auf den letzten Metern vor Altenmarkt wieder einholte. Der Glaube an die Zuverl\u00e4ssigkeit der hiesigen Buslinie verlieh wohl Fl\u00fcgel, <a href=\"http:\/\/www.gipfeltreffen.at\/showthread.php?t=39759\" target=\"_blank\">blieb aber letztlich leider unbelohnt<\/a>.)<\/p>\n<p style=\"text-align: justify;\"><img loading=\"lazy\" decoding=\"async\" class=\"alignnone\" src=\"http:\/\/i633.photobucket.com\/albums\/uu54\/curzon_dax_album\/P9210054Large.jpg\" alt=\"\" width=\"819\" height=\"614\" \/><\/p>\n<p style=\"text-align: justify;\">In <strong>Altenmarkt<\/strong> entschieden wir uns f\u00fcr den (mittlerweile einzigen) Wirt im Ort mit N\u00e4chtigungsm\u00f6glichkeit, den wir dank der pr\u00e4zisen Beschilderung auch sofort fanden.<\/p>\n<p style=\"text-align: justify;\"><img loading=\"lazy\" decoding=\"async\" class=\"alignnone\" src=\"http:\/\/i633.photobucket.com\/albums\/uu54\/curzon_dax_album\/P9210063Large.jpg\" alt=\"\" width=\"819\" height=\"614\" \/><\/p>\n<p style=\"text-align: justify;\">Nicht auszudenken, wenn wir auf eigene Faust im Umkreis von 11 Metern zu suchen begonnen h\u00e4tten!<\/p>\n<p style=\"text-align: justify;\">Tags drauf ging&#8217;s in der Morgensonne zur <strong><a href=\"http:\/\/www.ennstalerhuette.at\/\" target=\"_blank\">Ennstaler H\u00fctte<\/a><\/strong> rauf &#8230;<\/p>\n<p style=\"text-align: justify;\"><img loading=\"lazy\" decoding=\"async\" class=\"alignnone\" src=\"http:\/\/i633.photobucket.com\/albums\/uu54\/curzon_dax_album\/P9220222Large.jpg\" alt=\"\" width=\"576\" height=\"768\" \/><\/p>\n<p style=\"text-align: justify;\">&#8230; wo ein selbstgemachter Marillenkuchen grade recht kam, um die Energiespeicher f\u00fcr den Abstieg aufzuladen. In <strong>Johnsbach\/Ges\u00e4use<\/strong> angekommen, kurzes Posen bei der Querung der Enns &#8230;<\/p>\n<p style=\"text-align: justify;\"><img loading=\"lazy\" decoding=\"async\" class=\"alignnone\" src=\"http:\/\/i633.photobucket.com\/albums\/uu54\/curzon_dax_album\/P9220073Large.jpg\" alt=\"\" width=\"819\" height=\"614\" \/><\/p>\n<p style=\"text-align: justify;\">&#8230; um dann dem Enns- und Johnsbacherl entlang &#8230;<\/p>\n<p style=\"text-align: justify;\"><img loading=\"lazy\" decoding=\"async\" class=\"alignnone\" src=\"http:\/\/i633.photobucket.com\/albums\/uu54\/curzon_dax_album\/P9220234Large.jpg\" alt=\"\" width=\"576\" height=\"768\" \/><\/p>\n<p style=\"text-align: justify;\">&#8230; durch&#8217;s Ges\u00e4use zu marschieren &#8211; \u00fcbrigens auf einem _wirklich_ feinen, ca. 9 km langen Talweg (&#8220;<a href=\"http:\/\/www.freizeitkarte.at\/tour.php?tour_id=318\" target=\"_blank\">Sagenweg<\/a>&#8220;), der bis nach <strong>Johnsbach Ort<\/strong> f\u00fchrt. Obwohl es bereits Abend wurde und wir 10 Wanderstunden in den Zehen hatten, entschieden wir uns, auch den Aufstieg zur <strong><a href=\"http:\/\/www.moedlingerhuette.at\/\" target=\"_blank\">M\u00f6dlinger H\u00fctte<\/a><\/strong> noch am selben Tag zu machen, denn viele Gelegenheiten f\u00fcr eine H\u00fctten\u00fcbernachtung wird&#8217;s heuer wohl nicht mehr spielen.<\/p>\n<p style=\"text-align: justify;\">Am n\u00e4chsten Tag ging&#8217;s r\u00fcber zur <strong><a href=\"http:\/\/www.klinkehuette.at\/\" target=\"_blank\">Oberst-Klinke-H\u00fctte<\/a><\/strong>, das Wetter wiederum vom Feinsten:<\/p>\n<p style=\"text-align: justify;\"><img loading=\"lazy\" decoding=\"async\" class=\"alignnone\" src=\"http:\/\/i633.photobucket.com\/albums\/uu54\/curzon_dax_album\/P9220238Large.jpg\" alt=\"\" width=\"576\" height=\"768\" \/><\/p>\n<p style=\"text-align: justify;\">Von der aussichtsreichen <a href=\"http:\/\/www.moedlingerhuette.at\/\" target=\"_blank\">M\u00f6dlinger H\u00fctte<\/a> &#8230;<\/p>\n<p style=\"text-align: justify;\"><img loading=\"lazy\" decoding=\"async\" class=\"alignnone\" src=\"http:\/\/i633.photobucket.com\/albums\/uu54\/curzon_dax_album\/P9230251Large.jpg\" alt=\"\" width=\"819\" height=\"614\" \/><\/p>\n<p style=\"text-align: justify;\">&#8230; ging es tags drauf ins Tal Richtung <strong>Trieben<\/strong>. Ein letzter Blick zur\u00fcck ins Ges\u00e4use &#8230;<\/p>\n<p style=\"text-align: justify;\"><img loading=\"lazy\" decoding=\"async\" class=\"alignnone\" src=\"http:\/\/i633.photobucket.com\/albums\/uu54\/curzon_dax_album\/P9230256Large.jpg\" alt=\"\" width=\"819\" height=\"614\" \/><\/p>\n<p style=\"text-align: justify;\">&#8230; und das war&#8217;s f\u00fcr diesen Tag mit der Weitsicht. Der Nachmittag diente dazu, uns \u00fcber Trieben zur Hohentauernstra\u00dfe zu bringen, wo wir sp\u00e4t nachmittags beim <a href=\"http:\/\/www.pgualc.org\/details,272579.html\" target=\"_blank\"><strong>GH Brodj\u00e4ger<\/strong><\/a> die Etappe gut sein lie\u00dfen.<\/p>\n<p style=\"text-align: justify;\">Am n\u00e4chsten Tag wartete der h\u00f6chste Punkt dieser Woche, das <strong>Kettent\u00f6rl<\/strong> (1864 m) &#8230;<\/p>\n<p style=\"text-align: justify;\"><img loading=\"lazy\" decoding=\"async\" class=\"alignnone\" src=\"http:\/\/farm4.static.flickr.com\/3003\/2814283165_03da1593db.jpg\" alt=\"\" width=\"375\" height=\"500\" \/><\/p>\n<p style=\"text-align: justify;\">&#8230; wo es &#8211; gro\u00dfe Freude! &#8211; auf knapp 1800 m noch reichlich Schwarz- und Preisselbeeren gab.<\/p>\n<p style=\"text-align: justify;\"><img loading=\"lazy\" decoding=\"async\" class=\"alignnone\" src=\"http:\/\/i633.photobucket.com\/albums\/uu54\/curzon_dax_album\/P9240088Large.jpg\" alt=\"\" width=\"819\" height=\"614\" \/><\/p>\n<p style=\"text-align: justify;\">Weiter ging&#8217;s zum <strong>Ingeringsee<\/strong> &#8230;<\/p>\n<p style=\"text-align: justify;\"><img loading=\"lazy\" decoding=\"async\" class=\"alignnone\" src=\"http:\/\/i633.photobucket.com\/albums\/uu54\/curzon_dax_album\/P9240109Large.jpg\" alt=\"\" width=\"819\" height=\"614\" \/><\/p>\n<p style=\"text-align: justify;\">&#8230; und dem <strong>Ingeringbach<\/strong> entlang 12 km entlang bis zum <a href=\"http:\/\/www.gaalerhof.at\/\" target=\"_blank\"><strong>Gaalerhof<\/strong><\/a>, wo wir im Mai schon eingekehrt sind, als uns der Zentralalpenweg durch Ingering f\u00fchrte.<\/p>\n<p style=\"text-align: justify;\">Am n\u00e4chsten und letzten Tag das einzige Fragezeichen auf der Tour &#8211; irgendwo zwischen Ingering und <strong>Fohnsdorfer H\u00fctte<\/strong> kam uns die Wegmarkierung abhanden. Was umso verwunderlicher erschien, da am selben Weg auch ein Pilgerweg zu verlaufen scheint. Sei&#8217;s wie&#8217;s sei, wir wussten ungef\u00e4hr wo wir sind, und der eine oder andere alte Trampelpfad brachte uns auch nach oben.<\/p>\n<p style=\"text-align: justify;\"><img loading=\"lazy\" decoding=\"async\" class=\"alignnone\" src=\"http:\/\/i633.photobucket.com\/albums\/uu54\/curzon_dax_album\/P9250128Large.jpg\" alt=\"\" width=\"819\" height=\"614\" \/><\/p>\n<p style=\"text-align: justify;\">Zum Abschlu\u00df sorgte ein <strong><a href=\"http:\/\/www.amazon.de\/Aus-dem-Leben-H%C3%B6dlmosers-steirischer\/dp\/3423134674\" target=\"_blank\">Lehrpfad<\/a><\/strong> noch daf\u00fcr, da\u00df die Kultur nicht zu kurz kommt.<\/p>\n<p style=\"text-align: justify;\"><img loading=\"lazy\" decoding=\"async\" class=\"alignnone\" src=\"http:\/\/i633.photobucket.com\/albums\/uu54\/curzon_dax_album\/P9250289Large.jpg\" alt=\"\" width=\"819\" height=\"614\" \/><\/p>\n<p style=\"text-align: justify;\">Profund informiert erreichen wir Judenburg, kauften uns beim Prototyp eines steirischen \u00d6BB-Schalterbeamten (der insbesondere durch seine klaren Weltvorstellungen und seine gesunde Ethik \u00fcberzeugte) das Heimfahrticket und waren direkt froh, da\u00df wir uns im \u00fcbervollen Freitagnachmittagszug in olfaktorischer Hinsicht nicht nennenswert von der Masse abhoben.<\/p>\n<p style=\"text-align: justify;\">Fein war&#8217;s!<\/p>\n<p style=\"text-align: justify;\"><img decoding=\"async\" src=\"file:\/\/\/C:\/DOCUME%7E1\/mm1\/LOCALS%7E1\/Temp\/moz-screenshot.png\" alt=\"\" \/><\/p>\n","protected":false},"excerpt":{"rendered":"<div class=\"tmnf_excerpt\"><div class=\"tmnf_excerpt\"><p>Am Zentralalpenweg 02 ging es letzten Sommer bereits rund 900 km von Hainburg bis Matrei am Brenner, doch f\u00fcr den Herbsturlaub war aufgrund der starken Regenf\u00e4lle in Tirol an ein Weitergehen nicht zu denken. Nach dem Studium einiger Alternativen fiel die Wahl auf den Weitwanderweg 08, den &#8220;Eisenwurzenweg&#8221; von \u00d6sterreichs Norden (Litschau\/N\u00d6) bis zum S\u00fcden &hellip;<\/p>\n<\/div><\/div>","protected":false},"author":61,"featured_media":1176,"comment_status":"open","ping_status":"open","sticky":false,"template":"","format":"standard","meta":{"_s2mail":"yes","footnotes":""},"categories":[173,156,165,160,6,155],"tags":[],"class_list":["post-352","post","type-post","status-publish","format-standard","has-post-thumbnail","hentry","category-08-eisenwurzenweg","category-oesterreich","category-niederoesterreich","category-steiermark","category-tourtagebuch","category-weitwandern","gallery-content-unit"],"_links":{"self":[{"href":"https:\/\/www.vergissmi.net\/index.php?rest_route=\/wp\/v2\/posts\/352","targetHints":{"allow":["GET"]}}],"collection":[{"href":"https:\/\/www.vergissmi.net\/index.php?rest_route=\/wp\/v2\/posts"}],"about":[{"href":"https:\/\/www.vergissmi.net\/index.php?rest_route=\/wp\/v2\/types\/post"}],"author":[{"embeddable":true,"href":"https:\/\/www.vergissmi.net\/index.php?rest_route=\/wp\/v2\/users\/61"}],"replies":[{"embeddable":true,"href":"https:\/\/www.vergissmi.net\/index.php?rest_route=%2Fwp%2Fv2%2Fcomments&post=352"}],"version-history":[{"count":12,"href":"https:\/\/www.vergissmi.net\/index.php?rest_route=\/wp\/v2\/posts\/352\/revisions"}],"predecessor-version":[{"id":2519,"href":"https:\/\/www.vergissmi.net\/index.php?rest_route=\/wp\/v2\/posts\/352\/revisions\/2519"}],"wp:featuredmedia":[{"embeddable":true,"href":"https:\/\/www.vergissmi.net\/index.php?rest_route=\/wp\/v2\/media\/1176"}],"wp:attachment":[{"href":"https:\/\/www.vergissmi.net\/index.php?rest_route=%2Fwp%2Fv2%2Fmedia&parent=352"}],"wp:term":[{"taxonomy":"category","embeddable":true,"href":"https:\/\/www.vergissmi.net\/index.php?rest_route=%2Fwp%2Fv2%2Fcategories&post=352"},{"taxonomy":"post_tag","embeddable":true,"href":"https:\/\/www.vergissmi.net\/index.php?rest_route=%2Fwp%2Fv2%2Ftags&post=352"}],"curies":[{"name":"wp","href":"https:\/\/api.w.org\/{rel}","templated":true}]}}