{"id":3527,"date":"2016-08-16T14:55:41","date_gmt":"2016-08-16T12:55:41","guid":{"rendered":"http:\/\/www.vergissmi.net\/?p=3527"},"modified":"2019-08-22T11:33:11","modified_gmt":"2019-08-22T09:33:11","slug":"tag-061-062-063-das-leben-ein-fluss","status":"publish","type":"post","link":"https:\/\/www.vergissmi.net\/?p=3527","title":{"rendered":"[Tag 061, 062 &#038; 063:] Das Leben &#8211; ein Fluss!"},"content":{"rendered":"<p style=\"text-align: justify;\"><em><strong>Sanfter Wellenschlag &#8230; 1500 Wanderkilometer, 70000 H\u00f6henmeter, 63 Tage. Ich habe mein gro\u00dfes Teilziel erreicht und g\u00f6nne mir zwei Faulenzertage am Lago Maggiore.<\/strong><\/em><\/p>\n<p style=\"text-align: justify;\"><!--more--><\/p>\n<p style=\"text-align: justify;\">Die letzten Tagesm\u00e4rsche vor Erreichen des gro\u00dfen Sees waren kontrastreich. Gerade noch stand ich auf einem hochalpinen Pass an der schweiz-italienischen Grenze, und keine 24 Stunden sp\u00e4ter stehen Palmen in den G\u00e4rten<span style=\"line-height: 1.5;\">.<\/span><\/p>\n<p style=\"text-align: justify;\"><span style=\"line-height: 1.5;\">Anstrengende Anstiege waren nicht mehr zu bef\u00fcrchten &#8230;<\/span><\/p>\n<p style=\"text-align: justify;\"><a href=\"https:\/\/www.vergissmi.net\/wp-content\/uploads\/2016\/08\/20160813_152853_HDR-1024x576.jpg\" rel=\"lightbox[3527]\"><img fetchpriority=\"high\" decoding=\"async\" class=\"aligncenter size-medium wp-image-3537\" src=\"https:\/\/www.vergissmi.net\/wp-content\/uploads\/2016\/08\/20160813_152853_HDR-1024x576-800x450.jpg\" alt=\"20160813_152853_HDR-1024x576\" width=\"800\" height=\"450\" srcset=\"https:\/\/www.vergissmi.net\/wp-content\/uploads\/2016\/08\/20160813_152853_HDR-1024x576-800x450.jpg 800w, https:\/\/www.vergissmi.net\/wp-content\/uploads\/2016\/08\/20160813_152853_HDR-1024x576.jpg 1024w\" sizes=\"(max-width: 800px) 100vw, 800px\" \/><\/a><\/p>\n<p style=\"text-align: justify;\">&#8230; und ohne Berge im Weg kann man Kilometer machen.<\/p>\n<p><a href=\"https:\/\/www.vergissmi.net\/wp-content\/uploads\/2016\/08\/20160813_201636_HDR-600x1067.jpg\" rel=\"lightbox[3527]\"><img decoding=\"async\" class=\"aligncenter size-medium wp-image-3536\" src=\"https:\/\/www.vergissmi.net\/wp-content\/uploads\/2016\/08\/20160813_201636_HDR-600x1067-450x800.jpg\" alt=\"20160813_201636_HDR-600x1067\" width=\"450\" height=\"800\" srcset=\"https:\/\/www.vergissmi.net\/wp-content\/uploads\/2016\/08\/20160813_201636_HDR-600x1067-450x800.jpg 450w, https:\/\/www.vergissmi.net\/wp-content\/uploads\/2016\/08\/20160813_201636_HDR-600x1067-576x1024.jpg 576w, https:\/\/www.vergissmi.net\/wp-content\/uploads\/2016\/08\/20160813_201636_HDR-600x1067.jpg 600w\" sizes=\"(max-width: 450px) 100vw, 450px\" \/><\/a><\/p>\n<p>Die k\u00fcrzeste Verbindung zwischen zwei Punkten &#8230;.<\/p>\n<p><a href=\"https:\/\/www.vergissmi.net\/wp-content\/uploads\/2016\/08\/20160814_105731_HDR-600x1067.jpg\" rel=\"lightbox[3527]\"><img decoding=\"async\" class=\"aligncenter size-medium wp-image-3535\" src=\"https:\/\/www.vergissmi.net\/wp-content\/uploads\/2016\/08\/20160814_105731_HDR-600x1067-450x800.jpg\" alt=\"20160814_105731_HDR-600x1067\" width=\"450\" height=\"800\" srcset=\"https:\/\/www.vergissmi.net\/wp-content\/uploads\/2016\/08\/20160814_105731_HDR-600x1067-450x800.jpg 450w, https:\/\/www.vergissmi.net\/wp-content\/uploads\/2016\/08\/20160814_105731_HDR-600x1067-576x1024.jpg 576w, https:\/\/www.vergissmi.net\/wp-content\/uploads\/2016\/08\/20160814_105731_HDR-600x1067.jpg 600w\" sizes=\"(max-width: 450px) 100vw, 450px\" \/><\/a><\/p>\n<p>&#8230; f\u00fchrt keineswegs monoton, aber dennoch 70 Kilometer geradeaus zum Lago Maggiore. Ich folgte hier der Routenempfehlung meines fr\u00e4nkischen Weitwanderfreundes Kai &#8211; und tat gut daran! Alte Eisenbahntrassen, sch\u00f6ne Waldwanderwege und historisch interessante Themenwege in den Bauernd\u00f6rfern am Weg. DANKE nochmals f\u00fcr die spontane Frage\/Antwort-Stunde zwischen Tessin und den Lofoten!<\/p>\n<p>Locarno City gibt f\u00fcr einen Bergfexen nicht viel her, doch nur wenige Kilometer au\u00dferhalb gibt es gro\u00dfartige Ecken:<\/p>\n<p><a href=\"https:\/\/www.vergissmi.net\/wp-content\/uploads\/2016\/08\/20160814_171151_HDR-600x1067.jpg\" rel=\"lightbox[3527]\"><img loading=\"lazy\" decoding=\"async\" class=\"aligncenter size-medium wp-image-3532\" src=\"https:\/\/www.vergissmi.net\/wp-content\/uploads\/2016\/08\/20160814_171151_HDR-600x1067-450x800.jpg\" alt=\"20160814_171151_HDR-600x1067\" width=\"450\" height=\"800\" srcset=\"https:\/\/www.vergissmi.net\/wp-content\/uploads\/2016\/08\/20160814_171151_HDR-600x1067-450x800.jpg 450w, https:\/\/www.vergissmi.net\/wp-content\/uploads\/2016\/08\/20160814_171151_HDR-600x1067-576x1024.jpg 576w, https:\/\/www.vergissmi.net\/wp-content\/uploads\/2016\/08\/20160814_171151_HDR-600x1067.jpg 600w\" sizes=\"(max-width: 450px) 100vw, 450px\" \/><\/a><\/p>\n<p>Nat\u00fcrlich habe ich es nicht vergessen, doch die Fotos waren halt in dieser Reihenfolge: Am Hafen von Locarno wartete bereits meine liebe Freundin Romana auf mich, um mich f\u00fcr ein paar Tage durch das Piemont zu begleiten.<\/p>\n<p><span style=\"line-height: 1.5;\">Ich freue mich, gemeinsam mit Roman (und Rosi!) morgen das Grande Finale meiner Alpentraversale in Angriff nehmen zu d\u00fcrfen. Zwei Tage wird es dauern, bis wir auf die Hauptroute der Grande Traversata dei Alpi aufspringen.<\/span><\/p>\n<p><span style=\"line-height: 1.5;\">Und jetzt beginnt die Bergwertung. Auch wenn es auf der Karte so aussieht, als w\u00fcrde ich bereits in die Zielgerade einbiegen: Der Lago Maggiore ist eher die Halbzeitwertung, denn nun kommen die H\u00f6henmeter. Ich habe noch keine konkrete Vorstellung von den n\u00e4chsten Wochen, doch die Tourenbeschreibungen, die ich kenne, h\u00f6ren sich nach verdammt viel Auf und Ab an.<\/span><\/p>\n<p><a href=\"https:\/\/www.vergissmi.net\/wp-content\/uploads\/2016\/08\/20160815_182820_HDR-1024x576.jpg\" rel=\"lightbox[3527]\"><img loading=\"lazy\" decoding=\"async\" class=\"aligncenter size-medium wp-image-3528\" src=\"https:\/\/www.vergissmi.net\/wp-content\/uploads\/2016\/08\/20160815_182820_HDR-1024x576-800x450.jpg\" alt=\"20160815_182820_HDR-1024x576\" width=\"800\" height=\"450\" srcset=\"https:\/\/www.vergissmi.net\/wp-content\/uploads\/2016\/08\/20160815_182820_HDR-1024x576-800x450.jpg 800w, https:\/\/www.vergissmi.net\/wp-content\/uploads\/2016\/08\/20160815_182820_HDR-1024x576.jpg 1024w\" sizes=\"(max-width: 800px) 100vw, 800px\" \/><\/a><\/p>\n<p>Buon appetito!<\/p>\n","protected":false},"excerpt":{"rendered":"<div class=\"tmnf_excerpt\"><div class=\"tmnf_excerpt\"><p>Sanfter Wellenschlag &#8230; 1500 Wanderkilometer, 70000 H\u00f6henmeter, 63 Tage. Ich habe mein gro\u00dfes Teilziel erreicht und g\u00f6nne mir zwei Faulenzertage am Lago Maggiore.<\/p>\n<\/div><\/div>","protected":false},"author":61,"featured_media":3528,"comment_status":"open","ping_status":"open","sticky":false,"template":"","format":"standard","meta":{"_s2mail":"yes","footnotes":""},"categories":[191,190,216,6],"tags":[],"class_list":["post-3527","post","type-post","status-publish","format-standard","has-post-thumbnail","hentry","category-sunnysideup","category-fernwandern","category-italien","category-tourtagebuch","gallery-content-unit"],"_links":{"self":[{"href":"https:\/\/www.vergissmi.net\/index.php?rest_route=\/wp\/v2\/posts\/3527","targetHints":{"allow":["GET"]}}],"collection":[{"href":"https:\/\/www.vergissmi.net\/index.php?rest_route=\/wp\/v2\/posts"}],"about":[{"href":"https:\/\/www.vergissmi.net\/index.php?rest_route=\/wp\/v2\/types\/post"}],"author":[{"embeddable":true,"href":"https:\/\/www.vergissmi.net\/index.php?rest_route=\/wp\/v2\/users\/61"}],"replies":[{"embeddable":true,"href":"https:\/\/www.vergissmi.net\/index.php?rest_route=%2Fwp%2Fv2%2Fcomments&post=3527"}],"version-history":[{"count":8,"href":"https:\/\/www.vergissmi.net\/index.php?rest_route=\/wp\/v2\/posts\/3527\/revisions"}],"predecessor-version":[{"id":4942,"href":"https:\/\/www.vergissmi.net\/index.php?rest_route=\/wp\/v2\/posts\/3527\/revisions\/4942"}],"wp:featuredmedia":[{"embeddable":true,"href":"https:\/\/www.vergissmi.net\/index.php?rest_route=\/wp\/v2\/media\/3528"}],"wp:attachment":[{"href":"https:\/\/www.vergissmi.net\/index.php?rest_route=%2Fwp%2Fv2%2Fmedia&parent=3527"}],"wp:term":[{"taxonomy":"category","embeddable":true,"href":"https:\/\/www.vergissmi.net\/index.php?rest_route=%2Fwp%2Fv2%2Fcategories&post=3527"},{"taxonomy":"post_tag","embeddable":true,"href":"https:\/\/www.vergissmi.net\/index.php?rest_route=%2Fwp%2Fv2%2Ftags&post=3527"}],"curies":[{"name":"wp","href":"https:\/\/api.w.org\/{rel}","templated":true}]}}