{"id":3642,"date":"2016-09-06T19:36:15","date_gmt":"2016-09-06T17:36:15","guid":{"rendered":"http:\/\/www.vergissmi.net\/?p=3642"},"modified":"2016-09-11T10:41:36","modified_gmt":"2016-09-11T08:41:36","slug":"tag-081-084-wassermelonen","status":"publish","type":"post","link":"https:\/\/www.vergissmi.net\/?p=3642","title":{"rendered":"[Tag 081 &#8211; 084] Grajische Alpen"},"content":{"rendered":"<p style=\"text-align: justify;\"><em><strong>Zwei Tage noch, dann kommt mich Fr\u00e4ulein A besuchen! \u00a0Zwischen mir und dem gemeinsamen Relax-Wochenende liegt nun nur mehr noch ein Berg.\u00a0<\/strong><\/em><!--more--><\/p>\n<p>In Noasca hie\u00df es Abschied nehmen von meiner, \u00a0inzwischen sehr ins Herz geschlossenen, schw\u00e4bisch-fr\u00e4nkischen Wanderfamilie.<\/p>\n<p><a href=\"https:\/\/www.vergissmi.net\/wp-content\/uploads\/2016\/09\/IMG_8082.jpg\" rel=\"lightbox[3642]\"><img fetchpriority=\"high\" decoding=\"async\" class=\"aligncenter size-full wp-image-3658\" src=\"https:\/\/www.vergissmi.net\/wp-content\/uploads\/2016\/09\/IMG_8082.jpg\" alt=\"IMG_8082\" width=\"1280\" height=\"853\" srcset=\"https:\/\/www.vergissmi.net\/wp-content\/uploads\/2016\/09\/IMG_8082.jpg 1280w, https:\/\/www.vergissmi.net\/wp-content\/uploads\/2016\/09\/IMG_8082-800x533.jpg 800w, https:\/\/www.vergissmi.net\/wp-content\/uploads\/2016\/09\/IMG_8082-1024x682.jpg 1024w\" sizes=\"(max-width: 1280px) 100vw, 1280px\" \/><\/a><\/p>\n<p>Bierernst zogen wir eine Woche lang gemeinsam durch das n\u00f6rdliche Piemont. Zwei \u00c4rzte verstecken sich auf diesem Foto &#8211; das ist nat\u00fcrlich auch kein Nachteil bei Bergtouren und so.<\/p>\n<p>Und zwei (diesmal Welser) \u00c4rzte sind es auch, mit denen ich derzeit entlang der s\u00fcdlichen Nationalparkgrenze auf den 3538 m hohen Rocciamelone zusteuere, den wir uns gemeinsam ab morgen Fr\u00fch zur Brust nehmen wollen.<\/p>\n<p>Doch vorher galt es noch, zwei Quert\u00e4ler zu \u00fcberwinden, samt den zugeh\u00f6rigen, jeweils rund 2500 m hohen Pass\u00fcberg\u00e4ngen.<\/p>\n<p>Der Vormittag ist hier meist klar&#8230;<\/p>\n<p><a href=\"https:\/\/www.vergissmi.net\/wp-content\/uploads\/2016\/09\/20160904_095736_HDR-1280x720.jpg\" rel=\"lightbox[3642]\"><img decoding=\"async\" class=\"aligncenter size-full wp-image-3656\" src=\"https:\/\/www.vergissmi.net\/wp-content\/uploads\/2016\/09\/20160904_095736_HDR-1280x720.jpg\" alt=\"20160904_095736_HDR-1280x720\" width=\"1280\" height=\"720\" srcset=\"https:\/\/www.vergissmi.net\/wp-content\/uploads\/2016\/09\/20160904_095736_HDR-1280x720.jpg 1280w, https:\/\/www.vergissmi.net\/wp-content\/uploads\/2016\/09\/20160904_095736_HDR-1280x720-800x450.jpg 800w, https:\/\/www.vergissmi.net\/wp-content\/uploads\/2016\/09\/20160904_095736_HDR-1280x720-1024x576.jpg 1024w\" sizes=\"(max-width: 1280px) 100vw, 1280px\" \/><\/a><\/p>\n<p>&#8230; der Nachmittag daf\u00fcr nicht mehr so. Offenbar gehe ich direkt auf irgendetwas Gro\u00dfes, Nasses zu.<\/p>\n<p><a href=\"https:\/\/www.vergissmi.net\/wp-content\/uploads\/2016\/09\/20160904_110302_HDR-1280x720.jpg\" rel=\"lightbox[3642]\"><img decoding=\"async\" class=\"aligncenter size-full wp-image-3655\" src=\"https:\/\/www.vergissmi.net\/wp-content\/uploads\/2016\/09\/20160904_110302_HDR-1280x720.jpg\" alt=\"20160904_110302_HDR-1280x720\" width=\"1280\" height=\"720\" srcset=\"https:\/\/www.vergissmi.net\/wp-content\/uploads\/2016\/09\/20160904_110302_HDR-1280x720.jpg 1280w, https:\/\/www.vergissmi.net\/wp-content\/uploads\/2016\/09\/20160904_110302_HDR-1280x720-800x450.jpg 800w, https:\/\/www.vergissmi.net\/wp-content\/uploads\/2016\/09\/20160904_110302_HDR-1280x720-1024x576.jpg 1024w\" sizes=\"(max-width: 1280px) 100vw, 1280px\" \/><\/a><\/p>\n<p>Charly Gabl sagte einmal: &#8220;Ein Himmel ohne Wolken ist fad.&#8221; Was f\u00fcr ein Lichtspiel!<\/p>\n<p><a href=\"https:\/\/www.vergissmi.net\/wp-content\/uploads\/2016\/09\/20160905_120023_HDR-1280x720.jpg\" rel=\"lightbox[3642]\"><img loading=\"lazy\" decoding=\"async\" class=\"aligncenter size-full wp-image-3653\" src=\"https:\/\/www.vergissmi.net\/wp-content\/uploads\/2016\/09\/20160905_120023_HDR-1280x720.jpg\" alt=\"20160905_120023_HDR-1280x720\" width=\"1280\" height=\"720\" srcset=\"https:\/\/www.vergissmi.net\/wp-content\/uploads\/2016\/09\/20160905_120023_HDR-1280x720.jpg 1280w, https:\/\/www.vergissmi.net\/wp-content\/uploads\/2016\/09\/20160905_120023_HDR-1280x720-800x450.jpg 800w, https:\/\/www.vergissmi.net\/wp-content\/uploads\/2016\/09\/20160905_120023_HDR-1280x720-1024x576.jpg 1024w\" sizes=\"(max-width: 1280px) 100vw, 1280px\" \/><\/a><\/p>\n<p>Stimmt einfach. Ich kann ja jeden Tag am &#8220;Pass des Tages&#8221; vergleichen.<\/p>\n<p><a href=\"https:\/\/www.vergissmi.net\/wp-content\/uploads\/2016\/09\/20160905_122043_HDR-1280x720.jpg\" rel=\"lightbox[3642]\"><img loading=\"lazy\" decoding=\"async\" class=\"aligncenter size-full wp-image-3652\" src=\"https:\/\/www.vergissmi.net\/wp-content\/uploads\/2016\/09\/20160905_122043_HDR-1280x720.jpg\" alt=\"20160905_122043_HDR-1280x720\" width=\"1280\" height=\"720\" srcset=\"https:\/\/www.vergissmi.net\/wp-content\/uploads\/2016\/09\/20160905_122043_HDR-1280x720.jpg 1280w, https:\/\/www.vergissmi.net\/wp-content\/uploads\/2016\/09\/20160905_122043_HDR-1280x720-800x450.jpg 800w, https:\/\/www.vergissmi.net\/wp-content\/uploads\/2016\/09\/20160905_122043_HDR-1280x720-1024x576.jpg 1024w\" sizes=\"(max-width: 1280px) 100vw, 1280px\" \/><\/a><\/p>\n<p>H\u00f6henmeter machen ist hier, wie wohl schon erw\u00e4hnt, ganz einfach. Meist sind es plusminus 1200 m am Tag. Denn \u00fcbernachtet wird immer im Tal, schlie\u00dflich geht es bei der GTA darum, das Piemont auf allen Stockwerken kennenzulernen.<\/p>\n<p><a href=\"https:\/\/www.vergissmi.net\/wp-content\/uploads\/2016\/09\/20160905_154558_HDR-600x1067.jpg\" rel=\"lightbox[3642]\"><img loading=\"lazy\" decoding=\"async\" class=\"aligncenter size-full wp-image-3651\" src=\"https:\/\/www.vergissmi.net\/wp-content\/uploads\/2016\/09\/20160905_154558_HDR-600x1067.jpg\" alt=\"20160905_154558_HDR-600x1067\" width=\"600\" height=\"1067\" srcset=\"https:\/\/www.vergissmi.net\/wp-content\/uploads\/2016\/09\/20160905_154558_HDR-600x1067.jpg 600w, https:\/\/www.vergissmi.net\/wp-content\/uploads\/2016\/09\/20160905_154558_HDR-600x1067-450x800.jpg 450w, https:\/\/www.vergissmi.net\/wp-content\/uploads\/2016\/09\/20160905_154558_HDR-600x1067-576x1024.jpg 576w\" sizes=\"(max-width: 600px) 100vw, 600px\" \/><\/a><\/p>\n<p>Wenn ich dann in so einem Zimmer unterkomme, sind sogar 1300 Abstiegskniefoltermeter schnell vergessen.<\/p>\n<p><a href=\"https:\/\/www.vergissmi.net\/wp-content\/uploads\/2016\/09\/20160905_165041_HDR-1280x720.jpg\" rel=\"lightbox[3642]\"><img loading=\"lazy\" decoding=\"async\" class=\"aligncenter size-full wp-image-3650\" src=\"https:\/\/www.vergissmi.net\/wp-content\/uploads\/2016\/09\/20160905_165041_HDR-1280x720.jpg\" alt=\"20160905_165041_HDR-1280x720\" width=\"1280\" height=\"720\" srcset=\"https:\/\/www.vergissmi.net\/wp-content\/uploads\/2016\/09\/20160905_165041_HDR-1280x720.jpg 1280w, https:\/\/www.vergissmi.net\/wp-content\/uploads\/2016\/09\/20160905_165041_HDR-1280x720-800x450.jpg 800w, https:\/\/www.vergissmi.net\/wp-content\/uploads\/2016\/09\/20160905_165041_HDR-1280x720-1024x576.jpg 1024w\" sizes=\"(max-width: 1280px) 100vw, 1280px\" \/><\/a><\/p>\n<p>Nach Balme m\u00f6chte ich irgendwann wieder hin. Ich bin begeistert vom Piemont, und im Albergo Camussot war es wieder einmal besonders fein.<\/p>\n<p>Die Orte hier sind selten gro\u00df (meist unter 100 Einwohnern), aber die Lage&#8230;<\/p>\n<p><a href=\"https:\/\/www.vergissmi.net\/wp-content\/uploads\/2016\/09\/20160906_084152_HDR-1280x720.jpg\" rel=\"lightbox[3642]\"><img loading=\"lazy\" decoding=\"async\" class=\"aligncenter size-full wp-image-3648\" src=\"https:\/\/www.vergissmi.net\/wp-content\/uploads\/2016\/09\/20160906_084152_HDR-1280x720.jpg\" alt=\"20160906_084152_HDR-1280x720\" width=\"1280\" height=\"720\" srcset=\"https:\/\/www.vergissmi.net\/wp-content\/uploads\/2016\/09\/20160906_084152_HDR-1280x720.jpg 1280w, https:\/\/www.vergissmi.net\/wp-content\/uploads\/2016\/09\/20160906_084152_HDR-1280x720-800x450.jpg 800w, https:\/\/www.vergissmi.net\/wp-content\/uploads\/2016\/09\/20160906_084152_HDR-1280x720-1024x576.jpg 1024w\" sizes=\"(max-width: 1280px) 100vw, 1280px\" \/><\/a><\/p>\n<p>Hier ein Blick zur\u00fcck nach Balme. Der Ort liegt irgendwo da unten zwischen all dem 3500 m hohem Schmuckwerk.<\/p>\n<p><a href=\"https:\/\/www.vergissmi.net\/wp-content\/uploads\/2016\/09\/20160906_102102_HDR-1280x720.jpg\" rel=\"lightbox[3642]\"><img loading=\"lazy\" decoding=\"async\" class=\"aligncenter size-full wp-image-3647\" src=\"https:\/\/www.vergissmi.net\/wp-content\/uploads\/2016\/09\/20160906_102102_HDR-1280x720.jpg\" alt=\"20160906_102102_HDR-1280x720\" width=\"1280\" height=\"720\" srcset=\"https:\/\/www.vergissmi.net\/wp-content\/uploads\/2016\/09\/20160906_102102_HDR-1280x720.jpg 1280w, https:\/\/www.vergissmi.net\/wp-content\/uploads\/2016\/09\/20160906_102102_HDR-1280x720-800x450.jpg 800w, https:\/\/www.vergissmi.net\/wp-content\/uploads\/2016\/09\/20160906_102102_HDR-1280x720-1024x576.jpg 1024w\" sizes=\"(max-width: 1280px) 100vw, 1280px\" \/><\/a><\/p>\n<p>Dazwischen verstecken sich kleine Seen. Ganz klein hier der Lago Verde &#8211; der Gr\u00fcnsee.<\/p>\n<p><a href=\"https:\/\/www.vergissmi.net\/wp-content\/uploads\/2016\/09\/20160906_112833_HDR-1280x720.jpg\" rel=\"lightbox[3642]\"><img loading=\"lazy\" decoding=\"async\" class=\"aligncenter size-full wp-image-3646\" src=\"https:\/\/www.vergissmi.net\/wp-content\/uploads\/2016\/09\/20160906_112833_HDR-1280x720.jpg\" alt=\"20160906_112833_HDR-1280x720\" width=\"1280\" height=\"720\" srcset=\"https:\/\/www.vergissmi.net\/wp-content\/uploads\/2016\/09\/20160906_112833_HDR-1280x720.jpg 1280w, https:\/\/www.vergissmi.net\/wp-content\/uploads\/2016\/09\/20160906_112833_HDR-1280x720-800x450.jpg 800w, https:\/\/www.vergissmi.net\/wp-content\/uploads\/2016\/09\/20160906_112833_HDR-1280x720-1024x576.jpg 1024w\" sizes=\"(max-width: 1280px) 100vw, 1280px\" \/><\/a><\/p>\n<p>Hoch \u00fcber dem See ein letzter Blick zur\u00fcck.<\/p>\n<p><a href=\"https:\/\/www.vergissmi.net\/wp-content\/uploads\/2016\/09\/20160906_122115_HDR-1280x720.jpg\" rel=\"lightbox[3642]\"><img loading=\"lazy\" decoding=\"async\" class=\"aligncenter size-full wp-image-3645\" src=\"https:\/\/www.vergissmi.net\/wp-content\/uploads\/2016\/09\/20160906_122115_HDR-1280x720.jpg\" alt=\"20160906_122115_HDR-1280x720\" width=\"1280\" height=\"720\" srcset=\"https:\/\/www.vergissmi.net\/wp-content\/uploads\/2016\/09\/20160906_122115_HDR-1280x720.jpg 1280w, https:\/\/www.vergissmi.net\/wp-content\/uploads\/2016\/09\/20160906_122115_HDR-1280x720-800x450.jpg 800w, https:\/\/www.vergissmi.net\/wp-content\/uploads\/2016\/09\/20160906_122115_HDR-1280x720-1024x576.jpg 1024w\" sizes=\"(max-width: 1280px) 100vw, 1280px\" \/><\/a><\/p>\n<p>\u00dcbrigens. Von \u00d6sterreich bis hierher hatte ich \u00fcberall durchgehend frisches, ohne jeden Zweifel trinkbares Quellwasser.\u00a0Am Alpenbogen gibt es gl\u00fccklicherweise noch frei zug\u00e4ngliches Trinkwasser im wortw\u00f6rtlichen \u00dcberfluss, das Wasser in der Flasche daher immer erfrischend kalt.<\/p>\n<p><a href=\"https:\/\/www.vergissmi.net\/wp-content\/uploads\/2016\/09\/20160906_131049_HDR-1280x720.jpg\" rel=\"lightbox[3642]\"><img loading=\"lazy\" decoding=\"async\" class=\"aligncenter size-full wp-image-3644\" src=\"https:\/\/www.vergissmi.net\/wp-content\/uploads\/2016\/09\/20160906_131049_HDR-1280x720.jpg\" alt=\"20160906_131049_HDR-1280x720\" width=\"1280\" height=\"720\" srcset=\"https:\/\/www.vergissmi.net\/wp-content\/uploads\/2016\/09\/20160906_131049_HDR-1280x720.jpg 1280w, https:\/\/www.vergissmi.net\/wp-content\/uploads\/2016\/09\/20160906_131049_HDR-1280x720-800x450.jpg 800w, https:\/\/www.vergissmi.net\/wp-content\/uploads\/2016\/09\/20160906_131049_HDR-1280x720-1024x576.jpg 1024w\" sizes=\"(max-width: 1280px) 100vw, 1280px\" \/><\/a><\/p>\n<p>Und jedes Mal, wenn ich hier kostenlos die Flasche auff\u00fclle, flie\u00dft in der Chefetage von Nestl\u00e9 eine bittere Tr\u00e4ne.<\/p>\n<p>Prost!<\/p>\n","protected":false},"excerpt":{"rendered":"<div class=\"tmnf_excerpt\"><div class=\"tmnf_excerpt\"><p>Zwei Tage noch, dann kommt mich Fr\u00e4ulein A besuchen! \u00a0Zwischen mir und dem gemeinsamen Relax-Wochenende liegt nun nur mehr noch ein Berg.\u00a0<\/p>\n<\/div><\/div>","protected":false},"author":61,"featured_media":3658,"comment_status":"open","ping_status":"open","sticky":false,"template":"","format":"standard","meta":{"_s2mail":"yes","footnotes":""},"categories":[191,190,216,6],"tags":[234],"class_list":["post-3642","post","type-post","status-publish","format-standard","has-post-thumbnail","hentry","category-sunnysideup","category-fernwandern","category-italien","category-tourtagebuch","tag-gta","gallery-content-unit"],"_links":{"self":[{"href":"https:\/\/www.vergissmi.net\/index.php?rest_route=\/wp\/v2\/posts\/3642","targetHints":{"allow":["GET"]}}],"collection":[{"href":"https:\/\/www.vergissmi.net\/index.php?rest_route=\/wp\/v2\/posts"}],"about":[{"href":"https:\/\/www.vergissmi.net\/index.php?rest_route=\/wp\/v2\/types\/post"}],"author":[{"embeddable":true,"href":"https:\/\/www.vergissmi.net\/index.php?rest_route=\/wp\/v2\/users\/61"}],"replies":[{"embeddable":true,"href":"https:\/\/www.vergissmi.net\/index.php?rest_route=%2Fwp%2Fv2%2Fcomments&post=3642"}],"version-history":[{"count":6,"href":"https:\/\/www.vergissmi.net\/index.php?rest_route=\/wp\/v2\/posts\/3642\/revisions"}],"predecessor-version":[{"id":3680,"href":"https:\/\/www.vergissmi.net\/index.php?rest_route=\/wp\/v2\/posts\/3642\/revisions\/3680"}],"wp:featuredmedia":[{"embeddable":true,"href":"https:\/\/www.vergissmi.net\/index.php?rest_route=\/wp\/v2\/media\/3658"}],"wp:attachment":[{"href":"https:\/\/www.vergissmi.net\/index.php?rest_route=%2Fwp%2Fv2%2Fmedia&parent=3642"}],"wp:term":[{"taxonomy":"category","embeddable":true,"href":"https:\/\/www.vergissmi.net\/index.php?rest_route=%2Fwp%2Fv2%2Fcategories&post=3642"},{"taxonomy":"post_tag","embeddable":true,"href":"https:\/\/www.vergissmi.net\/index.php?rest_route=%2Fwp%2Fv2%2Ftags&post=3642"}],"curies":[{"name":"wp","href":"https:\/\/api.w.org\/{rel}","templated":true}]}}