{"id":3825,"date":"2016-09-30T21:14:22","date_gmt":"2016-09-30T19:14:22","guid":{"rendered":"http:\/\/www.vergissmi.net\/?p=3825"},"modified":"2016-09-30T21:14:22","modified_gmt":"2016-09-30T19:14:22","slug":"fuenf-pet-cinque-cinq","status":"publish","type":"post","link":"https:\/\/www.vergissmi.net\/?p=3825","title":{"rendered":"F\u00fcnf &#8211; Pet &#8211; Cinque &#8211; Cinq"},"content":{"rendered":"<p style=\"text-align: justify;\"><em><strong>Die heutige kurze Etappe f\u00fchrt fast ausschlie\u00dflich durch Wald. Da gibt&#8217;s nicht viel zu erz\u00e4hlen.<\/strong><\/em><\/p>\n<p><!--more--><\/p>\n<p>Der Ruf der Heimat ist bereits deutlich zu vernehmen, <a href=\"https:\/\/gipfelrast.at\/2013\/09\/pivo-gschreams-wuerflinghoehe\/\" target=\"_blank\">glaube<\/a> ich doch bereits schon wieder, \u00fcberall den <a href=\"https:\/\/www.vergissmi.net\/?p=2234\" target=\"_blank\">Kilnprein<\/a> zu erkennen&#8230;<\/p>\n<p><a href=\"https:\/\/www.vergissmi.net\/wp-content\/uploads\/2016\/09\/20160930_101136-1280x720-1.jpg\" rel=\"lightbox[3825]\"><img fetchpriority=\"high\" decoding=\"async\" class=\"aligncenter size-full wp-image-3830\" src=\"https:\/\/www.vergissmi.net\/wp-content\/uploads\/2016\/09\/20160930_101136-1280x720-1.jpg\" alt=\"20160930_101136-1280x720\" width=\"648\" height=\"405\" \/><\/a><\/p>\n<p>Auch die Stra\u00dfennamen klingen eher nach Attnang-Puchheim als nach Cote d&#8217;Azur.<\/p>\n<p><a href=\"https:\/\/www.vergissmi.net\/wp-content\/uploads\/2016\/09\/20160930_115729-1280x720.jpg\" rel=\"lightbox[3825]\"><img decoding=\"async\" class=\"aligncenter size-full wp-image-3827\" src=\"https:\/\/www.vergissmi.net\/wp-content\/uploads\/2016\/09\/20160930_115729-1280x720.jpg\" alt=\"20160930_115729-1280x720\" width=\"1280\" height=\"720\" srcset=\"https:\/\/www.vergissmi.net\/wp-content\/uploads\/2016\/09\/20160930_115729-1280x720.jpg 1280w, https:\/\/www.vergissmi.net\/wp-content\/uploads\/2016\/09\/20160930_115729-1280x720-800x450.jpg 800w, https:\/\/www.vergissmi.net\/wp-content\/uploads\/2016\/09\/20160930_115729-1280x720-1024x576.jpg 1024w\" sizes=\"(max-width: 1280px) 100vw, 1280px\" \/><\/a><\/p>\n<p>St Martin-V\u00e9subie ist ein St\u00e4dtchen, wo man es gerne einen halben Tag aush\u00e4lt. Durch das mittelalterliche Zentrum f\u00fchrt heute noch ein oberirdischer Kanal sauberes Wasser f\u00fcr die G\u00e4rten am Stadtrand.<\/p>\n<p><a href=\"https:\/\/www.vergissmi.net\/wp-content\/uploads\/2016\/09\/20160930_115959-768x1365.jpg\" rel=\"lightbox[3825]\"><img decoding=\"async\" class=\"aligncenter size-full wp-image-3826\" src=\"https:\/\/www.vergissmi.net\/wp-content\/uploads\/2016\/09\/20160930_115959-768x1365.jpg\" alt=\"20160930_115959-768x1365\" width=\"768\" height=\"1365\" srcset=\"https:\/\/www.vergissmi.net\/wp-content\/uploads\/2016\/09\/20160930_115959-768x1365.jpg 768w, https:\/\/www.vergissmi.net\/wp-content\/uploads\/2016\/09\/20160930_115959-768x1365-450x800.jpg 450w, https:\/\/www.vergissmi.net\/wp-content\/uploads\/2016\/09\/20160930_115959-768x1365-576x1024.jpg 576w\" sizes=\"(max-width: 768px) 100vw, 768px\" \/><\/a><\/p>\n<p>Neben einem Stadtbummel blieb f\u00fcr mich heute nicht viel zu tun, als mich um Mittag- und Abendessen zu k\u00fcmmern.<\/p>\n<p>Aber das muss jeder.<\/p>\n<p><a href=\"https:\/\/www.vergissmi.net\/wp-content\/uploads\/2016\/09\/20160930_112555-1280x720.jpg\" rel=\"lightbox[3825]\"><img loading=\"lazy\" decoding=\"async\" class=\"aligncenter size-full wp-image-3828\" src=\"https:\/\/www.vergissmi.net\/wp-content\/uploads\/2016\/09\/20160930_112555-1280x720.jpg\" alt=\"20160930_112555-1280x720\" width=\"1280\" height=\"720\" srcset=\"https:\/\/www.vergissmi.net\/wp-content\/uploads\/2016\/09\/20160930_112555-1280x720.jpg 1280w, https:\/\/www.vergissmi.net\/wp-content\/uploads\/2016\/09\/20160930_112555-1280x720-800x450.jpg 800w, https:\/\/www.vergissmi.net\/wp-content\/uploads\/2016\/09\/20160930_112555-1280x720-1024x576.jpg 1024w\" sizes=\"(max-width: 1280px) 100vw, 1280px\" \/><\/a><\/p>\n<p>Mahlzeit!<\/p>\n<p>&nbsp;<\/p>\n","protected":false},"excerpt":{"rendered":"<div class=\"tmnf_excerpt\"><div class=\"tmnf_excerpt\"><p>Die heutige kurze Etappe f\u00fchrt fast ausschlie\u00dflich durch Wald. Da gibt&#8217;s nicht viel zu erz\u00e4hlen.<\/p>\n<\/div><\/div>","protected":false},"author":61,"featured_media":3828,"comment_status":"open","ping_status":"open","sticky":false,"template":"","format":"standard","meta":{"_s2mail":"yes","footnotes":""},"categories":[191,190,236,6],"tags":[],"class_list":["post-3825","post","type-post","status-publish","format-standard","has-post-thumbnail","hentry","category-sunnysideup","category-fernwandern","category-frankreich","category-tourtagebuch","gallery-content-unit"],"_links":{"self":[{"href":"https:\/\/www.vergissmi.net\/index.php?rest_route=\/wp\/v2\/posts\/3825","targetHints":{"allow":["GET"]}}],"collection":[{"href":"https:\/\/www.vergissmi.net\/index.php?rest_route=\/wp\/v2\/posts"}],"about":[{"href":"https:\/\/www.vergissmi.net\/index.php?rest_route=\/wp\/v2\/types\/post"}],"author":[{"embeddable":true,"href":"https:\/\/www.vergissmi.net\/index.php?rest_route=\/wp\/v2\/users\/61"}],"replies":[{"embeddable":true,"href":"https:\/\/www.vergissmi.net\/index.php?rest_route=%2Fwp%2Fv2%2Fcomments&post=3825"}],"version-history":[{"count":3,"href":"https:\/\/www.vergissmi.net\/index.php?rest_route=\/wp\/v2\/posts\/3825\/revisions"}],"predecessor-version":[{"id":3833,"href":"https:\/\/www.vergissmi.net\/index.php?rest_route=\/wp\/v2\/posts\/3825\/revisions\/3833"}],"wp:featuredmedia":[{"embeddable":true,"href":"https:\/\/www.vergissmi.net\/index.php?rest_route=\/wp\/v2\/media\/3828"}],"wp:attachment":[{"href":"https:\/\/www.vergissmi.net\/index.php?rest_route=%2Fwp%2Fv2%2Fmedia&parent=3825"}],"wp:term":[{"taxonomy":"category","embeddable":true,"href":"https:\/\/www.vergissmi.net\/index.php?rest_route=%2Fwp%2Fv2%2Fcategories&post=3825"},{"taxonomy":"post_tag","embeddable":true,"href":"https:\/\/www.vergissmi.net\/index.php?rest_route=%2Fwp%2Fv2%2Ftags&post=3825"}],"curies":[{"name":"wp","href":"https:\/\/api.w.org\/{rel}","templated":true}]}}