{"id":3853,"date":"2016-10-03T07:43:50","date_gmt":"2016-10-03T05:43:50","guid":{"rendered":"http:\/\/www.vergissmi.net\/?p=3853"},"modified":"2016-10-03T09:44:46","modified_gmt":"2016-10-03T07:44:46","slug":"drei-tri-tre-trois","status":"publish","type":"post","link":"https:\/\/www.vergissmi.net\/?p=3853","title":{"rendered":"Drei &#8211; Tri &#8211; Tre &#8211; Trois"},"content":{"rendered":"<p style=\"text-align: justify;\"><em><strong>Die Strecke von Belvedere auf den Col de Turini ist die letzte Bergauf-Etappe f\u00fcr mich.<\/strong><\/em><\/p>\n<p><!--more--><\/p>\n<p>1400 Meter rauf auf den 1600 m hohen Pass. Damit sich das vom Bergdorf Belvedere aus ausgeht (900 m), muss ich am Vormittag wieder bis in die Talfurche hinunter. Zwei Fl\u00fcsse sind zu queren&#8230;<\/p>\n<p><a href=\"https:\/\/www.vergissmi.net\/wp-content\/uploads\/2016\/10\/20161002_085549-1280x720.jpg\" rel=\"lightbox[3853]\"><img fetchpriority=\"high\" decoding=\"async\" class=\"aligncenter size-full wp-image-3863\" src=\"https:\/\/www.vergissmi.net\/wp-content\/uploads\/2016\/10\/20161002_085549-1280x720.jpg\" alt=\"20161002_085549-1280x720\" width=\"1280\" height=\"720\" srcset=\"https:\/\/www.vergissmi.net\/wp-content\/uploads\/2016\/10\/20161002_085549-1280x720.jpg 1280w, https:\/\/www.vergissmi.net\/wp-content\/uploads\/2016\/10\/20161002_085549-1280x720-800x450.jpg 800w, https:\/\/www.vergissmi.net\/wp-content\/uploads\/2016\/10\/20161002_085549-1280x720-1024x576.jpg 1024w\" sizes=\"(max-width: 1280px) 100vw, 1280px\" \/><\/a><\/p>\n<p>&#8230; dazwischen befindet sich eine stark befestigte Anh\u00f6he, die auf einstige Spannungen zwischen Italienern und Franzosen schlie\u00dfen l\u00e4sst.<\/p>\n<p><a href=\"https:\/\/www.vergissmi.net\/wp-content\/uploads\/2016\/10\/20161002_093055_HDR-1280x720.jpg\" rel=\"lightbox[3853]\"><img decoding=\"async\" class=\"aligncenter size-full wp-image-3862\" src=\"https:\/\/www.vergissmi.net\/wp-content\/uploads\/2016\/10\/20161002_093055_HDR-1280x720.jpg\" alt=\"20161002_093055_hdr-1280x720\" width=\"1280\" height=\"720\" srcset=\"https:\/\/www.vergissmi.net\/wp-content\/uploads\/2016\/10\/20161002_093055_HDR-1280x720.jpg 1280w, https:\/\/www.vergissmi.net\/wp-content\/uploads\/2016\/10\/20161002_093055_HDR-1280x720-800x450.jpg 800w, https:\/\/www.vergissmi.net\/wp-content\/uploads\/2016\/10\/20161002_093055_HDR-1280x720-1024x576.jpg 1024w\" sizes=\"(max-width: 1280px) 100vw, 1280px\" \/><\/a><\/p>\n<p>In den Canyons wachsen Pflanzen, die sich in ihrer aktiven Zeit vor wenigen Wochen von Kleinkindern ern\u00e4hrten. Davon bin ich \u00fcberzeugt.<\/p>\n<p><a href=\"https:\/\/www.vergissmi.net\/wp-content\/uploads\/2016\/10\/20161002_095417-768x1365.jpg\" rel=\"lightbox[3853]\"><img decoding=\"async\" class=\"aligncenter size-full wp-image-3861\" src=\"https:\/\/www.vergissmi.net\/wp-content\/uploads\/2016\/10\/20161002_095417-768x1365.jpg\" alt=\"20161002_095417-768x1365\" width=\"768\" height=\"1365\" srcset=\"https:\/\/www.vergissmi.net\/wp-content\/uploads\/2016\/10\/20161002_095417-768x1365.jpg 768w, https:\/\/www.vergissmi.net\/wp-content\/uploads\/2016\/10\/20161002_095417-768x1365-450x800.jpg 450w, https:\/\/www.vergissmi.net\/wp-content\/uploads\/2016\/10\/20161002_095417-768x1365-576x1024.jpg 576w\" sizes=\"(max-width: 768px) 100vw, 768px\" \/><\/a><\/p>\n<p>F\u00fcr einen Teil des Dschungelpfades habe ich allerdings Zutrittsverbot.<\/p>\n<p><a href=\"https:\/\/www.vergissmi.net\/wp-content\/uploads\/2016\/10\/20161002_102810-1280x720.jpg\" rel=\"lightbox[3853]\"><img loading=\"lazy\" decoding=\"async\" class=\"aligncenter size-full wp-image-3860\" src=\"https:\/\/www.vergissmi.net\/wp-content\/uploads\/2016\/10\/20161002_102810-1280x720.jpg\" alt=\"20161002_102810-1280x720\" width=\"1280\" height=\"720\" srcset=\"https:\/\/www.vergissmi.net\/wp-content\/uploads\/2016\/10\/20161002_102810-1280x720.jpg 1280w, https:\/\/www.vergissmi.net\/wp-content\/uploads\/2016\/10\/20161002_102810-1280x720-800x450.jpg 800w, https:\/\/www.vergissmi.net\/wp-content\/uploads\/2016\/10\/20161002_102810-1280x720-1024x576.jpg 1024w\" sizes=\"(max-width: 1280px) 100vw, 1280px\" \/><\/a><\/p>\n<p>Ich \u00fcbersetze die Handschrift. &#8220;<em>Die n\u00e4chsten zwei Asphaltkilometer wurden Ihnen freundlicherweise vom Generalkonsulat Alpes-Maritime zur Verf\u00fcgung gestellt.<\/em> &#8221; Stimmt das so, Familie Beigl?<\/p>\n<p>Durch jene gl\u00fcckliche F\u00fcgung f\u00fchrt mein Weg an diesem Rastplatz vorbei. Kaum ein Ort in den Seealpen eignet sich besser, Aufbau und Struktur einer s\u00fcdfranz\u00f6sischen B\u00f6schung zu studieren:<\/p>\n<p><a href=\"https:\/\/www.vergissmi.net\/wp-content\/uploads\/2016\/10\/20161002_105707-1280x720.jpg\" rel=\"lightbox[3853]\"><img loading=\"lazy\" decoding=\"async\" class=\"aligncenter size-full wp-image-3859\" src=\"https:\/\/www.vergissmi.net\/wp-content\/uploads\/2016\/10\/20161002_105707-1280x720.jpg\" alt=\"20161002_105707-1280x720\" width=\"1280\" height=\"720\" srcset=\"https:\/\/www.vergissmi.net\/wp-content\/uploads\/2016\/10\/20161002_105707-1280x720.jpg 1280w, https:\/\/www.vergissmi.net\/wp-content\/uploads\/2016\/10\/20161002_105707-1280x720-800x450.jpg 800w, https:\/\/www.vergissmi.net\/wp-content\/uploads\/2016\/10\/20161002_105707-1280x720-1024x576.jpg 1024w\" sizes=\"(max-width: 1280px) 100vw, 1280px\" \/><\/a><\/p>\n<p>Im dem sehr sch\u00f6nen (und ebenso sch\u00f6n gelegenen) Dorf La Bollene wird gerade ein Fest vorbereitet. Der Blick ins Zeltinnere l\u00e4sst vermuten, dass es hierzulande offenbar gesitteter zugeht als auf der Wies&#8217;n.<\/p>\n<p><a href=\"https:\/\/www.vergissmi.net\/wp-content\/uploads\/2016\/10\/20161002_111808-1280x720.jpg\" rel=\"lightbox[3853]\"><img loading=\"lazy\" decoding=\"async\" class=\"aligncenter size-full wp-image-3858\" src=\"https:\/\/www.vergissmi.net\/wp-content\/uploads\/2016\/10\/20161002_111808-1280x720.jpg\" alt=\"20161002_111808-1280x720\" width=\"1280\" height=\"720\" srcset=\"https:\/\/www.vergissmi.net\/wp-content\/uploads\/2016\/10\/20161002_111808-1280x720.jpg 1280w, https:\/\/www.vergissmi.net\/wp-content\/uploads\/2016\/10\/20161002_111808-1280x720-800x450.jpg 800w, https:\/\/www.vergissmi.net\/wp-content\/uploads\/2016\/10\/20161002_111808-1280x720-1024x576.jpg 1024w\" sizes=\"(max-width: 1280px) 100vw, 1280px\" \/><\/a><\/p>\n<p>Das n\u00e4chste Bild ist f\u00fcr Alex, Andi, Arno, David, Gerhard, Martin, Matthias &#8230; und alle anderen, die ihr Bike auch so parken k\u00f6nnen:<\/p>\n<p><a href=\"https:\/\/www.vergissmi.net\/wp-content\/uploads\/2016\/10\/20161002_120231-1280x720.jpg\" rel=\"lightbox[3853]\"><img loading=\"lazy\" decoding=\"async\" class=\"aligncenter size-full wp-image-3857\" src=\"https:\/\/www.vergissmi.net\/wp-content\/uploads\/2016\/10\/20161002_120231-1280x720.jpg\" alt=\"20161002_120231-1280x720\" width=\"1280\" height=\"720\" srcset=\"https:\/\/www.vergissmi.net\/wp-content\/uploads\/2016\/10\/20161002_120231-1280x720.jpg 1280w, https:\/\/www.vergissmi.net\/wp-content\/uploads\/2016\/10\/20161002_120231-1280x720-800x450.jpg 800w, https:\/\/www.vergissmi.net\/wp-content\/uploads\/2016\/10\/20161002_120231-1280x720-1024x576.jpg 1024w\" sizes=\"(max-width: 1280px) 100vw, 1280px\" \/><\/a><\/p>\n<p>Am Weg zum Col ein letzter R\u00fcckblick auf die Zweitausender des Mercantour &#8230;<\/p>\n<p><a href=\"https:\/\/www.vergissmi.net\/wp-content\/uploads\/2016\/10\/20161002_120722-1280x720.jpg\" rel=\"lightbox[3853]\"><img loading=\"lazy\" decoding=\"async\" class=\"aligncenter size-full wp-image-3856\" src=\"https:\/\/www.vergissmi.net\/wp-content\/uploads\/2016\/10\/20161002_120722-1280x720.jpg\" alt=\"20161002_120722-1280x720\" width=\"1280\" height=\"720\" srcset=\"https:\/\/www.vergissmi.net\/wp-content\/uploads\/2016\/10\/20161002_120722-1280x720.jpg 1280w, https:\/\/www.vergissmi.net\/wp-content\/uploads\/2016\/10\/20161002_120722-1280x720-800x450.jpg 800w, https:\/\/www.vergissmi.net\/wp-content\/uploads\/2016\/10\/20161002_120722-1280x720-1024x576.jpg 1024w\" sizes=\"(max-width: 1280px) 100vw, 1280px\" \/><\/a><\/p>\n<p>&#8230; und am Pass ein &#8220;Ausblick&#8221; auf morgen. Sospel ist das Ziel, wo mein Gastspiel auf der blauen Via Alpina endet. Von den 60 Etappen habe ich 30 gesehen.<\/p>\n<p><a href=\"https:\/\/www.vergissmi.net\/wp-content\/uploads\/2016\/10\/20161002_155911_HDR-1280x720.jpg\" rel=\"lightbox[3853]\"><img loading=\"lazy\" decoding=\"async\" class=\"aligncenter size-full wp-image-3855\" src=\"https:\/\/www.vergissmi.net\/wp-content\/uploads\/2016\/10\/20161002_155911_HDR-1280x720.jpg\" alt=\"20161002_155911_hdr-1280x720\" width=\"1280\" height=\"720\" srcset=\"https:\/\/www.vergissmi.net\/wp-content\/uploads\/2016\/10\/20161002_155911_HDR-1280x720.jpg 1280w, https:\/\/www.vergissmi.net\/wp-content\/uploads\/2016\/10\/20161002_155911_HDR-1280x720-800x450.jpg 800w, https:\/\/www.vergissmi.net\/wp-content\/uploads\/2016\/10\/20161002_155911_HDR-1280x720-1024x576.jpg 1024w\" sizes=\"(max-width: 1280px) 100vw, 1280px\" \/><\/a><\/p>\n<p>Heute \u00fcbernachte ich also noch einmal 1600 m \u00fcber dem Meer.<a href=\"https:\/\/www.vergissmi.net\/wp-content\/uploads\/2016\/10\/20161002_162414-1280x720.jpg\" rel=\"lightbox[3853]\"><img loading=\"lazy\" decoding=\"async\" class=\"aligncenter size-full wp-image-3854\" src=\"https:\/\/www.vergissmi.net\/wp-content\/uploads\/2016\/10\/20161002_162414-1280x720.jpg\" alt=\"20161002_162414-1280x720\" width=\"1280\" height=\"720\" srcset=\"https:\/\/www.vergissmi.net\/wp-content\/uploads\/2016\/10\/20161002_162414-1280x720.jpg 1280w, https:\/\/www.vergissmi.net\/wp-content\/uploads\/2016\/10\/20161002_162414-1280x720-800x450.jpg 800w, https:\/\/www.vergissmi.net\/wp-content\/uploads\/2016\/10\/20161002_162414-1280x720-1024x576.jpg 1024w\" sizes=\"(max-width: 1280px) 100vw, 1280px\" \/><\/a><\/p>\n<p>Drei talnahe Tage sind es nun noch, und von ebendiesem Meer ist immer noch nichts zu sehen. Erstaunlich!<\/p>\n","protected":false},"excerpt":{"rendered":"<div class=\"tmnf_excerpt\"><div class=\"tmnf_excerpt\"><p>Die Strecke von Belvedere auf den Col de Turini ist die letzte Bergauf-Etappe f\u00fcr mich.<\/p>\n<\/div><\/div>","protected":false},"author":61,"featured_media":3856,"comment_status":"open","ping_status":"open","sticky":false,"template":"","format":"standard","meta":{"_s2mail":"yes","footnotes":""},"categories":[191,190,236,6],"tags":[],"class_list":["post-3853","post","type-post","status-publish","format-standard","has-post-thumbnail","hentry","category-sunnysideup","category-fernwandern","category-frankreich","category-tourtagebuch","gallery-content-unit"],"_links":{"self":[{"href":"https:\/\/www.vergissmi.net\/index.php?rest_route=\/wp\/v2\/posts\/3853","targetHints":{"allow":["GET"]}}],"collection":[{"href":"https:\/\/www.vergissmi.net\/index.php?rest_route=\/wp\/v2\/posts"}],"about":[{"href":"https:\/\/www.vergissmi.net\/index.php?rest_route=\/wp\/v2\/types\/post"}],"author":[{"embeddable":true,"href":"https:\/\/www.vergissmi.net\/index.php?rest_route=\/wp\/v2\/users\/61"}],"replies":[{"embeddable":true,"href":"https:\/\/www.vergissmi.net\/index.php?rest_route=%2Fwp%2Fv2%2Fcomments&post=3853"}],"version-history":[{"count":6,"href":"https:\/\/www.vergissmi.net\/index.php?rest_route=\/wp\/v2\/posts\/3853\/revisions"}],"predecessor-version":[{"id":3873,"href":"https:\/\/www.vergissmi.net\/index.php?rest_route=\/wp\/v2\/posts\/3853\/revisions\/3873"}],"wp:featuredmedia":[{"embeddable":true,"href":"https:\/\/www.vergissmi.net\/index.php?rest_route=\/wp\/v2\/media\/3856"}],"wp:attachment":[{"href":"https:\/\/www.vergissmi.net\/index.php?rest_route=%2Fwp%2Fv2%2Fmedia&parent=3853"}],"wp:term":[{"taxonomy":"category","embeddable":true,"href":"https:\/\/www.vergissmi.net\/index.php?rest_route=%2Fwp%2Fv2%2Fcategories&post=3853"},{"taxonomy":"post_tag","embeddable":true,"href":"https:\/\/www.vergissmi.net\/index.php?rest_route=%2Fwp%2Fv2%2Ftags&post=3853"}],"curies":[{"name":"wp","href":"https:\/\/api.w.org\/{rel}","templated":true}]}}