{"id":4106,"date":"2017-06-15T18:47:47","date_gmt":"2017-06-15T16:47:47","guid":{"rendered":"http:\/\/www.vergissmi.net\/?p=4106"},"modified":"2018-09-20T22:26:58","modified_gmt":"2018-09-20T20:26:58","slug":"ladies-and-gentlemen-this-is-hausruck-number-one","status":"publish","type":"post","link":"https:\/\/www.vergissmi.net\/?p=4106","title":{"rendered":"Ladies and Gentlemen, this is Hausruck Number One"},"content":{"rendered":"<p style=\"text-align: justify;\"><em><strong>Die Etappen durch den Kobernau\u00dferwald entpuppten sich als eine der sch\u00f6nsten au\u00dferalpinen Weitwanderstrecken des Landes. Die perfekte &#8220;Probierstrecke&#8221; f\u00fcr alle angehenden Langstreckenwanderer!<\/strong><\/em><!--more--><\/p>\n<p style=\"text-align: justify;\">Zuvor hatte ich allerdings meine liebe M\u00fche, dort \u00fcberhaupt hinzufinden. Nach rund 6000 Kilometern am \u00f6sterreichischen Weitwandernetz erlaube ich mir das Urteil: Wer seine Orientierungs-Skills testen mag, ist zwischen Andorf und Haag am Hausruck in besten H\u00e4nden!<\/p>\n<p style=\"text-align: justify;\">Kein umtriebiger Wegewart st\u00f6rt hier die Idylle &#8230;<\/p>\n<p style=\"text-align: justify;\"><a href=\"https:\/\/www.vergissmi.net\/wp-content\/uploads\/2017\/06\/001-1.jpg\" rel=\"lightbox[4106]\"><img fetchpriority=\"high\" decoding=\"async\" class=\"aligncenter size-medium wp-image-4107\" src=\"https:\/\/www.vergissmi.net\/wp-content\/uploads\/2017\/06\/001-1-800x600.jpg\" alt=\"\" width=\"800\" height=\"600\" srcset=\"https:\/\/www.vergissmi.net\/wp-content\/uploads\/2017\/06\/001-1-800x600.jpg 800w, https:\/\/www.vergissmi.net\/wp-content\/uploads\/2017\/06\/001-1-1024x768.jpg 1024w, https:\/\/www.vergissmi.net\/wp-content\/uploads\/2017\/06\/001-1.jpg 1440w\" sizes=\"(max-width: 800px) 100vw, 800px\" \/><\/a><\/p>\n<p style=\"text-align: justify;\">&#8230; kein <a href=\"https:\/\/smekiwandert.wordpress.com\/2015\/11\/27\/rupertiweg-10-tage-4-bis-6-andorf-mattighofen\/\" target=\"_blank\" rel=\"noopener\">Markierungstrupp <\/a>bringt Unordnung in die Brennesselzucht &#8230;<\/p>\n<p style=\"text-align: justify;\"><a href=\"https:\/\/www.vergissmi.net\/wp-content\/uploads\/2017\/06\/001-2.jpg\" rel=\"lightbox[4106]\"><img decoding=\"async\" class=\"aligncenter size-medium wp-image-4108\" src=\"https:\/\/www.vergissmi.net\/wp-content\/uploads\/2017\/06\/001-2-800x600.jpg\" alt=\"\" width=\"800\" height=\"600\" srcset=\"https:\/\/www.vergissmi.net\/wp-content\/uploads\/2017\/06\/001-2-800x600.jpg 800w, https:\/\/www.vergissmi.net\/wp-content\/uploads\/2017\/06\/001-2-1024x768.jpg 1024w, https:\/\/www.vergissmi.net\/wp-content\/uploads\/2017\/06\/001-2.jpg 1440w\" sizes=\"(max-width: 800px) 100vw, 800px\" \/><\/a><\/p>\n<p style=\"text-align: justify;\">&#8230; summa summarum eine sehr naturnahe, und f\u00fcr beinfreie Hosen-Tr\u00e4ger durchaus prickelnde Erfahrung!<\/p>\n<p style=\"text-align: center;\"><em>&#8216;Cause you can&#8217;t run and you can&#8217;t hide!<\/em><\/p>\n<p style=\"text-align: justify;\"><a href=\"https:\/\/www.vergissmi.net\/wp-content\/uploads\/2017\/06\/001-3.jpg\" rel=\"lightbox[4106]\"><img decoding=\"async\" class=\"aligncenter size-medium wp-image-4109\" src=\"https:\/\/www.vergissmi.net\/wp-content\/uploads\/2017\/06\/001-3-800x600.jpg\" alt=\"\" width=\"800\" height=\"600\" srcset=\"https:\/\/www.vergissmi.net\/wp-content\/uploads\/2017\/06\/001-3-800x600.jpg 800w, https:\/\/www.vergissmi.net\/wp-content\/uploads\/2017\/06\/001-3-1024x768.jpg 1024w, https:\/\/www.vergissmi.net\/wp-content\/uploads\/2017\/06\/001-3.jpg 1440w\" sizes=\"(max-width: 800px) 100vw, 800px\" \/><\/a><\/p>\n<p style=\"text-align: justify;\">Mit dem Erreichen von Pram ist der Dschungelcross beendet. Und das Kopfradio spielt inzwischen &#8216;Mambo No. Five&#8217; auf \u00f6sterreichisch.<\/p>\n<p style=\"text-align: justify;\"><a href=\"https:\/\/www.vergissmi.net\/wp-content\/uploads\/2017\/06\/001-4.jpg\" rel=\"lightbox[4106]\"><img loading=\"lazy\" decoding=\"async\" class=\"aligncenter size-medium wp-image-4110\" src=\"https:\/\/www.vergissmi.net\/wp-content\/uploads\/2017\/06\/001-4-800x600.jpg\" alt=\"\" width=\"800\" height=\"600\" srcset=\"https:\/\/www.vergissmi.net\/wp-content\/uploads\/2017\/06\/001-4-800x600.jpg 800w, https:\/\/www.vergissmi.net\/wp-content\/uploads\/2017\/06\/001-4-1024x768.jpg 1024w, https:\/\/www.vergissmi.net\/wp-content\/uploads\/2017\/06\/001-4.jpg 1440w\" sizes=\"(max-width: 800px) 100vw, 800px\" \/><\/a><\/p>\n<p style=\"text-align: justify;\">&#8230; und ich freu&#8217; mich, dass ich ENDLICH, nach all den Jahren des Hoffens und Harrens, tats\u00e4chlich einmal den sprichw\u00f6rtlichen &#8220;Hone am Mist&#8221; zu sehen krieg&#8217; &#8211; aber fotografieren lasst sich der eitle Teixl nicht!<\/p>\n<p style=\"text-align: center;\"><em>Take one step left and one step right &#8230; one to the front and one to the side &#8230;<\/em><\/p>\n<p style=\"text-align: justify;\"><a href=\"https:\/\/www.vergissmi.net\/wp-content\/uploads\/2017\/06\/001-5.jpg\" rel=\"lightbox[4106]\"><img loading=\"lazy\" decoding=\"async\" class=\"aligncenter size-medium wp-image-4111\" src=\"https:\/\/www.vergissmi.net\/wp-content\/uploads\/2017\/06\/001-5-800x600.jpg\" alt=\"\" width=\"800\" height=\"600\" srcset=\"https:\/\/www.vergissmi.net\/wp-content\/uploads\/2017\/06\/001-5-800x600.jpg 800w, https:\/\/www.vergissmi.net\/wp-content\/uploads\/2017\/06\/001-5-1024x768.jpg 1024w, https:\/\/www.vergissmi.net\/wp-content\/uploads\/2017\/06\/001-5.jpg 1440w\" sizes=\"(max-width: 800px) 100vw, 800px\" \/><\/a><\/p>\n<p style=\"text-align: center;\"><em>Jump up and down go and move it all around<\/em><br \/>\n<em>Shake your head to the sound<\/em><br \/>\n<em>Put your hands on the ground<\/em><\/p>\n<p style=\"text-align: center;\"><em>Take one step left and one step right<\/em><br \/>\n<em>One to the front and one to the side<\/em><br \/>\n<em>Clap your hands once and clap your hands twice<\/em><br \/>\n<em>And if it looks like this then you&#8217;re doing it right!<\/em><\/p>\n<p style=\"text-align: justify;\">Nach Haag am Hausruck wird es mit der Markierung besser <span style=\"color: #ffcc99;\">(wos ned schwea is)<\/span>. Irgendwo hier beginnt der lokale <a href=\"http:\/\/www.innviertel-tourismus.at\/oesterreich\/tour\/430002505\/hausruck-kobernausserwald-weitwanderweg.html\" target=\"_blank\" rel=\"noopener\">Weitwanderweg No. I <\/a>\u00a0 (<em>&#8220;a littlebit of Kobernau\u00df&#8217; in my life, a little bit of Hausruck by my side\u00a0 &#8230;&#8221;<\/em>)<\/p>\n<p style=\"text-align: justify;\"><a href=\"https:\/\/www.vergissmi.net\/wp-content\/uploads\/2017\/06\/001-6.jpg\" rel=\"lightbox[4106]\"><img loading=\"lazy\" decoding=\"async\" class=\"aligncenter size-medium wp-image-4112\" src=\"https:\/\/www.vergissmi.net\/wp-content\/uploads\/2017\/06\/001-6-800x600.jpg\" alt=\"\" width=\"800\" height=\"600\" srcset=\"https:\/\/www.vergissmi.net\/wp-content\/uploads\/2017\/06\/001-6-800x600.jpg 800w, https:\/\/www.vergissmi.net\/wp-content\/uploads\/2017\/06\/001-6-1024x768.jpg 1024w, https:\/\/www.vergissmi.net\/wp-content\/uploads\/2017\/06\/001-6.jpg 1440w\" sizes=\"(max-width: 800px) 100vw, 800px\" \/><\/a><\/p>\n<p style=\"text-align: justify;\">Beim Wirtshaus auf der Feitzinger H\u00f6he darf ich trotz Ruhetag Station machen, bekomme sogar ein Abendessen, eine Innviertler Fastenspeise &#8230;<\/p>\n<p style=\"text-align: justify;\"><a href=\"https:\/\/www.vergissmi.net\/wp-content\/uploads\/2017\/06\/001-7.jpg\" rel=\"lightbox[4106]\"><img loading=\"lazy\" decoding=\"async\" class=\"aligncenter size-medium wp-image-4113\" src=\"https:\/\/www.vergissmi.net\/wp-content\/uploads\/2017\/06\/001-7-800x600.jpg\" alt=\"\" width=\"800\" height=\"600\" srcset=\"https:\/\/www.vergissmi.net\/wp-content\/uploads\/2017\/06\/001-7-800x600.jpg 800w, https:\/\/www.vergissmi.net\/wp-content\/uploads\/2017\/06\/001-7-1024x768.jpg 1024w, https:\/\/www.vergissmi.net\/wp-content\/uploads\/2017\/06\/001-7.jpg 1440w\" sizes=\"(max-width: 800px) 100vw, 800px\" \/><\/a><\/p>\n<p style=\"text-align: justify;\">&#8230; und bald drauf den Schl\u00fcssel f\u00fcrs Haus in die Hand gedr\u00fcckt. Die Chefin f\u00e4hrt nachhause und die Terrasse geh\u00f6rt mir.<\/p>\n<p style=\"text-align: justify;\"><a href=\"https:\/\/www.vergissmi.net\/wp-content\/uploads\/2017\/06\/001-8.jpg\" rel=\"lightbox[4106]\"><img loading=\"lazy\" decoding=\"async\" class=\"aligncenter size-medium wp-image-4114\" src=\"https:\/\/www.vergissmi.net\/wp-content\/uploads\/2017\/06\/001-8-800x600.jpg\" alt=\"\" width=\"800\" height=\"600\" srcset=\"https:\/\/www.vergissmi.net\/wp-content\/uploads\/2017\/06\/001-8-800x600.jpg 800w, https:\/\/www.vergissmi.net\/wp-content\/uploads\/2017\/06\/001-8-1024x768.jpg 1024w, https:\/\/www.vergissmi.net\/wp-content\/uploads\/2017\/06\/001-8.jpg 1440w\" sizes=\"(max-width: 800px) 100vw, 800px\" \/><\/a><\/p>\n<p style=\"text-align: justify;\">Am n\u00e4chsten Morgen geht es nach einem ebenso sportlichen Fr\u00fchst\u00fcck weiter Richtung Westen. Mit der Sonne im R\u00fccken zeigen sich die Weizenfelder in purem Gold, so wie man&#8217;s aus Rumpelstilzchen kennt.<\/p>\n<p style=\"text-align: justify;\"><a href=\"https:\/\/www.vergissmi.net\/wp-content\/uploads\/2017\/06\/001-9.jpg\" rel=\"lightbox[4106]\"><img loading=\"lazy\" decoding=\"async\" class=\"aligncenter size-medium wp-image-4115\" src=\"https:\/\/www.vergissmi.net\/wp-content\/uploads\/2017\/06\/001-9-800x600.jpg\" alt=\"\" width=\"800\" height=\"600\" srcset=\"https:\/\/www.vergissmi.net\/wp-content\/uploads\/2017\/06\/001-9-800x600.jpg 800w, https:\/\/www.vergissmi.net\/wp-content\/uploads\/2017\/06\/001-9-1024x768.jpg 1024w, https:\/\/www.vergissmi.net\/wp-content\/uploads\/2017\/06\/001-9.jpg 1440w\" sizes=\"(max-width: 800px) 100vw, 800px\" \/><\/a><\/p>\n<p style=\"text-align: justify;\">In der ersten Tagesh\u00e4lfte ging es im (f\u00fcr voralpine Weitwandertouren) \u00fcblichen Wechselspiel aus Wald und Wiese weiter zur Kobernau\u00dfer Aussichtswarte. Die Markierung des &#8220;Einsers&#8221; ist st\u00e4ndiger Begleiter, dazu kommen andere, wichtige lokale Wege.<\/p>\n<p style=\"text-align: justify;\"><a href=\"https:\/\/www.vergissmi.net\/wp-content\/uploads\/2017\/06\/001-10.jpg\" rel=\"lightbox[4106]\"><img loading=\"lazy\" decoding=\"async\" class=\"aligncenter size-medium wp-image-4116\" src=\"https:\/\/www.vergissmi.net\/wp-content\/uploads\/2017\/06\/001-10-800x600.jpg\" alt=\"\" width=\"800\" height=\"600\" srcset=\"https:\/\/www.vergissmi.net\/wp-content\/uploads\/2017\/06\/001-10-800x600.jpg 800w, https:\/\/www.vergissmi.net\/wp-content\/uploads\/2017\/06\/001-10-1024x768.jpg 1024w, https:\/\/www.vergissmi.net\/wp-content\/uploads\/2017\/06\/001-10.jpg 1440w\" sizes=\"(max-width: 800px) 100vw, 800px\" \/><\/a><\/p>\n<p style=\"text-align: justify;\">\u00dcberall sieht man, wie sich die Bauersleut&#8217; mit kr\u00e4ftiger Unterst\u00fctzung von <a href=\"http:\/\/www.faz.net\/agenturmeldungen\/dpa\/hoch-barbara-bringt-sommerliches-wetter-15057892.html\" target=\"_blank\" rel=\"noopener\">Barbara <\/a>daranmachen, dem Land einen modischen Kurzhaarschnitt zu verpassen.<\/p>\n<p style=\"text-align: justify;\"><a href=\"https:\/\/www.vergissmi.net\/wp-content\/uploads\/2017\/06\/001-11.jpg\" rel=\"lightbox[4106]\"><img loading=\"lazy\" decoding=\"async\" class=\"aligncenter size-medium wp-image-4117\" src=\"https:\/\/www.vergissmi.net\/wp-content\/uploads\/2017\/06\/001-11-800x600.jpg\" alt=\"\" width=\"800\" height=\"600\" srcset=\"https:\/\/www.vergissmi.net\/wp-content\/uploads\/2017\/06\/001-11-800x600.jpg 800w, https:\/\/www.vergissmi.net\/wp-content\/uploads\/2017\/06\/001-11-1024x768.jpg 1024w, https:\/\/www.vergissmi.net\/wp-content\/uploads\/2017\/06\/001-11.jpg 1440w\" sizes=\"(max-width: 800px) 100vw, 800px\" \/><\/a><\/p>\n<p style=\"text-align: justify;\">&#8230; und so geht&#8217;s <a href=\"http:\/\/www.duden.de\/suchen\/dudenonline\/geschniegelt\" target=\"_blank\" rel=\"noopener\">geschniegelt<\/a> gestriegelt auf Maria Schmolln zu &#8230;<\/p>\n<p style=\"text-align: justify;\"><a href=\"https:\/\/www.vergissmi.net\/wp-content\/uploads\/2017\/06\/001-12.jpg\" rel=\"lightbox[4106]\"><img loading=\"lazy\" decoding=\"async\" class=\"aligncenter size-medium wp-image-4118\" src=\"https:\/\/www.vergissmi.net\/wp-content\/uploads\/2017\/06\/001-12-800x600.jpg\" alt=\"\" width=\"800\" height=\"600\" srcset=\"https:\/\/www.vergissmi.net\/wp-content\/uploads\/2017\/06\/001-12-800x600.jpg 800w, https:\/\/www.vergissmi.net\/wp-content\/uploads\/2017\/06\/001-12-1024x768.jpg 1024w, https:\/\/www.vergissmi.net\/wp-content\/uploads\/2017\/06\/001-12.jpg 1440w\" sizes=\"(max-width: 800px) 100vw, 800px\" \/><\/a><\/p>\n<p style=\"text-align: justify;\">&#8230; die letzten Wegkilometer im Kobernau\u00dfer Wald hinter mir lassend.<\/p>\n<p style=\"text-align: justify;\"><a href=\"https:\/\/www.vergissmi.net\/wp-content\/uploads\/2017\/06\/001-13.jpg\" rel=\"lightbox[4106]\"><img loading=\"lazy\" decoding=\"async\" class=\"aligncenter size-medium wp-image-4119\" src=\"https:\/\/www.vergissmi.net\/wp-content\/uploads\/2017\/06\/001-13-800x600.jpg\" alt=\"\" width=\"800\" height=\"600\" srcset=\"https:\/\/www.vergissmi.net\/wp-content\/uploads\/2017\/06\/001-13-800x600.jpg 800w, https:\/\/www.vergissmi.net\/wp-content\/uploads\/2017\/06\/001-13-1024x768.jpg 1024w, https:\/\/www.vergissmi.net\/wp-content\/uploads\/2017\/06\/001-13.jpg 1440w\" sizes=\"(max-width: 800px) 100vw, 800px\" \/><\/a><\/p>\n<p style=\"text-align: justify;\">Heute schreiben wir den 15. Juni, und das ganze Land zieht zu Ehren des Hl. Fronleichnam in festlichen Gew\u00e4ndern durch die Orte des Braunauer Umlandes. F\u00fcr mich war es heute auch nur eine kurze Prozession, denn bis Mattighofen, dem Treffpunkt mit Fr\u00e4ulein A, galt es nur l\u00e4ppische 10 Kilometer zu bestreiten. <em>A little bit of Fr\u00e4ulein A, here I am &#8211; a little bit of you makes me your man.<\/em><\/p>\n<p style=\"text-align: justify;\">Also heute halber Pausentag beim sympathischen <a href=\"http:\/\/www.mattigtalerhof.at\/\" target=\"_blank\" rel=\"noopener\">Mattigtalerhof <\/a>zu Mattighofen.<\/p>\n<p style=\"text-align: center;\"><em>Trumpet!<\/em><br \/>\n<em>The trumpet!<\/em><\/p>\n","protected":false},"excerpt":{"rendered":"<div class=\"tmnf_excerpt\"><div class=\"tmnf_excerpt\"><p>Die Etappen durch den Kobernau\u00dferwald entpuppten sich als eine der sch\u00f6nsten au\u00dferalpinen Weitwanderstrecken des Landes. Die perfekte &#8220;Probierstrecke&#8221; f\u00fcr alle angehenden Langstreckenwanderer!<\/p>\n<\/div><\/div>","protected":false},"author":61,"featured_media":4123,"comment_status":"open","ping_status":"open","sticky":false,"template":"","format":"standard","meta":{"_s2mail":"yes","footnotes":""},"categories":[175,6],"tags":[],"class_list":["post-4106","post","type-post","status-publish","format-standard","has-post-thumbnail","hentry","category-10-rupertiweg","category-tourtagebuch","gallery-content-unit"],"_links":{"self":[{"href":"https:\/\/www.vergissmi.net\/index.php?rest_route=\/wp\/v2\/posts\/4106","targetHints":{"allow":["GET"]}}],"collection":[{"href":"https:\/\/www.vergissmi.net\/index.php?rest_route=\/wp\/v2\/posts"}],"about":[{"href":"https:\/\/www.vergissmi.net\/index.php?rest_route=\/wp\/v2\/types\/post"}],"author":[{"embeddable":true,"href":"https:\/\/www.vergissmi.net\/index.php?rest_route=\/wp\/v2\/users\/61"}],"replies":[{"embeddable":true,"href":"https:\/\/www.vergissmi.net\/index.php?rest_route=%2Fwp%2Fv2%2Fcomments&post=4106"}],"version-history":[{"count":9,"href":"https:\/\/www.vergissmi.net\/index.php?rest_route=\/wp\/v2\/posts\/4106\/revisions"}],"predecessor-version":[{"id":4129,"href":"https:\/\/www.vergissmi.net\/index.php?rest_route=\/wp\/v2\/posts\/4106\/revisions\/4129"}],"wp:featuredmedia":[{"embeddable":true,"href":"https:\/\/www.vergissmi.net\/index.php?rest_route=\/wp\/v2\/media\/4123"}],"wp:attachment":[{"href":"https:\/\/www.vergissmi.net\/index.php?rest_route=%2Fwp%2Fv2%2Fmedia&parent=4106"}],"wp:term":[{"taxonomy":"category","embeddable":true,"href":"https:\/\/www.vergissmi.net\/index.php?rest_route=%2Fwp%2Fv2%2Fcategories&post=4106"},{"taxonomy":"post_tag","embeddable":true,"href":"https:\/\/www.vergissmi.net\/index.php?rest_route=%2Fwp%2Fv2%2Ftags&post=4106"}],"curies":[{"name":"wp","href":"https:\/\/api.w.org\/{rel}","templated":true}]}}