{"id":4198,"date":"2017-08-21T14:07:48","date_gmt":"2017-08-21T12:07:48","guid":{"rendered":"http:\/\/www.vergissmi.net\/?p=4198"},"modified":"2017-08-21T14:07:48","modified_gmt":"2017-08-21T12:07:48","slug":"nordalpenweg-01-der-lechtaler-hoehenweg","status":"publish","type":"post","link":"https:\/\/www.vergissmi.net\/?p=4198","title":{"rendered":"Nordalpenweg 01: Der Lechtaler H\u00f6henweg"},"content":{"rendered":"<p style=\"text-align: left;\"><em><strong>F\u00fcr einen K\u00e4rntner ist der Karnische H\u00f6henweg zweifellos der sch\u00f6nste im ganzen Land. Au\u00dferhalb K\u00e4rntens stellt jedoch das Tiroler Oberland den Sieger in der Kategorie &#8220;Alpine Mehrtagestouren<\/strong><\/em>&#8220;. <!--more--><\/p>\n<p>\u00d6ffentlich erreichbarer Ausgangspunkt f\u00fcr die Durchquerung der Lechtaler Alpen ist Z\u00fcrs am Arlberg. Der mond\u00e4ne Schiort ist im Sommer v\u00f6llig tot: Leere Bettenburgen, kein Mensch zu sehen.<\/p>\n<p>Kann mir aber egal sein, denn nach zweihundert H\u00f6henmetern quer durch die \u00f6de Pisteninfrastruktur \u00f6ffnet sich ein sch\u00f6nes, vom Trubel verstecktes Seitental, an dessen Ende hoch oben als kleiner Punkt das &#8211; meist gut gebuchte &#8211; Stuttgarter Haus thront.<\/p>\n<p><a href=\"https:\/\/www.vergissmi.net\/wp-content\/uploads\/2017\/08\/tmp_8407-IMG_20170807_1827351806289672.jpg\" rel=\"lightbox[4198]\"><img fetchpriority=\"high\" decoding=\"async\" class=\"aligncenter size-medium wp-image-4200\" src=\"https:\/\/www.vergissmi.net\/wp-content\/uploads\/2017\/08\/tmp_8407-IMG_20170807_1827351806289672-800x450.jpg\" alt=\"\" width=\"800\" height=\"450\" srcset=\"https:\/\/www.vergissmi.net\/wp-content\/uploads\/2017\/08\/tmp_8407-IMG_20170807_1827351806289672-800x450.jpg 800w, https:\/\/www.vergissmi.net\/wp-content\/uploads\/2017\/08\/tmp_8407-IMG_20170807_1827351806289672-1024x576.jpg 1024w\" sizes=\"(max-width: 800px) 100vw, 800px\" \/><\/a><\/p>\n<p>Da ich mit Matte und Schlafsack unterwegs bin, reserviere ich nur selten einen Lagerplatz. Sollte eine H\u00fctte wirklich aus allen N\u00e4hten platzen, ist&#8217;s mir eh lieber, wenn ich mir drau\u00dfen ein Pl\u00e4tzchen suchen kann, anstatt mich irgendwo dazwischen hineinquetschen zu m\u00fcssen.<\/p>\n<p>Meist kommt es aber eh anders: Der sympathische H\u00fcttenwirt wurde mir gleich noch viel sympathischer, als er mir den Schl\u00fcssel f\u00fcr ein unvorhergesehenerweise frei gewordenes Zimmer in die Hand dr\u00fcckt. Ich bedanke mich, indem ich von der Speisekarte die Seiten drei, vier und sieben bestelle.<\/p>\n<p>Gut gest\u00e4rkt geht es am n\u00e4chsten Tag \u00fcber den Robert Bosch Weg auf die Vallugaspitze &#8211; mit beeindruckendem R\u00fcckblick auf die ersten Meter des Lechtaler H\u00f6henweges.<\/p>\n<p><a href=\"https:\/\/www.vergissmi.net\/wp-content\/uploads\/2017\/08\/tmp_8407-IMG_20170808_093727474692247.jpg\" rel=\"lightbox[4198]\"><img decoding=\"async\" class=\"aligncenter size-medium wp-image-4201\" src=\"https:\/\/www.vergissmi.net\/wp-content\/uploads\/2017\/08\/tmp_8407-IMG_20170808_093727474692247-800x450.jpg\" alt=\"\" width=\"800\" height=\"450\" srcset=\"https:\/\/www.vergissmi.net\/wp-content\/uploads\/2017\/08\/tmp_8407-IMG_20170808_093727474692247-800x450.jpg 800w, https:\/\/www.vergissmi.net\/wp-content\/uploads\/2017\/08\/tmp_8407-IMG_20170808_093727474692247-1024x576.jpg 1024w\" sizes=\"(max-width: 800px) 100vw, 800px\" \/><\/a><\/p>\n<p>Der alpine Steig ist fast ausschlie\u00dflich in der Gel\u00e4ndekategorie &#8220;schwarz&#8221; gehalten, weshalb ich f\u00fcr zuk\u00fcnftige Begeher auch ein paar Bilder der anspruchsvolleren Passagen einstreue.<\/p>\n<p><a href=\"https:\/\/www.vergissmi.net\/wp-content\/uploads\/2017\/08\/tmp_8407-IMG_20170808_123523110394271.jpg\" rel=\"lightbox[4198]\"><img decoding=\"async\" class=\"aligncenter size-medium wp-image-4202\" src=\"https:\/\/www.vergissmi.net\/wp-content\/uploads\/2017\/08\/tmp_8407-IMG_20170808_123523110394271-800x450.jpg\" alt=\"\" width=\"800\" height=\"450\" srcset=\"https:\/\/www.vergissmi.net\/wp-content\/uploads\/2017\/08\/tmp_8407-IMG_20170808_123523110394271-800x450.jpg 800w, https:\/\/www.vergissmi.net\/wp-content\/uploads\/2017\/08\/tmp_8407-IMG_20170808_123523110394271-1024x576.jpg 1024w\" sizes=\"(max-width: 800px) 100vw, 800px\" \/><\/a><\/p>\n<p>Seilgesicherte Stellen gibt es zuhauf, sodass man am Abend die H\u00e4nde bald mehr sp\u00fcrt als die Haxen.<\/p>\n<p><a href=\"https:\/\/www.vergissmi.net\/wp-content\/uploads\/2017\/08\/tmp_8407-IMG_20170808_130710991084680.jpg\" rel=\"lightbox[4198]\"><img loading=\"lazy\" decoding=\"async\" class=\"aligncenter size-medium wp-image-4203\" src=\"https:\/\/www.vergissmi.net\/wp-content\/uploads\/2017\/08\/tmp_8407-IMG_20170808_130710991084680-800x450.jpg\" alt=\"\" width=\"800\" height=\"450\" srcset=\"https:\/\/www.vergissmi.net\/wp-content\/uploads\/2017\/08\/tmp_8407-IMG_20170808_130710991084680-800x450.jpg 800w, https:\/\/www.vergissmi.net\/wp-content\/uploads\/2017\/08\/tmp_8407-IMG_20170808_130710991084680-1024x576.jpg 1024w\" sizes=\"(max-width: 800px) 100vw, 800px\" \/><\/a><\/p>\n<p>Mein n\u00e4chstes Quartier, das Kaiserjochhaus, ist ebenfalls sehr nett. F\u00fcr den langen n\u00e4chsten Tag bekomme ich ein \u00fcppiges Thermofr\u00fchst\u00fcck &#8211; mit Widmung!<\/p>\n<p><a href=\"https:\/\/www.vergissmi.net\/wp-content\/uploads\/2017\/08\/tmp_8407-IMG_20170809_07283786333790.jpg\" rel=\"lightbox[4198]\"><img loading=\"lazy\" decoding=\"async\" class=\"aligncenter size-medium wp-image-4204\" src=\"https:\/\/www.vergissmi.net\/wp-content\/uploads\/2017\/08\/tmp_8407-IMG_20170809_07283786333790-800x450.jpg\" alt=\"\" width=\"800\" height=\"450\" srcset=\"https:\/\/www.vergissmi.net\/wp-content\/uploads\/2017\/08\/tmp_8407-IMG_20170809_07283786333790-800x450.jpg 800w, https:\/\/www.vergissmi.net\/wp-content\/uploads\/2017\/08\/tmp_8407-IMG_20170809_07283786333790-1024x576.jpg 1024w\" sizes=\"(max-width: 800px) 100vw, 800px\" \/><\/a><\/p>\n<p>Doch ein Gewitter vereitelt den geplanten fr\u00fchen Start, weshalb ich mich erst mit Sonnenaufgang auf den Weg mache.<\/p>\n<p><a href=\"https:\/\/www.vergissmi.net\/wp-content\/uploads\/2017\/08\/tmp_8407-IMG_20170809_0808421642871542.jpg\" rel=\"lightbox[4198]\"><img loading=\"lazy\" decoding=\"async\" class=\"aligncenter size-medium wp-image-4205\" src=\"https:\/\/www.vergissmi.net\/wp-content\/uploads\/2017\/08\/tmp_8407-IMG_20170809_0808421642871542-800x450.jpg\" alt=\"\" width=\"800\" height=\"450\" srcset=\"https:\/\/www.vergissmi.net\/wp-content\/uploads\/2017\/08\/tmp_8407-IMG_20170809_0808421642871542-800x450.jpg 800w, https:\/\/www.vergissmi.net\/wp-content\/uploads\/2017\/08\/tmp_8407-IMG_20170809_0808421642871542-1024x576.jpg 1024w\" sizes=\"(max-width: 800px) 100vw, 800px\" \/><\/a><\/p>\n<p>Der stundenlange Starkregen hat dem Weg zugesetzt.<\/p>\n<p><a href=\"https:\/\/www.vergissmi.net\/wp-content\/uploads\/2017\/08\/tmp_8407-IMG_20170809_093605836832057.jpg\" rel=\"lightbox[4198]\"><img loading=\"lazy\" decoding=\"async\" class=\"aligncenter size-medium wp-image-4207\" src=\"https:\/\/www.vergissmi.net\/wp-content\/uploads\/2017\/08\/tmp_8407-IMG_20170809_093605836832057-800x450.jpg\" alt=\"\" width=\"800\" height=\"450\" srcset=\"https:\/\/www.vergissmi.net\/wp-content\/uploads\/2017\/08\/tmp_8407-IMG_20170809_093605836832057-800x450.jpg 800w, https:\/\/www.vergissmi.net\/wp-content\/uploads\/2017\/08\/tmp_8407-IMG_20170809_093605836832057-1024x576.jpg 1024w\" sizes=\"(max-width: 800px) 100vw, 800px\" \/><\/a><\/p>\n<p>F\u00fcr die kommenden zwei N\u00e4chte sinkt die Schneefallgrenze unter die Seeh\u00f6he der n\u00e4chsten H\u00fctten, weshalb ich zwei Schreibtischtage in Wien einschiebe.<\/p>\n<p>Zur\u00fcck in Tirol setze ich den H\u00f6henweg beim W\u00fcrttemberger Haus fort. Der Abstieg von der Ansbacher H\u00fctte und der lange Wiederaufstieg entsch\u00e4digt nur teilweise f\u00fcr den Ausfall des entgangenen H\u00f6henwegabschnittes. Ein kurzes St\u00fcck bin ich auf dem Fernwanderweg E5 unterwegs &#8211; und bin heilfroh, ihn nach zwei Stunden wieder verlassen zu d\u00fcrfen. Der E5 ist die einfachste M\u00f6glichkeit, zu Fu\u00df die Alpen zu \u00fcberqueren &#8211; und dementsprechend gut besucht. Die Memminger H\u00fctte, von der mir in dieser kurzen Zeit gez\u00e4hlte 78 Leute entgegenkommen, ist noch wochenlang bis auf den letzten Platz ausgebucht. Wanderer, die das T-Shirt ihres Lieblingsfu\u00dfballvereins tragen, gr\u00fc\u00dfen mich um 2 Uhr nachmittags mit &#8220;Moin, moin, wack&#8217;rer Wandersmann&#8221;.<\/p>\n<p>Doch mit Erreichen des W\u00fcrttemberghauses stellt sich sogleich bergsteigerisches Wohlbefinden ein. Hier der Blick von der Terrasse runter nach Zams\/Landeck.<\/p>\n<p><a href=\"https:\/\/www.vergissmi.net\/wp-content\/uploads\/2017\/08\/tmp_8407-IMG_20170813_180345476424691.jpg\" rel=\"lightbox[4198]\"><img loading=\"lazy\" decoding=\"async\" class=\"aligncenter size-medium wp-image-4208\" src=\"https:\/\/www.vergissmi.net\/wp-content\/uploads\/2017\/08\/tmp_8407-IMG_20170813_180345476424691-800x450.jpg\" alt=\"\" width=\"800\" height=\"450\" srcset=\"https:\/\/www.vergissmi.net\/wp-content\/uploads\/2017\/08\/tmp_8407-IMG_20170813_180345476424691-800x450.jpg 800w, https:\/\/www.vergissmi.net\/wp-content\/uploads\/2017\/08\/tmp_8407-IMG_20170813_180345476424691-1024x576.jpg 1024w\" sizes=\"(max-width: 800px) 100vw, 800px\" \/><\/a><\/p>\n<p>Vier Scharten gilt es am n\u00e4chsten Tag auf dem Weg zur Steinseeh\u00fctte zu durchkraxeln. Alle haben einen Handlauf aus Stahl, der Wegverlauf entscheidet sich scheinbar spontan:<\/p>\n<p><a href=\"https:\/\/www.vergissmi.net\/wp-content\/uploads\/2017\/08\/tmp_8407-IMG_20170814_074512512163069.jpg\" rel=\"lightbox[4198]\"><img loading=\"lazy\" decoding=\"async\" class=\"aligncenter size-medium wp-image-4209\" src=\"https:\/\/www.vergissmi.net\/wp-content\/uploads\/2017\/08\/tmp_8407-IMG_20170814_074512512163069-800x450.jpg\" alt=\"\" width=\"800\" height=\"450\" srcset=\"https:\/\/www.vergissmi.net\/wp-content\/uploads\/2017\/08\/tmp_8407-IMG_20170814_074512512163069-800x450.jpg 800w, https:\/\/www.vergissmi.net\/wp-content\/uploads\/2017\/08\/tmp_8407-IMG_20170814_074512512163069-1024x576.jpg 1024w\" sizes=\"(max-width: 800px) 100vw, 800px\" \/><\/a><\/p>\n<p>Wie immer wird dann nicht so heiss gegessen. Die Wege sind derart gut in Schuss, dass es richtig Spa\u00df macht.<\/p>\n<p>Normalerweise zeichnet sich Freund G\u00fcnther f\u00fcr meine Nahtoderfahrungen verantwortlich, doch diesmal trifft ihn keine Schuld, wenn ich bei jeder sich bietenden Gelegenheit die alpinere der beiden Varianten w\u00e4hle. Womit ich im Entscheidungsfall dem Nordalpenweg treu bleibe, und nicht so gehe, &#8220;wie der Adler fliegt&#8221;.<\/p>\n<p><a href=\"https:\/\/www.vergissmi.net\/wp-content\/uploads\/2017\/08\/tmp_8407-IMG_20170814_0940341713445666.jpg\" rel=\"lightbox[4198]\"><img loading=\"lazy\" decoding=\"async\" class=\"aligncenter size-medium wp-image-4210\" src=\"https:\/\/www.vergissmi.net\/wp-content\/uploads\/2017\/08\/tmp_8407-IMG_20170814_0940341713445666-800x450.jpg\" alt=\"\" width=\"800\" height=\"450\" srcset=\"https:\/\/www.vergissmi.net\/wp-content\/uploads\/2017\/08\/tmp_8407-IMG_20170814_0940341713445666-800x450.jpg 800w, https:\/\/www.vergissmi.net\/wp-content\/uploads\/2017\/08\/tmp_8407-IMG_20170814_0940341713445666-1024x576.jpg 1024w\" sizes=\"(max-width: 800px) 100vw, 800px\" \/><\/a><\/p>\n<p>Die quasi senkrecht abfallende Rosskarscharte ist die K\u00fcr des Tages, bergauf ist&#8217;s aber halb so wild.<\/p>\n<p><a href=\"https:\/\/www.vergissmi.net\/wp-content\/uploads\/2017\/08\/tmp_8407-IMG_20170814_0914021856605063.jpg\" rel=\"lightbox[4198]\"><img loading=\"lazy\" decoding=\"async\" class=\"aligncenter size-medium wp-image-4211\" src=\"https:\/\/www.vergissmi.net\/wp-content\/uploads\/2017\/08\/tmp_8407-IMG_20170814_0914021856605063-800x450.jpg\" alt=\"\" width=\"800\" height=\"450\" srcset=\"https:\/\/www.vergissmi.net\/wp-content\/uploads\/2017\/08\/tmp_8407-IMG_20170814_0914021856605063-800x450.jpg 800w, https:\/\/www.vergissmi.net\/wp-content\/uploads\/2017\/08\/tmp_8407-IMG_20170814_0914021856605063-1024x576.jpg 1024w\" sizes=\"(max-width: 800px) 100vw, 800px\" \/><\/a><\/p>\n<p>\u00dcber Scharte Nr. 5 kommt man zur netten Hanauer H\u00fctte. Alle H\u00fctten hier bieten gro\u00dfartiges Terrassenpanorama.<\/p>\n<p><a href=\"https:\/\/www.vergissmi.net\/wp-content\/uploads\/2017\/08\/tmp_8407-IMG_20170814_140028605308226.jpg\" rel=\"lightbox[4198]\"><img loading=\"lazy\" decoding=\"async\" class=\"aligncenter size-medium wp-image-4213\" src=\"https:\/\/www.vergissmi.net\/wp-content\/uploads\/2017\/08\/tmp_8407-IMG_20170814_140028605308226-800x450.jpg\" alt=\"\" width=\"800\" height=\"450\" srcset=\"https:\/\/www.vergissmi.net\/wp-content\/uploads\/2017\/08\/tmp_8407-IMG_20170814_140028605308226-800x450.jpg 800w, https:\/\/www.vergissmi.net\/wp-content\/uploads\/2017\/08\/tmp_8407-IMG_20170814_140028605308226-1024x576.jpg 1024w\" sizes=\"(max-width: 800px) 100vw, 800px\" \/><\/a><\/p>\n<p>Ich n\u00e4chtige am Fu\u00dfe des Hahntennjoches.<\/p>\n<p><a href=\"https:\/\/www.vergissmi.net\/wp-content\/uploads\/2017\/08\/tmp_8407-IMG_20170815_0821291820773215.jpg\" rel=\"lightbox[4198]\"><img loading=\"lazy\" decoding=\"async\" class=\"aligncenter size-medium wp-image-4214\" src=\"https:\/\/www.vergissmi.net\/wp-content\/uploads\/2017\/08\/tmp_8407-IMG_20170815_0821291820773215-800x450.jpg\" alt=\"\" width=\"800\" height=\"450\" srcset=\"https:\/\/www.vergissmi.net\/wp-content\/uploads\/2017\/08\/tmp_8407-IMG_20170815_0821291820773215-800x450.jpg 800w, https:\/\/www.vergissmi.net\/wp-content\/uploads\/2017\/08\/tmp_8407-IMG_20170815_0821291820773215-1024x576.jpg 1024w\" sizes=\"(max-width: 800px) 100vw, 800px\" \/><\/a><\/p>\n<p>Mit dem Erreichen der Anhalter H\u00fctte endet mein Besuch der Lechtaler Alpen.<\/p>\n<p><a href=\"https:\/\/www.vergissmi.net\/wp-content\/uploads\/2017\/08\/tmp_8407-IMG_20170815_1052281432074955.jpg\" rel=\"lightbox[4198]\"><img loading=\"lazy\" decoding=\"async\" class=\"aligncenter size-medium wp-image-4215\" src=\"https:\/\/www.vergissmi.net\/wp-content\/uploads\/2017\/08\/tmp_8407-IMG_20170815_1052281432074955-800x450.jpg\" alt=\"\" width=\"800\" height=\"450\" srcset=\"https:\/\/www.vergissmi.net\/wp-content\/uploads\/2017\/08\/tmp_8407-IMG_20170815_1052281432074955-800x450.jpg 800w, https:\/\/www.vergissmi.net\/wp-content\/uploads\/2017\/08\/tmp_8407-IMG_20170815_1052281432074955-1024x576.jpg 1024w\" sizes=\"(max-width: 800px) 100vw, 800px\" \/><\/a><\/p>\n<p>Ich verl\u00e4ngere noch zur Tarrentonalm&#8230;<\/p>\n<p><a href=\"https:\/\/www.vergissmi.net\/wp-content\/uploads\/2017\/08\/tmp_8407-IMG_20170815_132559882201379.jpg\" rel=\"lightbox[4198]\"><img loading=\"lazy\" decoding=\"async\" class=\"aligncenter size-medium wp-image-4216\" src=\"https:\/\/www.vergissmi.net\/wp-content\/uploads\/2017\/08\/tmp_8407-IMG_20170815_132559882201379-800x450.jpg\" alt=\"\" width=\"800\" height=\"450\" srcset=\"https:\/\/www.vergissmi.net\/wp-content\/uploads\/2017\/08\/tmp_8407-IMG_20170815_132559882201379-800x450.jpg 800w, https:\/\/www.vergissmi.net\/wp-content\/uploads\/2017\/08\/tmp_8407-IMG_20170815_132559882201379-1024x576.jpg 1024w\" sizes=\"(max-width: 800px) 100vw, 800px\" \/><\/a><\/p>\n<p>&#8230; und f\u00fchle mich am Ende dieser gro\u00dfartigen Tour dem Kaindl Much in Gedanken ganz nahe.<\/p>\n<p><a href=\"https:\/\/www.vergissmi.net\/wp-content\/uploads\/2017\/08\/tmp_8407-IMG_20170815_133453549442835.jpg\" rel=\"lightbox[4198]\"><img loading=\"lazy\" decoding=\"async\" class=\"aligncenter size-medium wp-image-4217\" src=\"https:\/\/www.vergissmi.net\/wp-content\/uploads\/2017\/08\/tmp_8407-IMG_20170815_133453549442835-800x450.jpg\" alt=\"\" width=\"800\" height=\"450\" srcset=\"https:\/\/www.vergissmi.net\/wp-content\/uploads\/2017\/08\/tmp_8407-IMG_20170815_133453549442835-800x450.jpg 800w, https:\/\/www.vergissmi.net\/wp-content\/uploads\/2017\/08\/tmp_8407-IMG_20170815_133453549442835-1024x576.jpg 1024w\" sizes=\"(max-width: 800px) 100vw, 800px\" \/><\/a><\/p>\n<p>Mahlzeit!<\/p>\n","protected":false},"excerpt":{"rendered":"<div class=\"tmnf_excerpt\"><div class=\"tmnf_excerpt\"><p>F\u00fcr einen K\u00e4rntner ist der Karnische H\u00f6henweg zweifellos der sch\u00f6nste im ganzen Land. Au\u00dferhalb K\u00e4rntens stellt jedoch das Tiroler Oberland den Sieger in der Kategorie &#8220;Alpine Mehrtagestouren&#8220;.<\/p>\n<\/div><\/div>","protected":false},"author":61,"featured_media":4216,"comment_status":"open","ping_status":"open","sticky":false,"template":"","format":"standard","meta":{"_s2mail":"yes","footnotes":""},"categories":[166,156,161,6,155],"tags":[],"class_list":["post-4198","post","type-post","status-publish","format-standard","has-post-thumbnail","hentry","category-01-nordalpenweg","category-oesterreich","category-tirol","category-tourtagebuch","category-weitwandern","gallery-content-unit"],"_links":{"self":[{"href":"https:\/\/www.vergissmi.net\/index.php?rest_route=\/wp\/v2\/posts\/4198","targetHints":{"allow":["GET"]}}],"collection":[{"href":"https:\/\/www.vergissmi.net\/index.php?rest_route=\/wp\/v2\/posts"}],"about":[{"href":"https:\/\/www.vergissmi.net\/index.php?rest_route=\/wp\/v2\/types\/post"}],"author":[{"embeddable":true,"href":"https:\/\/www.vergissmi.net\/index.php?rest_route=\/wp\/v2\/users\/61"}],"replies":[{"embeddable":true,"href":"https:\/\/www.vergissmi.net\/index.php?rest_route=%2Fwp%2Fv2%2Fcomments&post=4198"}],"version-history":[{"count":14,"href":"https:\/\/www.vergissmi.net\/index.php?rest_route=\/wp\/v2\/posts\/4198\/revisions"}],"predecessor-version":[{"id":4231,"href":"https:\/\/www.vergissmi.net\/index.php?rest_route=\/wp\/v2\/posts\/4198\/revisions\/4231"}],"wp:featuredmedia":[{"embeddable":true,"href":"https:\/\/www.vergissmi.net\/index.php?rest_route=\/wp\/v2\/media\/4216"}],"wp:attachment":[{"href":"https:\/\/www.vergissmi.net\/index.php?rest_route=%2Fwp%2Fv2%2Fmedia&parent=4198"}],"wp:term":[{"taxonomy":"category","embeddable":true,"href":"https:\/\/www.vergissmi.net\/index.php?rest_route=%2Fwp%2Fv2%2Fcategories&post=4198"},{"taxonomy":"post_tag","embeddable":true,"href":"https:\/\/www.vergissmi.net\/index.php?rest_route=%2Fwp%2Fv2%2Ftags&post=4198"}],"curies":[{"name":"wp","href":"https:\/\/api.w.org\/{rel}","templated":true}]}}