{"id":4582,"date":"2018-06-28T11:23:49","date_gmt":"2018-06-28T09:23:49","guid":{"rendered":"http:\/\/www.vergissmi.net\/?p=4582"},"modified":"2018-07-07T10:16:03","modified_gmt":"2018-07-07T08:16:03","slug":"ueber-die-jagoutzalm-auf-den-kleinobir","status":"publish","type":"post","link":"https:\/\/www.vergissmi.net\/?p=4582","title":{"rendered":"\u00dcber die Jagoutzalm auf den Kleinobir"},"content":{"rendered":"<p><em><strong>Der Hochobir geh\u00f6rt zu den bekanntesten Bergen K\u00e4rntens. Einige Male war ich schon oben, zuletzt abends nach einem Seminartag in Klagenfurt, wo ich mit der Taschenlampe dem todlsicheren Weg von der Eisenkappler H\u00fctte zum Gipfel gefolgt bin. Diesmal jedoch verbrachte ich einen traumhaft sch\u00f6nen Tourentag auf seinem &#8220;Kleinen Bruder&#8221;, dem Kleinobir.<br \/>\n<\/strong><\/em><\/p>\n<p><!--more--><\/p>\n<p>Der Konditionstest f\u00fcr Norwegen und nicht zuletzt der Wetterbericht f\u00fchrte mich diesmal in die Karawankenvorberge. Das ist jener Teil der Karawanken, der nicht unmittelbar an der Landegrenze liegt. Dazu geh\u00f6rt die Bergkette zwischen Bodental und Lavam\u00fcnd, mit ihren bekannten Proponenten Ferlacher Horn und Hochobir, aber auch kleine Juwele wie Oistra und Topitza. Zu letzteren Geheimtipps z\u00e4hlt auch das heutige Tagesziel, der Kleinobir.<\/p>\n<p>Parkpl\u00e4tze gibt es beim Gasthaus am s\u00fcdlichen Ende des Freibach-Stausees. Jetzt trennen einen nur mehr 1200 H\u00f6henmeter von einem der aussichtsreichsten Gipfel Ost-K\u00e4rntens. Nach vorne, also Norden &#8211; ist der Blick in die Landesmitte frei &#8211; doch dazu sp\u00e4ter.<\/p>\n<div id=\"attachment_4600\" style=\"width: 810px\" class=\"wp-caption aligncenter\"><a href=\"https:\/\/www.vergissmi.net\/wp-content\/uploads\/2018\/06\/Screenshot_2018-06-28-KOMPASS-Maps.jpg\" rel=\"lightbox[4582]\"><img fetchpriority=\"high\" decoding=\"async\" aria-describedby=\"caption-attachment-4600\" class=\"size-medium wp-image-4600\" src=\"https:\/\/www.vergissmi.net\/wp-content\/uploads\/2018\/06\/Screenshot_2018-06-28-KOMPASS-Maps-800x470.jpg\" alt=\"Gebiet Kleinobir (c) kompass.maps\" width=\"800\" height=\"470\" srcset=\"https:\/\/www.vergissmi.net\/wp-content\/uploads\/2018\/06\/Screenshot_2018-06-28-KOMPASS-Maps-800x470.jpg 800w, https:\/\/www.vergissmi.net\/wp-content\/uploads\/2018\/06\/Screenshot_2018-06-28-KOMPASS-Maps-1024x602.jpg 1024w, https:\/\/www.vergissmi.net\/wp-content\/uploads\/2018\/06\/Screenshot_2018-06-28-KOMPASS-Maps.jpg 1288w\" sizes=\"(max-width: 800px) 100vw, 800px\" \/><\/a><p id=\"caption-attachment-4600\" class=\"wp-caption-text\">Gebiet Kleinobir (c) kompass.maps<\/p><\/div>\n<p>Zuerst mal folgt man der Landesstra\u00dfe noch ein kurzes St\u00fcck nach S\u00fcden, um dann links bei einem leerstehenden Haus in einen Forstweg abzubiegen. Hier irrt die Kompasskarte, den oben sichtbaren Schlenkerer nach Norden zum Geh\u00f6ft Jagoutz schneidet man kerzengerade in West-Ost-Richtung ab und bleibt zwischen den beiden, ebenfalls in West-Ost-Richtung verlaufenden B\u00e4chen. Denn noch vor der Linkskurve ist der Forststra\u00dfenhatsch auch schon wieder zuende &#8211; rechts zweigt ein sch\u00f6ner Waldweg ab, der zwar noch ein paar mal die Forststra\u00dfe quert, aber sonst mit ihr nichts mehr zu schaffen hat.<\/p>\n<p><a href=\"https:\/\/www.vergissmi.net\/wp-content\/uploads\/2018\/06\/P1090518.jpg\" rel=\"lightbox[4582]\"><img decoding=\"async\" class=\"aligncenter size-medium wp-image-4583\" src=\"https:\/\/www.vergissmi.net\/wp-content\/uploads\/2018\/06\/P1090518-800x600.jpg\" alt=\"\" width=\"800\" height=\"600\" srcset=\"https:\/\/www.vergissmi.net\/wp-content\/uploads\/2018\/06\/P1090518-800x600.jpg 800w, https:\/\/www.vergissmi.net\/wp-content\/uploads\/2018\/06\/P1090518-1024x768.jpg 1024w\" sizes=\"(max-width: 800px) 100vw, 800px\" \/><\/a><\/p>\n<p>Ab nun hei\u00dft es Kopf in den Nacken legen, denn die n\u00e4chsten 2 Stunden geht es nur bergauf &#8211; steil, aber im angenehmen Pulsbereich. Im Aufstieg ist man mit hoher Wahrscheinlichkeit alleine unterwegs. Also fast alleine.<\/p>\n<p><a href=\"https:\/\/www.vergissmi.net\/wp-content\/uploads\/2018\/06\/P1090572.jpg\" rel=\"lightbox[4582]\"><img decoding=\"async\" class=\"aligncenter size-medium wp-image-4599\" src=\"https:\/\/www.vergissmi.net\/wp-content\/uploads\/2018\/06\/P1090572-800x600.jpg\" alt=\"\" width=\"800\" height=\"600\" srcset=\"https:\/\/www.vergissmi.net\/wp-content\/uploads\/2018\/06\/P1090572-800x600.jpg 800w, https:\/\/www.vergissmi.net\/wp-content\/uploads\/2018\/06\/P1090572-1024x768.jpg 1024w\" sizes=\"(max-width: 800px) 100vw, 800px\" \/><\/a><\/p>\n<p>Einfach zu erreichendes Wasser gibt es unterwegs nur gleich zu Beginn, und dann erst wieder kurz vor der Jagoutzalm, wo ein Brunnen das Ende des Almweges markiert. Weiter oben gibt es dann kein Trinkwasser mehr.<\/p>\n<p><a href=\"https:\/\/www.vergissmi.net\/wp-content\/uploads\/2018\/06\/P1090520-Large.jpg\" rel=\"lightbox[4582]\"><img loading=\"lazy\" decoding=\"async\" class=\"aligncenter size-medium wp-image-4601\" src=\"https:\/\/www.vergissmi.net\/wp-content\/uploads\/2018\/06\/P1090520-Large-800x600.jpg\" alt=\"\" width=\"800\" height=\"600\" srcset=\"https:\/\/www.vergissmi.net\/wp-content\/uploads\/2018\/06\/P1090520-Large-800x600.jpg 800w, https:\/\/www.vergissmi.net\/wp-content\/uploads\/2018\/06\/P1090520-Large-1024x768.jpg 1024w, https:\/\/www.vergissmi.net\/wp-content\/uploads\/2018\/06\/P1090520-Large.jpg 1440w\" sizes=\"(max-width: 800px) 100vw, 800px\" \/><\/a><\/p>\n<p>Knapp 1000 H\u00f6henmeter ab Startpunkt gibt es auf der Jagoutzalm die erste echte Rastm\u00f6glichkeit mit Tisch und Bank- und gro\u00dfartigem Ausblick in die Nordw\u00e4nde von Hochobir und Kuhberg. Hier im Bild sieht man zum Freiberg hin\u00fcber:<\/p>\n<p><a href=\"https:\/\/www.vergissmi.net\/wp-content\/uploads\/2018\/06\/P1090528.jpg\" rel=\"lightbox[4582]\"><img loading=\"lazy\" decoding=\"async\" class=\"aligncenter size-medium wp-image-4585\" src=\"https:\/\/www.vergissmi.net\/wp-content\/uploads\/2018\/06\/P1090528-800x600.jpg\" alt=\"\" width=\"800\" height=\"600\" srcset=\"https:\/\/www.vergissmi.net\/wp-content\/uploads\/2018\/06\/P1090528-800x600.jpg 800w, https:\/\/www.vergissmi.net\/wp-content\/uploads\/2018\/06\/P1090528-1024x768.jpg 1024w\" sizes=\"(max-width: 800px) 100vw, 800px\" \/><\/a><\/p>\n<p>Ein paar Meter weiter findet man sich bei einem weiteren Zwischenziel &#8211; dem Wandererkreuz am Jagoutzsattel (1680 m) &#8211; wieder. Der Sattel ist zwar das geologische Bindeglied zwischen Hochobir und Kleinobir, der Wegweiser zum Hochobir zeigt jedoch nicht direkt Richtung Gipfel, sondern empfiehlt dem Wanderer, sich etwas weiter \u00f6stlich dem Eisenwurzenweg 08 anzuvertrauen, der eine unkomplizierte Besteigung des beliebten Gipfels vorbei an der Eisenkappler H\u00fctte erm\u00f6glicht.<\/p>\n<p><a href=\"https:\/\/www.vergissmi.net\/wp-content\/uploads\/2018\/06\/P1090529.jpg\" rel=\"lightbox[4582]\"><img loading=\"lazy\" decoding=\"async\" class=\"aligncenter size-medium wp-image-4586\" src=\"https:\/\/www.vergissmi.net\/wp-content\/uploads\/2018\/06\/P1090529-800x600.jpg\" alt=\"\" width=\"800\" height=\"600\" srcset=\"https:\/\/www.vergissmi.net\/wp-content\/uploads\/2018\/06\/P1090529-800x600.jpg 800w, https:\/\/www.vergissmi.net\/wp-content\/uploads\/2018\/06\/P1090529-1024x768.jpg 1024w\" sizes=\"(max-width: 800px) 100vw, 800px\" \/><\/a><\/p>\n<p>Vom Sattel Richtung Kleinobir hingegen gibt es keine Beschilderung. Hier ist zuerst eine weitere Almweide zu queren &#8230;<\/p>\n<p><a href=\"https:\/\/www.vergissmi.net\/wp-content\/uploads\/2018\/06\/P1090568.jpg\" rel=\"lightbox[4582]\"><img loading=\"lazy\" decoding=\"async\" class=\"aligncenter size-medium wp-image-4598\" src=\"https:\/\/www.vergissmi.net\/wp-content\/uploads\/2018\/06\/P1090568-800x600.jpg\" alt=\"\" width=\"800\" height=\"600\" srcset=\"https:\/\/www.vergissmi.net\/wp-content\/uploads\/2018\/06\/P1090568-800x600.jpg 800w, https:\/\/www.vergissmi.net\/wp-content\/uploads\/2018\/06\/P1090568-1024x768.jpg 1024w\" sizes=\"(max-width: 800px) 100vw, 800px\" \/><\/a><\/p>\n<p>&#8230; bevor man sich am Waldrand bei den blauen Markierungen eines einheimischen Wegebetreues wiederfindet. Sie f\u00fchren teils auf schmalem Pfad, doch v\u00f6llig ungef\u00e4hrlich durch den Wald. Auch der unmarkierte Weg, den man am linken Bildrand sieht, f\u00fchrt zum Gipfel &#8211; er ist etwas breiter, sodass die Wegfindung auch dort keine Probleme macht.<\/p>\n<p><a href=\"https:\/\/www.vergissmi.net\/wp-content\/uploads\/2018\/06\/P1090567.jpg\" rel=\"lightbox[4582]\"><img loading=\"lazy\" decoding=\"async\" class=\"aligncenter size-medium wp-image-4597\" src=\"https:\/\/www.vergissmi.net\/wp-content\/uploads\/2018\/06\/P1090567-800x600.jpg\" alt=\"\" width=\"800\" height=\"600\" srcset=\"https:\/\/www.vergissmi.net\/wp-content\/uploads\/2018\/06\/P1090567-800x600.jpg 800w, https:\/\/www.vergissmi.net\/wp-content\/uploads\/2018\/06\/P1090567-1024x768.jpg 1024w\" sizes=\"(max-width: 800px) 100vw, 800px\" \/><\/a><\/p>\n<p>Etwa 200 H\u00f6henmeter weiter oben geht der Wald etwas unterhalb des Gipfels erneut in eine Blumenwiese \u00fcber &#8230;<\/p>\n<p><a href=\"https:\/\/www.vergissmi.net\/wp-content\/uploads\/2018\/06\/P1090543.jpg\" rel=\"lightbox[4582]\"><img loading=\"lazy\" decoding=\"async\" class=\"aligncenter size-medium wp-image-4590\" src=\"https:\/\/www.vergissmi.net\/wp-content\/uploads\/2018\/06\/P1090543-800x546.jpg\" alt=\"\" width=\"800\" height=\"546\" srcset=\"https:\/\/www.vergissmi.net\/wp-content\/uploads\/2018\/06\/P1090543-800x546.jpg 800w, https:\/\/www.vergissmi.net\/wp-content\/uploads\/2018\/06\/P1090543-1024x698.jpg 1024w\" sizes=\"(max-width: 800px) 100vw, 800px\" \/><\/a><\/p>\n<p>&#8230; und auch der Gipfel selbst ist auf 1948 m Seeh\u00f6he von tausenden Blumen \u00fcbers\u00e4t.<\/p>\n<p><a href=\"https:\/\/www.vergissmi.net\/wp-content\/uploads\/2018\/06\/P1090560.jpg\" rel=\"lightbox[4582]\"><img loading=\"lazy\" decoding=\"async\" class=\"aligncenter size-medium wp-image-4594\" src=\"https:\/\/www.vergissmi.net\/wp-content\/uploads\/2018\/06\/P1090560-800x600.jpg\" alt=\"\" width=\"800\" height=\"600\" srcset=\"https:\/\/www.vergissmi.net\/wp-content\/uploads\/2018\/06\/P1090560-800x600.jpg 800w, https:\/\/www.vergissmi.net\/wp-content\/uploads\/2018\/06\/P1090560-1024x768.jpg 1024w\" sizes=\"(max-width: 800px) 100vw, 800px\" \/><\/a><\/p>\n<p>Ein Blick zur\u00fcck auf die Hochobir-Nordwand &#8230;<\/p>\n<p><a href=\"https:\/\/www.vergissmi.net\/wp-content\/uploads\/2018\/06\/P1090544.jpg\" rel=\"lightbox[4582]\"><img loading=\"lazy\" decoding=\"async\" class=\"aligncenter size-medium wp-image-4591\" src=\"https:\/\/www.vergissmi.net\/wp-content\/uploads\/2018\/06\/P1090544-800x546.jpg\" alt=\"\" width=\"800\" height=\"546\" srcset=\"https:\/\/www.vergissmi.net\/wp-content\/uploads\/2018\/06\/P1090544-800x546.jpg 800w, https:\/\/www.vergissmi.net\/wp-content\/uploads\/2018\/06\/P1090544-1024x698.jpg 1024w\" sizes=\"(max-width: 800px) 100vw, 800px\" \/><\/a><\/p>\n<p>&#8230; wo ein Wanderer &#8211; genauso wie ich &#8211; den Gipfel \u00fcber die gesamte Aufenthaltsdauer f\u00fcr sich alleine hat &#8230;<\/p>\n<p><a href=\"https:\/\/www.vergissmi.net\/wp-content\/uploads\/2018\/06\/P1090558.jpg\" rel=\"lightbox[4582]\"><img loading=\"lazy\" decoding=\"async\" class=\"aligncenter size-medium wp-image-4593\" src=\"https:\/\/www.vergissmi.net\/wp-content\/uploads\/2018\/06\/P1090558-800x600.jpg\" alt=\"\" width=\"800\" height=\"600\" srcset=\"https:\/\/www.vergissmi.net\/wp-content\/uploads\/2018\/06\/P1090558-800x600.jpg 800w, https:\/\/www.vergissmi.net\/wp-content\/uploads\/2018\/06\/P1090558-1024x768.jpg 1024w\" sizes=\"(max-width: 800px) 100vw, 800px\" \/><\/a><\/p>\n<p>Etwas weiter rechts schiebt sich das Koschuta-Massiv ins Blickfeld. Weitwanderer, die am Eisenwurzenweg unterwegs sind, \u00fcbernachten nach der Eisenkappler H\u00fctte etwa in der Bildmitte dort, wo die Schotterfelder enden.<\/p>\n<p><a href=\"https:\/\/www.vergissmi.net\/wp-content\/uploads\/2018\/06\/P1090546.jpg\" rel=\"lightbox[4582]\"><img loading=\"lazy\" decoding=\"async\" class=\"aligncenter size-medium wp-image-4592\" src=\"https:\/\/www.vergissmi.net\/wp-content\/uploads\/2018\/06\/P1090546-800x600.jpg\" alt=\"\" width=\"800\" height=\"600\" srcset=\"https:\/\/www.vergissmi.net\/wp-content\/uploads\/2018\/06\/P1090546-800x600.jpg 800w, https:\/\/www.vergissmi.net\/wp-content\/uploads\/2018\/06\/P1090546-1024x768.jpg 1024w\" sizes=\"(max-width: 800px) 100vw, 800px\" \/><\/a><\/p>\n<p>Den Hochobir gibt es vor Ort auch in einer Minimundus-Ausf\u00fchrung &#8230;<\/p>\n<p><a href=\"https:\/\/www.vergissmi.net\/wp-content\/uploads\/2018\/06\/P1090563.jpg\" rel=\"lightbox[4582]\"><img loading=\"lazy\" decoding=\"async\" class=\"aligncenter size-medium wp-image-4595\" src=\"https:\/\/www.vergissmi.net\/wp-content\/uploads\/2018\/06\/P1090563-800x600.jpg\" alt=\"\" width=\"800\" height=\"600\" srcset=\"https:\/\/www.vergissmi.net\/wp-content\/uploads\/2018\/06\/P1090563-800x600.jpg 800w, https:\/\/www.vergissmi.net\/wp-content\/uploads\/2018\/06\/P1090563-1024x768.jpg 1024w\" sizes=\"(max-width: 800px) 100vw, 800px\" \/><\/a><\/p>\n<p>&#8230; das Minumundus &#8211; ein Freichlichtmuseum zwischen Klagenfurt Zentrum und dem Ostufer des W\u00f6rthersees &#8211; kann man \u00fcbrigens von hier aus im rechten oberen Bildviertel sehen (am Foto aber wohl eher nicht). Ja und sonst sieht man bei einem Wetter wie diesem eh auch alles, was das Klagenfurter Becken noch so zum Herzeigen hat. Dazu gleich unter mir der Freibach-Stausee, in der Bildmitte die das Rosental mit der Drau, die man heute flussaufw\u00e4rts etwa bis zum Dobratsch zur\u00fcckverfolgen kann.<\/p>\n<p><a href=\"https:\/\/www.vergissmi.net\/wp-content\/uploads\/2018\/06\/P1090566.jpg\" rel=\"lightbox[4582]\"><img loading=\"lazy\" decoding=\"async\" class=\"aligncenter size-medium wp-image-4596\" src=\"https:\/\/www.vergissmi.net\/wp-content\/uploads\/2018\/06\/P1090566-800x600.jpg\" alt=\"\" width=\"800\" height=\"600\" srcset=\"https:\/\/www.vergissmi.net\/wp-content\/uploads\/2018\/06\/P1090566-800x600.jpg 800w, https:\/\/www.vergissmi.net\/wp-content\/uploads\/2018\/06\/P1090566-1024x768.jpg 1024w\" sizes=\"(max-width: 800px) 100vw, 800px\" \/><\/a><\/p>\n<p>Res\u00fcmee nach dieser etwa 6st\u00fcndigen Tour: Der Kleinobir ist &#8211; wenn man die H\u00f6henmeter nicht scheut und einsame Wege sch\u00e4tzt, der attraktivere Gipfel der beiden &#8220;Obirs&#8221;. Die Aussicht finde ich pers\u00f6nlich trotz der etwas geringeren H\u00f6he besser, weil einem Richtung Landesmitte kein Berg mehr die Sicht verstellt, w\u00e4hrend der Blick vom Hochobir erst am Kleinobir vorbei muss.<\/p>\n<p>Pers\u00f6nlich f\u00fcr mich einer der sch\u00f6nsten Gipfel K\u00e4rntens.<\/p>\n<p>&#8212;<\/p>\n<p><strong>Anfahrt:<\/strong> Von Klagenfurt aus ist der Parkplatz beim Stauseewirt in einer guten halben Stunde erreicht (A2 Abfahrt Grafenstein), von Graz aus in 1 h 45 min (Abfahrt V\u00f6lkermarkt West). Danach folgt man der Beschilderung nach Gallizien, ab dort geht&#8217;s weiter Richtung Ferlach. Die etwa 10 km sp\u00e4ter folgende Abzweigung zum Stausee ist beschildert.<\/p>\n","protected":false},"excerpt":{"rendered":"<div class=\"tmnf_excerpt\"><div class=\"tmnf_excerpt\"><p>Der Hochobir geh\u00f6rt zu den bekanntesten Bergen K\u00e4rntens. Einige Male war ich schon oben, zuletzt abends nach einem Seminartag in Klagenfurt, wo ich mit der Taschenlampe dem todlsicheren Weg von der Eisenkappler H\u00fctte zum Gipfel gefolgt bin. Diesmal jedoch verbrachte ich einen traumhaft sch\u00f6nen Tourentag auf seinem &#8220;Kleinen Bruder&#8221;, dem Kleinobir.<\/p>\n<\/div><\/div>","protected":false},"author":61,"featured_media":4596,"comment_status":"open","ping_status":"open","sticky":false,"template":"","format":"standard","meta":{"_s2mail":"yes","footnotes":""},"categories":[173,156,158,177,6],"tags":[272,271,270],"class_list":["post-4582","post","type-post","status-publish","format-standard","has-post-thumbnail","hentry","category-08-eisenwurzenweg","category-oesterreich","category-kaernten","category-tagestour","category-tourtagebuch","tag-freibach","tag-freibach-stausee","tag-kleinobir","gallery-content-unit"],"_links":{"self":[{"href":"https:\/\/www.vergissmi.net\/index.php?rest_route=\/wp\/v2\/posts\/4582","targetHints":{"allow":["GET"]}}],"collection":[{"href":"https:\/\/www.vergissmi.net\/index.php?rest_route=\/wp\/v2\/posts"}],"about":[{"href":"https:\/\/www.vergissmi.net\/index.php?rest_route=\/wp\/v2\/types\/post"}],"author":[{"embeddable":true,"href":"https:\/\/www.vergissmi.net\/index.php?rest_route=\/wp\/v2\/users\/61"}],"replies":[{"embeddable":true,"href":"https:\/\/www.vergissmi.net\/index.php?rest_route=%2Fwp%2Fv2%2Fcomments&post=4582"}],"version-history":[{"count":14,"href":"https:\/\/www.vergissmi.net\/index.php?rest_route=\/wp\/v2\/posts\/4582\/revisions"}],"predecessor-version":[{"id":4618,"href":"https:\/\/www.vergissmi.net\/index.php?rest_route=\/wp\/v2\/posts\/4582\/revisions\/4618"}],"wp:featuredmedia":[{"embeddable":true,"href":"https:\/\/www.vergissmi.net\/index.php?rest_route=\/wp\/v2\/media\/4596"}],"wp:attachment":[{"href":"https:\/\/www.vergissmi.net\/index.php?rest_route=%2Fwp%2Fv2%2Fmedia&parent=4582"}],"wp:term":[{"taxonomy":"category","embeddable":true,"href":"https:\/\/www.vergissmi.net\/index.php?rest_route=%2Fwp%2Fv2%2Fcategories&post=4582"},{"taxonomy":"post_tag","embeddable":true,"href":"https:\/\/www.vergissmi.net\/index.php?rest_route=%2Fwp%2Fv2%2Ftags&post=4582"}],"curies":[{"name":"wp","href":"https:\/\/api.w.org\/{rel}","templated":true}]}}