{"id":834,"date":"2010-05-11T09:10:25","date_gmt":"2010-05-11T07:10:25","guid":{"rendered":"http:\/\/www.vergissmi.net\/?p=834"},"modified":"2016-03-06T20:21:48","modified_gmt":"2016-03-06T19:21:48","slug":"im-hohen-norden","status":"publish","type":"post","link":"https:\/\/www.vergissmi.net\/?p=834","title":{"rendered":"Im hohen Norden &#8211; am Eisenwurzenweg"},"content":{"rendered":"<p>Nach dieser nun doch etwas l\u00e4ngeren Pause melden wir uns heute aus dem REX2102 von Wien nach Waidhofen a.d. Thaya. Nach rund einer Woche, die wir bereits im Waldviertel verbracht hatten, weilten wir f\u00fcr knapp zwei Tage in Gro\u00dfjedlersdorf, um von Gretes Trainerstab f\u00fcr die beschwerliche Querung des Thayatales ordentlich aufgepeppelt zu werden.<!--more--><\/p>\n<p>Wie bereits kurz berichtet, haben wir nach einem Abstecher im steirischen Salzkammergut Anfang Mai Waldviertler Waldboden betreten. Bereits im Vorjahr haben wir von hier aus zwei l\u00e4ngere Touren am Eisenwurzenweg unternommen, und so bereits die Strecke von Arbesbach am Ostrongmassiv bis nach Judenburg gemeistert.<\/p>\n<div id=\"attachment_836\" style=\"width: 235px\" class=\"wp-caption alignnone\"><a href=\"https:\/\/www.vergissmi.net\/wp-content\/uploads\/2010\/05\/P5020059-Large.jpg\" rel=\"lightbox[834]\"><img fetchpriority=\"high\" decoding=\"async\" aria-describedby=\"caption-attachment-836\" class=\"size-medium wp-image-836 \" style=\"margin-top: 10px; margin-bottom: 10px;\" title=\"F\u00fcr Dabbel's Konzertkalender\" src=\"https:\/\/www.vergissmi.net\/wp-content\/uploads\/2010\/05\/P5020059-Large-225x300.jpg\" alt=\"Um 3 Wochen zu fr\u00fch. Was h\u00e4tte ich daf\u00fcr gegeben, bei den Fetzentalern dabeizusein ...!\" width=\"225\" height=\"300\" srcset=\"https:\/\/www.vergissmi.net\/wp-content\/uploads\/2010\/05\/P5020059-Large-225x300.jpg 225w, https:\/\/www.vergissmi.net\/wp-content\/uploads\/2010\/05\/P5020059-Large.jpg 576w\" sizes=\"(max-width: 225px) 100vw, 225px\" \/><\/a><p id=\"caption-attachment-836\" class=\"wp-caption-text\">In drei Wochen &#8211; die Fetzentaler live!<\/p><\/div>\n<p>Der Eisenwurzenweg bzw. \u00d6sterreichischer Weitwanderweg 08 verbindet den n\u00f6rdlichsten Punkt \u00d6sterreichs mit seinem vis-a-vis ganz im S\u00fcden. Rund 500 km lang ist die Strecke, die vom Waldviertel ins Mostviertel, und dann weiter \u00fcbers Ges\u00e4use in die Niederen Tauern, und schlussendlich \u00fcber die Seetaler und Lavanttaler Alpen an die slowenische Grenze f\u00fchrt.<\/p>\n<div id=\"attachment_840\" style=\"width: 310px\" class=\"wp-caption alignnone\"><a href=\"https:\/\/www.vergissmi.net\/wp-content\/uploads\/2010\/05\/P5060317-Large.jpg\" rel=\"lightbox[834]\"><img decoding=\"async\" aria-describedby=\"caption-attachment-840\" class=\"size-medium wp-image-840 \" style=\"margin-top: 10px; margin-bottom: 10px;\" title=\"Rottal\" src=\"https:\/\/www.vergissmi.net\/wp-content\/uploads\/2010\/05\/P5060317-Large-300x225.jpg\" alt=\"\" width=\"300\" height=\"225\" srcset=\"https:\/\/www.vergissmi.net\/wp-content\/uploads\/2010\/05\/P5060317-Large-300x225.jpg 300w, https:\/\/www.vergissmi.net\/wp-content\/uploads\/2010\/05\/P5060317-Large.jpg 1024w\" sizes=\"(max-width: 300px) 100vw, 300px\" \/><\/a><p id=\"caption-attachment-840\" class=\"wp-caption-text\">N\u00f6rdlicher KANN man in \u00d6sterreich nicht stehen. Im Hintergrund: Tschechien<\/p><\/div>\n<p>F\u00fcr die obersten 3 Tagesetappen haben wir es alledings im Vorjahr nie bis ins n\u00f6rdliche Waldviertel geschafft. Das haben wir nun nachgeholt &#8211; uns fehlen auf der gesamten Strecke also nur mehr die Etappen von Judenburg runter nach Eisenkappel.<\/p>\n<p>In dieser letzten Woche lernten wir das Waldviertel von seiner nassen Seite kennen: 6 Regentage in Serie sorgten f\u00fcr den l\u00e4ngst f\u00e4lligen Ausgleich zum April, wo wir mit zweidrei Regentagen ungewohnt gut davonkamen.<\/p>\n<div id=\"attachment_837\" style=\"width: 235px\" class=\"wp-caption alignnone\"><a href=\"https:\/\/www.vergissmi.net\/wp-content\/uploads\/2010\/05\/P5030069-Large.jpg\" rel=\"lightbox[834]\"><img decoding=\"async\" aria-describedby=\"caption-attachment-837\" class=\"size-medium wp-image-837 \" style=\"margin-top: 10px; margin-bottom: 10px;\" title=\"Beer Lovers Paradise\" src=\"https:\/\/www.vergissmi.net\/wp-content\/uploads\/2010\/05\/P5030069-Large-225x300.jpg\" alt=\"Hans: &quot;Wir k\u00f6nnten doch einfach hier warten ...?&quot;\" width=\"225\" height=\"300\" srcset=\"https:\/\/www.vergissmi.net\/wp-content\/uploads\/2010\/05\/P5030069-Large-225x300.jpg 225w, https:\/\/www.vergissmi.net\/wp-content\/uploads\/2010\/05\/P5030069-Large.jpg 576w\" sizes=\"(max-width: 225px) 100vw, 225px\" \/><\/a><p id=\"caption-attachment-837\" class=\"wp-caption-text\">Wir k\u00f6nnten doch einfach hier warten &#8230;?<\/p><\/div>\n<h2>Weiter geht&#8217;s<\/h2>\n<p>Aus Trekking-Sicht ist \u00d6sterreich bis Mitte\/Ende Mai \u00fcberschaubar klein. Da \u00fcber sagen wir 1200 Meter kaum eine H\u00fctte bereits durchgehend ge\u00f6ffnet ist, fehlt es westlich vom Wechsel noch an \u00dcbernachtungsm\u00f6glichkeiten. Die \u00f6sterreichische Weitwanderkarte gestaltet sich daher noch recht \u00fcbersichtlich: Durchg\u00e4ngig begehbar ist aktuell genau ein Weg, und das ist der <a title=\"WW07\" href=\"http:\/\/www.alpenverein.at\/weitwanderer\/Weitwanderwege\/2002_01_20_131.php\" target=\"_blank\">Ost\u00f6sterreichische Weitwanderweg 07<\/a>.<\/p>\n<p>Der WWW07 beginnt im n\u00f6rdlichen Waldviertel, fast direkt an der Grenze zu Tschechien, und verl\u00e4uft, mal mehr, mal weniger nahe, im Uhrzeigersinn durchs heimische Grenzgebiet, bis man rund 700 km sp\u00e4ter in der S\u00fcdsteiermark die F\u00fcsse ins Thermalwasser stecken kann. Obwohl ich Wald- und Weinviertel bereits aus dem Sattel, jedoch weniger als Wanderer kenne, bin ich nach den ersten paar Tagen sehr angenehm \u00fcberrascht von der unerwartet abwechslungsreichen Wegf\u00fchrung.<\/p>\n<p><a href=\"https:\/\/www.vergissmi.net\/wp-content\/uploads\/2010\/05\/P5080149-Large.jpg\" rel=\"lightbox[834]\"><img loading=\"lazy\" decoding=\"async\" class=\"alignnone size-medium wp-image-843\" style=\"margin-top: 10px; margin-bottom: 10px;\" title=\"Shopping ...\" src=\"https:\/\/www.vergissmi.net\/wp-content\/uploads\/2010\/05\/P5080149-Large-300x225.jpg\" alt=\"\" width=\"300\" height=\"225\" srcset=\"https:\/\/www.vergissmi.net\/wp-content\/uploads\/2010\/05\/P5080149-Large-300x225.jpg 300w, https:\/\/www.vergissmi.net\/wp-content\/uploads\/2010\/05\/P5080149-Large.jpg 1024w\" sizes=\"(max-width: 300px) 100vw, 300px\" \/><\/a><\/p>\n<p>Klar, der Asphaltanteil auf den Etappen ist rund um die Ortschaftln etwas h\u00f6her als am Alpenhauptkamm, trotzdem geht&#8217;s in der Regel den ganzen Tag \u00fcber Wiesen, Misch- und Nadelw\u00e4lder und an rund tausend kleinen Seen vorbei.<\/p>\n<p><a href=\"https:\/\/www.vergissmi.net\/wp-content\/uploads\/2010\/05\/P5070135-Large.jpg\" rel=\"lightbox[834]\"><img loading=\"lazy\" decoding=\"async\" class=\"alignnone size-medium wp-image-841\" style=\"margin-top: 10px; margin-bottom: 10px;\" title=\"P5070135 (Large)\" src=\"https:\/\/www.vergissmi.net\/wp-content\/uploads\/2010\/05\/P5070135-Large-300x225.jpg\" alt=\"\" width=\"300\" height=\"225\" srcset=\"https:\/\/www.vergissmi.net\/wp-content\/uploads\/2010\/05\/P5070135-Large-300x225.jpg 300w, https:\/\/www.vergissmi.net\/wp-content\/uploads\/2010\/05\/P5070135-Large.jpg 1024w\" sizes=\"(max-width: 300px) 100vw, 300px\" \/><\/a><\/p>\n<p>Begonnen haben wir die Tour am Nebelstein, der mit seinen 1000 Metern Seeh\u00f6he zu den h\u00f6chsten Bergen im Waldviertel z\u00e4hlt. \u00dcber Weitra, Gm\u00fcnd und Schrems gings durchs &#8220;Beer Lover&#8217;s Paradise&#8221; &#8230;<\/p>\n<p><a href=\"https:\/\/www.vergissmi.net\/wp-content\/uploads\/2010\/05\/P5040092-Large.jpg\" rel=\"lightbox[834]\"><img loading=\"lazy\" decoding=\"async\" class=\"alignnone size-medium wp-image-838\" style=\"margin-top: 10px; margin-bottom: 10px;\" title=\"P5040092 (Large)\" src=\"https:\/\/www.vergissmi.net\/wp-content\/uploads\/2010\/05\/P5040092-Large-225x300.jpg\" alt=\"\" width=\"225\" height=\"300\" srcset=\"https:\/\/www.vergissmi.net\/wp-content\/uploads\/2010\/05\/P5040092-Large-225x300.jpg 225w, https:\/\/www.vergissmi.net\/wp-content\/uploads\/2010\/05\/P5040092-Large.jpg 576w\" sizes=\"(max-width: 225px) 100vw, 225px\" \/><\/a><\/p>\n<p>&#8230;nach Waidhofen an der Thaya, wo wir heute in Marschrichtung Retz &#8220;aufs Weinviertel zustreben&#8221;, wie das unser Wanderf\u00fchrer formulieren w\u00fcrde.<\/p>\n<p>In rund 10 Tagen werden wir dann \u00fcber Lang- und Gro\u00dfenzersdorf auch bei Wien vorbeikommen &#8211; \u00fcbrigens eine gute M\u00f6glichkeit f\u00fcr Euch, durch die Donauauen mit-, und sogar mit den Wiener Linien wieder heimzukommen. Von der Lobau nach Hainburg \u00fcberlegen wir, zur Abwechslung mal aufs Rad umzusteigen &#8211; eine gute Gelegenheit f\u00fcr uns, endlich mal den Donauradweg kennenzulernen.<\/p>\n<p>Nun gut, das ist das neueste von uns, ich mu\u00df langsam zu einem Ende kommen: Draussen wird&#8217;s immer nebliger, also d\u00fcrften wir bald im Waldviertel sein \ud83d\ude42<\/p>\n<p>Bis bald,<\/p>\n<p>-hans<\/p>\n","protected":false},"excerpt":{"rendered":"<div class=\"tmnf_excerpt\"><div class=\"tmnf_excerpt\"><p>Nach dieser nun doch etwas l\u00e4ngeren Pause melden wir uns heute aus dem REX2102 von Wien nach Waidhofen a.d. Thaya. Nach rund einer Woche, die wir bereits im Waldviertel verbracht hatten, weilten wir f\u00fcr knapp zwei Tage in Gro\u00dfjedlersdorf, um von Gretes Trainerstab f\u00fcr die beschwerliche Querung des Thayatales ordentlich aufgepeppelt zu werden.<\/p>\n<\/div><\/div>","protected":false},"author":61,"featured_media":836,"comment_status":"open","ping_status":"open","sticky":false,"template":"","format":"standard","meta":{"_s2mail":"","footnotes":""},"categories":[173,156,165,155],"tags":[],"class_list":["post-834","post","type-post","status-publish","format-standard","has-post-thumbnail","hentry","category-08-eisenwurzenweg","category-oesterreich","category-niederoesterreich","category-weitwandern","gallery-content-unit"],"_links":{"self":[{"href":"https:\/\/www.vergissmi.net\/index.php?rest_route=\/wp\/v2\/posts\/834","targetHints":{"allow":["GET"]}}],"collection":[{"href":"https:\/\/www.vergissmi.net\/index.php?rest_route=\/wp\/v2\/posts"}],"about":[{"href":"https:\/\/www.vergissmi.net\/index.php?rest_route=\/wp\/v2\/types\/post"}],"author":[{"embeddable":true,"href":"https:\/\/www.vergissmi.net\/index.php?rest_route=\/wp\/v2\/users\/61"}],"replies":[{"embeddable":true,"href":"https:\/\/www.vergissmi.net\/index.php?rest_route=%2Fwp%2Fv2%2Fcomments&post=834"}],"version-history":[{"count":9,"href":"https:\/\/www.vergissmi.net\/index.php?rest_route=\/wp\/v2\/posts\/834\/revisions"}],"predecessor-version":[{"id":2532,"href":"https:\/\/www.vergissmi.net\/index.php?rest_route=\/wp\/v2\/posts\/834\/revisions\/2532"}],"wp:featuredmedia":[{"embeddable":true,"href":"https:\/\/www.vergissmi.net\/index.php?rest_route=\/wp\/v2\/media\/836"}],"wp:attachment":[{"href":"https:\/\/www.vergissmi.net\/index.php?rest_route=%2Fwp%2Fv2%2Fmedia&parent=834"}],"wp:term":[{"taxonomy":"category","embeddable":true,"href":"https:\/\/www.vergissmi.net\/index.php?rest_route=%2Fwp%2Fv2%2Fcategories&post=834"},{"taxonomy":"post_tag","embeddable":true,"href":"https:\/\/www.vergissmi.net\/index.php?rest_route=%2Fwp%2Fv2%2Ftags&post=834"}],"curies":[{"name":"wp","href":"https:\/\/api.w.org\/{rel}","templated":true}]}}