{"id":958,"date":"2010-06-21T19:24:24","date_gmt":"2010-06-21T17:24:24","guid":{"rendered":"http:\/\/www.vergissmi.net\/?p=958"},"modified":"2016-03-06T20:21:48","modified_gmt":"2016-03-06T19:21:48","slug":"karntner-berge","status":"publish","type":"post","link":"https:\/\/www.vergissmi.net\/?p=958","title":{"rendered":"WWW03 S\u00fcdalpenweg Teil 1 &#8211; S\u00fcdsteiermark"},"content":{"rendered":"<p>Entlang der S\u00fcdgrenze \u00d6sterreichs, genaugenommen vom steirischen Weinland \u00fcber die Karawanken und den Karnischen Hauptkamm bis hin zur Grenze Osttirols zu Italien &#8211; dort verl\u00e4uft der 480 km lange &#8220;S\u00fcdalpenweg&#8221;. Dieses (nach offizieller Diktion des Alpenvereins auch &#8220;<a title=\"WW03\" href=\"http:\/\/www.alpenverein.at\/weitwanderer\/Weitwanderwege\/2002_01_24_88.php\" target=\"_blank\">\u00d6sterreichischer Weitwanderweg 03<\/a>&#8221; genannte) hochalpine Unternehmen wird auch die dritte Herausforderung bei unserem Vorhaben werden, alle 9 Bundesl\u00e4nder \u00d6sterreichs zu Fu\u00df zu erkunden.<\/p>\n<p><!--more-->Ab nun hei\u00dft es Abschied nehmen von gewissen infrastrukturellen Annehmlichkeiten: So verging bislang kaum ein Tag, an dem wir nicht Zugang zur gewohnten Infrastruktur hatten: Wir konnten fast t\u00e4glich unsere Vorr\u00e4te auff\u00fcllen (und mussten daher nicht allzuviel Proviant durch die Gegend tragen), es gab ausreichend Quartiere mit Warmwasser &#8211; und viele viele Gasth\u00e4user frohlockten mit \u00fcppigen Speisekarten. Und wenn wir trotz pr\u00e4zisester und monatelanger Vorbereitung <a href=\"http:\/\/img.gpsreview.net\/wp-content\/uploads\/garmin-etrex-legend-cx.jpg\" rel=\"lightbox[958]\">irgendwas Urwichtiges<\/a> nicht eingepackt haben, dann hatten wir in Wien und K\u00e4rnten liebe Leute, die uns ein Packerl hintennach geschickt haben.<\/p>\n<p>Das ist ab jez anders &#8230; und darauf gfrei ma mia uns schon seit Woch&#8217;n \ud83d\ude42<\/p>\n<h2>Unterwegs<\/h2>\n<p>Der S\u00fcdalpenweg begann f\u00fcr uns bereits letzte Woche &#8211; zum Aufw\u00e4rmen von der S\u00fcdsteiermark bis ins Lavanttal. Diese 120 Kilometer waren landschaftlich vom Feinsten, \u00e4u\u00dferst abwechslungsreich und von hervorragendem Sch\u00f6nwetter begleitet, sieht man von den rund 35 Grad Tagestemperatur ab, die uns dazu veranlasst haben, unsere Tagesetappen zwischen 4 und 6 Uhr morgens anzutreten. Von Bad Radkersburg folgt man zuerst rund 40 Kilometer der Mur flu\u00dfaufw\u00e4rts durch die Mur-Auen, stets Slowenien im Blickfeld.<\/p>\n<div id=\"attachment_962\" style=\"width: 810px\" class=\"wp-caption alignnone\"><a href=\"https:\/\/www.vergissmi.net\/wp-content\/uploads\/2010\/06\/P6100568-Medium.jpg\" rel=\"lightbox[958]\"><img fetchpriority=\"high\" decoding=\"async\" aria-describedby=\"caption-attachment-962\" class=\"size-full wp-image-962\" title=\"Murauen\" src=\"https:\/\/www.vergissmi.net\/wp-content\/uploads\/2010\/06\/P6100568-Medium.jpg\" alt=\"\" width=\"800\" height=\"600\" srcset=\"https:\/\/www.vergissmi.net\/wp-content\/uploads\/2010\/06\/P6100568-Medium.jpg 800w, https:\/\/www.vergissmi.net\/wp-content\/uploads\/2010\/06\/P6100568-Medium-300x225.jpg 300w\" sizes=\"(max-width: 800px) 100vw, 800px\" \/><\/a><p id=\"caption-attachment-962\" class=\"wp-caption-text\">Links Slowenien &#8211; rechts Steiermark &#8211; Mitte Mur<\/p><\/div>\n<p>Von der Mur ging&#8217;s dann f\u00fcr zwei Tage in die Steirischen Weinberge, wo die Wegf\u00fchrung direkt von einem Winzer zum n\u00e4chsten f\u00fchrte und die Bauern auch so nett waren und eine Wegf\u00fchrung quer durch die Weinberge erlaubt haben.<\/p>\n<p><a href=\"https:\/\/www.vergissmi.net\/wp-content\/uploads\/2010\/06\/P6110576-Medium.jpg\" rel=\"lightbox[958]\"><img decoding=\"async\" class=\"alignnone size-full wp-image-961\" title=\"Quer durchs Weinland\" src=\"https:\/\/www.vergissmi.net\/wp-content\/uploads\/2010\/06\/P6110576-Medium.jpg\" alt=\"\" width=\"800\" height=\"600\" srcset=\"https:\/\/www.vergissmi.net\/wp-content\/uploads\/2010\/06\/P6110576-Medium.jpg 800w, https:\/\/www.vergissmi.net\/wp-content\/uploads\/2010\/06\/P6110576-Medium-300x225.jpg 300w\" sizes=\"(max-width: 800px) 100vw, 800px\" \/><\/a><\/p>\n<p>Zum Abschlu\u00df geht&#8217;s ins steirisch-k\u00e4rntnerische Bergland, wo man die Wahl hat, \u00fcber die Soboth oder \u00fcbern H\u00fchnerkogel die Koralpe zu \u00fcberqueren und auf K\u00e4rntner Boden zu gelangen.<\/p>\n<p>Wir haben die Soboth gew\u00e4hlt und werden nun vom s\u00fcdlichen Lavanttal ausgehend die <a href=\"http:\/\/de.wikipedia.org\/wiki\/Karawanken\" target=\"_blank\">Karawanken <\/a>in Angriff nehmen.<\/p>\n<p><strong>Nachtrag:<\/strong> Zum dazugeh\u00f6rigen Bericht geht&#8217;s <a href=\"https:\/\/www.vergissmi.net\/?p=1048\">hier<\/a>.<\/p>\n","protected":false},"excerpt":{"rendered":"<div class=\"tmnf_excerpt\"><div class=\"tmnf_excerpt\"><p>Entlang der S\u00fcdgrenze \u00d6sterreichs, genaugenommen vom steirischen Weinland \u00fcber die Karawanken und den Karnischen Hauptkamm bis hin zur Grenze Osttirols zu Italien &#8211; dort verl\u00e4uft der 480 km lange &#8220;S\u00fcdalpenweg&#8221;. Dieses (nach offizieller Diktion des Alpenvereins auch &#8220;\u00d6sterreichischer Weitwanderweg 03&#8221; genannte) hochalpine Unternehmen wird auch die dritte Herausforderung bei unserem Vorhaben werden, alle 9 Bundesl\u00e4nder &hellip;<\/p>\n<\/div><\/div>","protected":false},"author":61,"featured_media":963,"comment_status":"open","ping_status":"open","sticky":false,"template":"","format":"standard","meta":{"_s2mail":"","footnotes":""},"categories":[168,156,158,160,155],"tags":[],"class_list":["post-958","post","type-post","status-publish","format-standard","has-post-thumbnail","hentry","category-03-suedalpenweg","category-oesterreich","category-kaernten","category-steiermark","category-weitwandern","gallery-content-unit"],"_links":{"self":[{"href":"https:\/\/www.vergissmi.net\/index.php?rest_route=\/wp\/v2\/posts\/958","targetHints":{"allow":["GET"]}}],"collection":[{"href":"https:\/\/www.vergissmi.net\/index.php?rest_route=\/wp\/v2\/posts"}],"about":[{"href":"https:\/\/www.vergissmi.net\/index.php?rest_route=\/wp\/v2\/types\/post"}],"author":[{"embeddable":true,"href":"https:\/\/www.vergissmi.net\/index.php?rest_route=\/wp\/v2\/users\/61"}],"replies":[{"embeddable":true,"href":"https:\/\/www.vergissmi.net\/index.php?rest_route=%2Fwp%2Fv2%2Fcomments&post=958"}],"version-history":[{"count":15,"href":"https:\/\/www.vergissmi.net\/index.php?rest_route=\/wp\/v2\/posts\/958\/revisions"}],"predecessor-version":[{"id":2536,"href":"https:\/\/www.vergissmi.net\/index.php?rest_route=\/wp\/v2\/posts\/958\/revisions\/2536"}],"wp:featuredmedia":[{"embeddable":true,"href":"https:\/\/www.vergissmi.net\/index.php?rest_route=\/wp\/v2\/media\/963"}],"wp:attachment":[{"href":"https:\/\/www.vergissmi.net\/index.php?rest_route=%2Fwp%2Fv2%2Fmedia&parent=958"}],"wp:term":[{"taxonomy":"category","embeddable":true,"href":"https:\/\/www.vergissmi.net\/index.php?rest_route=%2Fwp%2Fv2%2Fcategories&post=958"},{"taxonomy":"post_tag","embeddable":true,"href":"https:\/\/www.vergissmi.net\/index.php?rest_route=%2Fwp%2Fv2%2Ftags&post=958"}],"curies":[{"name":"wp","href":"https:\/\/api.w.org\/{rel}","templated":true}]}}